{"id":90,"date":"2018-11-19T22:39:45","date_gmt":"2018-11-19T21:39:45","guid":{"rendered":"http:\/\/activrando.org\/AR_blog\/?p=90"},"modified":"2021-03-15T15:16:50","modified_gmt":"2021-03-15T14:16:50","slug":"la-chassaigne-journee-rando-a-bert","status":"publish","type":"post","link":"https:\/\/activrando.org\/AR_blog\/2018\/11\/19\/la-chassaigne-journee-rando-a-bert\/","title":{"rendered":"\u201cLa Chassaigne\u201c : journ\u00e9e rando, le 18 nov. 2018, \u00e0 Bert (7 photos)"},"content":{"rendered":"\n<p><strong>Petit temps frais et tr\u00e8s brumeux, ce 18 novembre. Nous sommes 4 pour nous promener dans ces collines qui forment le lointain prolongement de la Montagne Bourbonnaise. Au-del\u00e0, plus au nord et \u00e0 l&rsquo;est, la plaine de la Loire. Une r\u00e9cente journ\u00e9e de neige, lourde et collante, a cass\u00e9 beaucoup de branches et m\u00eame les ch\u00eanes ne r\u00e9sistent pas, dans ces cas-l\u00e0. Certains chemins s&rsquo;en trouvent tr\u00e8s encombr\u00e9s et, remontant l&rsquo;ancienne voie du tacot en direction du Donjon, nous devons par endroits enjamber, contourner, zigzaguer&#8230;<\/strong><\/p>\n\n\n\n<p><strong><a href=\"https:\/\/activrando.org\/AR_blog\/2018\/12\/08\/boires-et-sources-petite-rando-a-hauterive\/\">&gt; &gt; &gt; ARTICLE SUIVANT<\/a><\/strong><\/p>\n\n\n\n<p><strong><a href=\"https:\/\/activrando.org\/AR_blog\/2018\/11\/11\/le-beaulouis-journee-rando-au-depart-de-ferrieres-sur-sichon\/\">&gt; &gt; &gt; ARTICLE PR\u00c9C\u00c9DENT<\/a><\/strong><\/p>\n\n\n\n<figure class=\"wp-block-image\"><img decoding=\"async\" loading=\"lazy\" width=\"1024\" height=\"680\" src=\"https:\/\/activrando.org\/AR_blog\/wp-content\/uploads\/2019\/01\/181118-Bert-01-chemin-branches-cassees-1024x680.jpg\" alt=\"\" class=\"wp-image-92\" srcset=\"https:\/\/activrando.org\/AR_blog\/wp-content\/uploads\/2019\/01\/181118-Bert-01-chemin-branches-cassees.jpg 1024w, https:\/\/activrando.org\/AR_blog\/wp-content\/uploads\/2019\/01\/181118-Bert-01-chemin-branches-cassees-300x199.jpg 300w, https:\/\/activrando.org\/AR_blog\/wp-content\/uploads\/2019\/01\/181118-Bert-01-chemin-branches-cassees-768x510.jpg 768w\" sizes=\"(max-width: 1024px) 100vw, 1024px\" \/><figcaption>&nbsp;&nbsp;&nbsp;<br><br>&nbsp;&nbsp;&nbsp;<\/figcaption><\/figure>\n\n\n\n<figure class=\"wp-block-image\"><img decoding=\"async\" loading=\"lazy\" width=\"1024\" height=\"680\" src=\"https:\/\/activrando.org\/AR_blog\/wp-content\/uploads\/2019\/01\/181118-Bert-02-groupe-marche-1024x680.jpg\" alt=\"\" class=\"wp-image-93\" srcset=\"https:\/\/activrando.org\/AR_blog\/wp-content\/uploads\/2019\/01\/181118-Bert-02-groupe-marche.jpg 1024w, https:\/\/activrando.org\/AR_blog\/wp-content\/uploads\/2019\/01\/181118-Bert-02-groupe-marche-300x199.jpg 300w, https:\/\/activrando.org\/AR_blog\/wp-content\/uploads\/2019\/01\/181118-Bert-02-groupe-marche-768x510.jpg 768w\" sizes=\"(max-width: 1024px) 100vw, 1024px\" \/><figcaption>&nbsp;&nbsp;&nbsp;<br><br>&nbsp;&nbsp;&nbsp;<\/figcaption><\/figure>\n\n\n\n<p>Nous passons pr\u00e8s du ch\u00e2teau des Prureaux, encore nimb\u00e9 de brume&#8230;<\/p>\n\n\n\n<figure class=\"wp-block-image\"><img decoding=\"async\" loading=\"lazy\" width=\"800\" height=\"600\" src=\"https:\/\/activrando.org\/AR_blog\/wp-content\/uploads\/2019\/01\/181118-Bert-03-chateau-Prureaux.jpg\" alt=\"\" class=\"wp-image-94\" srcset=\"https:\/\/activrando.org\/AR_blog\/wp-content\/uploads\/2019\/01\/181118-Bert-03-chateau-Prureaux.jpg 800w, https:\/\/activrando.org\/AR_blog\/wp-content\/uploads\/2019\/01\/181118-Bert-03-chateau-Prureaux-300x225.jpg 300w, https:\/\/activrando.org\/AR_blog\/wp-content\/uploads\/2019\/01\/181118-Bert-03-chateau-Prureaux-768x576.jpg 768w\" sizes=\"(max-width: 800px) 100vw, 800px\" \/><\/figure>\n\n\n\n<p>&nbsp; &nbsp;<\/p>\n\n\n\n<p>Plus loin de grands p\u00e2turages, avec des vaches dispers\u00e9es dans un d\u00e9cor extr\u00eamement calme, o\u00f9 le moindre bruit s&rsquo;entend de loin. Notre passage surprend.<br><\/p>\n\n\n\n<figure class=\"wp-block-image\"><img decoding=\"async\" loading=\"lazy\" width=\"1024\" height=\"680\" src=\"https:\/\/activrando.org\/AR_blog\/wp-content\/uploads\/2019\/01\/181118-Bert-04-vaches-1024x680.jpg\" alt=\"\" class=\"wp-image-95\" srcset=\"https:\/\/activrando.org\/AR_blog\/wp-content\/uploads\/2019\/01\/181118-Bert-04-vaches.jpg 1024w, https:\/\/activrando.org\/AR_blog\/wp-content\/uploads\/2019\/01\/181118-Bert-04-vaches-300x199.jpg 300w, https:\/\/activrando.org\/AR_blog\/wp-content\/uploads\/2019\/01\/181118-Bert-04-vaches-768x510.jpg 768w\" sizes=\"(max-width: 1024px) 100vw, 1024px\" \/><\/figure>\n\n\n\n<p>&nbsp; &nbsp;<\/p>\n\n\n\n<p>Celle-ci est dans le chemin et semble d&rsquo;abord d\u00e9fendre farouchement son veau, blotti derri\u00e8re elle. Nous cherchons &#8211; et trouverons &#8211; comment la contourner prudemment. Mais avant, elle se tourne vers le bloc de sel et nous l&rsquo;entendons distinctement le croquer !&nbsp; <\/p>\n\n\n\n<figure class=\"wp-block-image\"><img decoding=\"async\" loading=\"lazy\" width=\"1024\" height=\"680\" src=\"https:\/\/activrando.org\/AR_blog\/wp-content\/uploads\/2019\/01\/181118-Bert-05-vache-barriere-sel-1024x680.jpg\" alt=\"\" class=\"wp-image-96\" srcset=\"https:\/\/activrando.org\/AR_blog\/wp-content\/uploads\/2019\/01\/181118-Bert-05-vache-barriere-sel.jpg 1024w, https:\/\/activrando.org\/AR_blog\/wp-content\/uploads\/2019\/01\/181118-Bert-05-vache-barriere-sel-300x199.jpg 300w, https:\/\/activrando.org\/AR_blog\/wp-content\/uploads\/2019\/01\/181118-Bert-05-vache-barriere-sel-768x510.jpg 768w\" sizes=\"(max-width: 1024px) 100vw, 1024px\" \/><figcaption>&nbsp;&nbsp;&nbsp;<br><br>&nbsp;&nbsp;&nbsp;<\/figcaption><\/figure>\n\n\n\n<figure class=\"wp-block-image\"><img decoding=\"async\" loading=\"lazy\" width=\"1024\" height=\"680\" src=\"https:\/\/activrando.org\/AR_blog\/wp-content\/uploads\/2019\/01\/181118-Bert-06-feuille-chene-gouttes-rosee-1024x680.jpg\" alt=\"\" class=\"wp-image-97\" srcset=\"https:\/\/activrando.org\/AR_blog\/wp-content\/uploads\/2019\/01\/181118-Bert-06-feuille-chene-gouttes-rosee.jpg 1024w, https:\/\/activrando.org\/AR_blog\/wp-content\/uploads\/2019\/01\/181118-Bert-06-feuille-chene-gouttes-rosee-300x199.jpg 300w, https:\/\/activrando.org\/AR_blog\/wp-content\/uploads\/2019\/01\/181118-Bert-06-feuille-chene-gouttes-rosee-768x510.jpg 768w\" sizes=\"(max-width: 1024px) 100vw, 1024px\" \/><figcaption>&nbsp;&nbsp;&nbsp;<br><br>&nbsp;&nbsp;&nbsp;<\/figcaption><\/figure>\n\n\n\n<p>La fine \u00e9quipe, avant la s\u00e9paration : Fran\u00e7oise et moi laissons l\u00e0 Jean et Daniel partir faire le circuit de 36 km, qui les fera rentrer \u00e0 la nuit tombante.<\/p>\n\n\n\n<figure class=\"wp-block-image\"><img decoding=\"async\" loading=\"lazy\" width=\"1024\" height=\"680\" src=\"https:\/\/activrando.org\/AR_blog\/wp-content\/uploads\/2019\/01\/181118-Bert-07-groupe-pose-1024x680.jpg\" alt=\"\" class=\"wp-image-98\" srcset=\"https:\/\/activrando.org\/AR_blog\/wp-content\/uploads\/2019\/01\/181118-Bert-07-groupe-pose.jpg 1024w, https:\/\/activrando.org\/AR_blog\/wp-content\/uploads\/2019\/01\/181118-Bert-07-groupe-pose-300x199.jpg 300w, https:\/\/activrando.org\/AR_blog\/wp-content\/uploads\/2019\/01\/181118-Bert-07-groupe-pose-768x510.jpg 768w\" sizes=\"(max-width: 1024px) 100vw, 1024px\" \/><\/figure>\n\n\n\n<p><strong><a href=\"https:\/\/activrando.org\/AR_blog\/2018\/12\/08\/boires-et-sources-petite-rando-a-hauterive\/\">&gt; &gt; &gt; ARTICLE SUIVANT<\/a><\/strong><\/p>\n\n\n\n<p><strong><a href=\"https:\/\/activrando.org\/AR_blog\/\">&gt; &gt; &gt; ACCUEIL DU BLOG<\/a><\/strong><\/p>\n\n\n\n<p><strong><a href=\"https:\/\/activrando.org\/AR_blog\/2018\/11\/11\/le-beaulouis-journee-rando-au-depart-de-ferrieres-sur-sichon\/\">&gt; &gt; &gt; ARTICLE PR\u00c9C\u00c9DENT<\/a><\/strong><\/p>\n","protected":false},"excerpt":{"rendered":"<p>Petit temps frais et tr\u00e8s brumeux, ce 18 novembre. Nous sommes 4 pour nous promener dans ces collines qui forment le lointain prolongement de la Montagne Bourbonnaise. Au-del\u00e0, plus au nord et \u00e0 l&rsquo;est, la plaine de la Loire. Une r\u00e9cente journ\u00e9e de neige, lourde et collante, a cass\u00e9 beaucoup&#8230;<\/p>\n","protected":false},"author":1,"featured_media":0,"comment_status":"closed","ping_status":"closed","sticky":false,"template":"","format":"standard","meta":[],"categories":[2],"tags":[],"_links":{"self":[{"href":"https:\/\/activrando.org\/AR_blog\/wp-json\/wp\/v2\/posts\/90"}],"collection":[{"href":"https:\/\/activrando.org\/AR_blog\/wp-json\/wp\/v2\/posts"}],"about":[{"href":"https:\/\/activrando.org\/AR_blog\/wp-json\/wp\/v2\/types\/post"}],"author":[{"embeddable":true,"href":"https:\/\/activrando.org\/AR_blog\/wp-json\/wp\/v2\/users\/1"}],"replies":[{"embeddable":true,"href":"https:\/\/activrando.org\/AR_blog\/wp-json\/wp\/v2\/comments?post=90"}],"version-history":[{"count":9,"href":"https:\/\/activrando.org\/AR_blog\/wp-json\/wp\/v2\/posts\/90\/revisions"}],"predecessor-version":[{"id":2451,"href":"https:\/\/activrando.org\/AR_blog\/wp-json\/wp\/v2\/posts\/90\/revisions\/2451"}],"wp:attachment":[{"href":"https:\/\/activrando.org\/AR_blog\/wp-json\/wp\/v2\/media?parent=90"}],"wp:term":[{"taxonomy":"category","embeddable":true,"href":"https:\/\/activrando.org\/AR_blog\/wp-json\/wp\/v2\/categories?post=90"},{"taxonomy":"post_tag","embeddable":true,"href":"https:\/\/activrando.org\/AR_blog\/wp-json\/wp\/v2\/tags?post=90"}],"curies":[{"name":"wp","href":"https:\/\/api.w.org\/{rel}","templated":true}]}}