{"id":6377,"date":"2023-03-05T22:06:00","date_gmt":"2023-03-05T21:06:00","guid":{"rendered":"https:\/\/activrando.org\/AR_blog\/?p=6377"},"modified":"2023-03-10T12:28:59","modified_gmt":"2023-03-10T11:28:59","slug":"st-joseph-journee-rando-a-st-eloy-les-mines-63-dim-5-mars-2023-40-photos","status":"publish","type":"post","link":"https:\/\/activrando.org\/AR_blog\/2023\/03\/05\/st-joseph-journee-rando-a-st-eloy-les-mines-63-dim-5-mars-2023-40-photos\/","title":{"rendered":"\u00ab\u00a0St-Joseph\u00a0\u00bb, journ\u00e9e-rando \u00e0 St-\u00c9loy-les-mines (63), dim. 5 mars 2023 (40 photos)"},"content":{"rendered":"\n<p>.<br>.<br><\/p>\n\n\n\n<p class=\"has-text-align-center\"><strong><a href=\"https:\/\/activrando.org\/AR_blog\/2023\/03\/02\/les-cossanges-petite-rando-a-busset-jeudi-2-mars-2023-8-photos\/\" data-type=\"URL\" data-id=\"https:\/\/activrando.org\/AR_blog\/2023\/03\/02\/les-cossanges-petite-rando-a-busset-jeudi-2-mars-2023-8-photos\/\">&lt; &lt; &lt; ARTICLE PR\u00c9C\u00c9DENT<\/a><a rel=\"noreferrer noopener\" href=\"https:\/\/activrando.org\/AR_blog\/2021\/12\/28\/chapoulin-rando-sante-a-serbannes-mardi-28-dec-2021-6-photos\/\" target=\"_blank\"> <\/a>&#8212;&#8212;&#8212;&#8212;&#8212;&#8212;-<a rel=\"noreferrer noopener\" href=\"https:\/\/activrando.org\/AR_blog\/2021\/12\/28\/chapoulin-rando-sante-a-serbannes-mardi-28-dec-2021-6-photos\/\" target=\"_blank\"> <\/a><a rel=\"noreferrer noopener\" href=\"https:\/\/activrando.org\/AR_blog\/\" target=\"_blank\">ACCUEIL DU BLOG<\/a><a rel=\"noreferrer noopener\" href=\"https:\/\/activrando.org\/AR_blog\/2021\/12\/28\/chapoulin-rando-sante-a-serbannes-mardi-28-dec-2021-6-photos\/\" target=\"_blank\"> <\/a>&#8212;&#8212;&#8212;&#8212;&#8212;&#8212;&#8212;-<a rel=\"noreferrer noopener\" href=\"https:\/\/activrando.org\/AR_blog\/2021\/12\/28\/chapoulin-rando-sante-a-serbannes-mardi-28-dec-2021-6-photos\/\" target=\"_blank\"> <\/a>ARTICLE SUIVANT > > ><\/strong><br>.<br>.<br><\/p>\n\n\n<div class=\"wp-block-image\">\n<figure class=\"aligncenter size-full\"><img decoding=\"async\" loading=\"lazy\" width=\"900\" height=\"675\" src=\"https:\/\/activrando.org\/AR_blog\/wp-content\/uploads\/2023\/03\/230305-St-Eloy-01-moutons.jpg\" alt=\"\" class=\"wp-image-6378\" srcset=\"https:\/\/activrando.org\/AR_blog\/wp-content\/uploads\/2023\/03\/230305-St-Eloy-01-moutons.jpg 900w, https:\/\/activrando.org\/AR_blog\/wp-content\/uploads\/2023\/03\/230305-St-Eloy-01-moutons-300x225.jpg 300w, https:\/\/activrando.org\/AR_blog\/wp-content\/uploads\/2023\/03\/230305-St-Eloy-01-moutons-768x576.jpg 768w\" sizes=\"(max-width: 900px) 100vw, 900px\" \/><figcaption class=\"wp-element-caption\">C&rsquo;est un pays \u00e0 moutons. On en verra beaucoup pendant cette journ\u00e9e et quasiment pas de bovins et tr\u00e8s peu de champs.<br>.<br>.<br><\/figcaption><\/figure><\/div>\n\n<div class=\"wp-block-image\">\n<figure class=\"aligncenter size-full\"><img decoding=\"async\" loading=\"lazy\" width=\"1024\" height=\"492\" src=\"https:\/\/activrando.org\/AR_blog\/wp-content\/uploads\/2023\/03\/230305-St-Eloy-02-panorama.jpg\" alt=\"\" class=\"wp-image-6379\" srcset=\"https:\/\/activrando.org\/AR_blog\/wp-content\/uploads\/2023\/03\/230305-St-Eloy-02-panorama.jpg 1024w, https:\/\/activrando.org\/AR_blog\/wp-content\/uploads\/2023\/03\/230305-St-Eloy-02-panorama-300x144.jpg 300w, https:\/\/activrando.org\/AR_blog\/wp-content\/uploads\/2023\/03\/230305-St-Eloy-02-panorama-768x369.jpg 768w\" sizes=\"(max-width: 1024px) 100vw, 1024px\" \/><figcaption class=\"wp-element-caption\">Panorama lointain sur St-\u00c9loy. La chemin\u00e9e qui fume est celle de l&rsquo;usine Rockwool, que l&rsquo;on retrouvera \u00e0 la derni\u00e8re photo.<br>.<br>.<br><\/figcaption><\/figure><\/div>\n\n<div class=\"wp-block-image\">\n<figure class=\"aligncenter size-full\"><img decoding=\"async\" loading=\"lazy\" width=\"1024\" height=\"659\" src=\"https:\/\/activrando.org\/AR_blog\/wp-content\/uploads\/2023\/03\/230305-St-Eloy-03-groupe-marche.jpg\" alt=\"\" class=\"wp-image-6380\" srcset=\"https:\/\/activrando.org\/AR_blog\/wp-content\/uploads\/2023\/03\/230305-St-Eloy-03-groupe-marche.jpg 1024w, https:\/\/activrando.org\/AR_blog\/wp-content\/uploads\/2023\/03\/230305-St-Eloy-03-groupe-marche-300x193.jpg 300w, https:\/\/activrando.org\/AR_blog\/wp-content\/uploads\/2023\/03\/230305-St-Eloy-03-groupe-marche-768x494.jpg 768w\" sizes=\"(max-width: 1024px) 100vw, 1024px\" \/><figcaption class=\"wp-element-caption\">.<br>.<br>.<br><\/figcaption><\/figure><\/div>\n\n<div class=\"wp-block-image\">\n<figure class=\"aligncenter size-full\"><img decoding=\"async\" loading=\"lazy\" width=\"1024\" height=\"512\" src=\"https:\/\/activrando.org\/AR_blog\/wp-content\/uploads\/2023\/03\/230305-St-Eloy-04-plantes.jpg\" alt=\"\" class=\"wp-image-6381\" srcset=\"https:\/\/activrando.org\/AR_blog\/wp-content\/uploads\/2023\/03\/230305-St-Eloy-04-plantes.jpg 1024w, https:\/\/activrando.org\/AR_blog\/wp-content\/uploads\/2023\/03\/230305-St-Eloy-04-plantes-300x150.jpg 300w, https:\/\/activrando.org\/AR_blog\/wp-content\/uploads\/2023\/03\/230305-St-Eloy-04-plantes-768x384.jpg 768w\" sizes=\"(max-width: 1024px) 100vw, 1024px\" \/><figcaption class=\"wp-element-caption\">Des touffes d&rsquo;une herbe (quelle sorte ?) caract\u00e9ristiques des terrains tr\u00e8s humides.<br>.<br>.<br><\/figcaption><\/figure><\/div>\n\n<div class=\"wp-block-image\">\n<figure class=\"aligncenter size-full\"><img decoding=\"async\" loading=\"lazy\" width=\"813\" height=\"800\" src=\"https:\/\/activrando.org\/AR_blog\/wp-content\/uploads\/2023\/03\/230305-St-Eloy-05-plantes.jpg\" alt=\"\" class=\"wp-image-6382\" srcset=\"https:\/\/activrando.org\/AR_blog\/wp-content\/uploads\/2023\/03\/230305-St-Eloy-05-plantes.jpg 813w, https:\/\/activrando.org\/AR_blog\/wp-content\/uploads\/2023\/03\/230305-St-Eloy-05-plantes-300x295.jpg 300w, https:\/\/activrando.org\/AR_blog\/wp-content\/uploads\/2023\/03\/230305-St-Eloy-05-plantes-768x756.jpg 768w\" sizes=\"(max-width: 813px) 100vw, 813px\" \/><figcaption class=\"wp-element-caption\">La m\u00eame herbe, ne poussant que l\u00e0 o\u00f9 elle a assez d&rsquo;eau, c-\u00e0-d bordant le ruisseau.<br>.<br>.<br><\/figcaption><\/figure><\/div>\n\n<div class=\"wp-block-image\">\n<figure class=\"aligncenter size-full\"><img decoding=\"async\" loading=\"lazy\" width=\"700\" height=\"899\" src=\"https:\/\/activrando.org\/AR_blog\/wp-content\/uploads\/2023\/03\/230305-St-Eloy-06-arbre-silhouette.jpg\" alt=\"\" class=\"wp-image-6383\" srcset=\"https:\/\/activrando.org\/AR_blog\/wp-content\/uploads\/2023\/03\/230305-St-Eloy-06-arbre-silhouette.jpg 700w, https:\/\/activrando.org\/AR_blog\/wp-content\/uploads\/2023\/03\/230305-St-Eloy-06-arbre-silhouette-234x300.jpg 234w\" sizes=\"(max-width: 700px) 100vw, 700px\" \/><figcaption class=\"wp-element-caption\">.<br>.<br>.<br><\/figcaption><\/figure><\/div>\n\n<div class=\"wp-block-image\">\n<figure class=\"aligncenter size-full\"><img decoding=\"async\" loading=\"lazy\" width=\"600\" height=\"655\" src=\"https:\/\/activrando.org\/AR_blog\/wp-content\/uploads\/2023\/03\/230305-St-Eloy-07-Montaigut-blason.jpg\" alt=\"\" class=\"wp-image-6384\" srcset=\"https:\/\/activrando.org\/AR_blog\/wp-content\/uploads\/2023\/03\/230305-St-Eloy-07-Montaigut-blason.jpg 600w, https:\/\/activrando.org\/AR_blog\/wp-content\/uploads\/2023\/03\/230305-St-Eloy-07-Montaigut-blason-275x300.jpg 275w\" sizes=\"(max-width: 600px) 100vw, 600px\" \/><figcaption class=\"wp-element-caption\">Nous passons par Montaigut-en-Combrailles.<br>.<br>.<br><\/figcaption><\/figure><\/div>\n\n<div class=\"wp-block-image\">\n<figure class=\"aligncenter size-full\"><img decoding=\"async\" loading=\"lazy\" width=\"1024\" height=\"714\" src=\"https:\/\/activrando.org\/AR_blog\/wp-content\/uploads\/2023\/03\/230305-St-Eloy-08-Montaigut-panneau.jpg\" alt=\"\" class=\"wp-image-6385\" srcset=\"https:\/\/activrando.org\/AR_blog\/wp-content\/uploads\/2023\/03\/230305-St-Eloy-08-Montaigut-panneau.jpg 1024w, https:\/\/activrando.org\/AR_blog\/wp-content\/uploads\/2023\/03\/230305-St-Eloy-08-Montaigut-panneau-300x209.jpg 300w, https:\/\/activrando.org\/AR_blog\/wp-content\/uploads\/2023\/03\/230305-St-Eloy-08-Montaigut-panneau-768x536.jpg 768w\" sizes=\"(max-width: 1024px) 100vw, 1024px\" \/><figcaption class=\"wp-element-caption\">Cette localit\u00e9, aujourd&rsquo;hui assez peu connue, \u00e9tait le lieu d&rsquo;un grand ch\u00e2teau-fort sur sa butte d\u00e9fensive, au pied de laquelle prosp\u00e9rait un bourg prot\u00e9g\u00e9 par une vaste enceinte.<br>.<br>.<br><\/figcaption><\/figure><\/div>\n\n<div class=\"wp-block-image\">\n<figure class=\"aligncenter size-full\"><img decoding=\"async\" loading=\"lazy\" width=\"500\" height=\"546\" src=\"https:\/\/activrando.org\/AR_blog\/wp-content\/uploads\/2023\/03\/230305-St-Eloy-12-affichage.jpg\" alt=\"\" class=\"wp-image-6389\" srcset=\"https:\/\/activrando.org\/AR_blog\/wp-content\/uploads\/2023\/03\/230305-St-Eloy-12-affichage.jpg 500w, https:\/\/activrando.org\/AR_blog\/wp-content\/uploads\/2023\/03\/230305-St-Eloy-12-affichage-275x300.jpg 275w\" sizes=\"(max-width: 500px) 100vw, 500px\" \/><figcaption class=\"wp-element-caption\">Un peu d&rsquo;humour pragmatique, au bord du chemin qui m\u00e8ne au site de l&rsquo;ancien ch\u00e2teau&#8230;<br>.<br>.<br><\/figcaption><\/figure><\/div>\n\n<div class=\"wp-block-image\">\n<figure class=\"aligncenter size-full\"><img decoding=\"async\" loading=\"lazy\" width=\"900\" height=\"675\" src=\"https:\/\/activrando.org\/AR_blog\/wp-content\/uploads\/2023\/03\/230305-St-Eloy-09-Montaigut-puits.jpg\" alt=\"\" class=\"wp-image-6386\" srcset=\"https:\/\/activrando.org\/AR_blog\/wp-content\/uploads\/2023\/03\/230305-St-Eloy-09-Montaigut-puits.jpg 900w, https:\/\/activrando.org\/AR_blog\/wp-content\/uploads\/2023\/03\/230305-St-Eloy-09-Montaigut-puits-300x225.jpg 300w, https:\/\/activrando.org\/AR_blog\/wp-content\/uploads\/2023\/03\/230305-St-Eloy-09-Montaigut-puits-768x576.jpg 768w\" sizes=\"(max-width: 900px) 100vw, 900px\" \/><figcaption class=\"wp-element-caption\">Du ch\u00e2teau, il ne reste quasiment rien sinon quelques bases de murs et ici un puits.<br>.<br>.<br><\/figcaption><\/figure><\/div>\n\n<div class=\"wp-block-image\">\n<figure class=\"aligncenter size-full\"><img decoding=\"async\" loading=\"lazy\" width=\"1024\" height=\"764\" src=\"https:\/\/activrando.org\/AR_blog\/wp-content\/uploads\/2023\/03\/230305-St-Eloy-10-Montaigut-panorama.jpg\" alt=\"\" class=\"wp-image-6387\" srcset=\"https:\/\/activrando.org\/AR_blog\/wp-content\/uploads\/2023\/03\/230305-St-Eloy-10-Montaigut-panorama.jpg 1024w, https:\/\/activrando.org\/AR_blog\/wp-content\/uploads\/2023\/03\/230305-St-Eloy-10-Montaigut-panorama-300x224.jpg 300w, https:\/\/activrando.org\/AR_blog\/wp-content\/uploads\/2023\/03\/230305-St-Eloy-10-Montaigut-panorama-768x573.jpg 768w\" sizes=\"(max-width: 1024px) 100vw, 1024px\" \/><figcaption class=\"wp-element-caption\">De l\u00e0 on a la vue sur le village situ\u00e9 c\u00f4t\u00e9 Sud.<br>.<br>.<br><\/figcaption><\/figure><\/div>\n\n<div class=\"wp-block-image\">\n<figure class=\"aligncenter size-full\"><img decoding=\"async\" loading=\"lazy\" width=\"1024\" height=\"755\" src=\"https:\/\/activrando.org\/AR_blog\/wp-content\/uploads\/2023\/03\/230305-St-Eloy-11-Montaigut-beffroi.jpg\" alt=\"\" class=\"wp-image-6388\" srcset=\"https:\/\/activrando.org\/AR_blog\/wp-content\/uploads\/2023\/03\/230305-St-Eloy-11-Montaigut-beffroi.jpg 1024w, https:\/\/activrando.org\/AR_blog\/wp-content\/uploads\/2023\/03\/230305-St-Eloy-11-Montaigut-beffroi-300x221.jpg 300w, https:\/\/activrando.org\/AR_blog\/wp-content\/uploads\/2023\/03\/230305-St-Eloy-11-Montaigut-beffroi-768x566.jpg 768w\" sizes=\"(max-width: 1024px) 100vw, 1024px\" \/><figcaption class=\"wp-element-caption\">Le village lui-m\u00eame est domin\u00e9 par son beffroi dont la cloche sommitale (et non celle de l&rsquo;\u00e9glise) rythme le temps en sonnant les heures.<br>.<br>.<br><\/figcaption><\/figure><\/div>\n\n<div class=\"wp-block-image\">\n<figure class=\"aligncenter size-full\"><img decoding=\"async\" loading=\"lazy\" width=\"500\" height=\"476\" src=\"https:\/\/activrando.org\/AR_blog\/wp-content\/uploads\/2023\/03\/230305-St-Eloy-13-collecteur.jpg\" alt=\"\" class=\"wp-image-6390\" srcset=\"https:\/\/activrando.org\/AR_blog\/wp-content\/uploads\/2023\/03\/230305-St-Eloy-13-collecteur.jpg 500w, https:\/\/activrando.org\/AR_blog\/wp-content\/uploads\/2023\/03\/230305-St-Eloy-13-collecteur-300x286.jpg 300w\" sizes=\"(max-width: 500px) 100vw, 500px\" \/><figcaption class=\"wp-element-caption\">Plus loin, au bord du chemin, un collecteur apparemment destin\u00e9 \u00e0 recueillir l&rsquo;eau de pluie pour en mesurer quelque(s) param\u00e8tre(s).<br>.<br>.<br><\/figcaption><\/figure><\/div>\n\n<div class=\"wp-block-image\">\n<figure class=\"aligncenter size-full\"><img decoding=\"async\" loading=\"lazy\" width=\"1024\" height=\"758\" src=\"https:\/\/activrando.org\/AR_blog\/wp-content\/uploads\/2023\/03\/230305-St-Eloy-14-branches.jpg\" alt=\"\" class=\"wp-image-6391\" srcset=\"https:\/\/activrando.org\/AR_blog\/wp-content\/uploads\/2023\/03\/230305-St-Eloy-14-branches.jpg 1024w, https:\/\/activrando.org\/AR_blog\/wp-content\/uploads\/2023\/03\/230305-St-Eloy-14-branches-300x222.jpg 300w, https:\/\/activrando.org\/AR_blog\/wp-content\/uploads\/2023\/03\/230305-St-Eloy-14-branches-768x569.jpg 768w\" sizes=\"(max-width: 1024px) 100vw, 1024px\" \/><figcaption class=\"wp-element-caption\">.<br>.<br>.<br><\/figcaption><\/figure><\/div>\n\n<div class=\"wp-block-image\">\n<figure class=\"aligncenter size-full\"><img decoding=\"async\" loading=\"lazy\" width=\"800\" height=\"600\" src=\"https:\/\/activrando.org\/AR_blog\/wp-content\/uploads\/2023\/03\/230305-St-Eloy-15-Youx-eglise.jpg\" alt=\"\" class=\"wp-image-6392\" srcset=\"https:\/\/activrando.org\/AR_blog\/wp-content\/uploads\/2023\/03\/230305-St-Eloy-15-Youx-eglise.jpg 800w, https:\/\/activrando.org\/AR_blog\/wp-content\/uploads\/2023\/03\/230305-St-Eloy-15-Youx-eglise-300x225.jpg 300w, https:\/\/activrando.org\/AR_blog\/wp-content\/uploads\/2023\/03\/230305-St-Eloy-15-Youx-eglise-768x576.jpg 768w\" sizes=\"(max-width: 800px) 100vw, 800px\" \/><figcaption class=\"wp-element-caption\">Nous passons par le village de Youx, dont voici l&rsquo;\u00e9glise.<br>.<br>.<br><\/figcaption><\/figure><\/div>\n\n<div class=\"wp-block-image\">\n<figure class=\"aligncenter size-full\"><img decoding=\"async\" loading=\"lazy\" width=\"1024\" height=\"768\" src=\"https:\/\/activrando.org\/AR_blog\/wp-content\/uploads\/2023\/03\/230305-St-Eloy-16-Youx-eglise-choeur.jpg\" alt=\"\" class=\"wp-image-6393\" srcset=\"https:\/\/activrando.org\/AR_blog\/wp-content\/uploads\/2023\/03\/230305-St-Eloy-16-Youx-eglise-choeur.jpg 1024w, https:\/\/activrando.org\/AR_blog\/wp-content\/uploads\/2023\/03\/230305-St-Eloy-16-Youx-eglise-choeur-300x225.jpg 300w, https:\/\/activrando.org\/AR_blog\/wp-content\/uploads\/2023\/03\/230305-St-Eloy-16-Youx-eglise-choeur-768x576.jpg 768w\" sizes=\"(max-width: 1024px) 100vw, 1024px\" \/><figcaption class=\"wp-element-caption\">La nef de l&rsquo;\u00e9glise ne porte aucune peinture ornementale, mais le ch\u0153ur est richement d\u00e9cor\u00e9.<br>.<br>.<br><\/figcaption><\/figure><\/div>\n\n<div class=\"wp-block-image\">\n<figure class=\"aligncenter size-full\"><img decoding=\"async\" loading=\"lazy\" width=\"700\" height=\"774\" src=\"https:\/\/activrando.org\/AR_blog\/wp-content\/uploads\/2023\/03\/230305-St-Eloy-17-Youx-eglise-abside.jpg\" alt=\"\" class=\"wp-image-6394\" srcset=\"https:\/\/activrando.org\/AR_blog\/wp-content\/uploads\/2023\/03\/230305-St-Eloy-17-Youx-eglise-abside.jpg 700w, https:\/\/activrando.org\/AR_blog\/wp-content\/uploads\/2023\/03\/230305-St-Eloy-17-Youx-eglise-abside-271x300.jpg 271w\" sizes=\"(max-width: 700px) 100vw, 700px\" \/><figcaption class=\"wp-element-caption\">L&rsquo;abside elle-m\u00eame est couverte de motifs peints.<br>.<br>.<br><\/figcaption><\/figure><\/div>\n\n<div class=\"wp-block-image\">\n<figure class=\"aligncenter size-full\"><img decoding=\"async\" loading=\"lazy\" width=\"1024\" height=\"550\" src=\"https:\/\/activrando.org\/AR_blog\/wp-content\/uploads\/2023\/03\/230305-St-Eloy-18-Youx-eglise-tronc.jpg\" alt=\"\" class=\"wp-image-6395\" srcset=\"https:\/\/activrando.org\/AR_blog\/wp-content\/uploads\/2023\/03\/230305-St-Eloy-18-Youx-eglise-tronc.jpg 1024w, https:\/\/activrando.org\/AR_blog\/wp-content\/uploads\/2023\/03\/230305-St-Eloy-18-Youx-eglise-tronc-300x161.jpg 300w, https:\/\/activrando.org\/AR_blog\/wp-content\/uploads\/2023\/03\/230305-St-Eloy-18-Youx-eglise-tronc-768x413.jpg 768w\" sizes=\"(max-width: 1024px) 100vw, 1024px\" \/><figcaption class=\"wp-element-caption\">D\u00e9tail amusant : pour la vente de cierges, un tronc en forme d&rsquo;angelot recueille les pi\u00e8ces et incline automatiquement la t\u00eate au passage de chaque pi\u00e8ce.<br>.<br>.<br><\/figcaption><\/figure><\/div>\n\n<div class=\"wp-block-image\">\n<figure class=\"aligncenter size-full\"><img decoding=\"async\" loading=\"lazy\" width=\"1024\" height=\"553\" src=\"https:\/\/activrando.org\/AR_blog\/wp-content\/uploads\/2023\/03\/230305-St-Eloy-19-haie-mal-taillee.jpg\" alt=\"\" class=\"wp-image-6396\" srcset=\"https:\/\/activrando.org\/AR_blog\/wp-content\/uploads\/2023\/03\/230305-St-Eloy-19-haie-mal-taillee.jpg 1024w, https:\/\/activrando.org\/AR_blog\/wp-content\/uploads\/2023\/03\/230305-St-Eloy-19-haie-mal-taillee-300x162.jpg 300w, https:\/\/activrando.org\/AR_blog\/wp-content\/uploads\/2023\/03\/230305-St-Eloy-19-haie-mal-taillee-768x415.jpg 768w\" sizes=\"(max-width: 1024px) 100vw, 1024px\" \/><figcaption class=\"wp-element-caption\">Voil\u00e0 le r\u00e9sultat du travail moderne de taille de haie : du boulot de cochon !<br>.<br>.<br><\/figcaption><\/figure><\/div>\n\n<div class=\"wp-block-image\">\n<figure class=\"aligncenter size-full\"><img decoding=\"async\" loading=\"lazy\" width=\"1024\" height=\"768\" src=\"https:\/\/activrando.org\/AR_blog\/wp-content\/uploads\/2023\/03\/230305-St-Eloy-20-groupe-marche.jpg\" alt=\"\" class=\"wp-image-6397\" srcset=\"https:\/\/activrando.org\/AR_blog\/wp-content\/uploads\/2023\/03\/230305-St-Eloy-20-groupe-marche.jpg 1024w, https:\/\/activrando.org\/AR_blog\/wp-content\/uploads\/2023\/03\/230305-St-Eloy-20-groupe-marche-300x225.jpg 300w, https:\/\/activrando.org\/AR_blog\/wp-content\/uploads\/2023\/03\/230305-St-Eloy-20-groupe-marche-768x576.jpg 768w\" sizes=\"(max-width: 1024px) 100vw, 1024px\" \/><figcaption class=\"wp-element-caption\">Au fond, le village de Youx, que nous venons de traverser.<br>.<br>.<br><\/figcaption><\/figure><\/div>\n\n<div class=\"wp-block-image\">\n<figure class=\"aligncenter size-full\"><img decoding=\"async\" loading=\"lazy\" width=\"1024\" height=\"560\" src=\"https:\/\/activrando.org\/AR_blog\/wp-content\/uploads\/2023\/03\/230305-St-Eloy-21-vue.jpg\" alt=\"\" class=\"wp-image-6398\" srcset=\"https:\/\/activrando.org\/AR_blog\/wp-content\/uploads\/2023\/03\/230305-St-Eloy-21-vue.jpg 1024w, https:\/\/activrando.org\/AR_blog\/wp-content\/uploads\/2023\/03\/230305-St-Eloy-21-vue-300x164.jpg 300w, https:\/\/activrando.org\/AR_blog\/wp-content\/uploads\/2023\/03\/230305-St-Eloy-21-vue-768x420.jpg 768w\" sizes=\"(max-width: 1024px) 100vw, 1024px\" \/><figcaption class=\"wp-element-caption\">A la faveur d&rsquo;une coupe foresti\u00e8re, nous voyons (les usines de) Saint-Eloy, dont nous nous rapprochons.<br>.<br>.<br><\/figcaption><\/figure><\/div>\n\n<div class=\"wp-block-image\">\n<figure class=\"aligncenter size-full\"><img decoding=\"async\" loading=\"lazy\" width=\"1024\" height=\"661\" src=\"https:\/\/activrando.org\/AR_blog\/wp-content\/uploads\/2023\/03\/230305-St-Eloy-22-groupe-pont.jpg\" alt=\"\" class=\"wp-image-6399\" srcset=\"https:\/\/activrando.org\/AR_blog\/wp-content\/uploads\/2023\/03\/230305-St-Eloy-22-groupe-pont.jpg 1024w, https:\/\/activrando.org\/AR_blog\/wp-content\/uploads\/2023\/03\/230305-St-Eloy-22-groupe-pont-300x194.jpg 300w, https:\/\/activrando.org\/AR_blog\/wp-content\/uploads\/2023\/03\/230305-St-Eloy-22-groupe-pont-768x496.jpg 768w\" sizes=\"(max-width: 1024px) 100vw, 1024px\" \/><figcaption class=\"wp-element-caption\">.<br>.<br>.<br><\/figcaption><\/figure><\/div>\n\n<div class=\"wp-block-image\">\n<figure class=\"aligncenter size-full\"><img decoding=\"async\" loading=\"lazy\" width=\"900\" height=\"675\" src=\"https:\/\/activrando.org\/AR_blog\/wp-content\/uploads\/2023\/03\/230305-St-Eloy-23-pont-voie.jpg\" alt=\"\" class=\"wp-image-6400\" srcset=\"https:\/\/activrando.org\/AR_blog\/wp-content\/uploads\/2023\/03\/230305-St-Eloy-23-pont-voie.jpg 900w, https:\/\/activrando.org\/AR_blog\/wp-content\/uploads\/2023\/03\/230305-St-Eloy-23-pont-voie-300x225.jpg 300w, https:\/\/activrando.org\/AR_blog\/wp-content\/uploads\/2023\/03\/230305-St-Eloy-23-pont-voie-768x576.jpg 768w\" sizes=\"(max-width: 900px) 100vw, 900px\" \/><figcaption class=\"wp-element-caption\">Nous repassons au-dessus de la voie ferr\u00e9e qui menait \u00e0 Clermont-Ferrand par St-Gervais d&rsquo;Auvergne et Les Ancizes-Comps c\u00f4t\u00e9 Sud et \u00e0 Montlu\u00e7on par Commentry, c\u00f4t\u00e9 Nord.<br>Curieusement c&rsquo;est dans la m\u00eame configuration qu&rsquo;\u00e0 Noyant d&rsquo;Allier, o\u00f9 nous \u00e9tions quelques semaines auparavant (<strong><a href=\"https:\/\/activrando.org\/AR_blog\/2023\/02\/12\/la-pagode-journee-rando-a-noyant-dallier-dim-12-fev-2023-31-photos\/\" data-type=\"URL\" data-id=\"https:\/\/activrando.org\/AR_blog\/2023\/02\/12\/la-pagode-journee-rando-a-noyant-dallier-dim-12-fev-2023-31-photos\/\">voir<\/a><\/strong>): c\u00f4t\u00e9 Nord la voie est d\u00e9gag\u00e9e, rails et ballast bien visibles et c\u00f4t\u00e9 Sud, tout est laiss\u00e9 \u00e0 l&rsquo;abandon et recouvert par la v\u00e9g\u00e9tation : herbes, ronces, arbustes. Y-a t&rsquo;il un \u00e9trange effet Nord \/ Sud dans le d\u00e9laissement des voies ferr\u00e9es locales ?<br>.<br>.<br><\/figcaption><\/figure><\/div>\n\n<div class=\"wp-block-image\">\n<figure class=\"aligncenter size-full\"><img decoding=\"async\" loading=\"lazy\" width=\"1024\" height=\"687\" src=\"https:\/\/activrando.org\/AR_blog\/wp-content\/uploads\/2023\/03\/230305-St-Eloy-24-ombres.jpg\" alt=\"\" class=\"wp-image-6401\" srcset=\"https:\/\/activrando.org\/AR_blog\/wp-content\/uploads\/2023\/03\/230305-St-Eloy-24-ombres.jpg 1024w, https:\/\/activrando.org\/AR_blog\/wp-content\/uploads\/2023\/03\/230305-St-Eloy-24-ombres-300x201.jpg 300w, https:\/\/activrando.org\/AR_blog\/wp-content\/uploads\/2023\/03\/230305-St-Eloy-24-ombres-768x515.jpg 768w\" sizes=\"(max-width: 1024px) 100vw, 1024px\" \/><figcaption class=\"wp-element-caption\">Au lieu-dit Laval, petite pause au soleil. L&rsquo;air s&rsquo;est r\u00e9chauff\u00e9 et l&rsquo;on est bien, tout simplement.<br>.<br>.<br><\/figcaption><\/figure><\/div>\n\n<div class=\"wp-block-image\">\n<figure class=\"aligncenter size-full\"><img decoding=\"async\" loading=\"lazy\" width=\"1024\" height=\"848\" src=\"https:\/\/activrando.org\/AR_blog\/wp-content\/uploads\/2023\/03\/230305-St-Eloy-25-poteaux.jpg\" alt=\"\" class=\"wp-image-6402\" srcset=\"https:\/\/activrando.org\/AR_blog\/wp-content\/uploads\/2023\/03\/230305-St-Eloy-25-poteaux.jpg 1024w, https:\/\/activrando.org\/AR_blog\/wp-content\/uploads\/2023\/03\/230305-St-Eloy-25-poteaux-300x248.jpg 300w, https:\/\/activrando.org\/AR_blog\/wp-content\/uploads\/2023\/03\/230305-St-Eloy-25-poteaux-768x636.jpg 768w\" sizes=\"(max-width: 1024px) 100vw, 1024px\" \/><figcaption class=\"wp-element-caption\">Le r\u00e9seau tentaculaire de desserte d&rsquo;\u00e9lectricit\u00e9 utilise toutes sortes de poteaux, suivant la puissance achemin\u00e9e et les distances \u00e0 franchir.<br>.<br>.<br><\/figcaption><\/figure><\/div>\n\n<div class=\"wp-block-image\">\n<figure class=\"aligncenter size-full\"><img decoding=\"async\" loading=\"lazy\" width=\"1024\" height=\"667\" src=\"https:\/\/activrando.org\/AR_blog\/wp-content\/uploads\/2023\/03\/230305-St-Eloy-26-panneaux-solaires.jpg\" alt=\"\" class=\"wp-image-6403\" srcset=\"https:\/\/activrando.org\/AR_blog\/wp-content\/uploads\/2023\/03\/230305-St-Eloy-26-panneaux-solaires.jpg 1024w, https:\/\/activrando.org\/AR_blog\/wp-content\/uploads\/2023\/03\/230305-St-Eloy-26-panneaux-solaires-300x195.jpg 300w, https:\/\/activrando.org\/AR_blog\/wp-content\/uploads\/2023\/03\/230305-St-Eloy-26-panneaux-solaires-768x500.jpg 768w\" sizes=\"(max-width: 1024px) 100vw, 1024px\" \/><figcaption class=\"wp-element-caption\">Il y eut de <strong><a href=\"https:\/\/fr.wikipedia.org\/wiki\/Houill\u00e8res_de_Saint-\u00c9loy-les-Mines\" data-type=\"URL\" data-id=\"https:\/\/fr.wikipedia.org\/wiki\/Houill\u00e8res_de_Saint-\u00c9loy-les-Mines\">nombreux puits de mine dans ce secteur<\/a><\/strong>. Ici se trouvait le puits num\u00e9ro 5 qui, comme les autres, fournissait du charbon, c-\u00e0-d de l&rsquo;\u00e9nergie. Mais les mines, \u00e9puis\u00e9es, ont d\u00fb fermer et sont remplac\u00e9es -depuis r\u00e9cemment- par une autre forme de production d&rsquo;\u00e9nergie, beaucoup plus paisible.<br>.<br>.<br><\/figcaption><\/figure><\/div>\n\n<div class=\"wp-block-image\">\n<figure class=\"aligncenter size-full\"><img decoding=\"async\" loading=\"lazy\" width=\"500\" height=\"731\" src=\"https:\/\/activrando.org\/AR_blog\/wp-content\/uploads\/2023\/03\/230305-St-Eloy-27-arbre.jpg\" alt=\"\" class=\"wp-image-6404\" srcset=\"https:\/\/activrando.org\/AR_blog\/wp-content\/uploads\/2023\/03\/230305-St-Eloy-27-arbre.jpg 500w, https:\/\/activrando.org\/AR_blog\/wp-content\/uploads\/2023\/03\/230305-St-Eloy-27-arbre-205x300.jpg 205w\" sizes=\"(max-width: 500px) 100vw, 500px\" \/><figcaption class=\"wp-element-caption\">.<br>.<br>.<br><\/figcaption><\/figure><\/div>\n\n<div class=\"wp-block-image\">\n<figure class=\"aligncenter size-full\"><img decoding=\"async\" loading=\"lazy\" width=\"1024\" height=\"738\" src=\"https:\/\/activrando.org\/AR_blog\/wp-content\/uploads\/2023\/03\/230305-St-Eloy-28-riviere-Bouble.jpg\" alt=\"\" class=\"wp-image-6405\" srcset=\"https:\/\/activrando.org\/AR_blog\/wp-content\/uploads\/2023\/03\/230305-St-Eloy-28-riviere-Bouble.jpg 1024w, https:\/\/activrando.org\/AR_blog\/wp-content\/uploads\/2023\/03\/230305-St-Eloy-28-riviere-Bouble-300x216.jpg 300w, https:\/\/activrando.org\/AR_blog\/wp-content\/uploads\/2023\/03\/230305-St-Eloy-28-riviere-Bouble-768x554.jpg 768w\" sizes=\"(max-width: 1024px) 100vw, 1024px\" \/><figcaption class=\"wp-element-caption\">ici passe la Bouble.<br>.<br>.<br><\/figcaption><\/figure><\/div>\n\n<div class=\"wp-block-image\">\n<figure class=\"aligncenter size-full\"><img decoding=\"async\" loading=\"lazy\" width=\"1024\" height=\"758\" src=\"https:\/\/activrando.org\/AR_blog\/wp-content\/uploads\/2023\/03\/230305-St-Eloy-29-lac.jpg\" alt=\"\" class=\"wp-image-6406\" srcset=\"https:\/\/activrando.org\/AR_blog\/wp-content\/uploads\/2023\/03\/230305-St-Eloy-29-lac.jpg 1024w, https:\/\/activrando.org\/AR_blog\/wp-content\/uploads\/2023\/03\/230305-St-Eloy-29-lac-300x222.jpg 300w, https:\/\/activrando.org\/AR_blog\/wp-content\/uploads\/2023\/03\/230305-St-Eloy-29-lac-768x569.jpg 768w\" sizes=\"(max-width: 1024px) 100vw, 1024px\" \/><figcaption class=\"wp-element-caption\">Saint-\u00c9loy-les-mines dispose d&rsquo;un grand plan d&rsquo;eau dont les berges sont bien am\u00e9nag\u00e9es pour les loisirs.<br>.<br>.<br><\/figcaption><\/figure><\/div>\n\n<div class=\"wp-block-image\">\n<figure class=\"aligncenter size-full\"><img decoding=\"async\" loading=\"lazy\" width=\"1024\" height=\"576\" src=\"https:\/\/activrando.org\/AR_blog\/wp-content\/uploads\/2023\/03\/230305-St-Eloy-30-lac.jpg\" alt=\"\" class=\"wp-image-6407\" srcset=\"https:\/\/activrando.org\/AR_blog\/wp-content\/uploads\/2023\/03\/230305-St-Eloy-30-lac.jpg 1024w, https:\/\/activrando.org\/AR_blog\/wp-content\/uploads\/2023\/03\/230305-St-Eloy-30-lac-300x169.jpg 300w, https:\/\/activrando.org\/AR_blog\/wp-content\/uploads\/2023\/03\/230305-St-Eloy-30-lac-768x432.jpg 768w\" sizes=\"(max-width: 1024px) 100vw, 1024px\" \/><figcaption class=\"wp-element-caption\">D&rsquo;ici, l&rsquo;on voit bien le relief alentour, dans lequel nous avons march\u00e9 pendant cette journ\u00e9e.<br>.<br>.<br><\/figcaption><\/figure><\/div>\n\n<div class=\"wp-block-image\">\n<figure class=\"aligncenter size-full\"><img decoding=\"async\" loading=\"lazy\" width=\"1024\" height=\"629\" src=\"https:\/\/activrando.org\/AR_blog\/wp-content\/uploads\/2023\/03\/230305-St-Eloy-31-pousse-saule.jpg\" alt=\"\" class=\"wp-image-6408\" srcset=\"https:\/\/activrando.org\/AR_blog\/wp-content\/uploads\/2023\/03\/230305-St-Eloy-31-pousse-saule.jpg 1024w, https:\/\/activrando.org\/AR_blog\/wp-content\/uploads\/2023\/03\/230305-St-Eloy-31-pousse-saule-300x184.jpg 300w, https:\/\/activrando.org\/AR_blog\/wp-content\/uploads\/2023\/03\/230305-St-Eloy-31-pousse-saule-768x472.jpg 768w\" sizes=\"(max-width: 1024px) 100vw, 1024px\" \/><figcaption class=\"wp-element-caption\">Les jeunes pousses de saules ont une couleur jaune qu&rsquo;avive la lumi\u00e8re dor\u00e9e du soleil du soir.<br>.<br>.<br><\/figcaption><\/figure><\/div>\n\n<div class=\"wp-block-image\">\n<figure class=\"aligncenter size-full\"><img decoding=\"async\" loading=\"lazy\" width=\"1024\" height=\"593\" src=\"https:\/\/activrando.org\/AR_blog\/wp-content\/uploads\/2023\/03\/230305-St-Eloy-32-groupe-pose.jpg\" alt=\"\" class=\"wp-image-6409\" srcset=\"https:\/\/activrando.org\/AR_blog\/wp-content\/uploads\/2023\/03\/230305-St-Eloy-32-groupe-pose.jpg 1024w, https:\/\/activrando.org\/AR_blog\/wp-content\/uploads\/2023\/03\/230305-St-Eloy-32-groupe-pose-300x174.jpg 300w, https:\/\/activrando.org\/AR_blog\/wp-content\/uploads\/2023\/03\/230305-St-Eloy-32-groupe-pose-768x445.jpg 768w\" sizes=\"(max-width: 1024px) 100vw, 1024px\" \/><figcaption class=\"wp-element-caption\">Photo de groupe sur cette belle plage qui donne envie de se baigner. Mais nous n&rsquo;avions pas nos maillots&#8230;<br>.<br>.<br><\/figcaption><\/figure><\/div>\n\n<div class=\"wp-block-image\">\n<figure class=\"aligncenter size-full\"><img decoding=\"async\" loading=\"lazy\" width=\"1024\" height=\"809\" src=\"https:\/\/activrando.org\/AR_blog\/wp-content\/uploads\/2023\/03\/230305-St-Eloy-33-touffe.jpg\" alt=\"\" class=\"wp-image-6410\" srcset=\"https:\/\/activrando.org\/AR_blog\/wp-content\/uploads\/2023\/03\/230305-St-Eloy-33-touffe.jpg 1024w, https:\/\/activrando.org\/AR_blog\/wp-content\/uploads\/2023\/03\/230305-St-Eloy-33-touffe-300x237.jpg 300w, https:\/\/activrando.org\/AR_blog\/wp-content\/uploads\/2023\/03\/230305-St-Eloy-33-touffe-768x607.jpg 768w\" sizes=\"(max-width: 1024px) 100vw, 1024px\" \/><figcaption class=\"wp-element-caption\">Herbe d\u00e9corative.<br>.<br>.<br><\/figcaption><\/figure><\/div>\n\n<div class=\"wp-block-image\">\n<figure class=\"aligncenter size-full\"><img decoding=\"async\" loading=\"lazy\" width=\"809\" height=\"900\" src=\"https:\/\/activrando.org\/AR_blog\/wp-content\/uploads\/2023\/03\/230305-St-Eloy-35-chevalement-puits-St-Joseph.jpg\" alt=\"\" class=\"wp-image-6411\" srcset=\"https:\/\/activrando.org\/AR_blog\/wp-content\/uploads\/2023\/03\/230305-St-Eloy-35-chevalement-puits-St-Joseph.jpg 809w, https:\/\/activrando.org\/AR_blog\/wp-content\/uploads\/2023\/03\/230305-St-Eloy-35-chevalement-puits-St-Joseph-270x300.jpg 270w, https:\/\/activrando.org\/AR_blog\/wp-content\/uploads\/2023\/03\/230305-St-Eloy-35-chevalement-puits-St-Joseph-768x854.jpg 768w\" sizes=\"(max-width: 809px) 100vw, 809px\" \/><figcaption class=\"wp-element-caption\">Nous arrivons au lieu du Puits Saint-Joseph, dont seul subsiste le <strong><a href=\"https:\/\/fr.wikipedia.org\/wiki\/Chevalement\" data-type=\"URL\" data-id=\"https:\/\/fr.wikipedia.org\/wiki\/Chevalement\">chevalement<\/a><\/strong>, dernier vestige (avec quelques mat\u00e9riels de chantier) des <strong><a href=\"https:\/\/fr.wikipedia.org\/wiki\/Houill\u00e8res_de_Saint-\u00c9loy-les-Mines\" data-type=\"URL\" data-id=\"https:\/\/fr.wikipedia.org\/wiki\/Houill\u00e8res_de_Saint-\u00c9loy-les-Mines\">houill\u00e8res de Saint-\u00c9loy<\/a><\/strong>. Imposant \u00e9difice d&rsquo;acier, bien entretenu en souvenir de la prosp\u00e8re \u00e9poque du charbon.<br>.<br>.<br><\/figcaption><\/figure><\/div>\n\n<div class=\"wp-block-image\">\n<figure class=\"aligncenter size-full\"><img decoding=\"async\" loading=\"lazy\" width=\"1024\" height=\"679\" src=\"https:\/\/activrando.org\/AR_blog\/wp-content\/uploads\/2023\/03\/230305-St-Eloy-36-chevalement-puits-St-Joseph.jpg\" alt=\"\" class=\"wp-image-6412\" srcset=\"https:\/\/activrando.org\/AR_blog\/wp-content\/uploads\/2023\/03\/230305-St-Eloy-36-chevalement-puits-St-Joseph.jpg 1024w, https:\/\/activrando.org\/AR_blog\/wp-content\/uploads\/2023\/03\/230305-St-Eloy-36-chevalement-puits-St-Joseph-300x199.jpg 300w, https:\/\/activrando.org\/AR_blog\/wp-content\/uploads\/2023\/03\/230305-St-Eloy-36-chevalement-puits-St-Joseph-768x509.jpg 768w\" sizes=\"(max-width: 1024px) 100vw, 1024px\" \/><figcaption class=\"wp-element-caption\">.<br>.<br>.<br><\/figcaption><\/figure><\/div>\n\n<div class=\"wp-block-image\">\n<figure class=\"aligncenter size-full\"><img decoding=\"async\" loading=\"lazy\" width=\"900\" height=\"675\" src=\"https:\/\/activrando.org\/AR_blog\/wp-content\/uploads\/2023\/03\/230305-St-Eloy-37-chevalement-puits-St-Joseph.jpg\" alt=\"\" class=\"wp-image-6415\" srcset=\"https:\/\/activrando.org\/AR_blog\/wp-content\/uploads\/2023\/03\/230305-St-Eloy-37-chevalement-puits-St-Joseph.jpg 900w, https:\/\/activrando.org\/AR_blog\/wp-content\/uploads\/2023\/03\/230305-St-Eloy-37-chevalement-puits-St-Joseph-300x225.jpg 300w, https:\/\/activrando.org\/AR_blog\/wp-content\/uploads\/2023\/03\/230305-St-Eloy-37-chevalement-puits-St-Joseph-768x576.jpg 768w\" sizes=\"(max-width: 900px) 100vw, 900px\" \/><figcaption class=\"wp-element-caption\">La structure de la colonne du chevalement, vue de l&rsquo;int\u00e9rieur.<br>.<br>.<br><\/figcaption><\/figure><\/div>\n\n<div class=\"wp-block-image\">\n<figure class=\"aligncenter size-full\"><img decoding=\"async\" loading=\"lazy\" width=\"1024\" height=\"653\" src=\"https:\/\/activrando.org\/AR_blog\/wp-content\/uploads\/2023\/03\/230305-St-Eloy-39-puits-St-Joseph.jpg\" alt=\"\" class=\"wp-image-6413\" srcset=\"https:\/\/activrando.org\/AR_blog\/wp-content\/uploads\/2023\/03\/230305-St-Eloy-39-puits-St-Joseph.jpg 1024w, https:\/\/activrando.org\/AR_blog\/wp-content\/uploads\/2023\/03\/230305-St-Eloy-39-puits-St-Joseph-300x191.jpg 300w, https:\/\/activrando.org\/AR_blog\/wp-content\/uploads\/2023\/03\/230305-St-Eloy-39-puits-St-Joseph-768x490.jpg 768w\" sizes=\"(max-width: 1024px) 100vw, 1024px\" \/><figcaption class=\"wp-element-caption\">Le Puits St-Joseph au temps de son exploitation la plus r\u00e9cente. On voit bien que le chevalement (ici \u00e0 gauche) lui-m\u00eame \u00e9tait une mince partie du dispositif ext\u00e9rieur de la mine. La mine elle-m\u00eame, dont les galeries s&rsquo;\u00e9tendaient jusqu&rsquo;\u00e0 plus de 400 m de profondeur et \u00e9taient \u00e9quip\u00e9es de beaucoup de mat\u00e9riel pour l&rsquo;extraction et la s\u00e9curit\u00e9, repr\u00e9sentait un \u00e9norme \u00e9quipement technologique invisible de l\u2019ext\u00e9rieur. Un peu comme un arbre dont la taille des racines est proportionnelle \u00e0 celle du tronc et des branches mais n&rsquo;est g\u00e9n\u00e9ralement pas visible.<br>.<br>.<br><\/figcaption><\/figure><\/div>\n\n<div class=\"wp-block-image\">\n<figure class=\"aligncenter size-full\"><img decoding=\"async\" loading=\"lazy\" width=\"1024\" height=\"642\" src=\"https:\/\/activrando.org\/AR_blog\/wp-content\/uploads\/2023\/03\/230305-St-Eloy-38-puits-St-Joseph.jpg\" alt=\"\" class=\"wp-image-6417\" srcset=\"https:\/\/activrando.org\/AR_blog\/wp-content\/uploads\/2023\/03\/230305-St-Eloy-38-puits-St-Joseph.jpg 1024w, https:\/\/activrando.org\/AR_blog\/wp-content\/uploads\/2023\/03\/230305-St-Eloy-38-puits-St-Joseph-300x188.jpg 300w, https:\/\/activrando.org\/AR_blog\/wp-content\/uploads\/2023\/03\/230305-St-Eloy-38-puits-St-Joseph-768x482.jpg 768w\" sizes=\"(max-width: 1024px) 100vw, 1024px\" \/><figcaption class=\"wp-element-caption\">Le Puits St-Joseph, au temps de son exploitation ancienne.<br>.<br>.<br><\/figcaption><\/figure><\/div>\n\n<div class=\"wp-block-image\">\n<figure class=\"aligncenter size-full\"><img decoding=\"async\" loading=\"lazy\" width=\"1024\" height=\"675\" src=\"https:\/\/activrando.org\/AR_blog\/wp-content\/uploads\/2023\/03\/230305-St-Eloy-40-usine.jpg\" alt=\"\" class=\"wp-image-6418\" srcset=\"https:\/\/activrando.org\/AR_blog\/wp-content\/uploads\/2023\/03\/230305-St-Eloy-40-usine.jpg 1024w, https:\/\/activrando.org\/AR_blog\/wp-content\/uploads\/2023\/03\/230305-St-Eloy-40-usine-300x198.jpg 300w, https:\/\/activrando.org\/AR_blog\/wp-content\/uploads\/2023\/03\/230305-St-Eloy-40-usine-768x506.jpg 768w\" sizes=\"(max-width: 1024px) 100vw, 1024px\" \/><figcaption class=\"wp-element-caption\">Toute l&rsquo;activit\u00e9 mini\u00e8re a disparu et la vie industrielle actuelle d\u00e9pend essentiellement d&rsquo;une grande usine du groupe Rockwool, pour la fabrication d&rsquo;isolants en laine de roche.<br>.<br>.<br>.<\/figcaption><\/figure><\/div>\n\n\n<p class=\"has-text-align-center\"><strong><a href=\"https:\/\/activrando.org\/AR_blog\/2023\/03\/02\/les-cossanges-petite-rando-a-busset-jeudi-2-mars-2023-8-photos\/\" data-type=\"URL\" data-id=\"https:\/\/activrando.org\/AR_blog\/2023\/03\/02\/les-cossanges-petite-rando-a-busset-jeudi-2-mars-2023-8-photos\/\">&lt; &lt; &lt; ARTICLE PR\u00c9C\u00c9DENT<\/a><a rel=\"noreferrer noopener\" href=\"https:\/\/activrando.org\/AR_blog\/2021\/12\/28\/chapoulin-rando-sante-a-serbannes-mardi-28-dec-2021-6-photos\/\" target=\"_blank\"> <\/a>&#8212;&#8212;&#8212;&#8212;&#8212;&#8212;-<a rel=\"noreferrer noopener\" href=\"https:\/\/activrando.org\/AR_blog\/2021\/12\/28\/chapoulin-rando-sante-a-serbannes-mardi-28-dec-2021-6-photos\/\" target=\"_blank\"> <\/a><a rel=\"noreferrer noopener\" href=\"https:\/\/activrando.org\/AR_blog\/\" target=\"_blank\">ACCUEIL DU BLOG<\/a><a rel=\"noreferrer noopener\" href=\"https:\/\/activrando.org\/AR_blog\/2021\/12\/28\/chapoulin-rando-sante-a-serbannes-mardi-28-dec-2021-6-photos\/\" target=\"_blank\"> <\/a>&#8212;&#8212;&#8212;&#8212;&#8212;&#8212;&#8212;-<a rel=\"noreferrer noopener\" href=\"https:\/\/activrando.org\/AR_blog\/2021\/12\/28\/chapoulin-rando-sante-a-serbannes-mardi-28-dec-2021-6-photos\/\" target=\"_blank\"> <\/a>ARTICLE SUIVANT > > ><\/strong><br>.<br>.<br><\/p>\n","protected":false},"excerpt":{"rendered":"<p>Randonn\u00e9e dans le pays de collines o\u00f9 la d\u00e9couverte de charbon a autrefois initi\u00e9 une intense activit\u00e9 mini\u00e8re.<\/p>\n","protected":false},"author":2,"featured_media":6419,"comment_status":"closed","ping_status":"closed","sticky":false,"template":"","format":"standard","meta":[],"categories":[2],"tags":[8,22,72],"_links":{"self":[{"href":"https:\/\/activrando.org\/AR_blog\/wp-json\/wp\/v2\/posts\/6377"}],"collection":[{"href":"https:\/\/activrando.org\/AR_blog\/wp-json\/wp\/v2\/posts"}],"about":[{"href":"https:\/\/activrando.org\/AR_blog\/wp-json\/wp\/v2\/types\/post"}],"author":[{"embeddable":true,"href":"https:\/\/activrando.org\/AR_blog\/wp-json\/wp\/v2\/users\/2"}],"replies":[{"embeddable":true,"href":"https:\/\/activrando.org\/AR_blog\/wp-json\/wp\/v2\/comments?post=6377"}],"version-history":[{"count":4,"href":"https:\/\/activrando.org\/AR_blog\/wp-json\/wp\/v2\/posts\/6377\/revisions"}],"predecessor-version":[{"id":6431,"href":"https:\/\/activrando.org\/AR_blog\/wp-json\/wp\/v2\/posts\/6377\/revisions\/6431"}],"wp:featuredmedia":[{"embeddable":true,"href":"https:\/\/activrando.org\/AR_blog\/wp-json\/wp\/v2\/media\/6419"}],"wp:attachment":[{"href":"https:\/\/activrando.org\/AR_blog\/wp-json\/wp\/v2\/media?parent=6377"}],"wp:term":[{"taxonomy":"category","embeddable":true,"href":"https:\/\/activrando.org\/AR_blog\/wp-json\/wp\/v2\/categories?post=6377"},{"taxonomy":"post_tag","embeddable":true,"href":"https:\/\/activrando.org\/AR_blog\/wp-json\/wp\/v2\/tags?post=6377"}],"curies":[{"name":"wp","href":"https:\/\/api.w.org\/{rel}","templated":true}]}}