{"id":620,"date":"2019-07-09T21:18:43","date_gmt":"2019-07-09T19:18:43","guid":{"rendered":"http:\/\/activrando.org\/AR_blog\/?p=620"},"modified":"2019-12-05T07:30:03","modified_gmt":"2019-12-05T06:30:03","slug":"brulefer-le-9-juillet-a-st-etienne-de-vic","status":"publish","type":"post","link":"https:\/\/activrando.org\/AR_blog\/2019\/07\/09\/brulefer-le-9-juillet-a-st-etienne-de-vic\/","title":{"rendered":"\u00a0\u00bbBr\u00fblefer\u00a0\u00bb, le 9 juillet \u00e0 St-Etienne-de-Vic (2 photos)"},"content":{"rendered":"\n<p>Sortie Rando Sant\u00e9\u00ae \u00e0 proximit\u00e9 de Cusset&#8230;<\/p>\n\n\n\n<figure class=\"wp-block-image\"><img decoding=\"async\" loading=\"lazy\" width=\"1024\" height=\"768\" src=\"https:\/\/activrando.org\/AR_blog\/wp-content\/uploads\/2019\/11\/190709-St-Etienne-de-Vic-01-groupe-pause-1024x768.jpg\" alt=\"\" class=\"wp-image-621\" srcset=\"https:\/\/activrando.org\/AR_blog\/wp-content\/uploads\/2019\/11\/190709-St-Etienne-de-Vic-01-groupe-pause.jpg 1024w, https:\/\/activrando.org\/AR_blog\/wp-content\/uploads\/2019\/11\/190709-St-Etienne-de-Vic-01-groupe-pause-300x225.jpg 300w, https:\/\/activrando.org\/AR_blog\/wp-content\/uploads\/2019\/11\/190709-St-Etienne-de-Vic-01-groupe-pause-768x576.jpg 768w\" sizes=\"(max-width: 1024px) 100vw, 1024px\" \/><figcaption>Non, il n&rsquo;y a pas l\u00e0 de ravitaillement, mais une belle Deudeuche, qui fait l&rsquo;admiration nostalgique du groupe.<br><br>  .  <\/figcaption><\/figure>\n\n\n\n<figure class=\"wp-block-image\"><img decoding=\"async\" loading=\"lazy\" width=\"1024\" height=\"680\" src=\"https:\/\/activrando.org\/AR_blog\/wp-content\/uploads\/2019\/11\/190709-St-Etienne-de-Vic-02-groupe-pose-1024x680.jpg\" alt=\"\" class=\"wp-image-622\" srcset=\"https:\/\/activrando.org\/AR_blog\/wp-content\/uploads\/2019\/11\/190709-St-Etienne-de-Vic-02-groupe-pose.jpg 1024w, https:\/\/activrando.org\/AR_blog\/wp-content\/uploads\/2019\/11\/190709-St-Etienne-de-Vic-02-groupe-pose-300x199.jpg 300w, https:\/\/activrando.org\/AR_blog\/wp-content\/uploads\/2019\/11\/190709-St-Etienne-de-Vic-02-groupe-pose-768x510.jpg 768w\" sizes=\"(max-width: 1024px) 100vw, 1024px\" \/><\/figure>\n\n\n\n<p><strong><a href=\"https:\/\/activrando.org\/AR_blog\/2019\/07\/14\/lac-de-st-clement-le-14-juillet-a-chatel-montagne\/\">> > > ARTICLE SUIVANT<\/a><\/strong><\/p>\n\n\n\n<p><strong><a href=\"https:\/\/activrando.org\/AR_blog\/\">> > > ACCUEIL DU BLOG<\/a><\/strong><\/p>\n\n\n\n<p><strong><a href=\"https:\/\/activrando.org\/AR_blog\/2019\/06\/25\/foret-de-marcenat-le-25-06-a-st-didier-la-foret\/\">> > > ARTICLE PR\u00c9C\u00c9DENT<\/a><\/strong><\/p>\n","protected":false},"excerpt":{"rendered":"<p>Sortie Rando Sant\u00e9\u00ae \u00e0 proximit\u00e9 de Cusset&#8230; > > > ARTICLE SUIVANT > > > ACCUEIL DU BLOG > > > ARTICLE PR\u00c9C\u00c9DENT<\/p>\n","protected":false},"author":2,"featured_media":0,"comment_status":"closed","ping_status":"closed","sticky":false,"template":"","format":"standard","meta":[],"categories":[2],"tags":[],"_links":{"self":[{"href":"https:\/\/activrando.org\/AR_blog\/wp-json\/wp\/v2\/posts\/620"}],"collection":[{"href":"https:\/\/activrando.org\/AR_blog\/wp-json\/wp\/v2\/posts"}],"about":[{"href":"https:\/\/activrando.org\/AR_blog\/wp-json\/wp\/v2\/types\/post"}],"author":[{"embeddable":true,"href":"https:\/\/activrando.org\/AR_blog\/wp-json\/wp\/v2\/users\/2"}],"replies":[{"embeddable":true,"href":"https:\/\/activrando.org\/AR_blog\/wp-json\/wp\/v2\/comments?post=620"}],"version-history":[{"count":2,"href":"https:\/\/activrando.org\/AR_blog\/wp-json\/wp\/v2\/posts\/620\/revisions"}],"predecessor-version":[{"id":830,"href":"https:\/\/activrando.org\/AR_blog\/wp-json\/wp\/v2\/posts\/620\/revisions\/830"}],"wp:attachment":[{"href":"https:\/\/activrando.org\/AR_blog\/wp-json\/wp\/v2\/media?parent=620"}],"wp:term":[{"taxonomy":"category","embeddable":true,"href":"https:\/\/activrando.org\/AR_blog\/wp-json\/wp\/v2\/categories?post=620"},{"taxonomy":"post_tag","embeddable":true,"href":"https:\/\/activrando.org\/AR_blog\/wp-json\/wp\/v2\/tags?post=620"}],"curies":[{"name":"wp","href":"https:\/\/api.w.org\/{rel}","templated":true}]}}