{"id":5991,"date":"2023-01-26T21:00:08","date_gmt":"2023-01-26T20:00:08","guid":{"rendered":"https:\/\/activrando.org\/AR_blog\/?p=5991"},"modified":"2023-02-23T01:03:53","modified_gmt":"2023-02-23T00:03:53","slug":"le-grand-roc-petite-rando-au-mayet-de-montagne-jeudi-26-janv-2023-32-photos","status":"publish","type":"post","link":"https:\/\/activrando.org\/AR_blog\/2023\/01\/26\/le-grand-roc-petite-rando-au-mayet-de-montagne-jeudi-26-janv-2023-32-photos\/","title":{"rendered":"\u00ab\u00a0Le Grand Roc\u00a0\u00bb, petite rando au Mayet-de-Montagne, jeudi 26 janv. 2023 (32 photos)"},"content":{"rendered":"\n<p>&nbsp;<br>&nbsp;<br><\/p>\n\n\n\n<p class=\"has-text-align-center\"><strong><a href=\"https:\/\/activrando.org\/AR_blog\/2023\/01\/24\/chaume-rigaud-mini-rando-a-espinasse-vozelle-mardi-24-janv-2023-5-photos\/\" data-type=\"URL\" data-id=\"https:\/\/activrando.org\/AR_blog\/2023\/01\/24\/chaume-rigaud-mini-rando-a-espinasse-vozelle-mardi-24-janv-2023-5-photos\/\">&lt; &lt; &lt; ARTICLE PR\u00c9C\u00c9DENT<\/a><a rel=\"noreferrer noopener\" href=\"https:\/\/activrando.org\/AR_blog\/2021\/12\/28\/chapoulin-rando-sante-a-serbannes-mardi-28-dec-2021-6-photos\/\" target=\"_blank\"> <\/a>&#8212;&#8212;&#8212;&#8212;&#8212;&#8212;-<a rel=\"noreferrer noopener\" href=\"https:\/\/activrando.org\/AR_blog\/2021\/12\/28\/chapoulin-rando-sante-a-serbannes-mardi-28-dec-2021-6-photos\/\" target=\"_blank\"> <\/a><a rel=\"noreferrer noopener\" href=\"https:\/\/activrando.org\/AR_blog\/\" target=\"_blank\">ACCUEIL DU BLOG<\/a><a rel=\"noreferrer noopener\" href=\"https:\/\/activrando.org\/AR_blog\/2021\/12\/28\/chapoulin-rando-sante-a-serbannes-mardi-28-dec-2021-6-photos\/\" target=\"_blank\"> <\/a>&#8212;&#8212;&#8212;&#8212;&#8212;&#8212;&#8212;-<a rel=\"noreferrer noopener\" href=\"https:\/\/activrando.org\/AR_blog\/2021\/12\/28\/chapoulin-rando-sante-a-serbannes-mardi-28-dec-2021-6-photos\/\" target=\"_blank\"> <\/a><a href=\"https:\/\/activrando.org\/AR_blog\/2023\/01\/29\/tacots-journee-rando-a-jaligny-besbre-dim-29-janv-2023\/\" data-type=\"URL\" data-id=\"https:\/\/activrando.org\/AR_blog\/2023\/01\/29\/tacots-journee-rando-a-jaligny-besbre-dim-29-janv-2023\/\">ARTICLE SUIVANT > > ><\/a><\/strong><br>\u00a0<br>\u00a0<br><\/p>\n\n\n<div class=\"wp-block-image\">\n<figure class=\"aligncenter size-full\"><img decoding=\"async\" loading=\"lazy\" width=\"1024\" height=\"576\" src=\"https:\/\/activrando.org\/AR_blog\/wp-content\/uploads\/2023\/02\/230126-Mayet-de-M-01-Lac_des_Moines.jpg\" alt=\"\" class=\"wp-image-5992\" srcset=\"https:\/\/activrando.org\/AR_blog\/wp-content\/uploads\/2023\/02\/230126-Mayet-de-M-01-Lac_des_Moines.jpg 1024w, https:\/\/activrando.org\/AR_blog\/wp-content\/uploads\/2023\/02\/230126-Mayet-de-M-01-Lac_des_Moines-300x169.jpg 300w, https:\/\/activrando.org\/AR_blog\/wp-content\/uploads\/2023\/02\/230126-Mayet-de-M-01-Lac_des_Moines-768x432.jpg 768w\" sizes=\"(max-width: 1024px) 100vw, 1024px\" \/><figcaption class=\"wp-element-caption\">Nous partons du Lac des Moines. De l\u00e0 on peut voir le petit sommet o\u00f9 nous allons, le Grand Roc, enfin voir la brume dans laquelle il est noy\u00e9&#8230;<br>.<br>.<br><\/figcaption><\/figure><\/div>\n\n<div class=\"wp-block-image\">\n<figure class=\"aligncenter size-full\"><img decoding=\"async\" loading=\"lazy\" width=\"1024\" height=\"669\" src=\"https:\/\/activrando.org\/AR_blog\/wp-content\/uploads\/2023\/02\/230126-Mayet-de-M-02-batiments.jpg\" alt=\"\" class=\"wp-image-5993\" srcset=\"https:\/\/activrando.org\/AR_blog\/wp-content\/uploads\/2023\/02\/230126-Mayet-de-M-02-batiments.jpg 1024w, https:\/\/activrando.org\/AR_blog\/wp-content\/uploads\/2023\/02\/230126-Mayet-de-M-02-batiments-300x196.jpg 300w, https:\/\/activrando.org\/AR_blog\/wp-content\/uploads\/2023\/02\/230126-Mayet-de-M-02-batiments-768x502.jpg 768w\" sizes=\"(max-width: 1024px) 100vw, 1024px\" \/><figcaption class=\"wp-element-caption\">En chemin, nous traverserons plusieurs hameaux. Ici, Fumouse.<br>.<br>.<br><\/figcaption><\/figure><\/div>\n\n<div class=\"wp-block-image\">\n<figure class=\"aligncenter size-full\"><img decoding=\"async\" loading=\"lazy\" width=\"1024\" height=\"654\" src=\"https:\/\/activrando.org\/AR_blog\/wp-content\/uploads\/2023\/02\/230126-Mayet-de-M-03-neige.jpg\" alt=\"\" class=\"wp-image-5994\" srcset=\"https:\/\/activrando.org\/AR_blog\/wp-content\/uploads\/2023\/02\/230126-Mayet-de-M-03-neige.jpg 1024w, https:\/\/activrando.org\/AR_blog\/wp-content\/uploads\/2023\/02\/230126-Mayet-de-M-03-neige-300x192.jpg 300w, https:\/\/activrando.org\/AR_blog\/wp-content\/uploads\/2023\/02\/230126-Mayet-de-M-03-neige-768x491.jpg 768w\" sizes=\"(max-width: 1024px) 100vw, 1024px\" \/><figcaption class=\"wp-element-caption\">Effet de tassement de la neige, sur la pente raide du talus.<br>.<\/figcaption><\/figure><\/div>\n\n<div class=\"wp-block-image\">\n<figure class=\"aligncenter size-full\"><img decoding=\"async\" loading=\"lazy\" width=\"1024\" height=\"345\" src=\"https:\/\/activrando.org\/AR_blog\/wp-content\/uploads\/2023\/02\/230126-Mayet-de-M-04-neige.jpg\" alt=\"\" class=\"wp-image-5995\" srcset=\"https:\/\/activrando.org\/AR_blog\/wp-content\/uploads\/2023\/02\/230126-Mayet-de-M-04-neige.jpg 1024w, https:\/\/activrando.org\/AR_blog\/wp-content\/uploads\/2023\/02\/230126-Mayet-de-M-04-neige-300x101.jpg 300w, https:\/\/activrando.org\/AR_blog\/wp-content\/uploads\/2023\/02\/230126-Mayet-de-M-04-neige-768x259.jpg 768w\" sizes=\"(max-width: 1024px) 100vw, 1024px\" \/><figcaption class=\"wp-element-caption\">.<br>.<br>.<br><\/figcaption><\/figure><\/div>\n\n<div class=\"wp-block-image\">\n<figure class=\"aligncenter size-full\"><img decoding=\"async\" loading=\"lazy\" width=\"1024\" height=\"690\" src=\"https:\/\/activrando.org\/AR_blog\/wp-content\/uploads\/2023\/02\/230126-Mayet-de-M-05-groupe-marche.jpg\" alt=\"\" class=\"wp-image-5996\" srcset=\"https:\/\/activrando.org\/AR_blog\/wp-content\/uploads\/2023\/02\/230126-Mayet-de-M-05-groupe-marche.jpg 1024w, https:\/\/activrando.org\/AR_blog\/wp-content\/uploads\/2023\/02\/230126-Mayet-de-M-05-groupe-marche-300x202.jpg 300w, https:\/\/activrando.org\/AR_blog\/wp-content\/uploads\/2023\/02\/230126-Mayet-de-M-05-groupe-marche-768x518.jpg 768w\" sizes=\"(max-width: 1024px) 100vw, 1024px\" \/><figcaption class=\"wp-element-caption\">.<br>.<br>.<br><\/figcaption><\/figure><\/div>\n\n<div class=\"wp-block-image\">\n<figure class=\"aligncenter size-full\"><img decoding=\"async\" loading=\"lazy\" width=\"1024\" height=\"701\" src=\"https:\/\/activrando.org\/AR_blog\/wp-content\/uploads\/2023\/02\/230126-Mayet-de-M-06-pont-tacot.jpg\" alt=\"\" class=\"wp-image-5997\" srcset=\"https:\/\/activrando.org\/AR_blog\/wp-content\/uploads\/2023\/02\/230126-Mayet-de-M-06-pont-tacot.jpg 1024w, https:\/\/activrando.org\/AR_blog\/wp-content\/uploads\/2023\/02\/230126-Mayet-de-M-06-pont-tacot-300x205.jpg 300w, https:\/\/activrando.org\/AR_blog\/wp-content\/uploads\/2023\/02\/230126-Mayet-de-M-06-pont-tacot-768x526.jpg 768w\" sizes=\"(max-width: 1024px) 100vw, 1024px\" \/><figcaption class=\"wp-element-caption\">Aux Effayes, nous franchissons sur un pont  l&rsquo;ancienne voie ferr\u00e9 qui allait du Mayet \u00e0 Ferri\u00e8res.<br>.<br>.<br><\/figcaption><\/figure><\/div>\n\n<div class=\"wp-block-image\">\n<figure class=\"aligncenter size-full\"><img decoding=\"async\" loading=\"lazy\" width=\"1024\" height=\"768\" src=\"https:\/\/activrando.org\/AR_blog\/wp-content\/uploads\/2023\/02\/230126-Mayet-de-M-07-groupe-marche.jpg\" alt=\"\" class=\"wp-image-5998\" srcset=\"https:\/\/activrando.org\/AR_blog\/wp-content\/uploads\/2023\/02\/230126-Mayet-de-M-07-groupe-marche.jpg 1024w, https:\/\/activrando.org\/AR_blog\/wp-content\/uploads\/2023\/02\/230126-Mayet-de-M-07-groupe-marche-300x225.jpg 300w, https:\/\/activrando.org\/AR_blog\/wp-content\/uploads\/2023\/02\/230126-Mayet-de-M-07-groupe-marche-768x576.jpg 768w\" sizes=\"(max-width: 1024px) 100vw, 1024px\" \/><figcaption class=\"wp-element-caption\">Nous montons progressivement.<br>.<br>.<br><\/figcaption><\/figure><\/div>\n\n<div class=\"wp-block-image\">\n<figure class=\"aligncenter size-full\"><img decoding=\"async\" loading=\"lazy\" width=\"1024\" height=\"740\" src=\"https:\/\/activrando.org\/AR_blog\/wp-content\/uploads\/2023\/02\/230126-Mayet-de-M-08-groupe-marche.jpg\" alt=\"\" class=\"wp-image-5999\" srcset=\"https:\/\/activrando.org\/AR_blog\/wp-content\/uploads\/2023\/02\/230126-Mayet-de-M-08-groupe-marche.jpg 1024w, https:\/\/activrando.org\/AR_blog\/wp-content\/uploads\/2023\/02\/230126-Mayet-de-M-08-groupe-marche-300x217.jpg 300w, https:\/\/activrando.org\/AR_blog\/wp-content\/uploads\/2023\/02\/230126-Mayet-de-M-08-groupe-marche-768x555.jpg 768w\" sizes=\"(max-width: 1024px) 100vw, 1024px\" \/><figcaption class=\"wp-element-caption\">.<br>.<br>.<br><\/figcaption><\/figure><\/div>\n\n<div class=\"wp-block-image\">\n<figure class=\"aligncenter size-full\"><img decoding=\"async\" loading=\"lazy\" width=\"1024\" height=\"425\" src=\"https:\/\/activrando.org\/AR_blog\/wp-content\/uploads\/2023\/02\/230126-Mayet-de-M-09-sol-neige.jpg\" alt=\"\" class=\"wp-image-6000\" srcset=\"https:\/\/activrando.org\/AR_blog\/wp-content\/uploads\/2023\/02\/230126-Mayet-de-M-09-sol-neige.jpg 1024w, https:\/\/activrando.org\/AR_blog\/wp-content\/uploads\/2023\/02\/230126-Mayet-de-M-09-sol-neige-300x125.jpg 300w, https:\/\/activrando.org\/AR_blog\/wp-content\/uploads\/2023\/02\/230126-Mayet-de-M-09-sol-neige-768x319.jpg 768w\" sizes=\"(max-width: 1024px) 100vw, 1024px\" \/><figcaption class=\"wp-element-caption\">Les sources restent actives et l&rsquo;eau emp\u00eache la neige de s&rsquo;accumuler.<br>.<br>.<br><\/figcaption><\/figure><\/div>\n\n<div class=\"wp-block-image\">\n<figure class=\"aligncenter size-full\"><img decoding=\"async\" loading=\"lazy\" width=\"1024\" height=\"576\" src=\"https:\/\/activrando.org\/AR_blog\/wp-content\/uploads\/2023\/02\/230126-Mayet-de-M-10-groupe-marche.jpg\" alt=\"\" class=\"wp-image-6001\" srcset=\"https:\/\/activrando.org\/AR_blog\/wp-content\/uploads\/2023\/02\/230126-Mayet-de-M-10-groupe-marche.jpg 1024w, https:\/\/activrando.org\/AR_blog\/wp-content\/uploads\/2023\/02\/230126-Mayet-de-M-10-groupe-marche-300x169.jpg 300w, https:\/\/activrando.org\/AR_blog\/wp-content\/uploads\/2023\/02\/230126-Mayet-de-M-10-groupe-marche-768x432.jpg 768w\" sizes=\"(max-width: 1024px) 100vw, 1024px\" \/><figcaption class=\"wp-element-caption\">Nous approchons de la for\u00eat et c&rsquo;est magnifique.<br>.<br>.<br><\/figcaption><\/figure><\/div>\n\n<div class=\"wp-block-image\">\n<figure class=\"aligncenter size-full\"><img decoding=\"async\" loading=\"lazy\" width=\"1024\" height=\"576\" src=\"https:\/\/activrando.org\/AR_blog\/wp-content\/uploads\/2023\/02\/230126-Mayet-de-M-12-cimes-coniferes.jpg\" alt=\"\" class=\"wp-image-6002\" srcset=\"https:\/\/activrando.org\/AR_blog\/wp-content\/uploads\/2023\/02\/230126-Mayet-de-M-12-cimes-coniferes.jpg 1024w, https:\/\/activrando.org\/AR_blog\/wp-content\/uploads\/2023\/02\/230126-Mayet-de-M-12-cimes-coniferes-300x169.jpg 300w, https:\/\/activrando.org\/AR_blog\/wp-content\/uploads\/2023\/02\/230126-Mayet-de-M-12-cimes-coniferes-768x432.jpg 768w\" sizes=\"(max-width: 1024px) 100vw, 1024px\" \/><figcaption class=\"wp-element-caption\">.<br>.<br>.<br><\/figcaption><\/figure><\/div>\n\n<div class=\"wp-block-image\">\n<figure class=\"aligncenter size-full\"><img decoding=\"async\" loading=\"lazy\" width=\"1024\" height=\"631\" src=\"https:\/\/activrando.org\/AR_blog\/wp-content\/uploads\/2023\/02\/230126-Mayet-de-M-13-cimes.jpg\" alt=\"\" class=\"wp-image-6003\" srcset=\"https:\/\/activrando.org\/AR_blog\/wp-content\/uploads\/2023\/02\/230126-Mayet-de-M-13-cimes.jpg 1024w, https:\/\/activrando.org\/AR_blog\/wp-content\/uploads\/2023\/02\/230126-Mayet-de-M-13-cimes-300x185.jpg 300w, https:\/\/activrando.org\/AR_blog\/wp-content\/uploads\/2023\/02\/230126-Mayet-de-M-13-cimes-768x473.jpg 768w\" sizes=\"(max-width: 1024px) 100vw, 1024px\" \/><figcaption class=\"wp-element-caption\">.<br>.<br>.<br><\/figcaption><\/figure><\/div>\n\n<div class=\"wp-block-image\">\n<figure class=\"aligncenter size-full\"><img decoding=\"async\" loading=\"lazy\" width=\"1024\" height=\"756\" src=\"https:\/\/activrando.org\/AR_blog\/wp-content\/uploads\/2023\/02\/230126-Mayet-de-M-14-branches.jpg\" alt=\"\" class=\"wp-image-6004\" srcset=\"https:\/\/activrando.org\/AR_blog\/wp-content\/uploads\/2023\/02\/230126-Mayet-de-M-14-branches.jpg 1024w, https:\/\/activrando.org\/AR_blog\/wp-content\/uploads\/2023\/02\/230126-Mayet-de-M-14-branches-300x221.jpg 300w, https:\/\/activrando.org\/AR_blog\/wp-content\/uploads\/2023\/02\/230126-Mayet-de-M-14-branches-768x567.jpg 768w\" sizes=\"(max-width: 1024px) 100vw, 1024px\" \/><figcaption class=\"wp-element-caption\">.<br>.<br>.<br><\/figcaption><\/figure><\/div>\n\n<div class=\"wp-block-image\">\n<figure class=\"aligncenter size-full\"><img decoding=\"async\" loading=\"lazy\" width=\"1024\" height=\"859\" src=\"https:\/\/activrando.org\/AR_blog\/wp-content\/uploads\/2023\/02\/230126-Mayet-de-M-15-groupe-marche.jpg\" alt=\"\" class=\"wp-image-6005\" srcset=\"https:\/\/activrando.org\/AR_blog\/wp-content\/uploads\/2023\/02\/230126-Mayet-de-M-15-groupe-marche.jpg 1024w, https:\/\/activrando.org\/AR_blog\/wp-content\/uploads\/2023\/02\/230126-Mayet-de-M-15-groupe-marche-300x252.jpg 300w, https:\/\/activrando.org\/AR_blog\/wp-content\/uploads\/2023\/02\/230126-Mayet-de-M-15-groupe-marche-768x644.jpg 768w\" sizes=\"(max-width: 1024px) 100vw, 1024px\" \/><figcaption class=\"wp-element-caption\">&nbsp;&nbsp;&nbsp;&nbsp;&nbsp;&nbsp;&nbsp;&nbsp;&nbsp;&nbsp;&nbsp;&nbsp;&nbsp;&nbsp;&nbsp;&nbsp;<br>&nbsp;<br>&nbsp;<br><\/figcaption><\/figure><\/div>\n\n<div class=\"wp-block-image\">\n<figure class=\"aligncenter size-full\"><img decoding=\"async\" loading=\"lazy\" width=\"1024\" height=\"809\" src=\"https:\/\/activrando.org\/AR_blog\/wp-content\/uploads\/2023\/02\/230126-Mayet-de-M-16-poteau-glace.jpg\" alt=\"\" class=\"wp-image-6006\" srcset=\"https:\/\/activrando.org\/AR_blog\/wp-content\/uploads\/2023\/02\/230126-Mayet-de-M-16-poteau-glace.jpg 1024w, https:\/\/activrando.org\/AR_blog\/wp-content\/uploads\/2023\/02\/230126-Mayet-de-M-16-poteau-glace-300x237.jpg 300w, https:\/\/activrando.org\/AR_blog\/wp-content\/uploads\/2023\/02\/230126-Mayet-de-M-16-poteau-glace-768x607.jpg 768w\" sizes=\"(max-width: 1024px) 100vw, 1024px\" \/><figcaption class=\"wp-element-caption\">&nbsp;&nbsp;&nbsp;&nbsp;&nbsp;&nbsp;&nbsp;&nbsp;&nbsp;&nbsp;&nbsp;&nbsp;&nbsp;&nbsp;&nbsp;&nbsp;<br>&nbsp;<br>&nbsp;<br><\/figcaption><\/figure><\/div>\n\n<div class=\"wp-block-image\">\n<figure class=\"aligncenter size-full\"><img decoding=\"async\" loading=\"lazy\" width=\"800\" height=\"800\" src=\"https:\/\/activrando.org\/AR_blog\/wp-content\/uploads\/2023\/02\/230126-Mayet-de-M-17-poteau-groupe-marche.jpg\" alt=\"\" class=\"wp-image-6007\" srcset=\"https:\/\/activrando.org\/AR_blog\/wp-content\/uploads\/2023\/02\/230126-Mayet-de-M-17-poteau-groupe-marche.jpg 800w, https:\/\/activrando.org\/AR_blog\/wp-content\/uploads\/2023\/02\/230126-Mayet-de-M-17-poteau-groupe-marche-300x300.jpg 300w, https:\/\/activrando.org\/AR_blog\/wp-content\/uploads\/2023\/02\/230126-Mayet-de-M-17-poteau-groupe-marche-150x150.jpg 150w, https:\/\/activrando.org\/AR_blog\/wp-content\/uploads\/2023\/02\/230126-Mayet-de-M-17-poteau-groupe-marche-768x768.jpg 768w\" sizes=\"(max-width: 800px) 100vw, 800px\" \/><figcaption class=\"wp-element-caption\">&nbsp;&nbsp;&nbsp;&nbsp;&nbsp;&nbsp;&nbsp;&nbsp;&nbsp;&nbsp;&nbsp;&nbsp;&nbsp;&nbsp;&nbsp;&nbsp;<br>&nbsp;<br>&nbsp;<br><\/figcaption><\/figure><\/div>\n\n<div class=\"wp-block-image\">\n<figure class=\"aligncenter size-full\"><img decoding=\"async\" loading=\"lazy\" width=\"700\" height=\"710\" src=\"https:\/\/activrando.org\/AR_blog\/wp-content\/uploads\/2023\/02\/230126-Mayet-de-M-18-petit-pin-glace.jpg\" alt=\"\" class=\"wp-image-6008\" srcset=\"https:\/\/activrando.org\/AR_blog\/wp-content\/uploads\/2023\/02\/230126-Mayet-de-M-18-petit-pin-glace.jpg 700w, https:\/\/activrando.org\/AR_blog\/wp-content\/uploads\/2023\/02\/230126-Mayet-de-M-18-petit-pin-glace-296x300.jpg 296w\" sizes=\"(max-width: 700px) 100vw, 700px\" \/><figcaption class=\"wp-element-caption\">Dur dur d&rsquo;\u00eatre un b\u00e9b\u00e9&#8230; et de tenir droit, quand on est couvert d&rsquo;une lourde couche de glace !<br>&nbsp;<br>&nbsp;&nbsp;&nbsp;<br><\/figcaption><\/figure><\/div>\n\n<div class=\"wp-block-image\">\n<figure class=\"aligncenter size-full\"><img decoding=\"async\" loading=\"lazy\" width=\"1024\" height=\"791\" src=\"https:\/\/activrando.org\/AR_blog\/wp-content\/uploads\/2023\/02\/230126-Mayet-de-M-19-genet-glace.jpg\" alt=\"\" class=\"wp-image-6009\" srcset=\"https:\/\/activrando.org\/AR_blog\/wp-content\/uploads\/2023\/02\/230126-Mayet-de-M-19-genet-glace.jpg 1024w, https:\/\/activrando.org\/AR_blog\/wp-content\/uploads\/2023\/02\/230126-Mayet-de-M-19-genet-glace-300x232.jpg 300w, https:\/\/activrando.org\/AR_blog\/wp-content\/uploads\/2023\/02\/230126-Mayet-de-M-19-genet-glace-768x593.jpg 768w\" sizes=\"(max-width: 1024px) 100vw, 1024px\" \/><figcaption class=\"wp-element-caption\">Le gen\u00eat glac\u00e9 a beaucoup d&rsquo;allure.<br>&nbsp;<br>&nbsp;<br><\/figcaption><\/figure><\/div>\n\n<div class=\"wp-block-image\">\n<figure class=\"aligncenter size-full\"><img decoding=\"async\" loading=\"lazy\" width=\"1024\" height=\"657\" src=\"https:\/\/activrando.org\/AR_blog\/wp-content\/uploads\/2023\/02\/230126-Mayet-de-M-20-groupe-marche.jpg\" alt=\"\" class=\"wp-image-6010\" srcset=\"https:\/\/activrando.org\/AR_blog\/wp-content\/uploads\/2023\/02\/230126-Mayet-de-M-20-groupe-marche.jpg 1024w, https:\/\/activrando.org\/AR_blog\/wp-content\/uploads\/2023\/02\/230126-Mayet-de-M-20-groupe-marche-300x192.jpg 300w, https:\/\/activrando.org\/AR_blog\/wp-content\/uploads\/2023\/02\/230126-Mayet-de-M-20-groupe-marche-768x493.jpg 768w\" sizes=\"(max-width: 1024px) 100vw, 1024px\" \/><figcaption class=\"wp-element-caption\">Nous passons pr\u00e8s du Grand Roc.<br>&nbsp;<br>&nbsp;<br><\/figcaption><\/figure><\/div>\n\n<div class=\"wp-block-image\">\n<figure class=\"aligncenter size-full\"><img decoding=\"async\" loading=\"lazy\" width=\"1024\" height=\"648\" src=\"https:\/\/activrando.org\/AR_blog\/wp-content\/uploads\/2023\/02\/230126-Mayet-de-M-21-sapins.jpg\" alt=\"\" class=\"wp-image-6012\" srcset=\"https:\/\/activrando.org\/AR_blog\/wp-content\/uploads\/2023\/02\/230126-Mayet-de-M-21-sapins.jpg 1024w, https:\/\/activrando.org\/AR_blog\/wp-content\/uploads\/2023\/02\/230126-Mayet-de-M-21-sapins-300x190.jpg 300w, https:\/\/activrando.org\/AR_blog\/wp-content\/uploads\/2023\/02\/230126-Mayet-de-M-21-sapins-768x486.jpg 768w\" sizes=\"(max-width: 1024px) 100vw, 1024px\" \/><figcaption class=\"wp-element-caption\">Comme une assembl\u00e9e de squelettes de dames de la Cour&#8230; dont on peut voir les atours ci-dessous.<br><\/figcaption><\/figure><\/div>\n\n<div class=\"wp-block-image\">\n<figure class=\"aligncenter size-full\"><img decoding=\"async\" src=\"https:\/\/activrando.org\/AR_blog\/wp-content\/uploads\/2023\/02\/230126-Mayet-de-M-21-sapins-crinolines.jpg\" width=\"800\" alt=\"\" class=\"wp-image-6011\" srcset=\"https:\/\/activrando.org\/AR_blog\/wp-content\/uploads\/2023\/02\/230126-Mayet-de-M-21-sapins-crinolines.jpg 1024w, https:\/\/activrando.org\/AR_blog\/wp-content\/uploads\/2023\/02\/230126-Mayet-de-M-21-sapins-crinolines-300x190.jpg 300w, https:\/\/activrando.org\/AR_blog\/wp-content\/uploads\/2023\/02\/230126-Mayet-de-M-21-sapins-crinolines-768x486.jpg 768w\" sizes=\"(max-width: 1024px) 100vw, 1024px\" \/><figcaption class=\"wp-element-caption\">\u00a0<br>\u00a0<br>\u00a0<br><\/figcaption><\/figure><\/div>\n\n<div class=\"wp-block-image\">\n<figure class=\"aligncenter size-full\"><img decoding=\"async\" loading=\"lazy\" width=\"1024\" height=\"768\" src=\"https:\/\/activrando.org\/AR_blog\/wp-content\/uploads\/2023\/02\/230126-Mayet-de-M-22-sapins.jpg\" alt=\"\" class=\"wp-image-6013\" srcset=\"https:\/\/activrando.org\/AR_blog\/wp-content\/uploads\/2023\/02\/230126-Mayet-de-M-22-sapins.jpg 1024w, https:\/\/activrando.org\/AR_blog\/wp-content\/uploads\/2023\/02\/230126-Mayet-de-M-22-sapins-300x225.jpg 300w, https:\/\/activrando.org\/AR_blog\/wp-content\/uploads\/2023\/02\/230126-Mayet-de-M-22-sapins-768x576.jpg 768w\" sizes=\"(max-width: 1024px) 100vw, 1024px\" \/><figcaption class=\"wp-element-caption\">Plus loin, des g\u00e9ants sommeillent sous leur gaine de neige glac\u00e9e. Il leur faut de la force et de la souplesse pour r\u00e9sister \u00e0 cette masse de neige qui les couvre !<br>&nbsp;<br>&nbsp;<br><\/figcaption><\/figure><\/div>\n\n<div class=\"wp-block-image\">\n<figure class=\"aligncenter size-full\"><img decoding=\"async\" loading=\"lazy\" width=\"1024\" height=\"583\" src=\"https:\/\/activrando.org\/AR_blog\/wp-content\/uploads\/2023\/02\/230126-Mayet-de-M-24-groupe-marche.jpg\" alt=\"\" class=\"wp-image-6014\" srcset=\"https:\/\/activrando.org\/AR_blog\/wp-content\/uploads\/2023\/02\/230126-Mayet-de-M-24-groupe-marche.jpg 1024w, https:\/\/activrando.org\/AR_blog\/wp-content\/uploads\/2023\/02\/230126-Mayet-de-M-24-groupe-marche-300x171.jpg 300w, https:\/\/activrando.org\/AR_blog\/wp-content\/uploads\/2023\/02\/230126-Mayet-de-M-24-groupe-marche-768x437.jpg 768w, https:\/\/activrando.org\/AR_blog\/wp-content\/uploads\/2023\/02\/230126-Mayet-de-M-24-groupe-marche-350x200.jpg 350w\" sizes=\"(max-width: 1024px) 100vw, 1024px\" \/><figcaption class=\"wp-element-caption\">Et puis l&rsquo;on commence \u00e0 redescendre&#8230;<br>&nbsp;<br>&nbsp;<br><\/figcaption><\/figure><\/div>\n\n<div class=\"wp-block-image\">\n<figure class=\"aligncenter size-full\"><img decoding=\"async\" loading=\"lazy\" width=\"1024\" height=\"527\" src=\"https:\/\/activrando.org\/AR_blog\/wp-content\/uploads\/2023\/02\/230126-Mayet-de-M-23-arbres.jpg\" alt=\"\" class=\"wp-image-6015\" srcset=\"https:\/\/activrando.org\/AR_blog\/wp-content\/uploads\/2023\/02\/230126-Mayet-de-M-23-arbres.jpg 1024w, https:\/\/activrando.org\/AR_blog\/wp-content\/uploads\/2023\/02\/230126-Mayet-de-M-23-arbres-300x154.jpg 300w, https:\/\/activrando.org\/AR_blog\/wp-content\/uploads\/2023\/02\/230126-Mayet-de-M-23-arbres-768x395.jpg 768w\" sizes=\"(max-width: 1024px) 100vw, 1024px\" \/><figcaption class=\"wp-element-caption\">&nbsp;<br>&nbsp;<br>&nbsp;<br><\/figcaption><\/figure><\/div>\n\n<div class=\"wp-block-image\">\n<figure class=\"aligncenter size-full\"><img decoding=\"async\" loading=\"lazy\" width=\"1024\" height=\"643\" src=\"https:\/\/activrando.org\/AR_blog\/wp-content\/uploads\/2023\/02\/230126-Mayet-de-M-25-groupe-marche.jpg\" alt=\"\" class=\"wp-image-6016\" srcset=\"https:\/\/activrando.org\/AR_blog\/wp-content\/uploads\/2023\/02\/230126-Mayet-de-M-25-groupe-marche.jpg 1024w, https:\/\/activrando.org\/AR_blog\/wp-content\/uploads\/2023\/02\/230126-Mayet-de-M-25-groupe-marche-300x188.jpg 300w, https:\/\/activrando.org\/AR_blog\/wp-content\/uploads\/2023\/02\/230126-Mayet-de-M-25-groupe-marche-768x482.jpg 768w\" sizes=\"(max-width: 1024px) 100vw, 1024px\" \/><figcaption class=\"wp-element-caption\">&nbsp;<br>&nbsp;<br>&nbsp;<br><\/figcaption><\/figure><\/div>\n\n<div class=\"wp-block-image\">\n<figure class=\"aligncenter size-full\"><img decoding=\"async\" loading=\"lazy\" width=\"1024\" height=\"501\" src=\"https:\/\/activrando.org\/AR_blog\/wp-content\/uploads\/2023\/02\/230126-Mayet-de-M-26-groupe-marche.jpg\" alt=\"\" class=\"wp-image-6017\" srcset=\"https:\/\/activrando.org\/AR_blog\/wp-content\/uploads\/2023\/02\/230126-Mayet-de-M-26-groupe-marche.jpg 1024w, https:\/\/activrando.org\/AR_blog\/wp-content\/uploads\/2023\/02\/230126-Mayet-de-M-26-groupe-marche-300x147.jpg 300w, https:\/\/activrando.org\/AR_blog\/wp-content\/uploads\/2023\/02\/230126-Mayet-de-M-26-groupe-marche-768x376.jpg 768w\" sizes=\"(max-width: 1024px) 100vw, 1024px\" \/><figcaption class=\"wp-element-caption\">L\u00e0-bas, au fond, le plateau o\u00f9 se trouve le Mayet-de-M.<br>&nbsp;<br>&nbsp;<br><\/figcaption><\/figure><\/div>\n\n<div class=\"wp-block-image\">\n<figure class=\"aligncenter size-full\"><img decoding=\"async\" loading=\"lazy\" width=\"1024\" height=\"509\" src=\"https:\/\/activrando.org\/AR_blog\/wp-content\/uploads\/2023\/02\/230126-Mayet-de-M-27-stalagtites-glace.jpg\" alt=\"\" class=\"wp-image-6018\" srcset=\"https:\/\/activrando.org\/AR_blog\/wp-content\/uploads\/2023\/02\/230126-Mayet-de-M-27-stalagtites-glace.jpg 1024w, https:\/\/activrando.org\/AR_blog\/wp-content\/uploads\/2023\/02\/230126-Mayet-de-M-27-stalagtites-glace-300x149.jpg 300w, https:\/\/activrando.org\/AR_blog\/wp-content\/uploads\/2023\/02\/230126-Mayet-de-M-27-stalagtites-glace-768x382.jpg 768w\" sizes=\"(max-width: 1024px) 100vw, 1024px\" \/><figcaption class=\"wp-element-caption\">&nbsp;<br>&nbsp;<br>&nbsp;<br><\/figcaption><\/figure><\/div>\n\n<div class=\"wp-block-image\">\n<figure class=\"aligncenter size-full\"><img decoding=\"async\" loading=\"lazy\" width=\"1024\" height=\"576\" src=\"https:\/\/activrando.org\/AR_blog\/wp-content\/uploads\/2023\/02\/230126-Mayet-de-M-28-groupe-pose.jpg\" alt=\"\" class=\"wp-image-6019\" srcset=\"https:\/\/activrando.org\/AR_blog\/wp-content\/uploads\/2023\/02\/230126-Mayet-de-M-28-groupe-pose.jpg 1024w, https:\/\/activrando.org\/AR_blog\/wp-content\/uploads\/2023\/02\/230126-Mayet-de-M-28-groupe-pose-300x169.jpg 300w, https:\/\/activrando.org\/AR_blog\/wp-content\/uploads\/2023\/02\/230126-Mayet-de-M-28-groupe-pose-768x432.jpg 768w\" sizes=\"(max-width: 1024px) 100vw, 1024px\" \/><figcaption class=\"wp-element-caption\">Christiane (ici au centre avec manteau orange) qui a effectu\u00e9e la prise de vue est aussi sur la photo. Mais o\u00f9 est le truc ?? ;-)))<br>&nbsp;<br>&nbsp;<br><\/figcaption><\/figure><\/div>\n\n<div class=\"wp-block-image\">\n<figure class=\"aligncenter size-full\"><img decoding=\"async\" loading=\"lazy\" width=\"1024\" height=\"768\" src=\"https:\/\/activrando.org\/AR_blog\/wp-content\/uploads\/2023\/02\/230126-Mayet-de-M-29-ruisseau.jpg\" alt=\"\" class=\"wp-image-6020\" srcset=\"https:\/\/activrando.org\/AR_blog\/wp-content\/uploads\/2023\/02\/230126-Mayet-de-M-29-ruisseau.jpg 1024w, https:\/\/activrando.org\/AR_blog\/wp-content\/uploads\/2023\/02\/230126-Mayet-de-M-29-ruisseau-300x225.jpg 300w, https:\/\/activrando.org\/AR_blog\/wp-content\/uploads\/2023\/02\/230126-Mayet-de-M-29-ruisseau-768x576.jpg 768w\" sizes=\"(max-width: 1024px) 100vw, 1024px\" \/><figcaption class=\"wp-element-caption\">L&rsquo;Almanza : le ruisseau qui descend des bois du Bizin -o\u00f9 se trouve le Grand Roc- alimente le Lac des Moines.<br>&nbsp;<br>&nbsp;<br><\/figcaption><\/figure><\/div>\n\n<div class=\"wp-block-image\">\n<figure class=\"aligncenter size-full\"><img decoding=\"async\" loading=\"lazy\" width=\"1024\" height=\"743\" src=\"https:\/\/activrando.org\/AR_blog\/wp-content\/uploads\/2023\/02\/230126-Mayet-de-M-30-ruisseau-neige.jpg\" alt=\"\" class=\"wp-image-6021\" srcset=\"https:\/\/activrando.org\/AR_blog\/wp-content\/uploads\/2023\/02\/230126-Mayet-de-M-30-ruisseau-neige.jpg 1024w, https:\/\/activrando.org\/AR_blog\/wp-content\/uploads\/2023\/02\/230126-Mayet-de-M-30-ruisseau-neige-300x218.jpg 300w, https:\/\/activrando.org\/AR_blog\/wp-content\/uploads\/2023\/02\/230126-Mayet-de-M-30-ruisseau-neige-768x557.jpg 768w\" sizes=\"(max-width: 1024px) 100vw, 1024px\" \/><figcaption class=\"wp-element-caption\">&nbsp;<br>&nbsp;<br>&nbsp;<br><\/figcaption><\/figure><\/div>\n\n<div class=\"wp-block-image\">\n<figure class=\"aligncenter size-full\"><img decoding=\"async\" loading=\"lazy\" width=\"1024\" height=\"725\" src=\"https:\/\/activrando.org\/AR_blog\/wp-content\/uploads\/2023\/02\/230126-Mayet-de-M-31-groupe-marche.jpg\" alt=\"\" class=\"wp-image-6022\" srcset=\"https:\/\/activrando.org\/AR_blog\/wp-content\/uploads\/2023\/02\/230126-Mayet-de-M-31-groupe-marche.jpg 1024w, https:\/\/activrando.org\/AR_blog\/wp-content\/uploads\/2023\/02\/230126-Mayet-de-M-31-groupe-marche-300x212.jpg 300w, https:\/\/activrando.org\/AR_blog\/wp-content\/uploads\/2023\/02\/230126-Mayet-de-M-31-groupe-marche-768x544.jpg 768w\" sizes=\"(max-width: 1024px) 100vw, 1024px\" \/><figcaption class=\"wp-element-caption\">&nbsp;<br>&nbsp;<br>&nbsp;<br><\/figcaption><\/figure><\/div>\n\n<div class=\"wp-block-image\">\n<figure class=\"aligncenter size-full\"><img decoding=\"async\" loading=\"lazy\" width=\"1024\" height=\"604\" src=\"https:\/\/activrando.org\/AR_blog\/wp-content\/uploads\/2023\/02\/230126-Mayet-de-M-32-empreintes-pas-glace.jpg\" alt=\"\" class=\"wp-image-6023\" srcset=\"https:\/\/activrando.org\/AR_blog\/wp-content\/uploads\/2023\/02\/230126-Mayet-de-M-32-empreintes-pas-glace.jpg 1024w, https:\/\/activrando.org\/AR_blog\/wp-content\/uploads\/2023\/02\/230126-Mayet-de-M-32-empreintes-pas-glace-300x177.jpg 300w, https:\/\/activrando.org\/AR_blog\/wp-content\/uploads\/2023\/02\/230126-Mayet-de-M-32-empreintes-pas-glace-768x453.jpg 768w\" sizes=\"(max-width: 1024px) 100vw, 1024px\" \/><figcaption class=\"wp-element-caption\">&nbsp;<br>&nbsp;<br>&nbsp;<br><\/figcaption><\/figure><\/div>\n\n\n<p class=\"has-text-align-center\"><strong><a href=\"https:\/\/activrando.org\/AR_blog\/2023\/01\/24\/chaume-rigaud-mini-rando-a-espinasse-vozelle-mardi-24-janv-2023-5-photos\/\">&lt; &lt; &lt; ARTICLE PR\u00c9C\u00c9DENT<\/a><a rel=\"noreferrer noopener\" href=\"https:\/\/activrando.org\/AR_blog\/2021\/12\/28\/chapoulin-rando-sante-a-serbannes-mardi-28-dec-2021-6-photos\/\" target=\"_blank\"> <\/a>&#8212;&#8212;&#8212;&#8212;&#8212;&#8212;-<a rel=\"noreferrer noopener\" href=\"https:\/\/activrando.org\/AR_blog\/2021\/12\/28\/chapoulin-rando-sante-a-serbannes-mardi-28-dec-2021-6-photos\/\" target=\"_blank\"> <\/a><a rel=\"noreferrer noopener\" href=\"https:\/\/activrando.org\/AR_blog\/\" target=\"_blank\">ACCUEIL DU BLOG<\/a><a rel=\"noreferrer noopener\" href=\"https:\/\/activrando.org\/AR_blog\/2021\/12\/28\/chapoulin-rando-sante-a-serbannes-mardi-28-dec-2021-6-photos\/\" target=\"_blank\"> <\/a>&#8212;&#8212;&#8212;&#8212;&#8212;&#8212;&#8212;-<a rel=\"noreferrer noopener\" href=\"https:\/\/activrando.org\/AR_blog\/2021\/12\/28\/chapoulin-rando-sante-a-serbannes-mardi-28-dec-2021-6-photos\/\" target=\"_blank\"> <\/a><a href=\"https:\/\/activrando.org\/AR_blog\/2023\/01\/29\/tacots-journee-rando-a-jaligny-besbre-dim-29-janv-2023\/\" data-type=\"URL\" data-id=\"https:\/\/activrando.org\/AR_blog\/2023\/01\/29\/tacots-journee-rando-a-jaligny-besbre-dim-29-janv-2023\/\">ARTICLE SUIVANT > > ><\/a><\/strong><br>\u00a0<br>\u00a0<br><\/p>\n","protected":false},"excerpt":{"rendered":"<p>Une balade dans la neige, \u00e0 l&rsquo;\u00e9tage o\u00f9 elle n&rsquo;\u00e9tait pas trop abondante.<\/p>\n","protected":false},"author":2,"featured_media":6032,"comment_status":"closed","ping_status":"closed","sticky":false,"template":"","format":"standard","meta":[],"categories":[2],"tags":[38,36,13],"_links":{"self":[{"href":"https:\/\/activrando.org\/AR_blog\/wp-json\/wp\/v2\/posts\/5991"}],"collection":[{"href":"https:\/\/activrando.org\/AR_blog\/wp-json\/wp\/v2\/posts"}],"about":[{"href":"https:\/\/activrando.org\/AR_blog\/wp-json\/wp\/v2\/types\/post"}],"author":[{"embeddable":true,"href":"https:\/\/activrando.org\/AR_blog\/wp-json\/wp\/v2\/users\/2"}],"replies":[{"embeddable":true,"href":"https:\/\/activrando.org\/AR_blog\/wp-json\/wp\/v2\/comments?post=5991"}],"version-history":[{"count":9,"href":"https:\/\/activrando.org\/AR_blog\/wp-json\/wp\/v2\/posts\/5991\/revisions"}],"predecessor-version":[{"id":6137,"href":"https:\/\/activrando.org\/AR_blog\/wp-json\/wp\/v2\/posts\/5991\/revisions\/6137"}],"wp:featuredmedia":[{"embeddable":true,"href":"https:\/\/activrando.org\/AR_blog\/wp-json\/wp\/v2\/media\/6032"}],"wp:attachment":[{"href":"https:\/\/activrando.org\/AR_blog\/wp-json\/wp\/v2\/media?parent=5991"}],"wp:term":[{"taxonomy":"category","embeddable":true,"href":"https:\/\/activrando.org\/AR_blog\/wp-json\/wp\/v2\/categories?post=5991"},{"taxonomy":"post_tag","embeddable":true,"href":"https:\/\/activrando.org\/AR_blog\/wp-json\/wp\/v2\/tags?post=5991"}],"curies":[{"name":"wp","href":"https:\/\/api.w.org\/{rel}","templated":true}]}}