{"id":597,"date":"2019-07-15T22:00:28","date_gmt":"2019-07-15T20:00:28","guid":{"rendered":"http:\/\/activrando.org\/AR_blog\/?p=597"},"modified":"2019-12-14T22:31:16","modified_gmt":"2019-12-14T21:31:16","slug":"balade-du-soir-le-15-juillet-a-st-felix","status":"publish","type":"post","link":"https:\/\/activrando.org\/AR_blog\/2019\/07\/15\/balade-du-soir-le-15-juillet-a-st-felix\/","title":{"rendered":"\u00a0\u00bbBalade du soir\u00a0\u00bb, le 15 juillet \u00e0 St-F\u00e9lix (6 photos)"},"content":{"rendered":"\n<p><strong><a href=\"https:\/\/activrando.org\/AR_blog\/2019\/07\/18\/foret-de-montpensier-le-18-juillet-a-bellerive-allier\/\">&gt; &gt; &gt; ARTICLE SUIVANT<\/a><\/strong><\/p>\n\n\n\n<p><strong><a href=\"https:\/\/activrando.org\/AR_blog\/2019\/07\/14\/lac-de-st-clement-le-14-juillet-a-chatel-montagne\/\">&gt; &gt; &gt; ARTICLE PR\u00c9C\u00c9DENT<\/a><\/strong><\/p>\n\n\n\n<p>Promenade dans la douceur dor\u00e9e du soir sur les hauteurs entre Saint-F\u00e9lix et Saint-Germain-des-foss\u00e9s.<\/p>\n\n\n\n<figure class=\"wp-block-image\"><img decoding=\"async\" loading=\"lazy\" width=\"1024\" height=\"680\" src=\"https:\/\/activrando.org\/AR_blog\/wp-content\/uploads\/2019\/11\/190715-St-Felix-01-tournesols-1024x680.jpg\" alt=\"\" class=\"wp-image-598\" srcset=\"https:\/\/activrando.org\/AR_blog\/wp-content\/uploads\/2019\/11\/190715-St-Felix-01-tournesols.jpg 1024w, https:\/\/activrando.org\/AR_blog\/wp-content\/uploads\/2019\/11\/190715-St-Felix-01-tournesols-300x199.jpg 300w, https:\/\/activrando.org\/AR_blog\/wp-content\/uploads\/2019\/11\/190715-St-Felix-01-tournesols-768x510.jpg 768w\" sizes=\"(max-width: 1024px) 100vw, 1024px\" \/><figcaption>Les tournesols en lumi\u00e8re rasante&#8230;<br><br>   .   <\/figcaption><\/figure>\n\n\n\n<figure class=\"wp-block-image\"><img decoding=\"async\" loading=\"lazy\" width=\"1024\" height=\"768\" src=\"https:\/\/activrando.org\/AR_blog\/wp-content\/uploads\/2019\/11\/190715-St-Felix-02-tournesol-detail-1024x768.jpg\" alt=\"\" class=\"wp-image-599\" srcset=\"https:\/\/activrando.org\/AR_blog\/wp-content\/uploads\/2019\/11\/190715-St-Felix-02-tournesol-detail.jpg 1024w, https:\/\/activrando.org\/AR_blog\/wp-content\/uploads\/2019\/11\/190715-St-Felix-02-tournesol-detail-300x225.jpg 300w, https:\/\/activrando.org\/AR_blog\/wp-content\/uploads\/2019\/11\/190715-St-Felix-02-tournesol-detail-768x576.jpg 768w\" sizes=\"(max-width: 1024px) 100vw, 1024px\" \/><figcaption>   .   <br><br>   .   <\/figcaption><\/figure>\n\n\n\n<figure class=\"wp-block-image\"><img decoding=\"async\" loading=\"lazy\" width=\"1024\" height=\"768\" src=\"https:\/\/activrando.org\/AR_blog\/wp-content\/uploads\/2019\/11\/190715-St-Felix-03-bles-Chateau_de_la_Roche-1024x768.jpg\" alt=\"\" class=\"wp-image-600\" srcset=\"https:\/\/activrando.org\/AR_blog\/wp-content\/uploads\/2019\/11\/190715-St-Felix-03-bles-Chateau_de_la_Roche.jpg 1024w, https:\/\/activrando.org\/AR_blog\/wp-content\/uploads\/2019\/11\/190715-St-Felix-03-bles-Chateau_de_la_Roche-300x225.jpg 300w, https:\/\/activrando.org\/AR_blog\/wp-content\/uploads\/2019\/11\/190715-St-Felix-03-bles-Chateau_de_la_Roche-768x576.jpg 768w\" sizes=\"(max-width: 1024px) 100vw, 1024px\" \/><figcaption>Derri\u00e8re les bl\u00e9s, le Ch\u00e2teau de la Roche.<br><br>   .   <\/figcaption><\/figure>\n\n\n\n<figure class=\"wp-block-image\"><img decoding=\"async\" loading=\"lazy\" width=\"1024\" height=\"768\" src=\"https:\/\/activrando.org\/AR_blog\/wp-content\/uploads\/2019\/11\/190715-St-Felix-04-groupe-vue-1024x768.jpg\" alt=\"\" class=\"wp-image-601\" srcset=\"https:\/\/activrando.org\/AR_blog\/wp-content\/uploads\/2019\/11\/190715-St-Felix-04-groupe-vue.jpg 1024w, https:\/\/activrando.org\/AR_blog\/wp-content\/uploads\/2019\/11\/190715-St-Felix-04-groupe-vue-300x225.jpg 300w, https:\/\/activrando.org\/AR_blog\/wp-content\/uploads\/2019\/11\/190715-St-Felix-04-groupe-vue-768x576.jpg 768w\" sizes=\"(max-width: 1024px) 100vw, 1024px\" \/><figcaption>   .   <br><br>   .   <\/figcaption><\/figure>\n\n\n\n<figure class=\"wp-block-image\"><img decoding=\"async\" loading=\"lazy\" width=\"1024\" height=\"680\" src=\"https:\/\/activrando.org\/AR_blog\/wp-content\/uploads\/2019\/11\/190715-St-Felix-05-groupe-marche-1024x680.jpg\" alt=\"\" class=\"wp-image-602\" srcset=\"https:\/\/activrando.org\/AR_blog\/wp-content\/uploads\/2019\/11\/190715-St-Felix-05-groupe-marche.jpg 1024w, https:\/\/activrando.org\/AR_blog\/wp-content\/uploads\/2019\/11\/190715-St-Felix-05-groupe-marche-300x199.jpg 300w, https:\/\/activrando.org\/AR_blog\/wp-content\/uploads\/2019\/11\/190715-St-Felix-05-groupe-marche-768x510.jpg 768w\" sizes=\"(max-width: 1024px) 100vw, 1024px\" \/><figcaption>   .   <br><br>   .   <\/figcaption><\/figure>\n\n\n\n<figure class=\"wp-block-image\"><img decoding=\"async\" loading=\"lazy\" width=\"1024\" height=\"680\" src=\"https:\/\/activrando.org\/AR_blog\/wp-content\/uploads\/2019\/11\/190715-St-Felix-06-pleine-lune-ciel-1024x680.jpg\" alt=\"\" class=\"wp-image-603\" srcset=\"https:\/\/activrando.org\/AR_blog\/wp-content\/uploads\/2019\/11\/190715-St-Felix-06-pleine-lune-ciel.jpg 1024w, https:\/\/activrando.org\/AR_blog\/wp-content\/uploads\/2019\/11\/190715-St-Felix-06-pleine-lune-ciel-300x199.jpg 300w, https:\/\/activrando.org\/AR_blog\/wp-content\/uploads\/2019\/11\/190715-St-Felix-06-pleine-lune-ciel-768x510.jpg 768w\" sizes=\"(max-width: 1024px) 100vw, 1024px\" \/><figcaption>   .   <br><br>   .   <\/figcaption><\/figure>\n\n\n\n<p><strong><a href=\"https:\/\/activrando.org\/AR_blog\/2019\/07\/18\/foret-de-montpensier-le-18-juillet-a-bellerive-allier\/\">&gt; &gt; &gt; ARTICLE SUIVANT<\/a><\/strong><\/p>\n\n\n\n<p><strong><a href=\"https:\/\/activrando.org\/AR_blog\/\">&gt; &gt; &gt; ACCUEIL DU BLOG<\/a><\/strong><\/p>\n\n\n\n<p><strong><a href=\"https:\/\/activrando.org\/AR_blog\/2019\/07\/14\/lac-de-st-clement-le-14-juillet-a-chatel-montagne\/\">&gt; &gt; &gt; ARTICLE PR\u00c9C\u00c9DENT<\/a><\/strong><\/p>\n","protected":false},"excerpt":{"rendered":"<p>&gt; &gt; &gt; ARTICLE SUIVANT &gt; &gt; &gt; ARTICLE PR\u00c9C\u00c9DENT Promenade dans la douceur dor\u00e9e du soir sur les hauteurs entre Saint-F\u00e9lix et Saint-Germain-des-foss\u00e9s. &gt; &gt; &gt; ARTICLE SUIVANT &gt; &gt; &gt; ACCUEIL DU BLOG &gt; &gt; &gt; ARTICLE PR\u00c9C\u00c9DENT<\/p>\n","protected":false},"author":2,"featured_media":0,"comment_status":"closed","ping_status":"closed","sticky":false,"template":"","format":"standard","meta":[],"categories":[2],"tags":[],"_links":{"self":[{"href":"https:\/\/activrando.org\/AR_blog\/wp-json\/wp\/v2\/posts\/597"}],"collection":[{"href":"https:\/\/activrando.org\/AR_blog\/wp-json\/wp\/v2\/posts"}],"about":[{"href":"https:\/\/activrando.org\/AR_blog\/wp-json\/wp\/v2\/types\/post"}],"author":[{"embeddable":true,"href":"https:\/\/activrando.org\/AR_blog\/wp-json\/wp\/v2\/users\/2"}],"replies":[{"embeddable":true,"href":"https:\/\/activrando.org\/AR_blog\/wp-json\/wp\/v2\/comments?post=597"}],"version-history":[{"count":3,"href":"https:\/\/activrando.org\/AR_blog\/wp-json\/wp\/v2\/posts\/597\/revisions"}],"predecessor-version":[{"id":944,"href":"https:\/\/activrando.org\/AR_blog\/wp-json\/wp\/v2\/posts\/597\/revisions\/944"}],"wp:attachment":[{"href":"https:\/\/activrando.org\/AR_blog\/wp-json\/wp\/v2\/media?parent=597"}],"wp:term":[{"taxonomy":"category","embeddable":true,"href":"https:\/\/activrando.org\/AR_blog\/wp-json\/wp\/v2\/categories?post=597"},{"taxonomy":"post_tag","embeddable":true,"href":"https:\/\/activrando.org\/AR_blog\/wp-json\/wp\/v2\/tags?post=597"}],"curies":[{"name":"wp","href":"https:\/\/api.w.org\/{rel}","templated":true}]}}