{"id":5957,"date":"2023-01-22T21:12:00","date_gmt":"2023-01-22T20:12:00","guid":{"rendered":"https:\/\/activrando.org\/AR_blog\/?p=5957"},"modified":"2023-02-06T12:22:26","modified_gmt":"2023-02-06T11:22:26","slug":"la-besbre-journee-rando-a-chatel-montagne-dim-22-janvier-2023-18-photos","status":"publish","type":"post","link":"https:\/\/activrando.org\/AR_blog\/2023\/01\/22\/la-besbre-journee-rando-a-chatel-montagne-dim-22-janvier-2023-18-photos\/","title":{"rendered":"\u00ab\u00a0La Besbre\u00a0\u00bb, journ\u00e9e-rando \u00e0 Ch\u00e2tel-Montagne, dim. 22 janvier 2023 (18 photos)"},"content":{"rendered":"\n<p>.<br>.<br><\/p>\n\n\n\n<p class=\"has-text-align-center\"><strong><a href=\"https:\/\/activrando.org\/AR_blog\/2023\/01\/19\/la-suchette-petite-rando-a-brout-vernet-jeudi-19-janv-2023-16-photos\/\" data-type=\"URL\" data-id=\"https:\/\/activrando.org\/AR_blog\/2023\/01\/19\/la-suchette-petite-rando-a-brout-vernet-jeudi-19-janv-2023-16-photos\/\">&lt; &lt; &lt; ARTICLE PR\u00c9C\u00c9DENT<\/a><a rel=\"noreferrer noopener\" href=\"https:\/\/activrando.org\/AR_blog\/2021\/12\/28\/chapoulin-rando-sante-a-serbannes-mardi-28-dec-2021-6-photos\/\" target=\"_blank\"> <\/a>&#8212;&#8212;&#8212;&#8212;&#8212;&#8212;-<a rel=\"noreferrer noopener\" href=\"https:\/\/activrando.org\/AR_blog\/2021\/12\/28\/chapoulin-rando-sante-a-serbannes-mardi-28-dec-2021-6-photos\/\" target=\"_blank\"> <\/a><a rel=\"noreferrer noopener\" href=\"https:\/\/activrando.org\/AR_blog\/\" target=\"_blank\">ACCUEIL DU BLOG<\/a><a rel=\"noreferrer noopener\" href=\"https:\/\/activrando.org\/AR_blog\/2021\/12\/28\/chapoulin-rando-sante-a-serbannes-mardi-28-dec-2021-6-photos\/\" target=\"_blank\"> <\/a>&#8212;&#8212;&#8212;&#8212;&#8212;&#8212;&#8212;-<a rel=\"noreferrer noopener\" href=\"https:\/\/activrando.org\/AR_blog\/2021\/12\/28\/chapoulin-rando-sante-a-serbannes-mardi-28-dec-2021-6-photos\/\" target=\"_blank\"> <\/a><a href=\"https:\/\/activrando.org\/AR_blog\/2023\/01\/24\/chaume-rigaud-mini-rando-a-espinasse-vozelle-mardi-24-janv-2023-5-photos\/\" data-type=\"URL\" data-id=\"https:\/\/activrando.org\/AR_blog\/2023\/01\/24\/chaume-rigaud-mini-rando-a-espinasse-vozelle-mardi-24-janv-2023-5-photos\/\">ARTICLE SUIVANT > > ><\/a><\/strong><br>.<br>.<br><\/p>\n\n\n<div class=\"wp-block-image\">\n<figure class=\"aligncenter size-full\"><img decoding=\"async\" loading=\"lazy\" width=\"1024\" height=\"595\" src=\"https:\/\/activrando.org\/AR_blog\/wp-content\/uploads\/2023\/02\/230122-Chatel-M-01-route.jpg\" alt=\"\" class=\"wp-image-5958\" srcset=\"https:\/\/activrando.org\/AR_blog\/wp-content\/uploads\/2023\/02\/230122-Chatel-M-01-route.jpg 1024w, https:\/\/activrando.org\/AR_blog\/wp-content\/uploads\/2023\/02\/230122-Chatel-M-01-route-300x174.jpg 300w, https:\/\/activrando.org\/AR_blog\/wp-content\/uploads\/2023\/02\/230122-Chatel-M-01-route-768x446.jpg 768w\" sizes=\"(max-width: 1024px) 100vw, 1024px\" \/><figcaption class=\"wp-element-caption\">C&rsquo;est vrai que ce matin-l\u00e0, les routes n&rsquo;\u00e9taient pas tr\u00e8s belles et qu&rsquo;il fallait \u00eatre un tout petit peu fou pour sortir&#8230;<br>.<br>.<br><\/figcaption><\/figure><\/div>\n\n<div class=\"wp-block-image\">\n<figure class=\"aligncenter size-full\"><img decoding=\"async\" loading=\"lazy\" width=\"1024\" height=\"633\" src=\"https:\/\/activrando.org\/AR_blog\/wp-content\/uploads\/2023\/02\/230122-Chatel-M-02-groupe-marche.jpg\" alt=\"\" class=\"wp-image-5959\" srcset=\"https:\/\/activrando.org\/AR_blog\/wp-content\/uploads\/2023\/02\/230122-Chatel-M-02-groupe-marche.jpg 1024w, https:\/\/activrando.org\/AR_blog\/wp-content\/uploads\/2023\/02\/230122-Chatel-M-02-groupe-marche-300x185.jpg 300w, https:\/\/activrando.org\/AR_blog\/wp-content\/uploads\/2023\/02\/230122-Chatel-M-02-groupe-marche-768x475.jpg 768w\" sizes=\"(max-width: 1024px) 100vw, 1024px\" \/><figcaption class=\"wp-element-caption\">La neige \u00e9tait parfaite : encore poudreuse et pas trop haute au sol, don facile \u00e0 marcher.<br>.<br>.<br><\/figcaption><\/figure><\/div>\n\n<div class=\"wp-block-image\">\n<figure class=\"aligncenter size-full\"><img decoding=\"async\" loading=\"lazy\" width=\"1024\" height=\"580\" src=\"https:\/\/activrando.org\/AR_blog\/wp-content\/uploads\/2023\/02\/230122-Chatel-M-03-paysage.jpg\" alt=\"\" class=\"wp-image-5960\" srcset=\"https:\/\/activrando.org\/AR_blog\/wp-content\/uploads\/2023\/02\/230122-Chatel-M-03-paysage.jpg 1024w, https:\/\/activrando.org\/AR_blog\/wp-content\/uploads\/2023\/02\/230122-Chatel-M-03-paysage-300x170.jpg 300w, https:\/\/activrando.org\/AR_blog\/wp-content\/uploads\/2023\/02\/230122-Chatel-M-03-paysage-768x435.jpg 768w\" sizes=\"(max-width: 1024px) 100vw, 1024px\" \/><figcaption class=\"wp-element-caption\">Le paysage certes un peu embrum\u00e9&#8230;<br>.<br>.<br><\/figcaption><\/figure><\/div>\n\n<div class=\"wp-block-image\">\n<figure class=\"aligncenter size-full\"><img decoding=\"async\" loading=\"lazy\" width=\"1024\" height=\"695\" src=\"https:\/\/activrando.org\/AR_blog\/wp-content\/uploads\/2023\/02\/230122-Chatel-M-04-groupe-marche.jpg\" alt=\"\" class=\"wp-image-5961\" srcset=\"https:\/\/activrando.org\/AR_blog\/wp-content\/uploads\/2023\/02\/230122-Chatel-M-04-groupe-marche.jpg 1024w, https:\/\/activrando.org\/AR_blog\/wp-content\/uploads\/2023\/02\/230122-Chatel-M-04-groupe-marche-300x204.jpg 300w, https:\/\/activrando.org\/AR_blog\/wp-content\/uploads\/2023\/02\/230122-Chatel-M-04-groupe-marche-768x521.jpg 768w\" sizes=\"(max-width: 1024px) 100vw, 1024px\" \/><figcaption class=\"wp-element-caption\">Et alors, L\u00c0, on est \u00ab\u00a0trop bien\u00a0\u00bb !<br>.<br>.<br><\/figcaption><\/figure><\/div>\n\n<div class=\"wp-block-image\">\n<figure class=\"aligncenter size-full\"><img decoding=\"async\" loading=\"lazy\" width=\"1024\" height=\"467\" src=\"https:\/\/activrando.org\/AR_blog\/wp-content\/uploads\/2023\/02\/230122-Chatel-M-05-paysage.jpg\" alt=\"\" class=\"wp-image-5962\" srcset=\"https:\/\/activrando.org\/AR_blog\/wp-content\/uploads\/2023\/02\/230122-Chatel-M-05-paysage.jpg 1024w, https:\/\/activrando.org\/AR_blog\/wp-content\/uploads\/2023\/02\/230122-Chatel-M-05-paysage-300x137.jpg 300w, https:\/\/activrando.org\/AR_blog\/wp-content\/uploads\/2023\/02\/230122-Chatel-M-05-paysage-768x350.jpg 768w\" sizes=\"(max-width: 1024px) 100vw, 1024px\" \/><figcaption class=\"wp-element-caption\">.<br>.<br>.<br><\/figcaption><\/figure><\/div>\n\n<div class=\"wp-block-image\">\n<figure class=\"aligncenter size-full\"><img decoding=\"async\" loading=\"lazy\" width=\"1024\" height=\"563\" src=\"https:\/\/activrando.org\/AR_blog\/wp-content\/uploads\/2023\/02\/230122-Chatel-M-06-riviere.jpg\" alt=\"\" class=\"wp-image-5963\" srcset=\"https:\/\/activrando.org\/AR_blog\/wp-content\/uploads\/2023\/02\/230122-Chatel-M-06-riviere.jpg 1024w, https:\/\/activrando.org\/AR_blog\/wp-content\/uploads\/2023\/02\/230122-Chatel-M-06-riviere-300x165.jpg 300w, https:\/\/activrando.org\/AR_blog\/wp-content\/uploads\/2023\/02\/230122-Chatel-M-06-riviere-768x422.jpg 768w\" sizes=\"(max-width: 1024px) 100vw, 1024px\" \/><figcaption class=\"wp-element-caption\">La Besbre, en parure hivernale.<br>.<br>.<br><\/figcaption><\/figure><\/div>\n\n<div class=\"wp-block-image\">\n<figure class=\"aligncenter size-full\"><img decoding=\"async\" loading=\"lazy\" width=\"840\" height=\"630\" src=\"https:\/\/activrando.org\/AR_blog\/wp-content\/uploads\/2023\/02\/230122-Chatel-M-07-rocher-mousses.jpg\" alt=\"\" class=\"wp-image-5964\" srcset=\"https:\/\/activrando.org\/AR_blog\/wp-content\/uploads\/2023\/02\/230122-Chatel-M-07-rocher-mousses.jpg 840w, https:\/\/activrando.org\/AR_blog\/wp-content\/uploads\/2023\/02\/230122-Chatel-M-07-rocher-mousses-300x225.jpg 300w, https:\/\/activrando.org\/AR_blog\/wp-content\/uploads\/2023\/02\/230122-Chatel-M-07-rocher-mousses-768x576.jpg 768w\" sizes=\"(max-width: 840px) 100vw, 840px\" \/><figcaption class=\"wp-element-caption\">.<br>.<br>.<br><\/figcaption><\/figure><\/div>\n\n<div class=\"wp-block-image\">\n<figure class=\"aligncenter size-full\"><img decoding=\"async\" loading=\"lazy\" width=\"840\" height=\"684\" src=\"https:\/\/activrando.org\/AR_blog\/wp-content\/uploads\/2023\/02\/230122-Chatel-M-08-riviere-chatons.jpg\" alt=\"\" class=\"wp-image-5965\" srcset=\"https:\/\/activrando.org\/AR_blog\/wp-content\/uploads\/2023\/02\/230122-Chatel-M-08-riviere-chatons.jpg 840w, https:\/\/activrando.org\/AR_blog\/wp-content\/uploads\/2023\/02\/230122-Chatel-M-08-riviere-chatons-300x244.jpg 300w, https:\/\/activrando.org\/AR_blog\/wp-content\/uploads\/2023\/02\/230122-Chatel-M-08-riviere-chatons-768x625.jpg 768w\" sizes=\"(max-width: 840px) 100vw, 840px\" \/><figcaption class=\"wp-element-caption\">.<br>.<br>.<br><\/figcaption><\/figure><\/div>\n\n<div class=\"wp-block-image\">\n<figure class=\"aligncenter size-full\"><img decoding=\"async\" loading=\"lazy\" width=\"1024\" height=\"538\" src=\"https:\/\/activrando.org\/AR_blog\/wp-content\/uploads\/2023\/02\/230122-Chatel-M-09-branches-neige.jpg\" alt=\"\" class=\"wp-image-5966\" srcset=\"https:\/\/activrando.org\/AR_blog\/wp-content\/uploads\/2023\/02\/230122-Chatel-M-09-branches-neige.jpg 1024w, https:\/\/activrando.org\/AR_blog\/wp-content\/uploads\/2023\/02\/230122-Chatel-M-09-branches-neige-300x158.jpg 300w, https:\/\/activrando.org\/AR_blog\/wp-content\/uploads\/2023\/02\/230122-Chatel-M-09-branches-neige-768x404.jpg 768w\" sizes=\"(max-width: 1024px) 100vw, 1024px\" \/><figcaption class=\"wp-element-caption\">.<br>.<br>.<br><\/figcaption><\/figure><\/div>\n\n<div class=\"wp-block-image\">\n<figure class=\"aligncenter size-full\"><img decoding=\"async\" loading=\"lazy\" width=\"1024\" height=\"646\" src=\"https:\/\/activrando.org\/AR_blog\/wp-content\/uploads\/2023\/02\/230122-Chatel-M-10-groupe-pause.jpg\" alt=\"\" class=\"wp-image-5967\" srcset=\"https:\/\/activrando.org\/AR_blog\/wp-content\/uploads\/2023\/02\/230122-Chatel-M-10-groupe-pause.jpg 1024w, https:\/\/activrando.org\/AR_blog\/wp-content\/uploads\/2023\/02\/230122-Chatel-M-10-groupe-pause-300x189.jpg 300w, https:\/\/activrando.org\/AR_blog\/wp-content\/uploads\/2023\/02\/230122-Chatel-M-10-groupe-pause-768x485.jpg 768w\" sizes=\"(max-width: 1024px) 100vw, 1024px\" \/><figcaption class=\"wp-element-caption\">.<br>.<br>.<br><\/figcaption><\/figure><\/div>\n\n<div class=\"wp-block-image\">\n<figure class=\"aligncenter size-full\"><img decoding=\"async\" loading=\"lazy\" width=\"600\" height=\"707\" src=\"https:\/\/activrando.org\/AR_blog\/wp-content\/uploads\/2023\/02\/230122-Chatel-M-12-groupe-pose.jpg\" alt=\"\" class=\"wp-image-5968\" srcset=\"https:\/\/activrando.org\/AR_blog\/wp-content\/uploads\/2023\/02\/230122-Chatel-M-12-groupe-pose.jpg 600w, https:\/\/activrando.org\/AR_blog\/wp-content\/uploads\/2023\/02\/230122-Chatel-M-12-groupe-pose-255x300.jpg 255w\" sizes=\"(max-width: 600px) 100vw, 600px\" \/><figcaption class=\"wp-element-caption\">Apr\u00e8s ces efforts et par cette froidure, ce fut un vrai plaisir de pouvoir casse-cro\u00fbter au chaud : l&rsquo;auberge&#8230; nous a accueillis.<br>.<br>.<br><\/figcaption><\/figure><\/div>\n\n<div class=\"wp-block-image\">\n<figure class=\"aligncenter size-full\"><img decoding=\"async\" loading=\"lazy\" width=\"1024\" height=\"733\" src=\"https:\/\/activrando.org\/AR_blog\/wp-content\/uploads\/2023\/02\/230122-Chatel-M-13-groupe-pose.jpg\" alt=\"\" class=\"wp-image-5969\" srcset=\"https:\/\/activrando.org\/AR_blog\/wp-content\/uploads\/2023\/02\/230122-Chatel-M-13-groupe-pose.jpg 1024w, https:\/\/activrando.org\/AR_blog\/wp-content\/uploads\/2023\/02\/230122-Chatel-M-13-groupe-pose-300x215.jpg 300w, https:\/\/activrando.org\/AR_blog\/wp-content\/uploads\/2023\/02\/230122-Chatel-M-13-groupe-pose-768x550.jpg 768w\" sizes=\"(max-width: 1024px) 100vw, 1024px\" \/><figcaption class=\"wp-element-caption\">Petite pose-photo avant de repartir et montrer la devanture de notre sympathique h\u00f4tesse, Rosine, qui sait accueillir les randonneurs dans la chaleur de son bistrot campagnard.<br>.<br>.<br><\/figcaption><\/figure><\/div>\n\n<div class=\"wp-block-image\">\n<figure class=\"aligncenter size-full\"><img decoding=\"async\" loading=\"lazy\" width=\"1024\" height=\"713\" src=\"https:\/\/activrando.org\/AR_blog\/wp-content\/uploads\/2023\/02\/230122-Chatel-M-14-groupe-marche.jpg\" alt=\"\" class=\"wp-image-5970\" srcset=\"https:\/\/activrando.org\/AR_blog\/wp-content\/uploads\/2023\/02\/230122-Chatel-M-14-groupe-marche.jpg 1024w, https:\/\/activrando.org\/AR_blog\/wp-content\/uploads\/2023\/02\/230122-Chatel-M-14-groupe-marche-300x209.jpg 300w, https:\/\/activrando.org\/AR_blog\/wp-content\/uploads\/2023\/02\/230122-Chatel-M-14-groupe-marche-768x535.jpg 768w\" sizes=\"(max-width: 1024px) 100vw, 1024px\" \/><figcaption class=\"wp-element-caption\">Et le petit groupe repart, dans le calme enneig\u00e9 de la vall\u00e9e de la Besbre&#8230;<br>.<br>.<br><\/figcaption><\/figure><\/div>\n\n<div class=\"wp-block-image\">\n<figure class=\"aligncenter size-full\"><img decoding=\"async\" loading=\"lazy\" width=\"700\" height=\"685\" src=\"https:\/\/activrando.org\/AR_blog\/wp-content\/uploads\/2023\/02\/230122-Chatel-M-15-groupe-marche.jpg\" alt=\"\" class=\"wp-image-5971\" srcset=\"https:\/\/activrando.org\/AR_blog\/wp-content\/uploads\/2023\/02\/230122-Chatel-M-15-groupe-marche.jpg 700w, https:\/\/activrando.org\/AR_blog\/wp-content\/uploads\/2023\/02\/230122-Chatel-M-15-groupe-marche-300x294.jpg 300w\" sizes=\"(max-width: 700px) 100vw, 700px\" \/><figcaption class=\"wp-element-caption\">Et, par une belle mont\u00e9e, on en ressortira pour revenir sur le plateau d&rsquo;Isserpent.<br>.<br>.<br><\/figcaption><\/figure><\/div>\n\n<div class=\"wp-block-image\">\n<figure class=\"aligncenter size-full\"><img decoding=\"async\" loading=\"lazy\" width=\"1024\" height=\"439\" src=\"https:\/\/activrando.org\/AR_blog\/wp-content\/uploads\/2023\/02\/230122-Chatel-M-16-groupe-marche.jpg\" alt=\"\" class=\"wp-image-5972\" srcset=\"https:\/\/activrando.org\/AR_blog\/wp-content\/uploads\/2023\/02\/230122-Chatel-M-16-groupe-marche.jpg 1024w, https:\/\/activrando.org\/AR_blog\/wp-content\/uploads\/2023\/02\/230122-Chatel-M-16-groupe-marche-300x129.jpg 300w, https:\/\/activrando.org\/AR_blog\/wp-content\/uploads\/2023\/02\/230122-Chatel-M-16-groupe-marche-768x329.jpg 768w\" sizes=\"(max-width: 1024px) 100vw, 1024px\" \/><figcaption class=\"wp-element-caption\">Pour le retour, on passe pr\u00e8s de la ferme de Charnant.<br>.<br>.<br><\/figcaption><\/figure><\/div>\n\n<div class=\"wp-block-image\">\n<figure class=\"aligncenter size-full\"><img decoding=\"async\" loading=\"lazy\" width=\"1024\" height=\"768\" src=\"https:\/\/activrando.org\/AR_blog\/wp-content\/uploads\/2023\/02\/230122-Chatel-M-17-paysage.jpg\" alt=\"\" class=\"wp-image-5973\" srcset=\"https:\/\/activrando.org\/AR_blog\/wp-content\/uploads\/2023\/02\/230122-Chatel-M-17-paysage.jpg 1024w, https:\/\/activrando.org\/AR_blog\/wp-content\/uploads\/2023\/02\/230122-Chatel-M-17-paysage-300x225.jpg 300w, https:\/\/activrando.org\/AR_blog\/wp-content\/uploads\/2023\/02\/230122-Chatel-M-17-paysage-768x576.jpg 768w\" sizes=\"(max-width: 1024px) 100vw, 1024px\" \/><figcaption class=\"wp-element-caption\">Au-del\u00e0 de Charnant, \u00e0 la limite de la brume, il y a le village de Ch\u00e2tel.<br>.<br>.<br><\/figcaption><\/figure><\/div>\n\n<div class=\"wp-block-image\">\n<figure class=\"aligncenter size-full\"><img decoding=\"async\" loading=\"lazy\" width=\"700\" height=\"394\" src=\"https:\/\/activrando.org\/AR_blog\/wp-content\/uploads\/2023\/02\/230122-Chatel-M-18-groupe-marche.jpg\" alt=\"\" class=\"wp-image-5974\" srcset=\"https:\/\/activrando.org\/AR_blog\/wp-content\/uploads\/2023\/02\/230122-Chatel-M-18-groupe-marche.jpg 700w, https:\/\/activrando.org\/AR_blog\/wp-content\/uploads\/2023\/02\/230122-Chatel-M-18-groupe-marche-300x169.jpg 300w\" sizes=\"(max-width: 700px) 100vw, 700px\" \/><figcaption class=\"wp-element-caption\">Sur la fin, le vent de face donnait des conditions de marche un peu rudes.<br>.<br>.<\/figcaption><\/figure><\/div>\n\n\n<p class=\"has-text-align-center\"><strong><a href=\"https:\/\/activrando.org\/AR_blog\/2023\/01\/19\/la-suchette-petite-rando-a-brout-vernet-jeudi-19-janv-2023-16-photos\/\">&lt; &lt; &lt; ARTICLE PR\u00c9C\u00c9DENT<\/a><a rel=\"noreferrer noopener\" href=\"https:\/\/activrando.org\/AR_blog\/2021\/12\/28\/chapoulin-rando-sante-a-serbannes-mardi-28-dec-2021-6-photos\/\" target=\"_blank\"> <\/a>&#8212;&#8212;&#8212;&#8212;&#8212;&#8212;-<a rel=\"noreferrer noopener\" href=\"https:\/\/activrando.org\/AR_blog\/2021\/12\/28\/chapoulin-rando-sante-a-serbannes-mardi-28-dec-2021-6-photos\/\" target=\"_blank\"> <\/a><a rel=\"noreferrer noopener\" href=\"https:\/\/activrando.org\/AR_blog\/\" target=\"_blank\">ACCUEIL DU BLOG<\/a><a rel=\"noreferrer noopener\" href=\"https:\/\/activrando.org\/AR_blog\/2021\/12\/28\/chapoulin-rando-sante-a-serbannes-mardi-28-dec-2021-6-photos\/\" target=\"_blank\"> <\/a>&#8212;&#8212;&#8212;&#8212;&#8212;&#8212;&#8212;-<a rel=\"noreferrer noopener\" href=\"https:\/\/activrando.org\/AR_blog\/2021\/12\/28\/chapoulin-rando-sante-a-serbannes-mardi-28-dec-2021-6-photos\/\" target=\"_blank\"> <\/a><a href=\"https:\/\/activrando.org\/AR_blog\/2023\/01\/24\/chaume-rigaud-mini-rando-a-espinasse-vozelle-mardi-24-janv-2023-5-photos\/\">ARTICLE SUIVANT > > ><\/a><\/strong><br>.<br>.<br><\/p>\n","protected":false},"excerpt":{"rendered":"<p>Un parcours en moyenne montagne enneig\u00e9e, \u00e0 une altitude o\u00f9 la neige est belle mais pas trop \u00e9paisse, afin de pouvoir marcher.<\/p>\n","protected":false},"author":2,"featured_media":5975,"comment_status":"closed","ping_status":"closed","sticky":false,"template":"","format":"standard","meta":[],"categories":[2],"tags":[36,13,35],"_links":{"self":[{"href":"https:\/\/activrando.org\/AR_blog\/wp-json\/wp\/v2\/posts\/5957"}],"collection":[{"href":"https:\/\/activrando.org\/AR_blog\/wp-json\/wp\/v2\/posts"}],"about":[{"href":"https:\/\/activrando.org\/AR_blog\/wp-json\/wp\/v2\/types\/post"}],"author":[{"embeddable":true,"href":"https:\/\/activrando.org\/AR_blog\/wp-json\/wp\/v2\/users\/2"}],"replies":[{"embeddable":true,"href":"https:\/\/activrando.org\/AR_blog\/wp-json\/wp\/v2\/comments?post=5957"}],"version-history":[{"count":3,"href":"https:\/\/activrando.org\/AR_blog\/wp-json\/wp\/v2\/posts\/5957\/revisions"}],"predecessor-version":[{"id":5987,"href":"https:\/\/activrando.org\/AR_blog\/wp-json\/wp\/v2\/posts\/5957\/revisions\/5987"}],"wp:featuredmedia":[{"embeddable":true,"href":"https:\/\/activrando.org\/AR_blog\/wp-json\/wp\/v2\/media\/5975"}],"wp:attachment":[{"href":"https:\/\/activrando.org\/AR_blog\/wp-json\/wp\/v2\/media?parent=5957"}],"wp:term":[{"taxonomy":"category","embeddable":true,"href":"https:\/\/activrando.org\/AR_blog\/wp-json\/wp\/v2\/categories?post=5957"},{"taxonomy":"post_tag","embeddable":true,"href":"https:\/\/activrando.org\/AR_blog\/wp-json\/wp\/v2\/tags?post=5957"}],"curies":[{"name":"wp","href":"https:\/\/api.w.org\/{rel}","templated":true}]}}