{"id":5933,"date":"2023-01-19T22:09:55","date_gmt":"2023-01-19T21:09:55","guid":{"rendered":"https:\/\/activrando.org\/AR_blog\/?p=5933"},"modified":"2023-02-06T12:25:01","modified_gmt":"2023-02-06T11:25:01","slug":"la-suchette-petite-rando-a-brout-vernet-jeudi-19-janv-2023-16-photos","status":"publish","type":"post","link":"https:\/\/activrando.org\/AR_blog\/2023\/01\/19\/la-suchette-petite-rando-a-brout-vernet-jeudi-19-janv-2023-16-photos\/","title":{"rendered":"\u00ab\u00a0La Suchette\u00a0\u00bb, petite rando \u00e0 Bro\u00fbt-Vernet, jeudi 19 janv. 2023 (16 photos)."},"content":{"rendered":"\n<p>.<br>.<br><\/p>\n\n\n\n<p class=\"has-text-align-center\"><strong><a href=\"https:\/\/activrando.org\/AR_blog\/2023\/01\/17\/clos-bargheon-mini-rando-a-la-chapelle-mardi-17-janv-2023-7-photos\/\" data-type=\"URL\" data-id=\"https:\/\/activrando.org\/AR_blog\/2023\/01\/17\/clos-bargheon-mini-rando-a-la-chapelle-mardi-17-janv-2023-7-photos\/\">&lt; &lt; &lt; ARTICLE PR\u00c9C\u00c9DENT<\/a><a rel=\"noreferrer noopener\" href=\"https:\/\/activrando.org\/AR_blog\/2021\/12\/28\/chapoulin-rando-sante-a-serbannes-mardi-28-dec-2021-6-photos\/\" target=\"_blank\"> <\/a>&#8212;&#8212;&#8212;&#8212;&#8212;&#8212;-<a rel=\"noreferrer noopener\" href=\"https:\/\/activrando.org\/AR_blog\/2021\/12\/28\/chapoulin-rando-sante-a-serbannes-mardi-28-dec-2021-6-photos\/\" target=\"_blank\"> <\/a><a rel=\"noreferrer noopener\" href=\"https:\/\/activrando.org\/AR_blog\/\" target=\"_blank\">ACCUEIL DU BLOG<\/a><a rel=\"noreferrer noopener\" href=\"https:\/\/activrando.org\/AR_blog\/2021\/12\/28\/chapoulin-rando-sante-a-serbannes-mardi-28-dec-2021-6-photos\/\" target=\"_blank\"> <\/a>&#8212;&#8212;&#8212;&#8212;&#8212;&#8212;&#8212;-<a rel=\"noreferrer noopener\" href=\"https:\/\/activrando.org\/AR_blog\/2021\/12\/28\/chapoulin-rando-sante-a-serbannes-mardi-28-dec-2021-6-photos\/\" target=\"_blank\"> <\/a><a href=\"https:\/\/activrando.org\/AR_blog\/2023\/01\/22\/la-besbre-journee-rando-a-chatel-montagne-dim-22-janvier-2023-18-photos\/\" data-type=\"URL\" data-id=\"https:\/\/activrando.org\/AR_blog\/2023\/01\/22\/la-besbre-journee-rando-a-chatel-montagne-dim-22-janvier-2023-18-photos\/\">ARTICLE SUIVANT > > ><\/a><\/strong><br>.<br>.<br><\/p>\n\n\n<div class=\"wp-block-image\">\n<figure class=\"aligncenter size-full\"><img decoding=\"async\" loading=\"lazy\" width=\"1024\" height=\"768\" src=\"https:\/\/activrando.org\/AR_blog\/wp-content\/uploads\/2023\/02\/230119-Brout-V-01-eglise.jpg\" alt=\"\" class=\"wp-image-5934\" srcset=\"https:\/\/activrando.org\/AR_blog\/wp-content\/uploads\/2023\/02\/230119-Brout-V-01-eglise.jpg 1024w, https:\/\/activrando.org\/AR_blog\/wp-content\/uploads\/2023\/02\/230119-Brout-V-01-eglise-300x225.jpg 300w, https:\/\/activrando.org\/AR_blog\/wp-content\/uploads\/2023\/02\/230119-Brout-V-01-eglise-768x576.jpg 768w\" sizes=\"(max-width: 1024px) 100vw, 1024px\" \/><figcaption class=\"wp-element-caption\">Nous partons de l&rsquo;\u00e9glise.<br>.<br>.<br><\/figcaption><\/figure><\/div>\n\n<div class=\"wp-block-image\">\n<figure class=\"aligncenter size-full\"><img decoding=\"async\" loading=\"lazy\" width=\"600\" height=\"644\" src=\"https:\/\/activrando.org\/AR_blog\/wp-content\/uploads\/2023\/02\/230119-Brout-V-02-Brew-Vernet.jpg\" alt=\"\" class=\"wp-image-5935\" srcset=\"https:\/\/activrando.org\/AR_blog\/wp-content\/uploads\/2023\/02\/230119-Brout-V-02-Brew-Vernet.jpg 600w, https:\/\/activrando.org\/AR_blog\/wp-content\/uploads\/2023\/02\/230119-Brout-V-02-Brew-Vernet-280x300.jpg 280w\" sizes=\"(max-width: 600px) 100vw, 600px\" \/><figcaption class=\"wp-element-caption\"><strong><a href=\"https:\/\/brasserie-brewvernet.fr\" data-type=\"URL\" data-id=\"https:\/\/brasserie-brewvernet.fr\">Brew Vernet<\/a><\/strong> : ici aussi, il y a un brasseur !<br>.<br>.<br><\/figcaption><\/figure><\/div>\n\n<div class=\"wp-block-image\">\n<figure class=\"aligncenter size-full\"><img decoding=\"async\" loading=\"lazy\" width=\"700\" height=\"705\" src=\"https:\/\/activrando.org\/AR_blog\/wp-content\/uploads\/2023\/02\/230119-Brout-V-03-voie-ferree.jpg\" alt=\"\" class=\"wp-image-5936\" srcset=\"https:\/\/activrando.org\/AR_blog\/wp-content\/uploads\/2023\/02\/230119-Brout-V-03-voie-ferree.jpg 700w, https:\/\/activrando.org\/AR_blog\/wp-content\/uploads\/2023\/02\/230119-Brout-V-03-voie-ferree-298x300.jpg 298w, https:\/\/activrando.org\/AR_blog\/wp-content\/uploads\/2023\/02\/230119-Brout-V-03-voie-ferree-150x150.jpg 150w\" sizes=\"(max-width: 700px) 100vw, 700px\" \/><figcaption class=\"wp-element-caption\">Ayant franchie la D 2009 (ex <strong><a href=\"https:\/\/fr.wikipedia.org\/wiki\/Route_nationale_9_(France_m\u00e9tropolitaine)\" data-type=\"URL\" data-id=\"https:\/\/fr.wikipedia.org\/wiki\/Route_nationale_9_(France_m\u00e9tropolitaine)\">N 9<\/a><\/strong>) nous sommes venus marcher dans la plaine o\u00f9 coule la <strong><a href=\"https:\/\/fr.wikipedia.org\/wiki\/Sioule\" data-type=\"URL\" data-id=\"https:\/\/fr.wikipedia.org\/wiki\/Sioule\">Sioule<\/a><\/strong> et traversons l&rsquo;ancienne voie ferr\u00e9e de la ligne Gannat &#8211; Moulins. La <strong><a href=\"https:\/\/fr.wikipedia.org\/wiki\/Compagnie_des_chemins_de_fer_de_Paris_\u00e0_Lyon_et_\u00e0_la_M\u00e9diterran\u00e9e\" data-type=\"URL\" data-id=\"https:\/\/fr.wikipedia.org\/wiki\/Compagnie_des_chemins_de_fer_de_Paris_\u00e0_Lyon_et_\u00e0_la_M\u00e9diterran\u00e9e\">compagnie PLM<\/a><\/strong> (Paris &#8211; Lyon &#8211; Marseille), qui exploita la ligne, fit construire d&rsquo;\u00e9l\u00e9gante petite maison pour loger les gardes-barri\u00e8res.<\/figcaption><\/figure><\/div>\n\n\n<p>.<br>.<\/p>\n\n\n<div class=\"wp-block-image\">\n<figure class=\"aligncenter size-full\"><img decoding=\"async\" loading=\"lazy\" width=\"1024\" height=\"692\" src=\"https:\/\/activrando.org\/AR_blog\/wp-content\/uploads\/2023\/02\/230119-Brout-V-04-portail.jpg\" alt=\"\" class=\"wp-image-5937\" srcset=\"https:\/\/activrando.org\/AR_blog\/wp-content\/uploads\/2023\/02\/230119-Brout-V-04-portail.jpg 1024w, https:\/\/activrando.org\/AR_blog\/wp-content\/uploads\/2023\/02\/230119-Brout-V-04-portail-300x203.jpg 300w, https:\/\/activrando.org\/AR_blog\/wp-content\/uploads\/2023\/02\/230119-Brout-V-04-portail-768x519.jpg 768w\" sizes=\"(max-width: 1024px) 100vw, 1024px\" \/><figcaption class=\"wp-element-caption\">.<br>.<br>.<br><\/figcaption><\/figure><\/div>\n\n<div class=\"wp-block-image\">\n<figure class=\"aligncenter size-full\"><img decoding=\"async\" loading=\"lazy\" width=\"1024\" height=\"768\" src=\"https:\/\/activrando.org\/AR_blog\/wp-content\/uploads\/2023\/02\/230119-Brout-V-05-pin-vaches.jpg\" alt=\"\" class=\"wp-image-5938\" srcset=\"https:\/\/activrando.org\/AR_blog\/wp-content\/uploads\/2023\/02\/230119-Brout-V-05-pin-vaches.jpg 1024w, https:\/\/activrando.org\/AR_blog\/wp-content\/uploads\/2023\/02\/230119-Brout-V-05-pin-vaches-300x225.jpg 300w, https:\/\/activrando.org\/AR_blog\/wp-content\/uploads\/2023\/02\/230119-Brout-V-05-pin-vaches-768x576.jpg 768w\" sizes=\"(max-width: 1024px) 100vw, 1024px\" \/><figcaption class=\"wp-element-caption\">.<br>.<br>.<br><\/figcaption><\/figure><\/div>\n\n<div class=\"wp-block-image\">\n<figure class=\"aligncenter size-full\"><img decoding=\"async\" loading=\"lazy\" width=\"1024\" height=\"747\" src=\"https:\/\/activrando.org\/AR_blog\/wp-content\/uploads\/2023\/02\/230119-Brout-V-06-riviere.jpg\" alt=\"\" class=\"wp-image-5939\" srcset=\"https:\/\/activrando.org\/AR_blog\/wp-content\/uploads\/2023\/02\/230119-Brout-V-06-riviere.jpg 1024w, https:\/\/activrando.org\/AR_blog\/wp-content\/uploads\/2023\/02\/230119-Brout-V-06-riviere-300x219.jpg 300w, https:\/\/activrando.org\/AR_blog\/wp-content\/uploads\/2023\/02\/230119-Brout-V-06-riviere-768x560.jpg 768w\" sizes=\"(max-width: 1024px) 100vw, 1024px\" \/><figcaption class=\"wp-element-caption\">Nous marchons un petit moment le long de la <strong><a href=\"https:\/\/fr.wikipedia.org\/wiki\/Sioule\" data-type=\"URL\" data-id=\"https:\/\/fr.wikipedia.org\/wiki\/Sioule\">Sioule<\/a><\/strong>.<br>.<br>.<br><\/figcaption><\/figure><\/div>\n\n<div class=\"wp-block-image\">\n<figure class=\"aligncenter size-full\"><img decoding=\"async\" loading=\"lazy\" width=\"1024\" height=\"629\" src=\"https:\/\/activrando.org\/AR_blog\/wp-content\/uploads\/2023\/02\/230119-Brout-V-07-riviere-vortex.jpg\" alt=\"\" class=\"wp-image-5940\" srcset=\"https:\/\/activrando.org\/AR_blog\/wp-content\/uploads\/2023\/02\/230119-Brout-V-07-riviere-vortex.jpg 1024w, https:\/\/activrando.org\/AR_blog\/wp-content\/uploads\/2023\/02\/230119-Brout-V-07-riviere-vortex-300x184.jpg 300w, https:\/\/activrando.org\/AR_blog\/wp-content\/uploads\/2023\/02\/230119-Brout-V-07-riviere-vortex-768x472.jpg 768w\" sizes=\"(max-width: 1024px) 100vw, 1024px\" \/><figcaption class=\"wp-element-caption\">La masse d&rsquo;eau en mouvement n&rsquo;est pas un bloc paisible et inerte, mais le si\u00e8ge de nombreuses turbulences. Ainsi, le long de la rive se forme des trains de <strong><a href=\"https:\/\/fr.wikipedia.org\/wiki\/Tourbillon_(physique)\" data-type=\"URL\" data-id=\"https:\/\/fr.wikipedia.org\/wiki\/Tourbillon_(physique)\">vortex<\/a><\/strong> (ici surlign\u00e9s en jaune) qui se creusent, s&rsquo;effacent puis se reforment plus loin.<br>.<br>.<br><\/figcaption><\/figure><\/div>\n\n<div class=\"wp-block-image\">\n<figure class=\"aligncenter size-full\"><img decoding=\"async\" loading=\"lazy\" width=\"1024\" height=\"531\" src=\"https:\/\/activrando.org\/AR_blog\/wp-content\/uploads\/2023\/02\/230119-Brout-V-08-groupe-marche.jpg\" alt=\"\" class=\"wp-image-5941\" srcset=\"https:\/\/activrando.org\/AR_blog\/wp-content\/uploads\/2023\/02\/230119-Brout-V-08-groupe-marche.jpg 1024w, https:\/\/activrando.org\/AR_blog\/wp-content\/uploads\/2023\/02\/230119-Brout-V-08-groupe-marche-300x156.jpg 300w, https:\/\/activrando.org\/AR_blog\/wp-content\/uploads\/2023\/02\/230119-Brout-V-08-groupe-marche-768x398.jpg 768w, https:\/\/activrando.org\/AR_blog\/wp-content\/uploads\/2023\/02\/230119-Brout-V-08-groupe-marche-538x280.jpg 538w\" sizes=\"(max-width: 1024px) 100vw, 1024px\" \/><figcaption class=\"wp-element-caption\">.<br>.<br>.<br><\/figcaption><\/figure><\/div>\n\n<div class=\"wp-block-image\">\n<figure class=\"aligncenter size-full\"><img decoding=\"async\" loading=\"lazy\" width=\"1024\" height=\"768\" src=\"https:\/\/activrando.org\/AR_blog\/wp-content\/uploads\/2023\/02\/230119-Brout-V-09-groupe-pose.jpg\" alt=\"\" class=\"wp-image-5942\" srcset=\"https:\/\/activrando.org\/AR_blog\/wp-content\/uploads\/2023\/02\/230119-Brout-V-09-groupe-pose.jpg 1024w, https:\/\/activrando.org\/AR_blog\/wp-content\/uploads\/2023\/02\/230119-Brout-V-09-groupe-pose-300x225.jpg 300w, https:\/\/activrando.org\/AR_blog\/wp-content\/uploads\/2023\/02\/230119-Brout-V-09-groupe-pose-768x576.jpg 768w\" sizes=\"(max-width: 1024px) 100vw, 1024px\" \/><figcaption class=\"wp-element-caption\">On coupe \u00e0 nouveau la vie ferr\u00e9e. Petite pose photo.<br>.<br>.<br><\/figcaption><\/figure><\/div>\n\n<div class=\"wp-block-image\">\n<figure class=\"aligncenter size-full\"><img decoding=\"async\" loading=\"lazy\" width=\"600\" height=\"800\" src=\"https:\/\/activrando.org\/AR_blog\/wp-content\/uploads\/2023\/02\/230119-Brout-V-10-maison.jpg\" alt=\"\" class=\"wp-image-5943\" srcset=\"https:\/\/activrando.org\/AR_blog\/wp-content\/uploads\/2023\/02\/230119-Brout-V-10-maison.jpg 600w, https:\/\/activrando.org\/AR_blog\/wp-content\/uploads\/2023\/02\/230119-Brout-V-10-maison-225x300.jpg 225w\" sizes=\"(max-width: 600px) 100vw, 600px\" \/><figcaption class=\"wp-element-caption\">Une autre maison de passage \u00e0 niveau.<br>.<br>.<br><\/figcaption><\/figure><\/div>\n\n<div class=\"wp-block-image\">\n<figure class=\"aligncenter size-full\"><img decoding=\"async\" loading=\"lazy\" width=\"1024\" height=\"733\" src=\"https:\/\/activrando.org\/AR_blog\/wp-content\/uploads\/2023\/02\/230119-Brout-V-11-chatons.jpg\" alt=\"\" class=\"wp-image-5944\" srcset=\"https:\/\/activrando.org\/AR_blog\/wp-content\/uploads\/2023\/02\/230119-Brout-V-11-chatons.jpg 1024w, https:\/\/activrando.org\/AR_blog\/wp-content\/uploads\/2023\/02\/230119-Brout-V-11-chatons-300x215.jpg 300w, https:\/\/activrando.org\/AR_blog\/wp-content\/uploads\/2023\/02\/230119-Brout-V-11-chatons-768x550.jpg 768w\" sizes=\"(max-width: 1024px) 100vw, 1024px\" \/><figcaption class=\"wp-element-caption\">Au c\u0153ur de l&rsquo;hiver, l&rsquo;apparition des <strong><a href=\"https:\/\/fr.wikipedia.org\/wiki\/Chaton_(botanique)\" data-type=\"URL\" data-id=\"https:\/\/fr.wikipedia.org\/wiki\/Chaton_(botanique)\">chatons<\/a><\/strong> est le signe que le printemps approche.<br>.<br>.<br><\/figcaption><\/figure><\/div>\n\n<div class=\"wp-block-image\">\n<figure class=\"aligncenter size-full\"><img decoding=\"async\" loading=\"lazy\" width=\"1024\" height=\"661\" src=\"https:\/\/activrando.org\/AR_blog\/wp-content\/uploads\/2023\/02\/230119-Brout-V-12-champignons.jpg\" alt=\"\" class=\"wp-image-5945\" srcset=\"https:\/\/activrando.org\/AR_blog\/wp-content\/uploads\/2023\/02\/230119-Brout-V-12-champignons.jpg 1024w, https:\/\/activrando.org\/AR_blog\/wp-content\/uploads\/2023\/02\/230119-Brout-V-12-champignons-300x194.jpg 300w, https:\/\/activrando.org\/AR_blog\/wp-content\/uploads\/2023\/02\/230119-Brout-V-12-champignons-768x496.jpg 768w\" sizes=\"(max-width: 1024px) 100vw, 1024px\" \/><figcaption class=\"wp-element-caption\">Ces mini champignons rouges sont des <strong><a href=\"https:\/\/fr.wikipedia.org\/wiki\/Sarcoscypha_coccinea\" data-type=\"URL\" data-id=\"https:\/\/fr.wikipedia.org\/wiki\/Sarcoscypha_coccinea\">P\u00e9zizes \u00e9carlates<\/a><\/strong>.<br>.<br>.<br><\/figcaption><\/figure><\/div>\n\n<div class=\"wp-block-image\">\n<figure class=\"aligncenter size-full\"><img decoding=\"async\" loading=\"lazy\" width=\"1024\" height=\"597\" src=\"https:\/\/activrando.org\/AR_blog\/wp-content\/uploads\/2023\/02\/230119-Brout-V-13-groupe-marche.jpg\" alt=\"\" class=\"wp-image-5946\" srcset=\"https:\/\/activrando.org\/AR_blog\/wp-content\/uploads\/2023\/02\/230119-Brout-V-13-groupe-marche.jpg 1024w, https:\/\/activrando.org\/AR_blog\/wp-content\/uploads\/2023\/02\/230119-Brout-V-13-groupe-marche-300x175.jpg 300w, https:\/\/activrando.org\/AR_blog\/wp-content\/uploads\/2023\/02\/230119-Brout-V-13-groupe-marche-768x448.jpg 768w\" sizes=\"(max-width: 1024px) 100vw, 1024px\" \/><figcaption class=\"wp-element-caption\">.<br>.<br>.<br><\/figcaption><\/figure><\/div>\n\n<div class=\"wp-block-image\">\n<figure class=\"aligncenter size-full\"><img decoding=\"async\" loading=\"lazy\" width=\"1024\" height=\"601\" src=\"https:\/\/activrando.org\/AR_blog\/wp-content\/uploads\/2023\/02\/230119-Brout-V-14-pont-village.jpg\" alt=\"\" class=\"wp-image-5947\" srcset=\"https:\/\/activrando.org\/AR_blog\/wp-content\/uploads\/2023\/02\/230119-Brout-V-14-pont-village.jpg 1024w, https:\/\/activrando.org\/AR_blog\/wp-content\/uploads\/2023\/02\/230119-Brout-V-14-pont-village-300x176.jpg 300w, https:\/\/activrando.org\/AR_blog\/wp-content\/uploads\/2023\/02\/230119-Brout-V-14-pont-village-768x451.jpg 768w\" sizes=\"(max-width: 1024px) 100vw, 1024px\" \/><figcaption class=\"wp-element-caption\">En franchissant le pont sur l&rsquo;<strong><a href=\"https:\/\/fr.wikipedia.org\/wiki\/Andelot_(rivi\u00e8re)\" data-type=\"URL\" data-id=\"https:\/\/fr.wikipedia.org\/wiki\/Andelot_(rivi\u00e8re)\">Andelot<\/a><\/strong>, nous arrivons par l&rsquo;Est en vue du village de Bro\u00fbt-Vernet.<br>.<br>.<br><\/figcaption><\/figure><\/div>\n\n<div class=\"wp-block-image\">\n<figure class=\"aligncenter size-full\"><img decoding=\"async\" loading=\"lazy\" width=\"1024\" height=\"768\" src=\"https:\/\/activrando.org\/AR_blog\/wp-content\/uploads\/2023\/02\/230119-Brout-V-15-cimetiere.jpg\" alt=\"\" class=\"wp-image-5948\" srcset=\"https:\/\/activrando.org\/AR_blog\/wp-content\/uploads\/2023\/02\/230119-Brout-V-15-cimetiere.jpg 1024w, https:\/\/activrando.org\/AR_blog\/wp-content\/uploads\/2023\/02\/230119-Brout-V-15-cimetiere-300x225.jpg 300w, https:\/\/activrando.org\/AR_blog\/wp-content\/uploads\/2023\/02\/230119-Brout-V-15-cimetiere-768x576.jpg 768w\" sizes=\"(max-width: 1024px) 100vw, 1024px\" \/><figcaption class=\"wp-element-caption\">Nous remontons vers l&rsquo;\u00e9glise en traversant le cimeti\u00e8re. Au milieu, tr\u00f4ne l&rsquo;e&rsquo;imposant mausol\u00e9e de style n\u00e9o-classique d&rsquo;<strong><a href=\"https:\/\/fr.wikipedia.org\/wiki\/Eug\u00e8ne_Rouher\" data-type=\"URL\" data-id=\"https:\/\/fr.wikipedia.org\/wiki\/Eug\u00e8ne_Rouher\">Eug\u00e8ne Rouher<\/a><\/strong>.<br>.<br>.<br><\/figcaption><\/figure><\/div>\n\n<div class=\"wp-block-image\">\n<figure class=\"aligncenter size-full\"><img decoding=\"async\" loading=\"lazy\" width=\"1024\" height=\"768\" src=\"https:\/\/activrando.org\/AR_blog\/wp-content\/uploads\/2023\/02\/230119-Brout-V-16-groupe-marche.jpg\" alt=\"\" class=\"wp-image-5949\" srcset=\"https:\/\/activrando.org\/AR_blog\/wp-content\/uploads\/2023\/02\/230119-Brout-V-16-groupe-marche.jpg 1024w, https:\/\/activrando.org\/AR_blog\/wp-content\/uploads\/2023\/02\/230119-Brout-V-16-groupe-marche-300x225.jpg 300w, https:\/\/activrando.org\/AR_blog\/wp-content\/uploads\/2023\/02\/230119-Brout-V-16-groupe-marche-768x576.jpg 768w\" sizes=\"(max-width: 1024px) 100vw, 1024px\" \/><figcaption class=\"wp-element-caption\">.<br>.<br><\/figcaption><\/figure><\/div>\n\n\n<p class=\"has-text-align-center\"><strong><a href=\"https:\/\/activrando.org\/AR_blog\/2023\/01\/17\/clos-bargheon-mini-rando-a-la-chapelle-mardi-17-janv-2023-7-photos\/\">&lt; &lt; &lt; ARTICLE PR\u00c9C\u00c9DENT<\/a><a rel=\"noreferrer noopener\" href=\"https:\/\/activrando.org\/AR_blog\/2021\/12\/28\/chapoulin-rando-sante-a-serbannes-mardi-28-dec-2021-6-photos\/\" target=\"_blank\"> <\/a>&#8212;&#8212;&#8212;&#8212;&#8212;&#8212;-<a rel=\"noreferrer noopener\" href=\"https:\/\/activrando.org\/AR_blog\/2021\/12\/28\/chapoulin-rando-sante-a-serbannes-mardi-28-dec-2021-6-photos\/\" target=\"_blank\"> <\/a><a rel=\"noreferrer noopener\" href=\"https:\/\/activrando.org\/AR_blog\/\" target=\"_blank\">ACCUEIL DU BLOG<\/a><a rel=\"noreferrer noopener\" href=\"https:\/\/activrando.org\/AR_blog\/2021\/12\/28\/chapoulin-rando-sante-a-serbannes-mardi-28-dec-2021-6-photos\/\" target=\"_blank\"> <\/a>&#8212;&#8212;&#8212;&#8212;&#8212;&#8212;&#8212;-<a rel=\"noreferrer noopener\" href=\"https:\/\/activrando.org\/AR_blog\/2021\/12\/28\/chapoulin-rando-sante-a-serbannes-mardi-28-dec-2021-6-photos\/\" target=\"_blank\"> <\/a><a href=\"https:\/\/activrando.org\/AR_blog\/2023\/01\/22\/la-besbre-journee-rando-a-chatel-montagne-dim-22-janvier-2023-18-photos\/\" data-type=\"URL\" data-id=\"https:\/\/activrando.org\/AR_blog\/2023\/01\/22\/la-besbre-journee-rando-a-chatel-montagne-dim-22-janvier-2023-18-photos\/\">ARTICLE SUIVANT > > ><\/a><\/strong><br>.<br>.<br><\/p>\n","protected":false},"excerpt":{"rendered":"<p>Parcours entre Sioule et Andelot, avec franchissement de l&rsquo;ancienne N9 et d&rsquo;une voie ferr\u00e9e d\u00e9saffect\u00e9e.<\/p>\n","protected":false},"author":2,"featured_media":5950,"comment_status":"closed","ping_status":"closed","sticky":false,"template":"","format":"standard","meta":[],"categories":[2],"tags":[22,62],"_links":{"self":[{"href":"https:\/\/activrando.org\/AR_blog\/wp-json\/wp\/v2\/posts\/5933"}],"collection":[{"href":"https:\/\/activrando.org\/AR_blog\/wp-json\/wp\/v2\/posts"}],"about":[{"href":"https:\/\/activrando.org\/AR_blog\/wp-json\/wp\/v2\/types\/post"}],"author":[{"embeddable":true,"href":"https:\/\/activrando.org\/AR_blog\/wp-json\/wp\/v2\/users\/2"}],"replies":[{"embeddable":true,"href":"https:\/\/activrando.org\/AR_blog\/wp-json\/wp\/v2\/comments?post=5933"}],"version-history":[{"count":3,"href":"https:\/\/activrando.org\/AR_blog\/wp-json\/wp\/v2\/posts\/5933\/revisions"}],"predecessor-version":[{"id":5990,"href":"https:\/\/activrando.org\/AR_blog\/wp-json\/wp\/v2\/posts\/5933\/revisions\/5990"}],"wp:featuredmedia":[{"embeddable":true,"href":"https:\/\/activrando.org\/AR_blog\/wp-json\/wp\/v2\/media\/5950"}],"wp:attachment":[{"href":"https:\/\/activrando.org\/AR_blog\/wp-json\/wp\/v2\/media?parent=5933"}],"wp:term":[{"taxonomy":"category","embeddable":true,"href":"https:\/\/activrando.org\/AR_blog\/wp-json\/wp\/v2\/categories?post=5933"},{"taxonomy":"post_tag","embeddable":true,"href":"https:\/\/activrando.org\/AR_blog\/wp-json\/wp\/v2\/tags?post=5933"}],"curies":[{"name":"wp","href":"https:\/\/api.w.org\/{rel}","templated":true}]}}