{"id":589,"date":"2019-07-18T23:49:33","date_gmt":"2019-07-18T21:49:33","guid":{"rendered":"http:\/\/activrando.org\/AR_blog\/?p=589"},"modified":"2019-12-14T22:29:02","modified_gmt":"2019-12-14T21:29:02","slug":"foret-de-montpensier-le-18-juillet-a-bellerive-allier","status":"publish","type":"post","link":"https:\/\/activrando.org\/AR_blog\/2019\/07\/18\/foret-de-montpensier-le-18-juillet-a-bellerive-allier\/","title":{"rendered":"\u00a0\u00bbFor\u00eat de Montpensier\u00a0\u00bb, le 18 juillet, \u00e0 Bellerive\/Allier (6 photos)"},"content":{"rendered":"\n<p><strong><a href=\"https:\/\/activrando.org\/AR_blog\/2019\/08\/01\/30-juillet-rando-sante-a-vendat\/\">&gt; &gt; &gt; ARTICLE SUIVANT<\/a><\/strong><\/p>\n\n\n\n<p><strong><a href=\"https:\/\/activrando.org\/AR_blog\/2019\/07\/15\/balade-du-soir-le-15-juillet-a-st-felix\/\">&gt; &gt; &gt; ARTICLE PR\u00c9C\u00c9DENT<\/a><\/strong><\/p>\n\n\n\n<p>Une balade en for\u00eat, c&rsquo;est bien agr\u00e9able par beau temps chaud.<\/p>\n\n\n\n<figure class=\"wp-block-image\"><img decoding=\"async\" loading=\"lazy\" width=\"1024\" height=\"680\" src=\"https:\/\/activrando.org\/AR_blog\/wp-content\/uploads\/2019\/11\/190718-Bellerive-01-groupe-marche-1024x680.jpg\" alt=\"\" class=\"wp-image-590\" srcset=\"https:\/\/activrando.org\/AR_blog\/wp-content\/uploads\/2019\/11\/190718-Bellerive-01-groupe-marche.jpg 1024w, https:\/\/activrando.org\/AR_blog\/wp-content\/uploads\/2019\/11\/190718-Bellerive-01-groupe-marche-300x199.jpg 300w, https:\/\/activrando.org\/AR_blog\/wp-content\/uploads\/2019\/11\/190718-Bellerive-01-groupe-marche-768x510.jpg 768w\" sizes=\"(max-width: 1024px) 100vw, 1024px\" \/><figcaption>  .  <br><br>  .  <\/figcaption><\/figure>\n\n\n\n<figure class=\"wp-block-image\"><img decoding=\"async\" loading=\"lazy\" width=\"1024\" height=\"680\" src=\"https:\/\/activrando.org\/AR_blog\/wp-content\/uploads\/2019\/11\/190718-Bellerive-02-fleurs-asters-1024x680.jpg\" alt=\"\" class=\"wp-image-591\" srcset=\"https:\/\/activrando.org\/AR_blog\/wp-content\/uploads\/2019\/11\/190718-Bellerive-02-fleurs-asters.jpg 1024w, https:\/\/activrando.org\/AR_blog\/wp-content\/uploads\/2019\/11\/190718-Bellerive-02-fleurs-asters-300x199.jpg 300w, https:\/\/activrando.org\/AR_blog\/wp-content\/uploads\/2019\/11\/190718-Bellerive-02-fleurs-asters-768x510.jpg 768w\" sizes=\"(max-width: 1024px) 100vw, 1024px\" \/><figcaption>  .  <br><br>  .  <\/figcaption><\/figure>\n\n\n\n<figure class=\"wp-block-image\"><img decoding=\"async\" loading=\"lazy\" width=\"1024\" height=\"768\" src=\"https:\/\/activrando.org\/AR_blog\/wp-content\/uploads\/2019\/11\/190718-Bellerive-03-arbre-lierre-1024x768.jpg\" alt=\"\" class=\"wp-image-592\" srcset=\"https:\/\/activrando.org\/AR_blog\/wp-content\/uploads\/2019\/11\/190718-Bellerive-03-arbre-lierre.jpg 1024w, https:\/\/activrando.org\/AR_blog\/wp-content\/uploads\/2019\/11\/190718-Bellerive-03-arbre-lierre-300x225.jpg 300w, https:\/\/activrando.org\/AR_blog\/wp-content\/uploads\/2019\/11\/190718-Bellerive-03-arbre-lierre-768x576.jpg 768w\" sizes=\"(max-width: 1024px) 100vw, 1024px\" \/><figcaption>  .  <br><br>  .  <\/figcaption><\/figure>\n\n\n\n<figure class=\"wp-block-image\"><img decoding=\"async\" loading=\"lazy\" width=\"1024\" height=\"768\" src=\"https:\/\/activrando.org\/AR_blog\/wp-content\/uploads\/2019\/11\/190718-Bellerive-04-pierre-dressee-1024x768.jpg\" alt=\"\" class=\"wp-image-593\" srcset=\"https:\/\/activrando.org\/AR_blog\/wp-content\/uploads\/2019\/11\/190718-Bellerive-04-pierre-dressee.jpg 1024w, https:\/\/activrando.org\/AR_blog\/wp-content\/uploads\/2019\/11\/190718-Bellerive-04-pierre-dressee-300x225.jpg 300w, https:\/\/activrando.org\/AR_blog\/wp-content\/uploads\/2019\/11\/190718-Bellerive-04-pierre-dressee-768x576.jpg 768w\" sizes=\"(max-width: 1024px) 100vw, 1024px\" \/><figcaption>Un pierre dress\u00e9e ancienne, que l&rsquo;Eglise \u00e0 domin\u00e9e d&rsquo;une croix.<br><br>  .  <\/figcaption><\/figure>\n\n\n\n<figure class=\"wp-block-image\"><img decoding=\"async\" loading=\"lazy\" width=\"900\" height=\"900\" src=\"https:\/\/activrando.org\/AR_blog\/wp-content\/uploads\/2019\/11\/190718-Bellerive-05-groupe-pose.jpg\" alt=\"\" class=\"wp-image-594\" srcset=\"https:\/\/activrando.org\/AR_blog\/wp-content\/uploads\/2019\/11\/190718-Bellerive-05-groupe-pose.jpg 900w, https:\/\/activrando.org\/AR_blog\/wp-content\/uploads\/2019\/11\/190718-Bellerive-05-groupe-pose-150x150.jpg 150w, https:\/\/activrando.org\/AR_blog\/wp-content\/uploads\/2019\/11\/190718-Bellerive-05-groupe-pose-300x300.jpg 300w, https:\/\/activrando.org\/AR_blog\/wp-content\/uploads\/2019\/11\/190718-Bellerive-05-groupe-pose-768x768.jpg 768w\" sizes=\"(max-width: 900px) 100vw, 900px\" \/><figcaption>  .  <br><br>  .  <\/figcaption><\/figure>\n\n\n\n<figure class=\"wp-block-image\"><img decoding=\"async\" loading=\"lazy\" width=\"1024\" height=\"680\" src=\"https:\/\/activrando.org\/AR_blog\/wp-content\/uploads\/2019\/11\/190718-Bellerive-06-balles-paille-roses-1024x680.jpg\" alt=\"\" class=\"wp-image-595\" srcset=\"https:\/\/activrando.org\/AR_blog\/wp-content\/uploads\/2019\/11\/190718-Bellerive-06-balles-paille-roses.jpg 1024w, https:\/\/activrando.org\/AR_blog\/wp-content\/uploads\/2019\/11\/190718-Bellerive-06-balles-paille-roses-300x199.jpg 300w, https:\/\/activrando.org\/AR_blog\/wp-content\/uploads\/2019\/11\/190718-Bellerive-06-balles-paille-roses-768x510.jpg 768w\" sizes=\"(max-width: 1024px) 100vw, 1024px\" \/><figcaption>Balles de foin envelopp\u00e9es dans du film rose, dont une partie du prix est revers\u00e9e \u00e0 la recherche sur le cancer du sein.<br><br>  .  <\/figcaption><\/figure>\n\n\n\n<p><strong><a href=\"https:\/\/activrando.org\/AR_blog\/2019\/08\/01\/30-juillet-rando-sante-a-vendat\/\">&gt; &gt; &gt; ARTICLE SUIVANT<\/a><\/strong><\/p>\n\n\n\n<p><strong><a href=\"https:\/\/activrando.org\/AR_blog\/\">&gt; &gt; &gt; ACCUEIL DU BLOG<\/a><\/strong><\/p>\n\n\n\n<p><strong><a href=\"https:\/\/activrando.org\/AR_blog\/2019\/07\/15\/balade-du-soir-le-15-juillet-a-st-felix\/\">&gt; &gt; &gt; ARTICLE PR\u00c9C\u00c9DENT<\/a><\/strong><\/p>\n","protected":false},"excerpt":{"rendered":"<p>&gt; &gt; &gt; ARTICLE SUIVANT &gt; &gt; &gt; ARTICLE PR\u00c9C\u00c9DENT Une balade en for\u00eat, c&rsquo;est bien agr\u00e9able par beau temps chaud. &gt; &gt; &gt; ARTICLE SUIVANT &gt; &gt; &gt; ACCUEIL DU BLOG &gt; &gt; &gt; ARTICLE PR\u00c9C\u00c9DENT<\/p>\n","protected":false},"author":2,"featured_media":0,"comment_status":"closed","ping_status":"closed","sticky":false,"template":"","format":"standard","meta":[],"categories":[2],"tags":[],"_links":{"self":[{"href":"https:\/\/activrando.org\/AR_blog\/wp-json\/wp\/v2\/posts\/589"}],"collection":[{"href":"https:\/\/activrando.org\/AR_blog\/wp-json\/wp\/v2\/posts"}],"about":[{"href":"https:\/\/activrando.org\/AR_blog\/wp-json\/wp\/v2\/types\/post"}],"author":[{"embeddable":true,"href":"https:\/\/activrando.org\/AR_blog\/wp-json\/wp\/v2\/users\/2"}],"replies":[{"embeddable":true,"href":"https:\/\/activrando.org\/AR_blog\/wp-json\/wp\/v2\/comments?post=589"}],"version-history":[{"count":3,"href":"https:\/\/activrando.org\/AR_blog\/wp-json\/wp\/v2\/posts\/589\/revisions"}],"predecessor-version":[{"id":943,"href":"https:\/\/activrando.org\/AR_blog\/wp-json\/wp\/v2\/posts\/589\/revisions\/943"}],"wp:attachment":[{"href":"https:\/\/activrando.org\/AR_blog\/wp-json\/wp\/v2\/media?parent=589"}],"wp:term":[{"taxonomy":"category","embeddable":true,"href":"https:\/\/activrando.org\/AR_blog\/wp-json\/wp\/v2\/categories?post=589"},{"taxonomy":"post_tag","embeddable":true,"href":"https:\/\/activrando.org\/AR_blog\/wp-json\/wp\/v2\/tags?post=589"}],"curies":[{"name":"wp","href":"https:\/\/api.w.org\/{rel}","templated":true}]}}