{"id":5855,"date":"2023-01-15T23:27:25","date_gmt":"2023-01-15T22:27:25","guid":{"rendered":"https:\/\/activrando.org\/AR_blog\/?p=5855"},"modified":"2023-02-04T23:16:31","modified_gmt":"2023-02-04T22:16:31","slug":"st-leger-journee-rando-a-gannat-dim-15-janv-2023-39-photos","status":"publish","type":"post","link":"https:\/\/activrando.org\/AR_blog\/2023\/01\/15\/st-leger-journee-rando-a-gannat-dim-15-janv-2023-39-photos\/","title":{"rendered":"\u00ab\u00a0St-L\u00e9ger\u00a0\u00bb, journ\u00e9e-rando \u00e0 Gannat, dim. 15 janv. 2023 (39 photos)"},"content":{"rendered":"\n<p class=\"has-text-align-center\">.<br>.<br><\/p>\n\n\n\n<p class=\"has-text-align-center\"><strong><a href=\"https:\/\/activrando.org\/AR_blog\/2023\/01\/12\/togue-petite-rando-a-langy-jeudi-12-janv-2023-7-photos\/\" data-type=\"URL\" data-id=\"https:\/\/activrando.org\/AR_blog\/2023\/01\/12\/togue-petite-rando-a-langy-jeudi-12-janv-2023-7-photos\/\">&lt; &lt; &lt; ARTICLE PR\u00c9C\u00c9DENT<\/a><a rel=\"noreferrer noopener\" href=\"https:\/\/activrando.org\/AR_blog\/2021\/12\/28\/chapoulin-rando-sante-a-serbannes-mardi-28-dec-2021-6-photos\/\" target=\"_blank\"> <\/a>&#8212;&#8212;&#8212;&#8212;&#8212;&#8212;-<a rel=\"noreferrer noopener\" href=\"https:\/\/activrando.org\/AR_blog\/2021\/12\/28\/chapoulin-rando-sante-a-serbannes-mardi-28-dec-2021-6-photos\/\" target=\"_blank\"> <\/a><a rel=\"noreferrer noopener\" href=\"https:\/\/activrando.org\/AR_blog\/\" target=\"_blank\">ACCUEIL DU BLOG<\/a><a rel=\"noreferrer noopener\" href=\"https:\/\/activrando.org\/AR_blog\/2021\/12\/28\/chapoulin-rando-sante-a-serbannes-mardi-28-dec-2021-6-photos\/\" target=\"_blank\"> <\/a>&#8212;&#8212;&#8212;&#8212;&#8212;&#8212;&#8212;-<a rel=\"noreferrer noopener\" href=\"https:\/\/activrando.org\/AR_blog\/2021\/12\/28\/chapoulin-rando-sante-a-serbannes-mardi-28-dec-2021-6-photos\/\" target=\"_blank\"> <\/a><a href=\"https:\/\/activrando.org\/AR_blog\/2023\/01\/17\/clos-bargheon-mini-rando-a-la-chapelle-mardi-17-janv-2023-7-photos\/\" data-type=\"URL\" data-id=\"https:\/\/activrando.org\/AR_blog\/2023\/01\/17\/clos-bargheon-mini-rando-a-la-chapelle-mardi-17-janv-2023-7-photos\/\">ARTICLE SUIVANT > > ><\/a><\/strong><br>.<br>.<br><\/p>\n\n\n<div class=\"wp-block-image\">\n<figure class=\"aligncenter size-full\"><img decoding=\"async\" loading=\"lazy\" width=\"1024\" height=\"768\" src=\"https:\/\/activrando.org\/AR_blog\/wp-content\/uploads\/2023\/02\/230115-Gannat-01-groupe-marche.jpg\" alt=\"\" class=\"wp-image-5856\" srcset=\"https:\/\/activrando.org\/AR_blog\/wp-content\/uploads\/2023\/02\/230115-Gannat-01-groupe-marche.jpg 1024w, https:\/\/activrando.org\/AR_blog\/wp-content\/uploads\/2023\/02\/230115-Gannat-01-groupe-marche-300x225.jpg 300w, https:\/\/activrando.org\/AR_blog\/wp-content\/uploads\/2023\/02\/230115-Gannat-01-groupe-marche-768x576.jpg 768w\" sizes=\"(max-width: 1024px) 100vw, 1024px\" \/><figcaption class=\"wp-element-caption\">On a commenc\u00e9 la marche sous une petite pluie fine&#8230;<br>.<br>.<br><\/figcaption><\/figure><\/div>\n\n<div class=\"wp-block-image\">\n<figure class=\"aligncenter size-full\"><img decoding=\"async\" loading=\"lazy\" width=\"1024\" height=\"768\" src=\"https:\/\/activrando.org\/AR_blog\/wp-content\/uploads\/2023\/02\/230115-Gannat-02-groupe-marche-ruisseau.jpg\" alt=\"\" class=\"wp-image-5857\" srcset=\"https:\/\/activrando.org\/AR_blog\/wp-content\/uploads\/2023\/02\/230115-Gannat-02-groupe-marche-ruisseau.jpg 1024w, https:\/\/activrando.org\/AR_blog\/wp-content\/uploads\/2023\/02\/230115-Gannat-02-groupe-marche-ruisseau-300x225.jpg 300w, https:\/\/activrando.org\/AR_blog\/wp-content\/uploads\/2023\/02\/230115-Gannat-02-groupe-marche-ruisseau-768x576.jpg 768w\" sizes=\"(max-width: 1024px) 100vw, 1024px\" \/><figcaption class=\"wp-element-caption\">Franchissement de ruisseau =&gt; le geste devient technique : on allonge un peu plus la jambe&#8230; et \u00e7a paaasse ! ;-)))<br>.<br>.<br><\/figcaption><\/figure><\/div>\n\n<div class=\"wp-block-image\">\n<figure class=\"aligncenter size-full\"><img decoding=\"async\" loading=\"lazy\" width=\"1024\" height=\"504\" src=\"https:\/\/activrando.org\/AR_blog\/wp-content\/uploads\/2023\/02\/230115-Gannat-03-groupe-marche-ruisseau.jpg\" alt=\"\" class=\"wp-image-5858\" srcset=\"https:\/\/activrando.org\/AR_blog\/wp-content\/uploads\/2023\/02\/230115-Gannat-03-groupe-marche-ruisseau.jpg 1024w, https:\/\/activrando.org\/AR_blog\/wp-content\/uploads\/2023\/02\/230115-Gannat-03-groupe-marche-ruisseau-300x148.jpg 300w, https:\/\/activrando.org\/AR_blog\/wp-content\/uploads\/2023\/02\/230115-Gannat-03-groupe-marche-ruisseau-768x378.jpg 768w\" sizes=\"(max-width: 1024px) 100vw, 1024px\" \/><figcaption class=\"wp-element-caption\">C\u00f4t\u00e9 Ouest l&rsquo;am\u00e9lioration de temps pr\u00e9vue par la m\u00e9t\u00e9o pour la mi-journ\u00e9e s&rsquo;annonce dans le ciel.<br>.<br>.<br><\/figcaption><\/figure><\/div>\n\n<div class=\"wp-block-image\">\n<figure class=\"aligncenter size-full\"><img decoding=\"async\" loading=\"lazy\" width=\"1024\" height=\"499\" src=\"https:\/\/activrando.org\/AR_blog\/wp-content\/uploads\/2023\/02\/230115-Gannat-04-carriere.jpg\" alt=\"\" class=\"wp-image-5859\" srcset=\"https:\/\/activrando.org\/AR_blog\/wp-content\/uploads\/2023\/02\/230115-Gannat-04-carriere.jpg 1024w, https:\/\/activrando.org\/AR_blog\/wp-content\/uploads\/2023\/02\/230115-Gannat-04-carriere-300x146.jpg 300w, https:\/\/activrando.org\/AR_blog\/wp-content\/uploads\/2023\/02\/230115-Gannat-04-carriere-768x374.jpg 768w\" sizes=\"(max-width: 1024px) 100vw, 1024px\" \/><figcaption class=\"wp-element-caption\">Une grande carri\u00e8re sur la hauteur, loin de tout, visible de nulle part, mais qui doit produire de belles quantit\u00e9s de mat\u00e9riaux.<br>.<br>.<br><\/figcaption><\/figure><\/div>\n\n<div class=\"wp-block-image\">\n<figure class=\"aligncenter size-full\"><img decoding=\"async\" loading=\"lazy\" width=\"1024\" height=\"768\" src=\"https:\/\/activrando.org\/AR_blog\/wp-content\/uploads\/2023\/02\/230115-Gannat-05-Ebreuil-groupe-marche-pont.jpg\" alt=\"\" class=\"wp-image-5860\" srcset=\"https:\/\/activrando.org\/AR_blog\/wp-content\/uploads\/2023\/02\/230115-Gannat-05-Ebreuil-groupe-marche-pont.jpg 1024w, https:\/\/activrando.org\/AR_blog\/wp-content\/uploads\/2023\/02\/230115-Gannat-05-Ebreuil-groupe-marche-pont-300x225.jpg 300w, https:\/\/activrando.org\/AR_blog\/wp-content\/uploads\/2023\/02\/230115-Gannat-05-Ebreuil-groupe-marche-pont-768x576.jpg 768w\" sizes=\"(max-width: 1024px) 100vw, 1024px\" \/><figcaption class=\"wp-element-caption\">On a franchie la c\u00f4te, on est redescendu de l&rsquo;autre c\u00f4t\u00e9 et nous voil\u00e0 \u00e0 Ebreuil.<br>.<br>.<br><\/figcaption><\/figure><\/div>\n\n<div class=\"wp-block-image\">\n<figure class=\"aligncenter size-full\"><img decoding=\"async\" loading=\"lazy\" width=\"1024\" height=\"711\" src=\"https:\/\/activrando.org\/AR_blog\/wp-content\/uploads\/2023\/02\/230115-Gannat-06-Ebreuil-groupe-marche-allee.jpg\" alt=\"\" class=\"wp-image-5861\" srcset=\"https:\/\/activrando.org\/AR_blog\/wp-content\/uploads\/2023\/02\/230115-Gannat-06-Ebreuil-groupe-marche-allee.jpg 1024w, https:\/\/activrando.org\/AR_blog\/wp-content\/uploads\/2023\/02\/230115-Gannat-06-Ebreuil-groupe-marche-allee-300x208.jpg 300w, https:\/\/activrando.org\/AR_blog\/wp-content\/uploads\/2023\/02\/230115-Gannat-06-Ebreuil-groupe-marche-allee-768x533.jpg 768w\" sizes=\"(max-width: 1024px) 100vw, 1024px\" \/><figcaption class=\"wp-element-caption\">Un joli passage le long de la Sioule.<br>.<br>.<br><\/figcaption><\/figure><\/div>\n\n<div class=\"wp-block-image\">\n<figure class=\"aligncenter size-full\"><img decoding=\"async\" loading=\"lazy\" width=\"1024\" height=\"595\" src=\"https:\/\/activrando.org\/AR_blog\/wp-content\/uploads\/2023\/02\/230115-Gannat-07-Ebreuil-batiments.jpg\" alt=\"\" class=\"wp-image-5863\" srcset=\"https:\/\/activrando.org\/AR_blog\/wp-content\/uploads\/2023\/02\/230115-Gannat-07-Ebreuil-batiments.jpg 1024w, https:\/\/activrando.org\/AR_blog\/wp-content\/uploads\/2023\/02\/230115-Gannat-07-Ebreuil-batiments-300x174.jpg 300w, https:\/\/activrando.org\/AR_blog\/wp-content\/uploads\/2023\/02\/230115-Gannat-07-Ebreuil-batiments-768x446.jpg 768w\" sizes=\"(max-width: 1024px) 100vw, 1024px\" \/><figcaption class=\"wp-element-caption\">Nous arrivons, par la rive de Sioule, au quartier historique.<br>.<br>.<br><\/figcaption><\/figure><\/div>\n\n<div class=\"wp-block-image\">\n<figure class=\"aligncenter size-full\"><img decoding=\"async\" loading=\"lazy\" width=\"1024\" height=\"717\" src=\"https:\/\/activrando.org\/AR_blog\/wp-content\/uploads\/2023\/02\/230115-Gannat-08-Ebreuil-batiment.jpg\" alt=\"\" class=\"wp-image-5864\" srcset=\"https:\/\/activrando.org\/AR_blog\/wp-content\/uploads\/2023\/02\/230115-Gannat-08-Ebreuil-batiment.jpg 1024w, https:\/\/activrando.org\/AR_blog\/wp-content\/uploads\/2023\/02\/230115-Gannat-08-Ebreuil-batiment-300x210.jpg 300w, https:\/\/activrando.org\/AR_blog\/wp-content\/uploads\/2023\/02\/230115-Gannat-08-Ebreuil-batiment-768x538.jpg 768w\" sizes=\"(max-width: 1024px) 100vw, 1024px\" \/><figcaption class=\"wp-element-caption\">.<br>.<br>.<br><\/figcaption><\/figure><\/div>\n\n<div class=\"wp-block-image\">\n<figure class=\"aligncenter size-full\"><img decoding=\"async\" loading=\"lazy\" width=\"640\" height=\"990\" src=\"https:\/\/activrando.org\/AR_blog\/wp-content\/uploads\/2023\/02\/230115-Gannat-09-Ebreuil-maison.jpg\" alt=\"\" class=\"wp-image-5865\" srcset=\"https:\/\/activrando.org\/AR_blog\/wp-content\/uploads\/2023\/02\/230115-Gannat-09-Ebreuil-maison.jpg 640w, https:\/\/activrando.org\/AR_blog\/wp-content\/uploads\/2023\/02\/230115-Gannat-09-Ebreuil-maison-194x300.jpg 194w\" sizes=\"(max-width: 640px) 100vw, 640px\" \/><figcaption class=\"wp-element-caption\">.<br>.<br>.<br><\/figcaption><\/figure><\/div>\n\n<div class=\"wp-block-image\">\n<figure class=\"aligncenter size-full\"><img decoding=\"async\" loading=\"lazy\" width=\"1024\" height=\"768\" src=\"https:\/\/activrando.org\/AR_blog\/wp-content\/uploads\/2023\/02\/230115-Gannat-10-Ebreuil-halle.jpg\" alt=\"\" class=\"wp-image-5866\" srcset=\"https:\/\/activrando.org\/AR_blog\/wp-content\/uploads\/2023\/02\/230115-Gannat-10-Ebreuil-halle.jpg 1024w, https:\/\/activrando.org\/AR_blog\/wp-content\/uploads\/2023\/02\/230115-Gannat-10-Ebreuil-halle-300x225.jpg 300w, https:\/\/activrando.org\/AR_blog\/wp-content\/uploads\/2023\/02\/230115-Gannat-10-Ebreuil-halle-768x576.jpg 768w\" sizes=\"(max-width: 1024px) 100vw, 1024px\" \/><figcaption class=\"wp-element-caption\">Juste \u00e0 c\u00f4t\u00e9 de l&rsquo;\u00e9glise, la halle ancienne.<br>.<br>.<br><\/figcaption><\/figure><\/div>\n\n<div class=\"wp-block-image\">\n<figure class=\"aligncenter size-full\"><img decoding=\"async\" loading=\"lazy\" width=\"1024\" height=\"870\" src=\"https:\/\/activrando.org\/AR_blog\/wp-content\/uploads\/2023\/02\/230115-Gannat-11-Ebreuil-eglise.jpg\" alt=\"\" class=\"wp-image-5868\" srcset=\"https:\/\/activrando.org\/AR_blog\/wp-content\/uploads\/2023\/02\/230115-Gannat-11-Ebreuil-eglise.jpg 1024w, https:\/\/activrando.org\/AR_blog\/wp-content\/uploads\/2023\/02\/230115-Gannat-11-Ebreuil-eglise-300x255.jpg 300w, https:\/\/activrando.org\/AR_blog\/wp-content\/uploads\/2023\/02\/230115-Gannat-11-Ebreuil-eglise-768x653.jpg 768w\" sizes=\"(max-width: 1024px) 100vw, 1024px\" \/><figcaption class=\"wp-element-caption\">L&rsquo;\u00e9glise Saint-l\u00e9ger<br>.<br>.<br><\/figcaption><\/figure><\/div>\n\n<div class=\"wp-block-image\">\n<figure class=\"aligncenter size-full\"><img decoding=\"async\" loading=\"lazy\" width=\"1024\" height=\"769\" src=\"https:\/\/activrando.org\/AR_blog\/wp-content\/uploads\/2023\/02\/230115-Gannat-11-Ebreuil-eglise-plan.jpg\" alt=\"\" class=\"wp-image-5867\" srcset=\"https:\/\/activrando.org\/AR_blog\/wp-content\/uploads\/2023\/02\/230115-Gannat-11-Ebreuil-eglise-plan.jpg 1024w, https:\/\/activrando.org\/AR_blog\/wp-content\/uploads\/2023\/02\/230115-Gannat-11-Ebreuil-eglise-plan-300x225.jpg 300w, https:\/\/activrando.org\/AR_blog\/wp-content\/uploads\/2023\/02\/230115-Gannat-11-Ebreuil-eglise-plan-768x577.jpg 768w\" sizes=\"(max-width: 1024px) 100vw, 1024px\" \/><figcaption class=\"wp-element-caption\">.<br>.<br>.<br><\/figcaption><\/figure><\/div>\n\n<div class=\"wp-block-image\">\n<figure class=\"aligncenter size-full\"><img decoding=\"async\" loading=\"lazy\" width=\"700\" height=\"895\" src=\"https:\/\/activrando.org\/AR_blog\/wp-content\/uploads\/2023\/02\/230115-Gannat-12-Ebreuil-portail.jpg\" alt=\"\" class=\"wp-image-5869\" srcset=\"https:\/\/activrando.org\/AR_blog\/wp-content\/uploads\/2023\/02\/230115-Gannat-12-Ebreuil-portail.jpg 700w, https:\/\/activrando.org\/AR_blog\/wp-content\/uploads\/2023\/02\/230115-Gannat-12-Ebreuil-portail-235x300.jpg 235w\" sizes=\"(max-width: 700px) 100vw, 700px\" \/><figcaption class=\"wp-element-caption\">.<br>.<br>.<br><\/figcaption><\/figure><\/div>\n\n<div class=\"wp-block-image\">\n<figure class=\"aligncenter size-full\"><img decoding=\"async\" loading=\"lazy\" width=\"700\" height=\"965\" src=\"https:\/\/activrando.org\/AR_blog\/wp-content\/uploads\/2023\/02\/230115-Gannat-13-Ebreuil-eglise-porte.jpg\" alt=\"\" class=\"wp-image-5870\" srcset=\"https:\/\/activrando.org\/AR_blog\/wp-content\/uploads\/2023\/02\/230115-Gannat-13-Ebreuil-eglise-porte.jpg 700w, https:\/\/activrando.org\/AR_blog\/wp-content\/uploads\/2023\/02\/230115-Gannat-13-Ebreuil-eglise-porte-218x300.jpg 218w\" sizes=\"(max-width: 700px) 100vw, 700px\" \/><figcaption class=\"wp-element-caption\">La porte monumentale de l&rsquo;\u00e9glise St-L\u00e9ger.<br>.<br>.<br><\/figcaption><\/figure><\/div>\n\n<div class=\"wp-block-image\">\n<figure class=\"aligncenter size-large\"><img decoding=\"async\" loading=\"lazy\" width=\"768\" height=\"1024\" src=\"https:\/\/activrando.org\/AR_blog\/wp-content\/uploads\/2023\/02\/230115-Gannat-14-Ebreuil-eglise-porte-heurtoir-768x1024.jpg\" alt=\"\" class=\"wp-image-5871\" srcset=\"https:\/\/activrando.org\/AR_blog\/wp-content\/uploads\/2023\/02\/230115-Gannat-14-Ebreuil-eglise-porte-heurtoir-768x1024.jpg 768w, https:\/\/activrando.org\/AR_blog\/wp-content\/uploads\/2023\/02\/230115-Gannat-14-Ebreuil-eglise-porte-heurtoir-225x300.jpg 225w, https:\/\/activrando.org\/AR_blog\/wp-content\/uploads\/2023\/02\/230115-Gannat-14-Ebreuil-eglise-porte-heurtoir.jpg 800w\" sizes=\"(max-width: 768px) 100vw, 768px\" \/><figcaption class=\"wp-element-caption\">.<br>.<br>.<br><\/figcaption><\/figure><\/div>\n\n<div class=\"wp-block-image\">\n<figure class=\"aligncenter size-full\"><img decoding=\"async\" loading=\"lazy\" width=\"700\" height=\"933\" src=\"https:\/\/activrando.org\/AR_blog\/wp-content\/uploads\/2023\/02\/230115-Gannat-15-Ebreuil-eglise-choeur.jpg\" alt=\"\" class=\"wp-image-5872\" srcset=\"https:\/\/activrando.org\/AR_blog\/wp-content\/uploads\/2023\/02\/230115-Gannat-15-Ebreuil-eglise-choeur.jpg 700w, https:\/\/activrando.org\/AR_blog\/wp-content\/uploads\/2023\/02\/230115-Gannat-15-Ebreuil-eglise-choeur-225x300.jpg 225w\" sizes=\"(max-width: 700px) 100vw, 700px\" \/><figcaption class=\"wp-element-caption\">Le ch\u0153ur de l&rsquo;\u00e9glise, avec d\u00e9ambulatoire.<br>.<br>.<br><\/figcaption><\/figure><\/div>\n\n<div class=\"wp-block-image\">\n<figure class=\"aligncenter size-full\"><img decoding=\"async\" loading=\"lazy\" width=\"800\" height=\"859\" src=\"https:\/\/activrando.org\/AR_blog\/wp-content\/uploads\/2023\/02\/230115-Gannat-16-Ebreuil-eglise-voutes.jpg\" alt=\"\" class=\"wp-image-5874\" srcset=\"https:\/\/activrando.org\/AR_blog\/wp-content\/uploads\/2023\/02\/230115-Gannat-16-Ebreuil-eglise-voutes.jpg 800w, https:\/\/activrando.org\/AR_blog\/wp-content\/uploads\/2023\/02\/230115-Gannat-16-Ebreuil-eglise-voutes-279x300.jpg 279w, https:\/\/activrando.org\/AR_blog\/wp-content\/uploads\/2023\/02\/230115-Gannat-16-Ebreuil-eglise-voutes-768x825.jpg 768w\" sizes=\"(max-width: 800px) 100vw, 800px\" \/><figcaption class=\"wp-element-caption\">Du ch\u0153ur, la voute.<\/figcaption><\/figure><\/div>\n\n<div class=\"wp-block-image\">\n<figure class=\"aligncenter size-large\"><img decoding=\"async\" loading=\"lazy\" width=\"768\" height=\"1024\" src=\"https:\/\/activrando.org\/AR_blog\/wp-content\/uploads\/2023\/02\/230115-Gannat-16-Ebreuil-eglise-voutes-vitraux-768x1024.jpg\" alt=\"\" class=\"wp-image-5873\" srcset=\"https:\/\/activrando.org\/AR_blog\/wp-content\/uploads\/2023\/02\/230115-Gannat-16-Ebreuil-eglise-voutes-vitraux-768x1024.jpg 768w, https:\/\/activrando.org\/AR_blog\/wp-content\/uploads\/2023\/02\/230115-Gannat-16-Ebreuil-eglise-voutes-vitraux-225x300.jpg 225w, https:\/\/activrando.org\/AR_blog\/wp-content\/uploads\/2023\/02\/230115-Gannat-16-Ebreuil-eglise-voutes-vitraux.jpg 800w\" sizes=\"(max-width: 768px) 100vw, 768px\" \/><figcaption class=\"wp-element-caption\">Voutes et vitraux dans une abside. En m\u00e9daillon, l&rsquo;ange qui orne la cl\u00e9 de voute.<br>.<br>.<br><\/figcaption><\/figure><\/div>\n\n<div class=\"wp-block-image\">\n<figure class=\"aligncenter size-full\"><img decoding=\"async\" loading=\"lazy\" width=\"1024\" height=\"570\" src=\"https:\/\/activrando.org\/AR_blog\/wp-content\/uploads\/2023\/02\/230115-Gannat-17-Ebreuil-eglise-voutes.jpg\" alt=\"\" class=\"wp-image-5875\" srcset=\"https:\/\/activrando.org\/AR_blog\/wp-content\/uploads\/2023\/02\/230115-Gannat-17-Ebreuil-eglise-voutes.jpg 1024w, https:\/\/activrando.org\/AR_blog\/wp-content\/uploads\/2023\/02\/230115-Gannat-17-Ebreuil-eglise-voutes-300x167.jpg 300w, https:\/\/activrando.org\/AR_blog\/wp-content\/uploads\/2023\/02\/230115-Gannat-17-Ebreuil-eglise-voutes-768x428.jpg 768w, https:\/\/activrando.org\/AR_blog\/wp-content\/uploads\/2023\/02\/230115-Gannat-17-Ebreuil-eglise-voutes-540x300.jpg 540w\" sizes=\"(max-width: 1024px) 100vw, 1024px\" \/><figcaption class=\"wp-element-caption\">D\u00e9tail des colonnes et voutes du d\u00e9ambulatoire.<br>.<br>.<br><\/figcaption><\/figure><\/div>\n\n<div class=\"wp-block-image\">\n<figure class=\"aligncenter size-full\"><img decoding=\"async\" loading=\"lazy\" width=\"1024\" height=\"977\" src=\"https:\/\/activrando.org\/AR_blog\/wp-content\/uploads\/2023\/02\/230115-Gannat-18-Ebreuil-eglise-peintures.jpg\" alt=\"\" class=\"wp-image-5876\" srcset=\"https:\/\/activrando.org\/AR_blog\/wp-content\/uploads\/2023\/02\/230115-Gannat-18-Ebreuil-eglise-peintures.jpg 1024w, https:\/\/activrando.org\/AR_blog\/wp-content\/uploads\/2023\/02\/230115-Gannat-18-Ebreuil-eglise-peintures-300x286.jpg 300w, https:\/\/activrando.org\/AR_blog\/wp-content\/uploads\/2023\/02\/230115-Gannat-18-Ebreuil-eglise-peintures-768x733.jpg 768w\" sizes=\"(max-width: 1024px) 100vw, 1024px\" \/><figcaption class=\"wp-element-caption\">Murs, colonnes et voutes \u00e9taient orn\u00e9s de peintures. Peu subsistent.<br>.<br>.<br><\/figcaption><\/figure><\/div>\n\n<div class=\"wp-block-image\">\n<figure class=\"aligncenter size-large\"><img decoding=\"async\" loading=\"lazy\" width=\"1004\" height=\"1024\" src=\"https:\/\/activrando.org\/AR_blog\/wp-content\/uploads\/2023\/02\/230115-Gannat-19-Ebreuil-eglise-peinture-1004x1024.jpg\" alt=\"\" class=\"wp-image-5877\" srcset=\"https:\/\/activrando.org\/AR_blog\/wp-content\/uploads\/2023\/02\/230115-Gannat-19-Ebreuil-eglise-peinture-1004x1024.jpg 1004w, https:\/\/activrando.org\/AR_blog\/wp-content\/uploads\/2023\/02\/230115-Gannat-19-Ebreuil-eglise-peinture-294x300.jpg 294w, https:\/\/activrando.org\/AR_blog\/wp-content\/uploads\/2023\/02\/230115-Gannat-19-Ebreuil-eglise-peinture-768x783.jpg 768w, https:\/\/activrando.org\/AR_blog\/wp-content\/uploads\/2023\/02\/230115-Gannat-19-Ebreuil-eglise-peinture.jpg 1024w\" sizes=\"(max-width: 1004px) 100vw, 1004px\" \/><figcaption class=\"wp-element-caption\">.<br>.<br>.<br><\/figcaption><\/figure><\/div>\n\n<div class=\"wp-block-image\">\n<figure class=\"aligncenter size-full\"><img decoding=\"async\" loading=\"lazy\" width=\"1024\" height=\"769\" src=\"https:\/\/activrando.org\/AR_blog\/wp-content\/uploads\/2023\/02\/230115-Gannat-20-Ebreuil-eglise-peinture.jpg\" alt=\"\" class=\"wp-image-5878\" srcset=\"https:\/\/activrando.org\/AR_blog\/wp-content\/uploads\/2023\/02\/230115-Gannat-20-Ebreuil-eglise-peinture.jpg 1024w, https:\/\/activrando.org\/AR_blog\/wp-content\/uploads\/2023\/02\/230115-Gannat-20-Ebreuil-eglise-peinture-300x225.jpg 300w, https:\/\/activrando.org\/AR_blog\/wp-content\/uploads\/2023\/02\/230115-Gannat-20-Ebreuil-eglise-peinture-768x577.jpg 768w\" sizes=\"(max-width: 1024px) 100vw, 1024px\" \/><figcaption class=\"wp-element-caption\">.<br>.<br>.<br><\/figcaption><\/figure><\/div>\n\n<div class=\"wp-block-image\">\n<figure class=\"aligncenter size-full\"><img decoding=\"async\" loading=\"lazy\" width=\"1024\" height=\"768\" src=\"https:\/\/activrando.org\/AR_blog\/wp-content\/uploads\/2023\/02\/230115-Gannat-21-Ebreuil-eglise-chevet.jpg\" alt=\"\" class=\"wp-image-5879\" srcset=\"https:\/\/activrando.org\/AR_blog\/wp-content\/uploads\/2023\/02\/230115-Gannat-21-Ebreuil-eglise-chevet.jpg 1024w, https:\/\/activrando.org\/AR_blog\/wp-content\/uploads\/2023\/02\/230115-Gannat-21-Ebreuil-eglise-chevet-300x225.jpg 300w, https:\/\/activrando.org\/AR_blog\/wp-content\/uploads\/2023\/02\/230115-Gannat-21-Ebreuil-eglise-chevet-768x576.jpg 768w\" sizes=\"(max-width: 1024px) 100vw, 1024px\" \/><figcaption class=\"wp-element-caption\">Le chevet de l&rsquo;\u00e9glise, form\u00e9 de plusieurs absidioles.<br>.<br>.<br><\/figcaption><\/figure><\/div>\n\n<div class=\"wp-block-image\">\n<figure class=\"aligncenter size-full\"><img decoding=\"async\" loading=\"lazy\" width=\"700\" height=\"933\" src=\"https:\/\/activrando.org\/AR_blog\/wp-content\/uploads\/2023\/02\/230115-Gannat-22-Ebreuil-maison.jpg\" alt=\"\" class=\"wp-image-5880\" srcset=\"https:\/\/activrando.org\/AR_blog\/wp-content\/uploads\/2023\/02\/230115-Gannat-22-Ebreuil-maison.jpg 700w, https:\/\/activrando.org\/AR_blog\/wp-content\/uploads\/2023\/02\/230115-Gannat-22-Ebreuil-maison-225x300.jpg 225w\" sizes=\"(max-width: 700px) 100vw, 700px\" \/><figcaption class=\"wp-element-caption\">Dans les maisons anciennes, la tour ext\u00e9rieure \u00e9taient g\u00e9n\u00e9ralement l&rsquo;\u00e9crin d&rsquo;un escalier en colima\u00e7on.<br>.<br>.<br><\/figcaption><\/figure><\/div>\n\n<div class=\"wp-block-image\">\n<figure class=\"aligncenter size-full\"><img decoding=\"async\" loading=\"lazy\" width=\"800\" height=\"913\" src=\"https:\/\/activrando.org\/AR_blog\/wp-content\/uploads\/2023\/02\/230115-Gannat-23-Ebreuil-escalier-riviere.jpg\" alt=\"\" class=\"wp-image-5881\" srcset=\"https:\/\/activrando.org\/AR_blog\/wp-content\/uploads\/2023\/02\/230115-Gannat-23-Ebreuil-escalier-riviere.jpg 800w, https:\/\/activrando.org\/AR_blog\/wp-content\/uploads\/2023\/02\/230115-Gannat-23-Ebreuil-escalier-riviere-263x300.jpg 263w, https:\/\/activrando.org\/AR_blog\/wp-content\/uploads\/2023\/02\/230115-Gannat-23-Ebreuil-escalier-riviere-768x876.jpg 768w\" sizes=\"(max-width: 800px) 100vw, 800px\" \/><figcaption class=\"wp-element-caption\">Les quais de Sioule, bien sur\u00e9lev\u00e9s par endroits pour prot\u00e9ger la ville des inondations, comportent des acc\u00e8s \u00e0 la rivi\u00e8re.<br>.<br>.<br><\/figcaption><\/figure><\/div>\n\n<div class=\"wp-block-image\">\n<figure class=\"aligncenter size-full\"><img decoding=\"async\" loading=\"lazy\" width=\"1024\" height=\"526\" src=\"https:\/\/activrando.org\/AR_blog\/wp-content\/uploads\/2023\/02\/230115-Gannat-24-Ebreuil-pont.jpg\" alt=\"\" class=\"wp-image-5882\" srcset=\"https:\/\/activrando.org\/AR_blog\/wp-content\/uploads\/2023\/02\/230115-Gannat-24-Ebreuil-pont.jpg 1024w, https:\/\/activrando.org\/AR_blog\/wp-content\/uploads\/2023\/02\/230115-Gannat-24-Ebreuil-pont-300x154.jpg 300w, https:\/\/activrando.org\/AR_blog\/wp-content\/uploads\/2023\/02\/230115-Gannat-24-Ebreuil-pont-768x395.jpg 768w\" sizes=\"(max-width: 1024px) 100vw, 1024px\" \/><figcaption class=\"wp-element-caption\">Le pont \u00e0 5 arches, qui enjambe la Sioule, par lequel nous sommes arriv\u00e9s et par lequel nous allons repartir.<br>.<br>.<br><\/figcaption><\/figure><\/div>\n\n<div class=\"wp-block-image\">\n<figure class=\"aligncenter size-full\"><img decoding=\"async\" loading=\"lazy\" width=\"1024\" height=\"635\" src=\"https:\/\/activrando.org\/AR_blog\/wp-content\/uploads\/2023\/02\/230115-Gannat-25-Ebreuil-groupe-pose.jpg\" alt=\"\" class=\"wp-image-5883\" srcset=\"https:\/\/activrando.org\/AR_blog\/wp-content\/uploads\/2023\/02\/230115-Gannat-25-Ebreuil-groupe-pose.jpg 1024w, https:\/\/activrando.org\/AR_blog\/wp-content\/uploads\/2023\/02\/230115-Gannat-25-Ebreuil-groupe-pose-300x186.jpg 300w, https:\/\/activrando.org\/AR_blog\/wp-content\/uploads\/2023\/02\/230115-Gannat-25-Ebreuil-groupe-pose-768x476.jpg 768w\" sizes=\"(max-width: 1024px) 100vw, 1024px\" \/><figcaption class=\"wp-element-caption\">.<br>.<br>.<br><\/figcaption><\/figure><\/div>\n\n<div class=\"wp-block-image\">\n<figure class=\"aligncenter size-full\"><img decoding=\"async\" loading=\"lazy\" width=\"600\" height=\"450\" src=\"https:\/\/activrando.org\/AR_blog\/wp-content\/uploads\/2023\/02\/230115-Gannat-26-Ebreuil-groupe-marche-pont.jpg\" alt=\"\" class=\"wp-image-5884\" srcset=\"https:\/\/activrando.org\/AR_blog\/wp-content\/uploads\/2023\/02\/230115-Gannat-26-Ebreuil-groupe-marche-pont.jpg 600w, https:\/\/activrando.org\/AR_blog\/wp-content\/uploads\/2023\/02\/230115-Gannat-26-Ebreuil-groupe-marche-pont-300x225.jpg 300w\" sizes=\"(max-width: 600px) 100vw, 600px\" \/><figcaption class=\"wp-element-caption\">La passerelle ajout\u00e9e au pont c\u00f4t\u00e9 Ouest permet de franchir tranquillement l&rsquo;ouvrage, \u00e0 l&rsquo;\u00e9cart de la circulation routi\u00e8re.<br>.<br>.<br><\/figcaption><\/figure><\/div>\n\n<div class=\"wp-block-image\">\n<figure class=\"aligncenter size-full\"><img decoding=\"async\" loading=\"lazy\" width=\"1024\" height=\"592\" src=\"https:\/\/activrando.org\/AR_blog\/wp-content\/uploads\/2023\/02\/230115-Gannat-27-groupe-marche.jpg\" alt=\"\" class=\"wp-image-5885\" srcset=\"https:\/\/activrando.org\/AR_blog\/wp-content\/uploads\/2023\/02\/230115-Gannat-27-groupe-marche.jpg 1024w, https:\/\/activrando.org\/AR_blog\/wp-content\/uploads\/2023\/02\/230115-Gannat-27-groupe-marche-300x173.jpg 300w, https:\/\/activrando.org\/AR_blog\/wp-content\/uploads\/2023\/02\/230115-Gannat-27-groupe-marche-768x444.jpg 768w\" sizes=\"(max-width: 1024px) 100vw, 1024px\" \/><figcaption class=\"wp-element-caption\">Nous longeons la rive droite de la rivi\u00e8re.<br>.<br>.<br><\/figcaption><\/figure><\/div>\n\n<div class=\"wp-block-image\">\n<figure class=\"aligncenter size-full is-resized\"><img decoding=\"async\" loading=\"lazy\" src=\"https:\/\/activrando.org\/AR_blog\/wp-content\/uploads\/2023\/02\/230115-Gannat-28-arbre-gui.jpg\" alt=\"\" class=\"wp-image-5886\" width=\"843\" height=\"612\" srcset=\"https:\/\/activrando.org\/AR_blog\/wp-content\/uploads\/2023\/02\/230115-Gannat-28-arbre-gui.jpg 1024w, https:\/\/activrando.org\/AR_blog\/wp-content\/uploads\/2023\/02\/230115-Gannat-28-arbre-gui-300x218.jpg 300w, https:\/\/activrando.org\/AR_blog\/wp-content\/uploads\/2023\/02\/230115-Gannat-28-arbre-gui-768x558.jpg 768w\" sizes=\"(max-width: 843px) 100vw, 843px\" \/><figcaption class=\"wp-element-caption\">De grands peupliers profitent de l&rsquo;humidit\u00e9 des rives et sont gravement colonis\u00e9s par le gui.<br>.<br>.<br><\/figcaption><\/figure><\/div>\n\n<div class=\"wp-block-image\">\n<figure class=\"aligncenter size-full\"><img decoding=\"async\" loading=\"lazy\" width=\"1024\" height=\"569\" src=\"https:\/\/activrando.org\/AR_blog\/wp-content\/uploads\/2023\/02\/230115-Gannat-29-maison-structure.jpg\" alt=\"\" class=\"wp-image-5887\" srcset=\"https:\/\/activrando.org\/AR_blog\/wp-content\/uploads\/2023\/02\/230115-Gannat-29-maison-structure.jpg 1024w, https:\/\/activrando.org\/AR_blog\/wp-content\/uploads\/2023\/02\/230115-Gannat-29-maison-structure-300x167.jpg 300w, https:\/\/activrando.org\/AR_blog\/wp-content\/uploads\/2023\/02\/230115-Gannat-29-maison-structure-768x427.jpg 768w, https:\/\/activrando.org\/AR_blog\/wp-content\/uploads\/2023\/02\/230115-Gannat-29-maison-structure-540x300.jpg 540w\" sizes=\"(max-width: 1024px) 100vw, 1024px\" \/><figcaption class=\"wp-element-caption\">.<br>.<br>.<br><\/figcaption><\/figure><\/div>\n\n<div class=\"wp-block-image\">\n<figure class=\"aligncenter size-full\"><img decoding=\"async\" loading=\"lazy\" width=\"1024\" height=\"649\" src=\"https:\/\/activrando.org\/AR_blog\/wp-content\/uploads\/2023\/02\/230115-Gannat-30-Ebreuil-groupe-marche.jpg\" alt=\"\" class=\"wp-image-5888\" srcset=\"https:\/\/activrando.org\/AR_blog\/wp-content\/uploads\/2023\/02\/230115-Gannat-30-Ebreuil-groupe-marche.jpg 1024w, https:\/\/activrando.org\/AR_blog\/wp-content\/uploads\/2023\/02\/230115-Gannat-30-Ebreuil-groupe-marche-300x190.jpg 300w, https:\/\/activrando.org\/AR_blog\/wp-content\/uploads\/2023\/02\/230115-Gannat-30-Ebreuil-groupe-marche-768x487.jpg 768w\" sizes=\"(max-width: 1024px) 100vw, 1024px\" \/><figcaption class=\"wp-element-caption\">Nous passons \u00e0 nouveau sous la A71.<br>.<br>.<br><\/figcaption><\/figure><\/div>\n\n<div class=\"wp-block-image\">\n<figure class=\"aligncenter size-full\"><img decoding=\"async\" loading=\"lazy\" width=\"1024\" height=\"454\" src=\"https:\/\/activrando.org\/AR_blog\/wp-content\/uploads\/2023\/02\/230115-Gannat-31-graffiti.jpg\" alt=\"\" class=\"wp-image-5889\" srcset=\"https:\/\/activrando.org\/AR_blog\/wp-content\/uploads\/2023\/02\/230115-Gannat-31-graffiti.jpg 1024w, https:\/\/activrando.org\/AR_blog\/wp-content\/uploads\/2023\/02\/230115-Gannat-31-graffiti-300x133.jpg 300w, https:\/\/activrando.org\/AR_blog\/wp-content\/uploads\/2023\/02\/230115-Gannat-31-graffiti-768x341.jpg 768w\" sizes=\"(max-width: 1024px) 100vw, 1024px\" \/><figcaption class=\"wp-element-caption\">Des graffitis ornent la grande partie la moins sombre des murs du tunnel.<br>.<br>.<br>.<\/figcaption><\/figure><\/div>\n\n<div class=\"wp-block-image\">\n<figure class=\"aligncenter size-full\"><img decoding=\"async\" loading=\"lazy\" width=\"1024\" height=\"677\" src=\"https:\/\/activrando.org\/AR_blog\/wp-content\/uploads\/2023\/02\/230115-Gannat-32-groupe-marche-tunnel.jpg\" alt=\"\" class=\"wp-image-5890\" srcset=\"https:\/\/activrando.org\/AR_blog\/wp-content\/uploads\/2023\/02\/230115-Gannat-32-groupe-marche-tunnel.jpg 1024w, https:\/\/activrando.org\/AR_blog\/wp-content\/uploads\/2023\/02\/230115-Gannat-32-groupe-marche-tunnel-300x198.jpg 300w, https:\/\/activrando.org\/AR_blog\/wp-content\/uploads\/2023\/02\/230115-Gannat-32-groupe-marche-tunnel-768x508.jpg 768w\" sizes=\"(max-width: 1024px) 100vw, 1024px\" \/><figcaption class=\"wp-element-caption\">.<br>.<br>.<br><\/figcaption><\/figure><\/div>\n\n<div class=\"wp-block-image\">\n<figure class=\"aligncenter size-full\"><img decoding=\"async\" loading=\"lazy\" width=\"1024\" height=\"351\" src=\"https:\/\/activrando.org\/AR_blog\/wp-content\/uploads\/2023\/02\/230115-Gannat-33-graffiti.jpg\" alt=\"\" class=\"wp-image-5891\" srcset=\"https:\/\/activrando.org\/AR_blog\/wp-content\/uploads\/2023\/02\/230115-Gannat-33-graffiti.jpg 1024w, https:\/\/activrando.org\/AR_blog\/wp-content\/uploads\/2023\/02\/230115-Gannat-33-graffiti-300x103.jpg 300w, https:\/\/activrando.org\/AR_blog\/wp-content\/uploads\/2023\/02\/230115-Gannat-33-graffiti-768x263.jpg 768w\" sizes=\"(max-width: 1024px) 100vw, 1024px\" \/><figcaption class=\"wp-element-caption\">.<br>.<br>.<br><\/figcaption><\/figure><\/div>\n\n<div class=\"wp-block-image\">\n<figure class=\"aligncenter size-full\"><img decoding=\"async\" loading=\"lazy\" width=\"1024\" height=\"510\" src=\"https:\/\/activrando.org\/AR_blog\/wp-content\/uploads\/2023\/02\/230115-Gannat-34-graffiti.jpg\" alt=\"\" class=\"wp-image-5892\" srcset=\"https:\/\/activrando.org\/AR_blog\/wp-content\/uploads\/2023\/02\/230115-Gannat-34-graffiti.jpg 1024w, https:\/\/activrando.org\/AR_blog\/wp-content\/uploads\/2023\/02\/230115-Gannat-34-graffiti-300x149.jpg 300w, https:\/\/activrando.org\/AR_blog\/wp-content\/uploads\/2023\/02\/230115-Gannat-34-graffiti-768x383.jpg 768w\" sizes=\"(max-width: 1024px) 100vw, 1024px\" \/><figcaption class=\"wp-element-caption\">.<br>.<br>.<br><\/figcaption><\/figure><\/div>\n\n<div class=\"wp-block-image\">\n<figure class=\"aligncenter size-full\"><img decoding=\"async\" loading=\"lazy\" width=\"1024\" height=\"682\" src=\"https:\/\/activrando.org\/AR_blog\/wp-content\/uploads\/2023\/02\/230115-Gannat-35-groupe-marche.jpg\" alt=\"\" class=\"wp-image-5893\" srcset=\"https:\/\/activrando.org\/AR_blog\/wp-content\/uploads\/2023\/02\/230115-Gannat-35-groupe-marche.jpg 1024w, https:\/\/activrando.org\/AR_blog\/wp-content\/uploads\/2023\/02\/230115-Gannat-35-groupe-marche-300x200.jpg 300w, https:\/\/activrando.org\/AR_blog\/wp-content\/uploads\/2023\/02\/230115-Gannat-35-groupe-marche-768x512.jpg 768w\" sizes=\"(max-width: 1024px) 100vw, 1024px\" \/><figcaption class=\"wp-element-caption\">Nous refranchissons la ligne de collines qui s\u00e9pare la vall\u00e9e de la Sioule de la plaine de Limagne.<br>.<br>.<br><\/figcaption><\/figure><\/div>\n\n<div class=\"wp-block-image\">\n<figure class=\"aligncenter size-full\"><img decoding=\"async\" loading=\"lazy\" width=\"800\" height=\"803\" src=\"https:\/\/activrando.org\/AR_blog\/wp-content\/uploads\/2023\/02\/230115-Gannat-36-cheval.jpg\" alt=\"\" class=\"wp-image-5894\" srcset=\"https:\/\/activrando.org\/AR_blog\/wp-content\/uploads\/2023\/02\/230115-Gannat-36-cheval.jpg 800w, https:\/\/activrando.org\/AR_blog\/wp-content\/uploads\/2023\/02\/230115-Gannat-36-cheval-300x300.jpg 300w, https:\/\/activrando.org\/AR_blog\/wp-content\/uploads\/2023\/02\/230115-Gannat-36-cheval-150x150.jpg 150w, https:\/\/activrando.org\/AR_blog\/wp-content\/uploads\/2023\/02\/230115-Gannat-36-cheval-768x771.jpg 768w\" sizes=\"(max-width: 800px) 100vw, 800px\" \/><figcaption class=\"wp-element-caption\">Un cheval dont nous a dit qu&rsquo;il a un sacr\u00e9 caract\u00e8re.<br>.<br>.<br><\/figcaption><\/figure><\/div>\n\n<div class=\"wp-block-image\">\n<figure class=\"aligncenter size-full\"><img decoding=\"async\" loading=\"lazy\" width=\"800\" height=\"741\" src=\"https:\/\/activrando.org\/AR_blog\/wp-content\/uploads\/2023\/02\/230115-Gannat-37-champignon.jpg\" alt=\"\" class=\"wp-image-5895\" srcset=\"https:\/\/activrando.org\/AR_blog\/wp-content\/uploads\/2023\/02\/230115-Gannat-37-champignon.jpg 800w, https:\/\/activrando.org\/AR_blog\/wp-content\/uploads\/2023\/02\/230115-Gannat-37-champignon-300x278.jpg 300w, https:\/\/activrando.org\/AR_blog\/wp-content\/uploads\/2023\/02\/230115-Gannat-37-champignon-768x711.jpg 768w\" sizes=\"(max-width: 800px) 100vw, 800px\" \/><figcaption class=\"wp-element-caption\">Une pile de grume est rest\u00e9e l\u00e0 un peu longtemps. Et au centre de la surface du c\u0153ur de chaque arbre a pouss\u00e9 un champignon.<br>.<br>.<br><\/figcaption><\/figure><\/div>\n\n<div class=\"wp-block-image\">\n<figure class=\"aligncenter size-full\"><img decoding=\"async\" loading=\"lazy\" width=\"1024\" height=\"768\" src=\"https:\/\/activrando.org\/AR_blog\/wp-content\/uploads\/2023\/02\/230115-Gannat-38-groupe-marche.jpg\" alt=\"\" class=\"wp-image-5896\" srcset=\"https:\/\/activrando.org\/AR_blog\/wp-content\/uploads\/2023\/02\/230115-Gannat-38-groupe-marche.jpg 1024w, https:\/\/activrando.org\/AR_blog\/wp-content\/uploads\/2023\/02\/230115-Gannat-38-groupe-marche-300x225.jpg 300w, https:\/\/activrando.org\/AR_blog\/wp-content\/uploads\/2023\/02\/230115-Gannat-38-groupe-marche-768x576.jpg 768w\" sizes=\"(max-width: 1024px) 100vw, 1024px\" \/><figcaption class=\"wp-element-caption\">Encore un court tunnel, pour passer cette fois sous la A719.<br>.<br>.<br><\/figcaption><\/figure><\/div>\n\n<div class=\"wp-block-image\">\n<figure class=\"aligncenter size-full\"><img decoding=\"async\" loading=\"lazy\" width=\"1024\" height=\"738\" src=\"https:\/\/activrando.org\/AR_blog\/wp-content\/uploads\/2023\/02\/230115-Gannat-39-paysage.jpg\" alt=\"\" class=\"wp-image-5897\" srcset=\"https:\/\/activrando.org\/AR_blog\/wp-content\/uploads\/2023\/02\/230115-Gannat-39-paysage.jpg 1024w, https:\/\/activrando.org\/AR_blog\/wp-content\/uploads\/2023\/02\/230115-Gannat-39-paysage-300x216.jpg 300w, https:\/\/activrando.org\/AR_blog\/wp-content\/uploads\/2023\/02\/230115-Gannat-39-paysage-768x554.jpg 768w\" sizes=\"(max-width: 1024px) 100vw, 1024px\" \/><figcaption class=\"wp-element-caption\">Gannat est maintenant en vue avec, sur la gauche, la colline des Chapelles.<br>.<br>.<br><\/figcaption><\/figure><\/div>\n\n\n<p class=\"has-text-align-center\"><strong><a href=\"https:\/\/activrando.org\/AR_blog\/2023\/01\/12\/togue-petite-rando-a-langy-jeudi-12-janv-2023-7-photos\/\">&lt; &lt; &lt; ARTICLE PR\u00c9C\u00c9DENT<\/a><a rel=\"noreferrer noopener\" href=\"https:\/\/activrando.org\/AR_blog\/2021\/12\/28\/chapoulin-rando-sante-a-serbannes-mardi-28-dec-2021-6-photos\/\" target=\"_blank\"> <\/a>&#8212;&#8212;&#8212;&#8212;&#8212;&#8212;-<a rel=\"noreferrer noopener\" href=\"https:\/\/activrando.org\/AR_blog\/2021\/12\/28\/chapoulin-rando-sante-a-serbannes-mardi-28-dec-2021-6-photos\/\" target=\"_blank\"> <\/a><a rel=\"noreferrer noopener\" href=\"https:\/\/activrando.org\/AR_blog\/\" target=\"_blank\">ACCUEIL DU BLOG<\/a><a rel=\"noreferrer noopener\" href=\"https:\/\/activrando.org\/AR_blog\/2021\/12\/28\/chapoulin-rando-sante-a-serbannes-mardi-28-dec-2021-6-photos\/\" target=\"_blank\"> <\/a>&#8212;&#8212;&#8212;&#8212;&#8212;&#8212;&#8212;-<a rel=\"noreferrer noopener\" href=\"https:\/\/activrando.org\/AR_blog\/2021\/12\/28\/chapoulin-rando-sante-a-serbannes-mardi-28-dec-2021-6-photos\/\" target=\"_blank\"> <\/a><a href=\"https:\/\/activrando.org\/AR_blog\/2023\/01\/17\/clos-bargheon-mini-rando-a-la-chapelle-mardi-17-janv-2023-7-photos\/\" data-type=\"URL\" data-id=\"https:\/\/activrando.org\/AR_blog\/2023\/01\/17\/clos-bargheon-mini-rando-a-la-chapelle-mardi-17-janv-2023-7-photos\/\">ARTICLE SUIVANT > > ><\/a><\/strong><br>.<br>.<br><\/p>\n","protected":false},"excerpt":{"rendered":"<p>Un circuit nature au d\u00e9part de Gannat pour aller voir l&rsquo;\u00e9glise Saint-L\u00e9ger, \u00e0 Ebreuil, et les b\u00e2timents anciens alentour.<\/p>\n","protected":false},"author":2,"featured_media":5898,"comment_status":"closed","ping_status":"closed","sticky":false,"template":"","format":"standard","meta":[],"categories":[2],"tags":[22,15,20],"_links":{"self":[{"href":"https:\/\/activrando.org\/AR_blog\/wp-json\/wp\/v2\/posts\/5855"}],"collection":[{"href":"https:\/\/activrando.org\/AR_blog\/wp-json\/wp\/v2\/posts"}],"about":[{"href":"https:\/\/activrando.org\/AR_blog\/wp-json\/wp\/v2\/types\/post"}],"author":[{"embeddable":true,"href":"https:\/\/activrando.org\/AR_blog\/wp-json\/wp\/v2\/users\/2"}],"replies":[{"embeddable":true,"href":"https:\/\/activrando.org\/AR_blog\/wp-json\/wp\/v2\/comments?post=5855"}],"version-history":[{"count":6,"href":"https:\/\/activrando.org\/AR_blog\/wp-json\/wp\/v2\/posts\/5855\/revisions"}],"predecessor-version":[{"id":5956,"href":"https:\/\/activrando.org\/AR_blog\/wp-json\/wp\/v2\/posts\/5855\/revisions\/5956"}],"wp:featuredmedia":[{"embeddable":true,"href":"https:\/\/activrando.org\/AR_blog\/wp-json\/wp\/v2\/media\/5898"}],"wp:attachment":[{"href":"https:\/\/activrando.org\/AR_blog\/wp-json\/wp\/v2\/media?parent=5855"}],"wp:term":[{"taxonomy":"category","embeddable":true,"href":"https:\/\/activrando.org\/AR_blog\/wp-json\/wp\/v2\/categories?post=5855"},{"taxonomy":"post_tag","embeddable":true,"href":"https:\/\/activrando.org\/AR_blog\/wp-json\/wp\/v2\/tags?post=5855"}],"curies":[{"name":"wp","href":"https:\/\/api.w.org\/{rel}","templated":true}]}}