{"id":5748,"date":"2023-01-05T20:56:00","date_gmt":"2023-01-05T19:56:00","guid":{"rendered":"https:\/\/activrando.org\/AR_blog\/?p=5748"},"modified":"2023-02-04T10:43:16","modified_gmt":"2023-02-04T09:43:16","slug":"lallier-petite-rando-a-bellerive-allier-jeudi-5-janv-2023","status":"publish","type":"post","link":"https:\/\/activrando.org\/AR_blog\/2023\/01\/05\/lallier-petite-rando-a-bellerive-allier-jeudi-5-janv-2023\/","title":{"rendered":"\u00ab\u00a0L&rsquo;Allier\u00a0\u00bb, petite rando \u00e0 Bellerive\/Allier, jeudi 5 janv. 2023 (22 photos)."},"content":{"rendered":"\n<p class=\"has-text-align-center\">.<br>.<br><strong><a href=\"https:\/\/activrando.org\/AR_blog\/2023\/01\/03\/almandiere-mini-rando-a-billy-mardi-3-janv-2023\/\" data-type=\"URL\" data-id=\"https:\/\/activrando.org\/AR_blog\/2023\/01\/03\/almandiere-mini-rando-a-billy-mardi-3-janv-2023\/\">&lt; &lt; &lt; ARTICLE PR\u00c9C\u00c9DENT<\/a><a rel=\"noreferrer noopener\" href=\"https:\/\/activrando.org\/AR_blog\/2021\/12\/28\/chapoulin-rando-sante-a-serbannes-mardi-28-dec-2021-6-photos\/\" target=\"_blank\"> <\/a>&#8212;&#8212;&#8212;&#8212;&#8212;&#8212;-<a rel=\"noreferrer noopener\" href=\"https:\/\/activrando.org\/AR_blog\/2021\/12\/28\/chapoulin-rando-sante-a-serbannes-mardi-28-dec-2021-6-photos\/\" target=\"_blank\"> <\/a><a rel=\"noreferrer noopener\" href=\"https:\/\/activrando.org\/AR_blog\/\" target=\"_blank\">ACCUEIL DU BLOG<\/a><a rel=\"noreferrer noopener\" href=\"https:\/\/activrando.org\/AR_blog\/2021\/12\/28\/chapoulin-rando-sante-a-serbannes-mardi-28-dec-2021-6-photos\/\" target=\"_blank\"> <\/a>&#8212;&#8212;&#8212;&#8212;&#8212;&#8212;&#8212;-<a rel=\"noreferrer noopener\" href=\"https:\/\/activrando.org\/AR_blog\/2021\/12\/28\/chapoulin-rando-sante-a-serbannes-mardi-28-dec-2021-6-photos\/\" target=\"_blank\"> <\/a><a href=\"https:\/\/activrando.org\/AR_blog\/2023\/01\/08\/lavoirs-de-limagne-journee-rando-a-beaumont-les-randan-dim-8-janv-2023-36-photos\/\" data-type=\"URL\" data-id=\"https:\/\/activrando.org\/AR_blog\/2023\/01\/08\/lavoirs-de-limagne-journee-rando-a-beaumont-les-randan-dim-8-janv-2023-36-photos\/\">ARTICLE SUIVANT > > ><\/a><\/strong><\/p>\n\n\n\n<p>.<br>.<\/p>\n\n\n<div class=\"wp-block-image\">\n<figure class=\"aligncenter size-full\"><img decoding=\"async\" loading=\"lazy\" width=\"1024\" height=\"620\" src=\"https:\/\/activrando.org\/AR_blog\/wp-content\/uploads\/2023\/02\/230105-Bellerive-01-pont.jpg\" alt=\"\" class=\"wp-image-5749\" srcset=\"https:\/\/activrando.org\/AR_blog\/wp-content\/uploads\/2023\/02\/230105-Bellerive-01-pont.jpg 1024w, https:\/\/activrando.org\/AR_blog\/wp-content\/uploads\/2023\/02\/230105-Bellerive-01-pont-300x182.jpg 300w, https:\/\/activrando.org\/AR_blog\/wp-content\/uploads\/2023\/02\/230105-Bellerive-01-pont-768x465.jpg 768w\" sizes=\"(max-width: 1024px) 100vw, 1024px\" \/><figcaption class=\"wp-element-caption\">Le <strong><a href=\"https:\/\/fr.wikipedia.org\/wiki\/Pont_de_Bellerive\" data-type=\"URL\" data-id=\"https:\/\/fr.wikipedia.org\/wiki\/Pont_de_Bellerive\">Pont de Bellerive<\/a><\/strong>, que nous allons traverser.<br>.<br>.<br><\/figcaption><\/figure><\/div>\n\n<div class=\"wp-block-image\">\n<figure class=\"aligncenter size-full\"><img decoding=\"async\" loading=\"lazy\" width=\"1024\" height=\"616\" src=\"https:\/\/activrando.org\/AR_blog\/wp-content\/uploads\/2023\/02\/230105-Bellerive-02-groupe-marche.jpg\" alt=\"\" class=\"wp-image-5750\" srcset=\"https:\/\/activrando.org\/AR_blog\/wp-content\/uploads\/2023\/02\/230105-Bellerive-02-groupe-marche.jpg 1024w, https:\/\/activrando.org\/AR_blog\/wp-content\/uploads\/2023\/02\/230105-Bellerive-02-groupe-marche-300x180.jpg 300w, https:\/\/activrando.org\/AR_blog\/wp-content\/uploads\/2023\/02\/230105-Bellerive-02-groupe-marche-768x462.jpg 768w\" sizes=\"(max-width: 1024px) 100vw, 1024px\" \/><figcaption class=\"wp-element-caption\">Sur un <strong><a href=\"https:\/\/fr.wikipedia.org\/wiki\/\u00c9dicule\" data-type=\"URL\" data-id=\"https:\/\/fr.wikipedia.org\/wiki\/\u00c9dicule\">\u00e9dicule<\/a><\/strong>, le <strong><a href=\"https:\/\/fr.wikipedia.org\/wiki\/Vichy_(tissu)\" data-type=\"URL\" data-id=\"https:\/\/fr.wikipedia.org\/wiki\/Vichy_(tissu)\">motif \u00ab\u00a0Vichy\u00a0\u00bb<\/a><\/strong> (voir aussi <strong><a href=\"https:\/\/louise-magazine.com\/tissu-vichy-histoire-mode\/\" data-type=\"URL\" data-id=\"https:\/\/louise-magazine.com\/tissu-vichy-histoire-mode\/\">cet article<\/a><\/strong>, abondamment bien illustr\u00e9) revisit\u00e9 fa\u00e7on \u00ab\u00a0<strong><a href=\"http:\/\/blog.alorthographe.com\/2014\/04\/02\/pied-de-poule-pied-de-coq\/\" data-type=\"URL\" data-id=\"http:\/\/blog.alorthographe.com\/2014\/04\/02\/pied-de-poule-pied-de-coq\/\">pied-de-coq<\/a><\/strong>\u00ab\u00a0, d\u00e9sormais prioritaire dans les visuels de la communication touristique de la ville d&rsquo;eau.<br>.<br>.<br><\/figcaption><\/figure><\/div>\n\n<div class=\"wp-block-image\">\n<figure class=\"aligncenter size-full\"><img decoding=\"async\" loading=\"lazy\" width=\"1024\" height=\"674\" src=\"https:\/\/activrando.org\/AR_blog\/wp-content\/uploads\/2023\/02\/230105-Bellerive-03-groupe-marche-pont.jpg\" alt=\"\" class=\"wp-image-5751\" srcset=\"https:\/\/activrando.org\/AR_blog\/wp-content\/uploads\/2023\/02\/230105-Bellerive-03-groupe-marche-pont.jpg 1024w, https:\/\/activrando.org\/AR_blog\/wp-content\/uploads\/2023\/02\/230105-Bellerive-03-groupe-marche-pont-300x197.jpg 300w, https:\/\/activrando.org\/AR_blog\/wp-content\/uploads\/2023\/02\/230105-Bellerive-03-groupe-marche-pont-768x506.jpg 768w\" sizes=\"(max-width: 1024px) 100vw, 1024px\" \/><figcaption class=\"wp-element-caption\">Le <strong><a href=\"https:\/\/fr.wikipedia.org\/wiki\/Pont_de_Bellerive\" data-type=\"URL\" data-id=\"https:\/\/fr.wikipedia.org\/wiki\/Pont_de_Bellerive\">Pont de Bellerive<\/a><\/strong>, dont la plateforme -chauss\u00e9e, trottoirs et garde-corps- a \u00e9t\u00e9 enti\u00e8rement r\u00e9nov\u00e9 en 2022.<br>.<br>.<br><br><\/figcaption><\/figure><\/div>\n\n<div class=\"wp-block-image\">\n<figure class=\"aligncenter size-full\"><img decoding=\"async\" loading=\"lazy\" width=\"600\" height=\"398\" src=\"https:\/\/activrando.org\/AR_blog\/wp-content\/uploads\/2023\/02\/230105-Bellerive-04-pont-detail.jpg\" alt=\"\" class=\"wp-image-5752\" srcset=\"https:\/\/activrando.org\/AR_blog\/wp-content\/uploads\/2023\/02\/230105-Bellerive-04-pont-detail.jpg 600w, https:\/\/activrando.org\/AR_blog\/wp-content\/uploads\/2023\/02\/230105-Bellerive-04-pont-detail-300x199.jpg 300w\" sizes=\"(max-width: 600px) 100vw, 600px\" \/><figcaption class=\"wp-element-caption\">D\u00e9tail du garde-corps du Pont de Bellerive.<br>.<br>.<br><\/figcaption><\/figure><\/div>\n\n<div class=\"wp-block-image\">\n<figure class=\"aligncenter size-full\"><img decoding=\"async\" loading=\"lazy\" width=\"1024\" height=\"182\" src=\"https:\/\/activrando.org\/AR_blog\/wp-content\/uploads\/2023\/02\/230105-Bellerive-05-marquage.jpg\" alt=\"\" class=\"wp-image-5753\" srcset=\"https:\/\/activrando.org\/AR_blog\/wp-content\/uploads\/2023\/02\/230105-Bellerive-05-marquage.jpg 1024w, https:\/\/activrando.org\/AR_blog\/wp-content\/uploads\/2023\/02\/230105-Bellerive-05-marquage-300x53.jpg 300w, https:\/\/activrando.org\/AR_blog\/wp-content\/uploads\/2023\/02\/230105-Bellerive-05-marquage-768x137.jpg 768w\" sizes=\"(max-width: 1024px) 100vw, 1024px\" \/><figcaption class=\"wp-element-caption\">Sur la chauss\u00e9e du trottoir, la direction que nous emprunterons d&rsquo;abord, dans les parcs.<br>.<br>.<br><\/figcaption><\/figure><\/div>\n\n<div class=\"wp-block-image\">\n<figure class=\"aligncenter size-full\"><img decoding=\"async\" loading=\"lazy\" width=\"1024\" height=\"331\" src=\"https:\/\/activrando.org\/AR_blog\/wp-content\/uploads\/2023\/02\/230105-Bellerive-06-groupe-marche.jpg\" alt=\"\" class=\"wp-image-5754\" srcset=\"https:\/\/activrando.org\/AR_blog\/wp-content\/uploads\/2023\/02\/230105-Bellerive-06-groupe-marche.jpg 1024w, https:\/\/activrando.org\/AR_blog\/wp-content\/uploads\/2023\/02\/230105-Bellerive-06-groupe-marche-300x97.jpg 300w, https:\/\/activrando.org\/AR_blog\/wp-content\/uploads\/2023\/02\/230105-Bellerive-06-groupe-marche-768x248.jpg 768w\" sizes=\"(max-width: 1024px) 100vw, 1024px\" \/><figcaption class=\"wp-element-caption\">.<br>.<br><\/figcaption><\/figure><\/div>\n\n<div class=\"wp-block-image\">\n<figure class=\"aligncenter size-full\"><img decoding=\"async\" loading=\"lazy\" width=\"1024\" height=\"768\" src=\"https:\/\/activrando.org\/AR_blog\/wp-content\/uploads\/2023\/02\/230105-Bellerive-07-groupe-marche.jpg\" alt=\"\" class=\"wp-image-5755\" srcset=\"https:\/\/activrando.org\/AR_blog\/wp-content\/uploads\/2023\/02\/230105-Bellerive-07-groupe-marche.jpg 1024w, https:\/\/activrando.org\/AR_blog\/wp-content\/uploads\/2023\/02\/230105-Bellerive-07-groupe-marche-300x225.jpg 300w, https:\/\/activrando.org\/AR_blog\/wp-content\/uploads\/2023\/02\/230105-Bellerive-07-groupe-marche-768x576.jpg 768w\" sizes=\"(max-width: 1024px) 100vw, 1024px\" \/><figcaption class=\"wp-element-caption\">La majestueuse ligne de platanes qui borde l&rsquo;all\u00e9e de rive, en marchant vers l&rsquo;amont.<br>.<br>.<br><\/figcaption><\/figure><\/div>\n\n<div class=\"wp-block-image\">\n<figure class=\"aligncenter size-full\"><img decoding=\"async\" loading=\"lazy\" width=\"1024\" height=\"611\" src=\"https:\/\/activrando.org\/AR_blog\/wp-content\/uploads\/2023\/02\/230105-Bellerive-08-riviere-Allier.jpg\" alt=\"\" class=\"wp-image-5756\" srcset=\"https:\/\/activrando.org\/AR_blog\/wp-content\/uploads\/2023\/02\/230105-Bellerive-08-riviere-Allier.jpg 1024w, https:\/\/activrando.org\/AR_blog\/wp-content\/uploads\/2023\/02\/230105-Bellerive-08-riviere-Allier-300x179.jpg 300w, https:\/\/activrando.org\/AR_blog\/wp-content\/uploads\/2023\/02\/230105-Bellerive-08-riviere-Allier-768x458.jpg 768w\" sizes=\"(max-width: 1024px) 100vw, 1024px\" \/><figcaption class=\"wp-element-caption\">Pass\u00e9 le site du club d&rsquo;aviron, l&rsquo;on retrouve l&rsquo;aspect sauvage de la rivi\u00e8re.<br>.<br>.<br><\/figcaption><\/figure><\/div>\n\n<div class=\"wp-block-image\">\n<figure class=\"aligncenter size-full\"><img decoding=\"async\" loading=\"lazy\" width=\"1024\" height=\"586\" src=\"https:\/\/activrando.org\/AR_blog\/wp-content\/uploads\/2023\/02\/230105-Bellerive-09-groupe-marche-pont.jpg\" alt=\"\" class=\"wp-image-5757\" srcset=\"https:\/\/activrando.org\/AR_blog\/wp-content\/uploads\/2023\/02\/230105-Bellerive-09-groupe-marche-pont.jpg 1024w, https:\/\/activrando.org\/AR_blog\/wp-content\/uploads\/2023\/02\/230105-Bellerive-09-groupe-marche-pont-300x172.jpg 300w, https:\/\/activrando.org\/AR_blog\/wp-content\/uploads\/2023\/02\/230105-Bellerive-09-groupe-marche-pont-768x440.jpg 768w, https:\/\/activrando.org\/AR_blog\/wp-content\/uploads\/2023\/02\/230105-Bellerive-09-groupe-marche-pont-350x200.jpg 350w\" sizes=\"(max-width: 1024px) 100vw, 1024px\" \/><figcaption class=\"wp-element-caption\">\u00c0 Abrest, <strong><a href=\"https:\/\/fr.wikipedia.org\/wiki\/Viaduc_d%27Abrest\">le viaduc<\/a><\/strong>, apr\u00e8s passage au-dessus de la voie ferr\u00e9e menant \u00e0 Thiers, nous permet de franchir la rivi\u00e8re  pour atteindre sa rive gauche.<br>.<br>.<br><\/figcaption><\/figure><\/div>\n\n<div class=\"wp-block-image\">\n<figure class=\"aligncenter size-full\"><img decoding=\"async\" loading=\"lazy\" width=\"800\" height=\"600\" src=\"https:\/\/activrando.org\/AR_blog\/wp-content\/uploads\/2023\/02\/230105-Bellerive-10-pont-detail.jpg\" alt=\"\" class=\"wp-image-5758\" srcset=\"https:\/\/activrando.org\/AR_blog\/wp-content\/uploads\/2023\/02\/230105-Bellerive-10-pont-detail.jpg 800w, https:\/\/activrando.org\/AR_blog\/wp-content\/uploads\/2023\/02\/230105-Bellerive-10-pont-detail-300x225.jpg 300w, https:\/\/activrando.org\/AR_blog\/wp-content\/uploads\/2023\/02\/230105-Bellerive-10-pont-detail-768x576.jpg 768w\" sizes=\"(max-width: 800px) 100vw, 800px\" \/><figcaption class=\"wp-element-caption\">Les garde-corps anciens auraient beaucoup de charme s&rsquo;ils \u00e9taient r\u00e9nov\u00e9s. Le probl\u00e8me avec les objets en m\u00e9tal ferreux, c&rsquo;est leur trop grande sensibilit\u00e9 \u00e0 l&rsquo;oxydation et donc \u00e0 la <strong><a href=\"https:\/\/fr.wikipedia.org\/wiki\/Corrosion\" data-type=\"URL\" data-id=\"https:\/\/fr.wikipedia.org\/wiki\/Corrosion\">corrosion<\/a><\/strong> d\u00e8s que la peinture s&rsquo;\u00e9caille. Ainsi la Tour Eiffel elle-m\u00eame doit elle \u00eatre repeinte en moyenne tous les 7 ans : elle a d\u00e9j\u00e0 \u00e9t\u00e9 repeinte 19 fois.<br>.<br>.<br><\/figcaption><\/figure><\/div>\n\n<div class=\"wp-block-image\">\n<figure class=\"aligncenter size-full\"><img decoding=\"async\" loading=\"lazy\" width=\"1024\" height=\"768\" src=\"https:\/\/activrando.org\/AR_blog\/wp-content\/uploads\/2023\/02\/230105-Bellerive-11-groupe-pose-pont.jpg\" alt=\"\" class=\"wp-image-5759\" srcset=\"https:\/\/activrando.org\/AR_blog\/wp-content\/uploads\/2023\/02\/230105-Bellerive-11-groupe-pose-pont.jpg 1024w, https:\/\/activrando.org\/AR_blog\/wp-content\/uploads\/2023\/02\/230105-Bellerive-11-groupe-pose-pont-300x225.jpg 300w, https:\/\/activrando.org\/AR_blog\/wp-content\/uploads\/2023\/02\/230105-Bellerive-11-groupe-pose-pont-768x576.jpg 768w\" sizes=\"(max-width: 1024px) 100vw, 1024px\" \/><figcaption class=\"wp-element-caption\">Pose photo au pied du pont, rive gauche.<br>.<br>.<br><\/figcaption><\/figure><\/div>\n\n<div class=\"wp-block-image\">\n<figure class=\"aligncenter size-full\"><img decoding=\"async\" loading=\"lazy\" width=\"800\" height=\"718\" src=\"https:\/\/activrando.org\/AR_blog\/wp-content\/uploads\/2023\/02\/230105-Bellerive-12-pont.jpg\" alt=\"\" class=\"wp-image-5760\" srcset=\"https:\/\/activrando.org\/AR_blog\/wp-content\/uploads\/2023\/02\/230105-Bellerive-12-pont.jpg 800w, https:\/\/activrando.org\/AR_blog\/wp-content\/uploads\/2023\/02\/230105-Bellerive-12-pont-300x269.jpg 300w, https:\/\/activrando.org\/AR_blog\/wp-content\/uploads\/2023\/02\/230105-Bellerive-12-pont-768x689.jpg 768w\" sizes=\"(max-width: 800px) 100vw, 800px\" \/><figcaption class=\"wp-element-caption\">De la belle ouvrage, vraiment, qui remplit son office depuis un si\u00e8cle.<br>.<br>.<br><\/figcaption><\/figure><\/div>\n\n<div class=\"wp-block-image\">\n<figure class=\"aligncenter size-full\"><img decoding=\"async\" loading=\"lazy\" width=\"1024\" height=\"512\" src=\"https:\/\/activrando.org\/AR_blog\/wp-content\/uploads\/2023\/02\/230105-Bellerive-10-pont-construction.jpg\" alt=\"\" class=\"wp-image-5761\" srcset=\"https:\/\/activrando.org\/AR_blog\/wp-content\/uploads\/2023\/02\/230105-Bellerive-10-pont-construction.jpg 1024w, https:\/\/activrando.org\/AR_blog\/wp-content\/uploads\/2023\/02\/230105-Bellerive-10-pont-construction-300x150.jpg 300w, https:\/\/activrando.org\/AR_blog\/wp-content\/uploads\/2023\/02\/230105-Bellerive-10-pont-construction-768x384.jpg 768w\" sizes=\"(max-width: 1024px) 100vw, 1024px\" \/><figcaption class=\"wp-element-caption\">Le viaduc d&rsquo;Abrest est un pont de pierre (contrairement au pont de Bellerive qui est en structure acier) et il a \u00e9t\u00e9 construit au d\u00e9but du XXe si\u00e8cle avec la m\u00e9thode traditionnelle des <strong><a href=\"https:\/\/mieux-se-connaitre.com\/2011\/07\/les-ponts-suite\/\" data-type=\"URL\" data-id=\"https:\/\/mieux-se-connaitre.com\/2011\/07\/les-ponts-suite\/\">cintres<\/a><\/strong> en bois sur lesquels on d\u00e9pose la ma\u00e7onnerie. (Photo : Coll. CDR, scann\u00e9e in \u00ab\u00a0Tacots du Bourbonnais\u00a0\u00bb de Pierre Laederich)<br>.<br>.<br><\/figcaption><\/figure><\/div>\n\n<div class=\"wp-block-image\">\n<figure class=\"aligncenter size-full\"><img decoding=\"async\" loading=\"lazy\" width=\"600\" height=\"450\" src=\"https:\/\/activrando.org\/AR_blog\/wp-content\/uploads\/2023\/02\/230105-Bellerive-13-groupe-marche.jpg\" alt=\"\" class=\"wp-image-5762\" srcset=\"https:\/\/activrando.org\/AR_blog\/wp-content\/uploads\/2023\/02\/230105-Bellerive-13-groupe-marche.jpg 600w, https:\/\/activrando.org\/AR_blog\/wp-content\/uploads\/2023\/02\/230105-Bellerive-13-groupe-marche-300x225.jpg 300w\" sizes=\"(max-width: 600px) 100vw, 600px\" \/><figcaption class=\"wp-element-caption\">Ensuite on repart vers le Nord, par le sentier qui serpente dans la v\u00e9g\u00e9tation libre de la rive de l&rsquo;Allier.<br>.<br>.<br><\/figcaption><\/figure><\/div>\n\n<div class=\"wp-block-image\">\n<figure class=\"aligncenter size-full\"><img decoding=\"async\" loading=\"lazy\" width=\"1024\" height=\"492\" src=\"https:\/\/activrando.org\/AR_blog\/wp-content\/uploads\/2023\/02\/230105-Bellerive-14-boire.jpg\" alt=\"\" class=\"wp-image-5763\" srcset=\"https:\/\/activrando.org\/AR_blog\/wp-content\/uploads\/2023\/02\/230105-Bellerive-14-boire.jpg 1024w, https:\/\/activrando.org\/AR_blog\/wp-content\/uploads\/2023\/02\/230105-Bellerive-14-boire-300x144.jpg 300w, https:\/\/activrando.org\/AR_blog\/wp-content\/uploads\/2023\/02\/230105-Bellerive-14-boire-768x369.jpg 768w\" sizes=\"(max-width: 1024px) 100vw, 1024px\" \/><figcaption class=\"wp-element-caption\">Il y a l\u00e0 des \u00ab\u00a0boires\u00a0\u00bb, anciennes carri\u00e8res de gravier d\u00e9saffect\u00e9es et qui ne servent plus qu&rsquo;\u00e0 la p\u00e8che de loisir.<br>.<br>.<br><\/figcaption><\/figure><\/div>\n\n<div class=\"wp-block-image\">\n<figure class=\"aligncenter size-full\"><img decoding=\"async\" loading=\"lazy\" width=\"1024\" height=\"357\" src=\"https:\/\/activrando.org\/AR_blog\/wp-content\/uploads\/2023\/02\/230105-Bellerive-15-groupe-marche-jardins.jpg\" alt=\"\" class=\"wp-image-5764\" srcset=\"https:\/\/activrando.org\/AR_blog\/wp-content\/uploads\/2023\/02\/230105-Bellerive-15-groupe-marche-jardins.jpg 1024w, https:\/\/activrando.org\/AR_blog\/wp-content\/uploads\/2023\/02\/230105-Bellerive-15-groupe-marche-jardins-300x105.jpg 300w, https:\/\/activrando.org\/AR_blog\/wp-content\/uploads\/2023\/02\/230105-Bellerive-15-groupe-marche-jardins-768x268.jpg 768w\" sizes=\"(max-width: 1024px) 100vw, 1024px\" \/><figcaption class=\"wp-element-caption\">Bien plus loin, revenus sur le territoire de Bellerive, nous atteignons la zone des jardins ouvriers.<br>.<br>.<br> <\/figcaption><\/figure><\/div>\n\n<div class=\"wp-block-image\">\n<figure class=\"aligncenter size-full\"><img decoding=\"async\" loading=\"lazy\" width=\"700\" height=\"547\" src=\"https:\/\/activrando.org\/AR_blog\/wp-content\/uploads\/2023\/02\/230105-Bellerive-16-jardin-porte-inscription.jpg\" alt=\"\" class=\"wp-image-5765\" srcset=\"https:\/\/activrando.org\/AR_blog\/wp-content\/uploads\/2023\/02\/230105-Bellerive-16-jardin-porte-inscription.jpg 700w, https:\/\/activrando.org\/AR_blog\/wp-content\/uploads\/2023\/02\/230105-Bellerive-16-jardin-porte-inscription-300x234.jpg 300w\" sizes=\"(max-width: 700px) 100vw, 700px\" \/><figcaption class=\"wp-element-caption\">Sur la porte de l&rsquo;un de ces jardins&#8230;<br>.<br>.<br><\/figcaption><\/figure><\/div>\n\n<div class=\"wp-block-image\">\n<figure class=\"aligncenter size-full\"><img decoding=\"async\" loading=\"lazy\" width=\"1024\" height=\"564\" src=\"https:\/\/activrando.org\/AR_blog\/wp-content\/uploads\/2023\/02\/230105-Bellerive-17-jardins.jpg\" alt=\"\" class=\"wp-image-5766\" srcset=\"https:\/\/activrando.org\/AR_blog\/wp-content\/uploads\/2023\/02\/230105-Bellerive-17-jardins.jpg 1024w, https:\/\/activrando.org\/AR_blog\/wp-content\/uploads\/2023\/02\/230105-Bellerive-17-jardins-300x165.jpg 300w, https:\/\/activrando.org\/AR_blog\/wp-content\/uploads\/2023\/02\/230105-Bellerive-17-jardins-768x423.jpg 768w\" sizes=\"(max-width: 1024px) 100vw, 1024px\" \/><figcaption class=\"wp-element-caption\">Petite devinette : la porte avec inscription visible sur la photo pr\u00e9c\u00e9dente ouvre sur le jardin de gauche ou celui de droite ?<br>.<br>.<br><\/figcaption><\/figure><\/div>\n\n<div class=\"wp-block-image\">\n<figure class=\"aligncenter size-full\"><img decoding=\"async\" loading=\"lazy\" width=\"1024\" height=\"500\" src=\"https:\/\/activrando.org\/AR_blog\/wp-content\/uploads\/2023\/02\/230105-Bellerive-18-groupe-marche.jpg\" alt=\"\" class=\"wp-image-5767\" srcset=\"https:\/\/activrando.org\/AR_blog\/wp-content\/uploads\/2023\/02\/230105-Bellerive-18-groupe-marche.jpg 1024w, https:\/\/activrando.org\/AR_blog\/wp-content\/uploads\/2023\/02\/230105-Bellerive-18-groupe-marche-300x146.jpg 300w, https:\/\/activrando.org\/AR_blog\/wp-content\/uploads\/2023\/02\/230105-Bellerive-18-groupe-marche-768x375.jpg 768w\" sizes=\"(max-width: 1024px) 100vw, 1024px\" \/><figcaption class=\"wp-element-caption\">Nous passons pr\u00e8s des campings&#8230;<br>.<br>.<br><\/figcaption><\/figure><\/div>\n\n<div class=\"wp-block-image\">\n<figure class=\"aligncenter size-full\"><img decoding=\"async\" loading=\"lazy\" width=\"1024\" height=\"486\" src=\"https:\/\/activrando.org\/AR_blog\/wp-content\/uploads\/2023\/02\/230105-Bellerive-19-groupe-marche.jpg\" alt=\"\" class=\"wp-image-5768\" srcset=\"https:\/\/activrando.org\/AR_blog\/wp-content\/uploads\/2023\/02\/230105-Bellerive-19-groupe-marche.jpg 1024w, https:\/\/activrando.org\/AR_blog\/wp-content\/uploads\/2023\/02\/230105-Bellerive-19-groupe-marche-300x142.jpg 300w, https:\/\/activrando.org\/AR_blog\/wp-content\/uploads\/2023\/02\/230105-Bellerive-19-groupe-marche-768x365.jpg 768w\" sizes=\"(max-width: 1024px) 100vw, 1024px\" \/><figcaption class=\"wp-element-caption\">&#8230; puis des restaurants dont les terrasses, par les belles soir\u00e9es d&rsquo;\u00e9t\u00e9, sont des lieux de f\u00eates.<br>.<br>.<br><\/figcaption><\/figure><\/div>\n\n<div class=\"wp-block-image\">\n<figure class=\"aligncenter size-full\"><img decoding=\"async\" loading=\"lazy\" width=\"1024\" height=\"476\" src=\"https:\/\/activrando.org\/AR_blog\/wp-content\/uploads\/2023\/02\/230105-Bellerive-20-entree-stade.jpg\" alt=\"\" class=\"wp-image-5769\" srcset=\"https:\/\/activrando.org\/AR_blog\/wp-content\/uploads\/2023\/02\/230105-Bellerive-20-entree-stade.jpg 1024w, https:\/\/activrando.org\/AR_blog\/wp-content\/uploads\/2023\/02\/230105-Bellerive-20-entree-stade-300x139.jpg 300w, https:\/\/activrando.org\/AR_blog\/wp-content\/uploads\/2023\/02\/230105-Bellerive-20-entree-stade-768x357.jpg 768w\" sizes=\"(max-width: 1024px) 100vw, 1024px\" \/><figcaption class=\"wp-element-caption\">L&rsquo;ancien <strong><a href=\"https:\/\/www.culture.gouv.fr\/fr\/Regions\/Drac-Auvergne-Rhone-Alpes\/Actualites\/Les-protections-au-titre-des-monuments-historiques-2022-en-Auvergne-Rhone-Alpes-2e-trimestre\/BELLERIVE-SUR-ALLIER-Allier-Batiment-du-tir-aux-pigeons\" data-type=\"URL\" data-id=\"https:\/\/www.culture.gouv.fr\/fr\/Regions\/Drac-Auvergne-Rhone-Alpes\/Actualites\/Les-protections-au-titre-des-monuments-historiques-2022-en-Auvergne-Rhone-Alpes-2e-trimestre\/BELLERIVE-SUR-ALLIER-Allier-Batiment-du-tir-aux-pigeons\">Stade du Tir aux pigeons<\/a><\/strong><br>.<br>.<br><\/figcaption><\/figure><\/div>\n\n<div class=\"wp-block-image\">\n<figure class=\"aligncenter size-full\"><img decoding=\"async\" loading=\"lazy\" width=\"1024\" height=\"608\" src=\"https:\/\/activrando.org\/AR_blog\/wp-content\/uploads\/2023\/02\/230105-Bellerive-21-riviere-pont.jpg\" alt=\"\" class=\"wp-image-5770\" srcset=\"https:\/\/activrando.org\/AR_blog\/wp-content\/uploads\/2023\/02\/230105-Bellerive-21-riviere-pont.jpg 1024w, https:\/\/activrando.org\/AR_blog\/wp-content\/uploads\/2023\/02\/230105-Bellerive-21-riviere-pont-300x178.jpg 300w, https:\/\/activrando.org\/AR_blog\/wp-content\/uploads\/2023\/02\/230105-Bellerive-21-riviere-pont-768x456.jpg 768w\" sizes=\"(max-width: 1024px) 100vw, 1024px\" \/><figcaption class=\"wp-element-caption\">Les berges de l&rsquo;Allier ont \u00e9t\u00e9 bien am\u00e9nag\u00e9es, des deux c\u00f4t\u00e9s, et sont un agr\u00e9able espace de loisirs.<br>.<br>.<br><\/figcaption><\/figure><\/div>\n\n\n<p class=\"has-text-align-center\">.<br><strong><a href=\"https:\/\/activrando.org\/AR_blog\/2023\/01\/03\/almandiere-mini-rando-a-billy-mardi-3-janv-2023\/\" data-type=\"URL\" data-id=\"https:\/\/activrando.org\/AR_blog\/2023\/01\/03\/almandiere-mini-rando-a-billy-mardi-3-janv-2023\/\">&lt; &lt; &lt; ARTICLE PR\u00c9C\u00c9DENT<\/a><a rel=\"noreferrer noopener\" href=\"https:\/\/activrando.org\/AR_blog\/2021\/12\/28\/chapoulin-rando-sante-a-serbannes-mardi-28-dec-2021-6-photos\/\" target=\"_blank\"> <\/a>&#8212;&#8212;&#8212;&#8212;&#8212;&#8212;-<a rel=\"noreferrer noopener\" href=\"https:\/\/activrando.org\/AR_blog\/2021\/12\/28\/chapoulin-rando-sante-a-serbannes-mardi-28-dec-2021-6-photos\/\" target=\"_blank\"> <\/a><a rel=\"noreferrer noopener\" href=\"https:\/\/activrando.org\/AR_blog\/\" target=\"_blank\">ACCUEIL DU BLOG<\/a><a rel=\"noreferrer noopener\" href=\"https:\/\/activrando.org\/AR_blog\/2021\/12\/28\/chapoulin-rando-sante-a-serbannes-mardi-28-dec-2021-6-photos\/\" target=\"_blank\"> <\/a>&#8212;&#8212;&#8212;&#8212;&#8212;&#8212;&#8212;-<a rel=\"noreferrer noopener\" href=\"https:\/\/activrando.org\/AR_blog\/2021\/12\/28\/chapoulin-rando-sante-a-serbannes-mardi-28-dec-2021-6-photos\/\" target=\"_blank\"> <\/a><a href=\"https:\/\/activrando.org\/AR_blog\/2023\/01\/08\/lavoirs-de-limagne-journee-rando-a-beaumont-les-randan-dim-8-janv-2023-36-photos\/\" data-type=\"URL\" data-id=\"https:\/\/activrando.org\/AR_blog\/2023\/01\/08\/lavoirs-de-limagne-journee-rando-a-beaumont-les-randan-dim-8-janv-2023-36-photos\/\">ARTICLE SUIVANT > <\/a><\/strong><br>.<br>.<br><\/p>\n","protected":false},"excerpt":{"rendered":"<p>Une balade de pont \u00e0 pont sur les rives de l&rsquo;Allier.<\/p>\n","protected":false},"author":2,"featured_media":5771,"comment_status":"closed","ping_status":"closed","sticky":false,"template":"","format":"standard","meta":[],"categories":[2],"tags":[61,20,35,60],"_links":{"self":[{"href":"https:\/\/activrando.org\/AR_blog\/wp-json\/wp\/v2\/posts\/5748"}],"collection":[{"href":"https:\/\/activrando.org\/AR_blog\/wp-json\/wp\/v2\/posts"}],"about":[{"href":"https:\/\/activrando.org\/AR_blog\/wp-json\/wp\/v2\/types\/post"}],"author":[{"embeddable":true,"href":"https:\/\/activrando.org\/AR_blog\/wp-json\/wp\/v2\/users\/2"}],"replies":[{"embeddable":true,"href":"https:\/\/activrando.org\/AR_blog\/wp-json\/wp\/v2\/comments?post=5748"}],"version-history":[{"count":4,"href":"https:\/\/activrando.org\/AR_blog\/wp-json\/wp\/v2\/posts\/5748\/revisions"}],"predecessor-version":[{"id":5907,"href":"https:\/\/activrando.org\/AR_blog\/wp-json\/wp\/v2\/posts\/5748\/revisions\/5907"}],"wp:featuredmedia":[{"embeddable":true,"href":"https:\/\/activrando.org\/AR_blog\/wp-json\/wp\/v2\/media\/5771"}],"wp:attachment":[{"href":"https:\/\/activrando.org\/AR_blog\/wp-json\/wp\/v2\/media?parent=5748"}],"wp:term":[{"taxonomy":"category","embeddable":true,"href":"https:\/\/activrando.org\/AR_blog\/wp-json\/wp\/v2\/categories?post=5748"},{"taxonomy":"post_tag","embeddable":true,"href":"https:\/\/activrando.org\/AR_blog\/wp-json\/wp\/v2\/tags?post=5748"}],"curies":[{"name":"wp","href":"https:\/\/api.w.org\/{rel}","templated":true}]}}