{"id":553,"date":"2019-08-06T22:43:46","date_gmt":"2019-08-06T20:43:46","guid":{"rendered":"http:\/\/activrando.org\/AR_blog\/?p=553"},"modified":"2019-12-14T22:26:00","modified_gmt":"2019-12-14T21:26:00","slug":"bellevue-le-6-aout-a-creuzier-le-neuf","status":"publish","type":"post","link":"https:\/\/activrando.org\/AR_blog\/2019\/08\/06\/bellevue-le-6-aout-a-creuzier-le-neuf\/","title":{"rendered":"\u00a0\u00bbBellevue\u00a0\u00bb, le 6 ao\u00fbt \u00e0 Creuzier-le-neuf (7 photos)"},"content":{"rendered":"\n<p><a href=\"https:\/\/activrando.org\/AR_blog\/2019\/09\/03\/les-rouchons-a-busset-le-3-sept\/\"><strong>&gt; &gt; &gt; ARTICLE SUIVANT<\/strong><\/a><\/p>\n\n\n\n<p><strong><a href=\"https:\/\/activrando.org\/AR_blog\/2019\/08\/04\/chateaugay-le-6-aout-a-marsat\/\">&gt; &gt; &gt; ARTICLE PR\u00c9C\u00c9DENT<\/a><\/strong><\/p>\n\n\n\n<p>Il fait beau et chaud, d\u00e8s le matin, en ce d\u00e9but ao\u00fbt et nous circulons beaucoup \u00e0 d\u00e9couvert sur ce parcours. Dans ce cas-l\u00e0 toute zone ombrag\u00e9e est bienvenue&#8230;<\/p>\n\n\n\n<figure class=\"wp-block-image\"><img decoding=\"async\" loading=\"lazy\" width=\"1024\" height=\"680\" src=\"https:\/\/activrando.org\/AR_blog\/wp-content\/uploads\/2019\/11\/190806-Creuzier-le-N-01-groupe-marche-1024x680.jpg\" alt=\"\" class=\"wp-image-554\" srcset=\"https:\/\/activrando.org\/AR_blog\/wp-content\/uploads\/2019\/11\/190806-Creuzier-le-N-01-groupe-marche.jpg 1024w, https:\/\/activrando.org\/AR_blog\/wp-content\/uploads\/2019\/11\/190806-Creuzier-le-N-01-groupe-marche-300x199.jpg 300w, https:\/\/activrando.org\/AR_blog\/wp-content\/uploads\/2019\/11\/190806-Creuzier-le-N-01-groupe-marche-768x510.jpg 768w\" sizes=\"(max-width: 1024px) 100vw, 1024px\" \/><figcaption>   .   <br><br>   .   <\/figcaption><\/figure>\n\n\n\n<figure class=\"wp-block-image\"><img decoding=\"async\" loading=\"lazy\" width=\"1024\" height=\"680\" src=\"https:\/\/activrando.org\/AR_blog\/wp-content\/uploads\/2019\/11\/190806-Creuzier-le-N-02-antennes-Chambards-1024x680.jpg\" alt=\"\" class=\"wp-image-555\" srcset=\"https:\/\/activrando.org\/AR_blog\/wp-content\/uploads\/2019\/11\/190806-Creuzier-le-N-02-antennes-Chambards.jpg 1024w, https:\/\/activrando.org\/AR_blog\/wp-content\/uploads\/2019\/11\/190806-Creuzier-le-N-02-antennes-Chambards-300x199.jpg 300w, https:\/\/activrando.org\/AR_blog\/wp-content\/uploads\/2019\/11\/190806-Creuzier-le-N-02-antennes-Chambards-768x510.jpg 768w\" sizes=\"(max-width: 1024px) 100vw, 1024px\" \/><figcaption>Jusqu&rsquo;\u00e0 r\u00e9cemment, aux Chambards, il y  avait UNE antenne de t\u00e9l\u00e9communications&#8230; et maintenant en voil\u00e0 QUATRE ! Cet endroit n&rsquo;est donc plus aussi paisible qu&rsquo;avant. La sur-densit\u00e9 des rayonnements \u00e9lectro-magn\u00e9tiques a  envahi toute les hauteurs des Creuzier, h\u00e9las.<br><br>   .   <\/figcaption><\/figure>\n\n\n\n<figure class=\"wp-block-image\"><img decoding=\"async\" loading=\"lazy\" width=\"1024\" height=\"680\" src=\"https:\/\/activrando.org\/AR_blog\/wp-content\/uploads\/2019\/11\/190806-Creuzier-le-N-03-groupe-marche-1024x680.jpg\" alt=\"\" class=\"wp-image-556\" srcset=\"https:\/\/activrando.org\/AR_blog\/wp-content\/uploads\/2019\/11\/190806-Creuzier-le-N-03-groupe-marche.jpg 1024w, https:\/\/activrando.org\/AR_blog\/wp-content\/uploads\/2019\/11\/190806-Creuzier-le-N-03-groupe-marche-300x199.jpg 300w, https:\/\/activrando.org\/AR_blog\/wp-content\/uploads\/2019\/11\/190806-Creuzier-le-N-03-groupe-marche-768x510.jpg 768w\" sizes=\"(max-width: 1024px) 100vw, 1024px\" \/><figcaption>   .   <br><br>   .   <\/figcaption><\/figure>\n\n\n\n<figure class=\"wp-block-image\"><img decoding=\"async\" loading=\"lazy\" width=\"1024\" height=\"768\" src=\"https:\/\/activrando.org\/AR_blog\/wp-content\/uploads\/2019\/11\/190806-Creuzier-le-N-04-ortie-en-fleurs-1024x768.jpg\" alt=\"\" class=\"wp-image-557\" srcset=\"https:\/\/activrando.org\/AR_blog\/wp-content\/uploads\/2019\/11\/190806-Creuzier-le-N-04-ortie-en-fleurs.jpg 1024w, https:\/\/activrando.org\/AR_blog\/wp-content\/uploads\/2019\/11\/190806-Creuzier-le-N-04-ortie-en-fleurs-300x225.jpg 300w, https:\/\/activrando.org\/AR_blog\/wp-content\/uploads\/2019\/11\/190806-Creuzier-le-N-04-ortie-en-fleurs-768x576.jpg 768w\" sizes=\"(max-width: 1024px) 100vw, 1024px\" \/><figcaption>Fleurs d&rsquo;ortie<br><br>     .   <\/figcaption><\/figure>\n\n\n\n<figure class=\"wp-block-image\"><img decoding=\"async\" loading=\"lazy\" width=\"1024\" height=\"768\" src=\"https:\/\/activrando.org\/AR_blog\/wp-content\/uploads\/2019\/11\/190806-Creuzier-le-N-05-trefle-rouge-1024x768.jpg\" alt=\"\" class=\"wp-image-558\" srcset=\"https:\/\/activrando.org\/AR_blog\/wp-content\/uploads\/2019\/11\/190806-Creuzier-le-N-05-trefle-rouge.jpg 1024w, https:\/\/activrando.org\/AR_blog\/wp-content\/uploads\/2019\/11\/190806-Creuzier-le-N-05-trefle-rouge-300x225.jpg 300w, https:\/\/activrando.org\/AR_blog\/wp-content\/uploads\/2019\/11\/190806-Creuzier-le-N-05-trefle-rouge-768x576.jpg 768w\" sizes=\"(max-width: 1024px) 100vw, 1024px\" \/><figcaption>   .   <br><br>   .   <\/figcaption><\/figure>\n\n\n\n<figure class=\"wp-block-image\"><img decoding=\"async\" loading=\"lazy\" width=\"1024\" height=\"768\" src=\"https:\/\/activrando.org\/AR_blog\/wp-content\/uploads\/2019\/11\/190806-Creuzier-le-N-06-fenetre-bouchee-1024x768.jpg\" alt=\"\" class=\"wp-image-559\" srcset=\"https:\/\/activrando.org\/AR_blog\/wp-content\/uploads\/2019\/11\/190806-Creuzier-le-N-06-fenetre-bouchee.jpg 1024w, https:\/\/activrando.org\/AR_blog\/wp-content\/uploads\/2019\/11\/190806-Creuzier-le-N-06-fenetre-bouchee-300x225.jpg 300w, https:\/\/activrando.org\/AR_blog\/wp-content\/uploads\/2019\/11\/190806-Creuzier-le-N-06-fenetre-bouchee-768x576.jpg 768w\" sizes=\"(max-width: 1024px) 100vw, 1024px\" \/><figcaption>.   <br><br>   .   <\/figcaption><\/figure>\n\n\n\n<figure class=\"wp-block-image\"><img decoding=\"async\" loading=\"lazy\" width=\"1024\" height=\"768\" src=\"https:\/\/activrando.org\/AR_blog\/wp-content\/uploads\/2019\/11\/190806-Creuzier-le-N-07-groupe-pose-1024x768.jpg\" alt=\"\" class=\"wp-image-560\" srcset=\"https:\/\/activrando.org\/AR_blog\/wp-content\/uploads\/2019\/11\/190806-Creuzier-le-N-07-groupe-pose.jpg 1024w, https:\/\/activrando.org\/AR_blog\/wp-content\/uploads\/2019\/11\/190806-Creuzier-le-N-07-groupe-pose-300x225.jpg 300w, https:\/\/activrando.org\/AR_blog\/wp-content\/uploads\/2019\/11\/190806-Creuzier-le-N-07-groupe-pose-768x576.jpg 768w\" sizes=\"(max-width: 1024px) 100vw, 1024px\" \/><figcaption>   .   <br><br>   .   <\/figcaption><\/figure>\n\n\n\n<p><a href=\"https:\/\/activrando.org\/AR_blog\/2019\/09\/03\/les-rouchons-a-busset-le-3-sept\/\"><strong>&gt; &gt; &gt; ARTICLE SUIVANT<\/strong><\/a><\/p>\n\n\n\n<p><strong><a href=\"https:\/\/activrando.org\/AR_blog\/\">&gt; &gt; &gt; ACCUEIL DU BLOG<\/a><\/strong><\/p>\n\n\n\n<p><strong><a href=\"https:\/\/activrando.org\/AR_blog\/2019\/08\/04\/chateaugay-le-6-aout-a-marsat\/\">&gt; &gt; &gt; ARTICLE PR\u00c9C\u00c9DENT<\/a><\/strong><\/p>\n","protected":false},"excerpt":{"rendered":"<p>&gt; &gt; &gt; ARTICLE SUIVANT &gt; &gt; &gt; ARTICLE PR\u00c9C\u00c9DENT Il fait beau et chaud, d\u00e8s le matin, en ce d\u00e9but ao\u00fbt et nous circulons beaucoup \u00e0 d\u00e9couvert sur ce parcours. Dans ce cas-l\u00e0 toute zone ombrag\u00e9e est bienvenue&#8230; &gt; &gt; &gt; ARTICLE SUIVANT &gt; &gt; &gt; ACCUEIL DU BLOG&#8230;<\/p>\n","protected":false},"author":2,"featured_media":0,"comment_status":"closed","ping_status":"closed","sticky":false,"template":"","format":"standard","meta":[],"categories":[2],"tags":[],"_links":{"self":[{"href":"https:\/\/activrando.org\/AR_blog\/wp-json\/wp\/v2\/posts\/553"}],"collection":[{"href":"https:\/\/activrando.org\/AR_blog\/wp-json\/wp\/v2\/posts"}],"about":[{"href":"https:\/\/activrando.org\/AR_blog\/wp-json\/wp\/v2\/types\/post"}],"author":[{"embeddable":true,"href":"https:\/\/activrando.org\/AR_blog\/wp-json\/wp\/v2\/users\/2"}],"replies":[{"embeddable":true,"href":"https:\/\/activrando.org\/AR_blog\/wp-json\/wp\/v2\/comments?post=553"}],"version-history":[{"count":3,"href":"https:\/\/activrando.org\/AR_blog\/wp-json\/wp\/v2\/posts\/553\/revisions"}],"predecessor-version":[{"id":941,"href":"https:\/\/activrando.org\/AR_blog\/wp-json\/wp\/v2\/posts\/553\/revisions\/941"}],"wp:attachment":[{"href":"https:\/\/activrando.org\/AR_blog\/wp-json\/wp\/v2\/media?parent=553"}],"wp:term":[{"taxonomy":"category","embeddable":true,"href":"https:\/\/activrando.org\/AR_blog\/wp-json\/wp\/v2\/categories?post=553"},{"taxonomy":"post_tag","embeddable":true,"href":"https:\/\/activrando.org\/AR_blog\/wp-json\/wp\/v2\/tags?post=553"}],"curies":[{"name":"wp","href":"https:\/\/api.w.org\/{rel}","templated":true}]}}