{"id":474,"date":"2019-09-08T22:27:09","date_gmt":"2019-09-08T20:27:09","guid":{"rendered":"http:\/\/activrando.org\/AR_blog\/?p=474"},"modified":"2019-12-14T22:22:34","modified_gmt":"2019-12-14T21:22:34","slug":"montmorin-le-8-sept-a-egliseneuve-pres-billom-24-photos","status":"publish","type":"post","link":"https:\/\/activrando.org\/AR_blog\/2019\/09\/08\/montmorin-le-8-sept-a-egliseneuve-pres-billom-24-photos\/","title":{"rendered":"\u00a0\u00bbMontmorin\u00a0\u00bb, le 8 sept. \u00e0 Egliseneuve-pr\u00e8s-Billom (24 photos)"},"content":{"rendered":"\n<p><a href=\"https:\/\/activrando.org\/AR_blog\/2019\/09\/10\/bois-cariol-le-10-sept-a-espinasse-vozelle\/\"><strong>>>> ARTICLE SUIVANT<\/strong><\/a><\/p>\n\n\n\n<p><a href=\"https:\/\/activrando.org\/AR_blog\/2019\/09\/03\/les-rouchons-a-busset-le-3-sept\/\"><strong>>>> ARTICLE PR\u00c9C\u00c9DENT<\/strong><\/a><\/p>\n\n\n\n<p>Journ\u00e9e-rando sur un circuit de 27 km \/ 890 m \/ indice IBP = 94.<\/p>\n\n\n\n<figure class=\"wp-block-image\"><img decoding=\"async\" loading=\"lazy\" width=\"1024\" height=\"768\" src=\"https:\/\/activrando.org\/AR_blog\/wp-content\/uploads\/2019\/11\/190908-Egliseneuve-pres-B-01-eglise-1024x768.jpg\" alt=\"\" class=\"wp-image-475\" srcset=\"https:\/\/activrando.org\/AR_blog\/wp-content\/uploads\/2019\/11\/190908-Egliseneuve-pres-B-01-eglise.jpg 1024w, https:\/\/activrando.org\/AR_blog\/wp-content\/uploads\/2019\/11\/190908-Egliseneuve-pres-B-01-eglise-300x225.jpg 300w, https:\/\/activrando.org\/AR_blog\/wp-content\/uploads\/2019\/11\/190908-Egliseneuve-pres-B-01-eglise-768x576.jpg 768w\" sizes=\"(max-width: 1024px) 100vw, 1024px\" \/><figcaption><strong>L&rsquo;\u00e9glise du village, pr\u00e8s de laquelle a lieu notre d\u00e9part par un temps assez gris, brumeux.<\/strong><br><br>   .   <\/figcaption><\/figure>\n\n\n\n<figure class=\"wp-block-image\"><img decoding=\"async\" loading=\"lazy\" width=\"1024\" height=\"768\" src=\"https:\/\/activrando.org\/AR_blog\/wp-content\/uploads\/2019\/11\/190908-Egliseneuve-pres-B-02-cloche-detail-1024x768.jpg\" alt=\"\" class=\"wp-image-476\" srcset=\"https:\/\/activrando.org\/AR_blog\/wp-content\/uploads\/2019\/11\/190908-Egliseneuve-pres-B-02-cloche-detail.jpg 1024w, https:\/\/activrando.org\/AR_blog\/wp-content\/uploads\/2019\/11\/190908-Egliseneuve-pres-B-02-cloche-detail-300x225.jpg 300w, https:\/\/activrando.org\/AR_blog\/wp-content\/uploads\/2019\/11\/190908-Egliseneuve-pres-B-02-cloche-detail-768x576.jpg 768w\" sizes=\"(max-width: 1024px) 100vw, 1024px\" \/><figcaption>   .   <br><br>   .   <\/figcaption><\/figure>\n\n\n\n<figure class=\"wp-block-image\"><img decoding=\"async\" loading=\"lazy\" width=\"1024\" height=\"680\" src=\"https:\/\/activrando.org\/AR_blog\/wp-content\/uploads\/2019\/11\/190908-Egliseneuve-pres-B-03-village-1024x680.jpg\" alt=\"\" class=\"wp-image-477\" srcset=\"https:\/\/activrando.org\/AR_blog\/wp-content\/uploads\/2019\/11\/190908-Egliseneuve-pres-B-03-village.jpg 1024w, https:\/\/activrando.org\/AR_blog\/wp-content\/uploads\/2019\/11\/190908-Egliseneuve-pres-B-03-village-300x199.jpg 300w, https:\/\/activrando.org\/AR_blog\/wp-content\/uploads\/2019\/11\/190908-Egliseneuve-pres-B-03-village-768x510.jpg 768w\" sizes=\"(max-width: 1024px) 100vw, 1024px\" \/><figcaption><strong>Le village de d\u00e9part, vu d&rsquo;une colline proche. Derri\u00e8re, les Turluron : le gros au centre et le petit, moins visible, \u00e0 droite.<\/strong><br><br>   .   <\/figcaption><\/figure>\n\n\n\n<figure class=\"wp-block-image\"><img decoding=\"async\" loading=\"lazy\" width=\"1024\" height=\"768\" src=\"https:\/\/activrando.org\/AR_blog\/wp-content\/uploads\/2019\/11\/190908-Egliseneuve-pres-B-04-chateau-Mauzun-1024x768.jpg\" alt=\"\" class=\"wp-image-478\" srcset=\"https:\/\/activrando.org\/AR_blog\/wp-content\/uploads\/2019\/11\/190908-Egliseneuve-pres-B-04-chateau-Mauzun.jpg 1024w, https:\/\/activrando.org\/AR_blog\/wp-content\/uploads\/2019\/11\/190908-Egliseneuve-pres-B-04-chateau-Mauzun-300x225.jpg 300w, https:\/\/activrando.org\/AR_blog\/wp-content\/uploads\/2019\/11\/190908-Egliseneuve-pres-B-04-chateau-Mauzun-768x576.jpg 768w\" sizes=\"(max-width: 1024px) 100vw, 1024px\" \/><figcaption><strong>Nous approchons du ch\u00e2teau de Mauzun.<\/strong><br><br>   .   <\/figcaption><\/figure>\n\n\n\n<figure class=\"wp-block-image\"><img decoding=\"async\" loading=\"lazy\" width=\"1024\" height=\"680\" src=\"https:\/\/activrando.org\/AR_blog\/wp-content\/uploads\/2019\/11\/190908-Egliseneuve-pres-B-05-troupeau-vaches-1024x680.jpg\" alt=\"\" class=\"wp-image-479\" srcset=\"https:\/\/activrando.org\/AR_blog\/wp-content\/uploads\/2019\/11\/190908-Egliseneuve-pres-B-05-troupeau-vaches.jpg 1024w, https:\/\/activrando.org\/AR_blog\/wp-content\/uploads\/2019\/11\/190908-Egliseneuve-pres-B-05-troupeau-vaches-300x199.jpg 300w, https:\/\/activrando.org\/AR_blog\/wp-content\/uploads\/2019\/11\/190908-Egliseneuve-pres-B-05-troupeau-vaches-768x510.jpg 768w\" sizes=\"(max-width: 1024px) 100vw, 1024px\" \/><figcaption><strong>La vie rurale, avec son labeur, continue le dimanche&#8230;<\/strong><br><br>   .   <\/figcaption><\/figure>\n\n\n\n<figure class=\"wp-block-image\"><img decoding=\"async\" loading=\"lazy\" width=\"1024\" height=\"680\" src=\"https:\/\/activrando.org\/AR_blog\/wp-content\/uploads\/2019\/11\/190908-Egliseneuve-pres-B-06-avaloir-paille-1024x680.jpg\" alt=\"\" class=\"wp-image-480\" srcset=\"https:\/\/activrando.org\/AR_blog\/wp-content\/uploads\/2019\/11\/190908-Egliseneuve-pres-B-06-avaloir-paille.jpg 1024w, https:\/\/activrando.org\/AR_blog\/wp-content\/uploads\/2019\/11\/190908-Egliseneuve-pres-B-06-avaloir-paille-300x199.jpg 300w, https:\/\/activrando.org\/AR_blog\/wp-content\/uploads\/2019\/11\/190908-Egliseneuve-pres-B-06-avaloir-paille-768x510.jpg 768w\" sizes=\"(max-width: 1024px) 100vw, 1024px\" \/><figcaption>.   <br><br>   .   <\/figcaption><\/figure>\n\n\n\n<figure class=\"wp-block-image\"><img decoding=\"async\" loading=\"lazy\" width=\"1024\" height=\"768\" src=\"https:\/\/activrando.org\/AR_blog\/wp-content\/uploads\/2019\/11\/190908-Egliseneuve-pres-B-07-groupe-marche-1024x768.jpg\" alt=\"\" class=\"wp-image-481\" srcset=\"https:\/\/activrando.org\/AR_blog\/wp-content\/uploads\/2019\/11\/190908-Egliseneuve-pres-B-07-groupe-marche.jpg 1024w, https:\/\/activrando.org\/AR_blog\/wp-content\/uploads\/2019\/11\/190908-Egliseneuve-pres-B-07-groupe-marche-300x225.jpg 300w, https:\/\/activrando.org\/AR_blog\/wp-content\/uploads\/2019\/11\/190908-Egliseneuve-pres-B-07-groupe-marche-768x576.jpg 768w\" sizes=\"(max-width: 1024px) 100vw, 1024px\" \/><figcaption>   .   <br><br>   .   <\/figcaption><\/figure>\n\n\n\n<figure class=\"wp-block-image\"><img decoding=\"async\" loading=\"lazy\" width=\"1024\" height=\"680\" src=\"https:\/\/activrando.org\/AR_blog\/wp-content\/uploads\/2019\/11\/190908-Egliseneuve-pres-B-08-plante-fruits-1024x680.jpg\" alt=\"\" class=\"wp-image-482\" srcset=\"https:\/\/activrando.org\/AR_blog\/wp-content\/uploads\/2019\/11\/190908-Egliseneuve-pres-B-08-plante-fruits.jpg 1024w, https:\/\/activrando.org\/AR_blog\/wp-content\/uploads\/2019\/11\/190908-Egliseneuve-pres-B-08-plante-fruits-300x199.jpg 300w, https:\/\/activrando.org\/AR_blog\/wp-content\/uploads\/2019\/11\/190908-Egliseneuve-pres-B-08-plante-fruits-768x510.jpg 768w\" sizes=\"(max-width: 1024px) 100vw, 1024px\" \/><figcaption>   .   <br><br>   .   <\/figcaption><\/figure>\n\n\n\n<figure class=\"wp-block-image\"><img decoding=\"async\" loading=\"lazy\" width=\"1024\" height=\"680\" src=\"https:\/\/activrando.org\/AR_blog\/wp-content\/uploads\/2019\/11\/190908-Egliseneuve-pres-B-09-chateau-Montmorin-1024x680.jpg\" alt=\"\" class=\"wp-image-483\" srcset=\"https:\/\/activrando.org\/AR_blog\/wp-content\/uploads\/2019\/11\/190908-Egliseneuve-pres-B-09-chateau-Montmorin.jpg 1024w, https:\/\/activrando.org\/AR_blog\/wp-content\/uploads\/2019\/11\/190908-Egliseneuve-pres-B-09-chateau-Montmorin-300x199.jpg 300w, https:\/\/activrando.org\/AR_blog\/wp-content\/uploads\/2019\/11\/190908-Egliseneuve-pres-B-09-chateau-Montmorin-768x510.jpg 768w\" sizes=\"(max-width: 1024px) 100vw, 1024px\" \/><figcaption><strong>Le ch\u00e2teau de Montmorin.<\/strong><br><br>   .   <\/figcaption><\/figure>\n\n\n\n<figure class=\"wp-block-image\"><img decoding=\"async\" loading=\"lazy\" width=\"1024\" height=\"768\" src=\"https:\/\/activrando.org\/AR_blog\/wp-content\/uploads\/2019\/11\/190908-Egliseneuve-pres-B-10-plante-1024x768.jpg\" alt=\"\" class=\"wp-image-484\" srcset=\"https:\/\/activrando.org\/AR_blog\/wp-content\/uploads\/2019\/11\/190908-Egliseneuve-pres-B-10-plante.jpg 1024w, https:\/\/activrando.org\/AR_blog\/wp-content\/uploads\/2019\/11\/190908-Egliseneuve-pres-B-10-plante-300x225.jpg 300w, https:\/\/activrando.org\/AR_blog\/wp-content\/uploads\/2019\/11\/190908-Egliseneuve-pres-B-10-plante-768x576.jpg 768w\" sizes=\"(max-width: 1024px) 100vw, 1024px\" \/><figcaption>   .   <br><br>   .   <\/figcaption><\/figure>\n\n\n\n<figure class=\"wp-block-image\"><img decoding=\"async\" loading=\"lazy\" width=\"1024\" height=\"680\" src=\"https:\/\/activrando.org\/AR_blog\/wp-content\/uploads\/2019\/11\/190908-Egliseneuve-pres-B-11-chevaux-1024x680.jpg\" alt=\"\" class=\"wp-image-485\" srcset=\"https:\/\/activrando.org\/AR_blog\/wp-content\/uploads\/2019\/11\/190908-Egliseneuve-pres-B-11-chevaux.jpg 1024w, https:\/\/activrando.org\/AR_blog\/wp-content\/uploads\/2019\/11\/190908-Egliseneuve-pres-B-11-chevaux-300x199.jpg 300w, https:\/\/activrando.org\/AR_blog\/wp-content\/uploads\/2019\/11\/190908-Egliseneuve-pres-B-11-chevaux-768x510.jpg 768w\" sizes=\"(max-width: 1024px) 100vw, 1024px\" \/><figcaption>   .   <br><br>   .   <\/figcaption><\/figure>\n\n\n\n<figure class=\"wp-block-image\"><img decoding=\"async\" loading=\"lazy\" width=\"1024\" height=\"680\" src=\"https:\/\/activrando.org\/AR_blog\/wp-content\/uploads\/2019\/11\/190908-Egliseneuve-pres-B-12-chateau-Montmorin-1024x680.jpg\" alt=\"\" class=\"wp-image-486\" srcset=\"https:\/\/activrando.org\/AR_blog\/wp-content\/uploads\/2019\/11\/190908-Egliseneuve-pres-B-12-chateau-Montmorin.jpg 1024w, https:\/\/activrando.org\/AR_blog\/wp-content\/uploads\/2019\/11\/190908-Egliseneuve-pres-B-12-chateau-Montmorin-300x199.jpg 300w, https:\/\/activrando.org\/AR_blog\/wp-content\/uploads\/2019\/11\/190908-Egliseneuve-pres-B-12-chateau-Montmorin-768x510.jpg 768w\" sizes=\"(max-width: 1024px) 100vw, 1024px\" \/><figcaption><strong>Nous approchons du ch\u00e2teau de Montmorin par le sud.<\/strong><br><br>   .   <\/figcaption><\/figure>\n\n\n\n<figure class=\"wp-block-image\"><img decoding=\"async\" loading=\"lazy\" width=\"1024\" height=\"768\" src=\"https:\/\/activrando.org\/AR_blog\/wp-content\/uploads\/2019\/11\/190908-Egliseneuve-pres-B-13-chateau-Montmorin-entree-1024x768.jpg\" alt=\"\" class=\"wp-image-487\" srcset=\"https:\/\/activrando.org\/AR_blog\/wp-content\/uploads\/2019\/11\/190908-Egliseneuve-pres-B-13-chateau-Montmorin-entree.jpg 1024w, https:\/\/activrando.org\/AR_blog\/wp-content\/uploads\/2019\/11\/190908-Egliseneuve-pres-B-13-chateau-Montmorin-entree-300x225.jpg 300w, https:\/\/activrando.org\/AR_blog\/wp-content\/uploads\/2019\/11\/190908-Egliseneuve-pres-B-13-chateau-Montmorin-entree-768x576.jpg 768w\" sizes=\"(max-width: 1024px) 100vw, 1024px\" \/><figcaption>   .   <br><br>   .   <\/figcaption><\/figure>\n\n\n\n<figure class=\"wp-block-image\"><img decoding=\"async\" loading=\"lazy\" width=\"1024\" height=\"768\" src=\"https:\/\/activrando.org\/AR_blog\/wp-content\/uploads\/2019\/11\/190908-Egliseneuve-pres-B-14-statue-guerrier-1024x768.jpg\" alt=\"\" class=\"wp-image-488\" srcset=\"https:\/\/activrando.org\/AR_blog\/wp-content\/uploads\/2019\/11\/190908-Egliseneuve-pres-B-14-statue-guerrier.jpg 1024w, https:\/\/activrando.org\/AR_blog\/wp-content\/uploads\/2019\/11\/190908-Egliseneuve-pres-B-14-statue-guerrier-300x225.jpg 300w, https:\/\/activrando.org\/AR_blog\/wp-content\/uploads\/2019\/11\/190908-Egliseneuve-pres-B-14-statue-guerrier-768x576.jpg 768w\" sizes=\"(max-width: 1024px) 100vw, 1024px\" \/><figcaption>   .   <br><br>   .   <\/figcaption><\/figure>\n\n\n\n<figure class=\"wp-block-image\"><img decoding=\"async\" loading=\"lazy\" width=\"1024\" height=\"768\" src=\"https:\/\/activrando.org\/AR_blog\/wp-content\/uploads\/2019\/11\/190908-Egliseneuve-pres-B-15-tables-panorama-1024x768.jpg\" alt=\"\" class=\"wp-image-489\" srcset=\"https:\/\/activrando.org\/AR_blog\/wp-content\/uploads\/2019\/11\/190908-Egliseneuve-pres-B-15-tables-panorama.jpg 1024w, https:\/\/activrando.org\/AR_blog\/wp-content\/uploads\/2019\/11\/190908-Egliseneuve-pres-B-15-tables-panorama-300x225.jpg 300w, https:\/\/activrando.org\/AR_blog\/wp-content\/uploads\/2019\/11\/190908-Egliseneuve-pres-B-15-tables-panorama-768x576.jpg 768w\" sizes=\"(max-width: 1024px) 100vw, 1024px\" \/><figcaption><strong>Sur le c\u00f4t\u00e9 nord du ch\u00e2teau, un chantier de restauration, avec des \u00e9quipements (tables, bancs, foyer,&#8230;) construits de fa\u00e7on rustique. Tr\u00e8s beau panorama sur les alentours.<\/strong><br><br>   .   <\/figcaption><\/figure>\n\n\n\n<figure class=\"wp-block-image\"><img decoding=\"async\" loading=\"lazy\" width=\"1024\" height=\"680\" src=\"https:\/\/activrando.org\/AR_blog\/wp-content\/uploads\/2019\/11\/190908-Egliseneuve-pres-B-16-clocher-peigne-1024x680.jpg\" alt=\"\" class=\"wp-image-490\" srcset=\"https:\/\/activrando.org\/AR_blog\/wp-content\/uploads\/2019\/11\/190908-Egliseneuve-pres-B-16-clocher-peigne.jpg 1024w, https:\/\/activrando.org\/AR_blog\/wp-content\/uploads\/2019\/11\/190908-Egliseneuve-pres-B-16-clocher-peigne-300x199.jpg 300w, https:\/\/activrando.org\/AR_blog\/wp-content\/uploads\/2019\/11\/190908-Egliseneuve-pres-B-16-clocher-peigne-768x510.jpg 768w\" sizes=\"(max-width: 1024px) 100vw, 1024px\" \/><figcaption><strong>Clocher-peigne de l&rsquo;\u00e9glise avoisinante.<\/strong><br><br>   .   <\/figcaption><\/figure>\n\n\n\n<figure class=\"wp-block-image\"><img decoding=\"async\" loading=\"lazy\" width=\"1024\" height=\"768\" src=\"https:\/\/activrando.org\/AR_blog\/wp-content\/uploads\/2019\/11\/190908-Egliseneuve-pres-B-17-source-fontaine-1024x768.jpg\" alt=\"\" class=\"wp-image-491\" srcset=\"https:\/\/activrando.org\/AR_blog\/wp-content\/uploads\/2019\/11\/190908-Egliseneuve-pres-B-17-source-fontaine.jpg 1024w, https:\/\/activrando.org\/AR_blog\/wp-content\/uploads\/2019\/11\/190908-Egliseneuve-pres-B-17-source-fontaine-300x225.jpg 300w, https:\/\/activrando.org\/AR_blog\/wp-content\/uploads\/2019\/11\/190908-Egliseneuve-pres-B-17-source-fontaine-768x576.jpg 768w\" sizes=\"(max-width: 1024px) 100vw, 1024px\" \/><figcaption><strong>En contrebas du ch\u00e2teau, une fontaine gr\u00e2ce \u00e0 une source capt\u00e9e.<\/strong><br><br>   .   <\/figcaption><\/figure>\n\n\n\n<figure class=\"wp-block-image\"><img decoding=\"async\" loading=\"lazy\" width=\"1024\" height=\"680\" src=\"https:\/\/activrando.org\/AR_blog\/wp-content\/uploads\/2019\/11\/190908-Egliseneuve-pres-B-18-bitume-1024x680.jpg\" alt=\"\" class=\"wp-image-492\" srcset=\"https:\/\/activrando.org\/AR_blog\/wp-content\/uploads\/2019\/11\/190908-Egliseneuve-pres-B-18-bitume.jpg 1024w, https:\/\/activrando.org\/AR_blog\/wp-content\/uploads\/2019\/11\/190908-Egliseneuve-pres-B-18-bitume-300x199.jpg 300w, https:\/\/activrando.org\/AR_blog\/wp-content\/uploads\/2019\/11\/190908-Egliseneuve-pres-B-18-bitume-768x510.jpg 768w\" sizes=\"(max-width: 1024px) 100vw, 1024px\" \/><figcaption>   .   <br><br>   .   <\/figcaption><\/figure>\n\n\n\n<figure class=\"wp-block-image\"><img decoding=\"async\" loading=\"lazy\" width=\"1024\" height=\"680\" src=\"https:\/\/activrando.org\/AR_blog\/wp-content\/uploads\/2019\/11\/190908-Egliseneuve-pres-B-19-chemin-cailloux-1024x680.jpg\" alt=\"\" class=\"wp-image-493\" srcset=\"https:\/\/activrando.org\/AR_blog\/wp-content\/uploads\/2019\/11\/190908-Egliseneuve-pres-B-19-chemin-cailloux.jpg 1024w, https:\/\/activrando.org\/AR_blog\/wp-content\/uploads\/2019\/11\/190908-Egliseneuve-pres-B-19-chemin-cailloux-300x199.jpg 300w, https:\/\/activrando.org\/AR_blog\/wp-content\/uploads\/2019\/11\/190908-Egliseneuve-pres-B-19-chemin-cailloux-768x510.jpg 768w\" sizes=\"(max-width: 1024px) 100vw, 1024px\" \/><figcaption>.   <br><br>   .   <\/figcaption><\/figure>\n\n\n\n<figure class=\"wp-block-image\"><img decoding=\"async\" loading=\"lazy\" width=\"1024\" height=\"768\" src=\"https:\/\/activrando.org\/AR_blog\/wp-content\/uploads\/2019\/11\/190908-Egliseneuve-pres-B-20-tournesols-Daniel-1024x768.jpg\" alt=\"\" class=\"wp-image-494\" srcset=\"https:\/\/activrando.org\/AR_blog\/wp-content\/uploads\/2019\/11\/190908-Egliseneuve-pres-B-20-tournesols-Daniel.jpg 1024w, https:\/\/activrando.org\/AR_blog\/wp-content\/uploads\/2019\/11\/190908-Egliseneuve-pres-B-20-tournesols-Daniel-300x225.jpg 300w, https:\/\/activrando.org\/AR_blog\/wp-content\/uploads\/2019\/11\/190908-Egliseneuve-pres-B-20-tournesols-Daniel-768x576.jpg 768w\" sizes=\"(max-width: 1024px) 100vw, 1024px\" \/><figcaption><strong>Oui Daniel, il beau, le tournesol !<\/strong><br><br>   .   <\/figcaption><\/figure>\n\n\n\n<figure class=\"wp-block-image\"><img decoding=\"async\" loading=\"lazy\" width=\"1024\" height=\"680\" src=\"https:\/\/activrando.org\/AR_blog\/wp-content\/uploads\/2019\/11\/190908-Egliseneuve-pres-B-21-vigne-1024x680.jpg\" alt=\"\" class=\"wp-image-495\" srcset=\"https:\/\/activrando.org\/AR_blog\/wp-content\/uploads\/2019\/11\/190908-Egliseneuve-pres-B-21-vigne.jpg 1024w, https:\/\/activrando.org\/AR_blog\/wp-content\/uploads\/2019\/11\/190908-Egliseneuve-pres-B-21-vigne-300x199.jpg 300w, https:\/\/activrando.org\/AR_blog\/wp-content\/uploads\/2019\/11\/190908-Egliseneuve-pres-B-21-vigne-768x510.jpg 768w\" sizes=\"(max-width: 1024px) 100vw, 1024px\" \/><figcaption>   .   <br><br>   .   <\/figcaption><\/figure>\n\n\n\n<figure class=\"wp-block-image\"><img decoding=\"async\" loading=\"lazy\" width=\"1024\" height=\"680\" src=\"https:\/\/activrando.org\/AR_blog\/wp-content\/uploads\/2019\/11\/190908-Egliseneuve-pres-B-22-chateau-Auteyras-1024x680.jpg\" alt=\"\" class=\"wp-image-496\" srcset=\"https:\/\/activrando.org\/AR_blog\/wp-content\/uploads\/2019\/11\/190908-Egliseneuve-pres-B-22-chateau-Auteyras.jpg 1024w, https:\/\/activrando.org\/AR_blog\/wp-content\/uploads\/2019\/11\/190908-Egliseneuve-pres-B-22-chateau-Auteyras-300x199.jpg 300w, https:\/\/activrando.org\/AR_blog\/wp-content\/uploads\/2019\/11\/190908-Egliseneuve-pres-B-22-chateau-Auteyras-768x510.jpg 768w\" sizes=\"(max-width: 1024px) 100vw, 1024px\" \/><figcaption><strong>Le ch\u00e2teau d&rsquo;Auteyras, \u00e0 l&rsquo;ouest d&rsquo;Egliseneuve.<\/strong><br><br>   .   <\/figcaption><\/figure>\n\n\n\n<figure class=\"wp-block-image\"><img decoding=\"async\" loading=\"lazy\" width=\"1024\" height=\"680\" src=\"https:\/\/activrando.org\/AR_blog\/wp-content\/uploads\/2019\/11\/190908-Egliseneuve-pres-B-23-maisonnette-fauteuils-1024x680.jpg\" alt=\"\" class=\"wp-image-497\" srcset=\"https:\/\/activrando.org\/AR_blog\/wp-content\/uploads\/2019\/11\/190908-Egliseneuve-pres-B-23-maisonnette-fauteuils.jpg 1024w, https:\/\/activrando.org\/AR_blog\/wp-content\/uploads\/2019\/11\/190908-Egliseneuve-pres-B-23-maisonnette-fauteuils-300x199.jpg 300w, https:\/\/activrando.org\/AR_blog\/wp-content\/uploads\/2019\/11\/190908-Egliseneuve-pres-B-23-maisonnette-fauteuils-768x510.jpg 768w\" sizes=\"(max-width: 1024px) 100vw, 1024px\" \/><figcaption>.   <br><br>   .   <\/figcaption><\/figure>\n\n\n\n<figure class=\"wp-block-image\"><img decoding=\"async\" loading=\"lazy\" width=\"1024\" height=\"768\" src=\"https:\/\/activrando.org\/AR_blog\/wp-content\/uploads\/2019\/11\/190908-Egliseneuve-pres-B-24-cadre-panorama-1024x768.jpg\" alt=\"\" class=\"wp-image-498\" srcset=\"https:\/\/activrando.org\/AR_blog\/wp-content\/uploads\/2019\/11\/190908-Egliseneuve-pres-B-24-cadre-panorama.jpg 1024w, https:\/\/activrando.org\/AR_blog\/wp-content\/uploads\/2019\/11\/190908-Egliseneuve-pres-B-24-cadre-panorama-300x225.jpg 300w, https:\/\/activrando.org\/AR_blog\/wp-content\/uploads\/2019\/11\/190908-Egliseneuve-pres-B-24-cadre-panorama-768x576.jpg 768w\" sizes=\"(max-width: 1024px) 100vw, 1024px\" \/><figcaption><strong>Au fond, Egliseneuve, sur sa hauteur&#8230;<\/strong><br><br>   .   <\/figcaption><\/figure>\n\n\n\n<p><a href=\"https:\/\/activrando.org\/AR_blog\/2019\/09\/10\/bois-cariol-le-10-sept-a-espinasse-vozelle\/\"><strong>>>> ARTICLE SUIVANT<\/strong><\/a><\/p>\n\n\n\n<p><a href=\"https:\/\/activrando.org\/AR_blog\/\"><strong>>>> ACCUEIL DU BLOG<\/strong><\/a><\/p>\n\n\n\n<p><a href=\"https:\/\/activrando.org\/AR_blog\/2019\/09\/03\/les-rouchons-a-busset-le-3-sept\/\"><strong>>>> ARTICLE PR\u00c9C\u00c9DENT<\/strong><\/a><\/p>\n\n\n\n<p>   .   <br><\/p>\n","protected":false},"excerpt":{"rendered":"<p>>>> ARTICLE SUIVANT >>> ARTICLE PR\u00c9C\u00c9DENT Journ\u00e9e-rando sur un circuit de 27 km \/ 890 m \/ indice IBP = 94. >>> ARTICLE SUIVANT >>> ACCUEIL DU BLOG >>> ARTICLE PR\u00c9C\u00c9DENT .<\/p>\n","protected":false},"author":2,"featured_media":0,"comment_status":"closed","ping_status":"closed","sticky":false,"template":"","format":"standard","meta":[],"categories":[2],"tags":[],"_links":{"self":[{"href":"https:\/\/activrando.org\/AR_blog\/wp-json\/wp\/v2\/posts\/474"}],"collection":[{"href":"https:\/\/activrando.org\/AR_blog\/wp-json\/wp\/v2\/posts"}],"about":[{"href":"https:\/\/activrando.org\/AR_blog\/wp-json\/wp\/v2\/types\/post"}],"author":[{"embeddable":true,"href":"https:\/\/activrando.org\/AR_blog\/wp-json\/wp\/v2\/users\/2"}],"replies":[{"embeddable":true,"href":"https:\/\/activrando.org\/AR_blog\/wp-json\/wp\/v2\/comments?post=474"}],"version-history":[{"count":3,"href":"https:\/\/activrando.org\/AR_blog\/wp-json\/wp\/v2\/posts\/474\/revisions"}],"predecessor-version":[{"id":938,"href":"https:\/\/activrando.org\/AR_blog\/wp-json\/wp\/v2\/posts\/474\/revisions\/938"}],"wp:attachment":[{"href":"https:\/\/activrando.org\/AR_blog\/wp-json\/wp\/v2\/media?parent=474"}],"wp:term":[{"taxonomy":"category","embeddable":true,"href":"https:\/\/activrando.org\/AR_blog\/wp-json\/wp\/v2\/categories?post=474"},{"taxonomy":"post_tag","embeddable":true,"href":"https:\/\/activrando.org\/AR_blog\/wp-json\/wp\/v2\/tags?post=474"}],"curies":[{"name":"wp","href":"https:\/\/api.w.org\/{rel}","templated":true}]}}