{"id":4675,"date":"2022-03-08T23:44:35","date_gmt":"2022-03-08T22:44:35","guid":{"rendered":"http:\/\/activrando.org\/AR_blog\/?p=4675"},"modified":"2022-11-25T13:22:18","modified_gmt":"2022-11-25T12:22:18","slug":"chateau-de-maulmont-rando-sante-a-st-priest-bt-mardi-8-mars-2022-18-photos","status":"publish","type":"post","link":"https:\/\/activrando.org\/AR_blog\/2022\/03\/08\/chateau-de-maulmont-rando-sante-a-st-priest-bt-mardi-8-mars-2022-18-photos\/","title":{"rendered":"\u00ab\u00a0Ch\u00e2teau de Maulmont\u00a0\u00bb, Rando Sant\u00e9\u00ae \u00e0 St-Priest-Bt, mardi 8 mars 2022 (18 photos)"},"content":{"rendered":"\n<p>.<br>.<\/p>\n\n\n\n<p class=\"has-text-align-center\"><strong><a href=\"https:\/\/activrando.org\/AR_blog\/2022\/03\/06\/le-grun-de-chignore-journee-rando-a-vollore-ville-dim-6-mars-2022-46-photos\/\" data-type=\"URL\" data-id=\"https:\/\/activrando.org\/AR_blog\/2022\/03\/06\/le-grun-de-chignore-journee-rando-a-vollore-ville-dim-6-mars-2022-46-photos\/\">&lt; &lt; &lt; ARTICLE PR\u00c9C\u00c9DENT<\/a><a rel=\"noreferrer noopener\" href=\"https:\/\/activrando.org\/AR_blog\/2021\/12\/28\/chapoulin-rando-sante-a-serbannes-mardi-28-dec-2021-6-photos\/\" target=\"_blank\"> <\/a>&#8212;&#8212;&#8212;&#8212;&#8212;&#8212;-<a rel=\"noreferrer noopener\" href=\"https:\/\/activrando.org\/AR_blog\/2021\/12\/28\/chapoulin-rando-sante-a-serbannes-mardi-28-dec-2021-6-photos\/\" target=\"_blank\"> <\/a><a rel=\"noreferrer noopener\" href=\"https:\/\/activrando.org\/AR_blog\/\" target=\"_blank\">ACCUEIL DU BLOG<\/a><a rel=\"noreferrer noopener\" href=\"https:\/\/activrando.org\/AR_blog\/2021\/12\/28\/chapoulin-rando-sante-a-serbannes-mardi-28-dec-2021-6-photos\/\" target=\"_blank\"> <\/a>&#8212;&#8212;&#8212;&#8212;&#8212;&#8212;&#8212;-<a rel=\"noreferrer noopener\" href=\"https:\/\/activrando.org\/AR_blog\/2021\/12\/28\/chapoulin-rando-sante-a-serbannes-mardi-28-dec-2021-6-photos\/\" target=\"_blank\"> <\/a><a href=\"https:\/\/activrando.org\/AR_blog\/2022\/03\/10\/de-lallier-a-lanaire-petite-rando-jeudi-10-mars-2022-a-creuzier-le-v-14-photos\/\" data-type=\"URL\" data-id=\"https:\/\/activrando.org\/AR_blog\/2022\/03\/10\/de-lallier-a-lanaire-petite-rando-jeudi-10-mars-2022-a-creuzier-le-v-14-photos\/\">ARTICLE SUIVANT &gt; &gt; &gt;<\/a><\/strong><\/p>\n\n\n\n<p>.<br>.<\/p>\n\n\n<div class=\"wp-block-image\">\n<figure class=\"aligncenter size-full\"><img decoding=\"async\" loading=\"lazy\" width=\"1024\" height=\"640\" src=\"https:\/\/activrando.org\/AR_blog\/wp-content\/uploads\/2022\/03\/220308-St-Priest-Bt-01-groupe-marche.jpg\" alt=\"\" class=\"wp-image-4676\" srcset=\"https:\/\/activrando.org\/AR_blog\/wp-content\/uploads\/2022\/03\/220308-St-Priest-Bt-01-groupe-marche.jpg 1024w, https:\/\/activrando.org\/AR_blog\/wp-content\/uploads\/2022\/03\/220308-St-Priest-Bt-01-groupe-marche-300x188.jpg 300w, https:\/\/activrando.org\/AR_blog\/wp-content\/uploads\/2022\/03\/220308-St-Priest-Bt-01-groupe-marche-768x480.jpg 768w\" sizes=\"(max-width: 1024px) 100vw, 1024px\" \/><figcaption class=\"wp-element-caption\"><strong>C&rsquo;est parti ! Le temps est id\u00e9al : doux et ensoleill\u00e9, pas de vent&#8230; Vraiment tr\u00e8s bien !<\/strong><br>.<br>.<\/figcaption><\/figure><\/div>\n\n<div class=\"wp-block-image\">\n<figure class=\"aligncenter size-full\"><img decoding=\"async\" loading=\"lazy\" width=\"640\" height=\"750\" src=\"https:\/\/activrando.org\/AR_blog\/wp-content\/uploads\/2022\/03\/220308-St-Priest-Bt-02-pigeonnier.jpg\" alt=\"\" class=\"wp-image-4677\" srcset=\"https:\/\/activrando.org\/AR_blog\/wp-content\/uploads\/2022\/03\/220308-St-Priest-Bt-02-pigeonnier.jpg 640w, https:\/\/activrando.org\/AR_blog\/wp-content\/uploads\/2022\/03\/220308-St-Priest-Bt-02-pigeonnier-256x300.jpg 256w\" sizes=\"(max-width: 640px) 100vw, 640px\" \/><figcaption class=\"wp-element-caption\"><strong>Il y a beaucoup de pigeonniers dans ce secteur. Celui-ci, sans enduit sur les murs est int\u00e9ressant.<\/strong><br>.<br>.<\/figcaption><\/figure><\/div>\n\n<div class=\"wp-block-image\">\n<figure class=\"aligncenter size-full\"><img decoding=\"async\" loading=\"lazy\" width=\"720\" height=\"680\" src=\"https:\/\/activrando.org\/AR_blog\/wp-content\/uploads\/2022\/03\/220308-St-Priest-Bt-03-arbre-pin.jpg\" alt=\"\" class=\"wp-image-4678\" srcset=\"https:\/\/activrando.org\/AR_blog\/wp-content\/uploads\/2022\/03\/220308-St-Priest-Bt-03-arbre-pin.jpg 720w, https:\/\/activrando.org\/AR_blog\/wp-content\/uploads\/2022\/03\/220308-St-Priest-Bt-03-arbre-pin-300x283.jpg 300w\" sizes=\"(max-width: 720px) 100vw, 720px\" \/><figcaption class=\"wp-element-caption\">.<br>.<br>.<\/figcaption><\/figure><\/div>\n\n<div class=\"wp-block-image\">\n<figure class=\"aligncenter size-full\"><img decoding=\"async\" loading=\"lazy\" width=\"1024\" height=\"512\" src=\"https:\/\/activrando.org\/AR_blog\/wp-content\/uploads\/2022\/03\/220308-St-Priest-Bt-04-foret.jpg\" alt=\"\" class=\"wp-image-4679\" srcset=\"https:\/\/activrando.org\/AR_blog\/wp-content\/uploads\/2022\/03\/220308-St-Priest-Bt-04-foret.jpg 1024w, https:\/\/activrando.org\/AR_blog\/wp-content\/uploads\/2022\/03\/220308-St-Priest-Bt-04-foret-300x150.jpg 300w, https:\/\/activrando.org\/AR_blog\/wp-content\/uploads\/2022\/03\/220308-St-Priest-Bt-04-foret-768x384.jpg 768w\" sizes=\"(max-width: 1024px) 100vw, 1024px\" \/><figcaption class=\"wp-element-caption\"><strong>Nous sommes entr\u00e9s dans la for\u00eat et passons sur de beaux chemins.<\/strong><br>.<br>.<\/figcaption><\/figure><\/div>\n\n<div class=\"wp-block-image\">\n<figure class=\"aligncenter size-full\"><img decoding=\"async\" loading=\"lazy\" width=\"600\" height=\"763\" src=\"https:\/\/activrando.org\/AR_blog\/wp-content\/uploads\/2022\/03\/220308-St-Priest-Bt-05-arbre.jpg\" alt=\"\" class=\"wp-image-4680\" srcset=\"https:\/\/activrando.org\/AR_blog\/wp-content\/uploads\/2022\/03\/220308-St-Priest-Bt-05-arbre.jpg 600w, https:\/\/activrando.org\/AR_blog\/wp-content\/uploads\/2022\/03\/220308-St-Priest-Bt-05-arbre-236x300.jpg 236w\" sizes=\"(max-width: 600px) 100vw, 600px\" \/><figcaption class=\"wp-element-caption\">.<br>.<br>.<\/figcaption><\/figure><\/div>\n\n<div class=\"wp-block-image\">\n<figure class=\"aligncenter size-full\"><img decoding=\"async\" loading=\"lazy\" width=\"1024\" height=\"640\" src=\"https:\/\/activrando.org\/AR_blog\/wp-content\/uploads\/2022\/03\/220308-St-Priest-Bt-06-groupe-marche.jpg\" alt=\"\" class=\"wp-image-4681\" srcset=\"https:\/\/activrando.org\/AR_blog\/wp-content\/uploads\/2022\/03\/220308-St-Priest-Bt-06-groupe-marche.jpg 1024w, https:\/\/activrando.org\/AR_blog\/wp-content\/uploads\/2022\/03\/220308-St-Priest-Bt-06-groupe-marche-300x188.jpg 300w, https:\/\/activrando.org\/AR_blog\/wp-content\/uploads\/2022\/03\/220308-St-Priest-Bt-06-groupe-marche-768x480.jpg 768w\" sizes=\"(max-width: 1024px) 100vw, 1024px\" \/><figcaption class=\"wp-element-caption\">.<br>.<br>.<\/figcaption><\/figure><\/div>\n\n<div class=\"wp-block-image\">\n<figure class=\"aligncenter size-full\"><img decoding=\"async\" loading=\"lazy\" width=\"640\" height=\"640\" src=\"https:\/\/activrando.org\/AR_blog\/wp-content\/uploads\/2022\/03\/220308-St-Priest-Bt-07-foret-chemin.jpg\" alt=\"\" class=\"wp-image-4682\" srcset=\"https:\/\/activrando.org\/AR_blog\/wp-content\/uploads\/2022\/03\/220308-St-Priest-Bt-07-foret-chemin.jpg 640w, https:\/\/activrando.org\/AR_blog\/wp-content\/uploads\/2022\/03\/220308-St-Priest-Bt-07-foret-chemin-300x300.jpg 300w, https:\/\/activrando.org\/AR_blog\/wp-content\/uploads\/2022\/03\/220308-St-Priest-Bt-07-foret-chemin-150x150.jpg 150w\" sizes=\"(max-width: 640px) 100vw, 640px\" \/><figcaption class=\"wp-element-caption\">.<br>.<br>.<\/figcaption><\/figure><\/div>\n\n<div class=\"wp-block-image\">\n<figure class=\"aligncenter size-full\"><img decoding=\"async\" loading=\"lazy\" width=\"1024\" height=\"640\" src=\"https:\/\/activrando.org\/AR_blog\/wp-content\/uploads\/2022\/03\/220308-St-Priest-Bt-08-groupe-pause.jpg\" alt=\"\" class=\"wp-image-4683\" srcset=\"https:\/\/activrando.org\/AR_blog\/wp-content\/uploads\/2022\/03\/220308-St-Priest-Bt-08-groupe-pause.jpg 1024w, https:\/\/activrando.org\/AR_blog\/wp-content\/uploads\/2022\/03\/220308-St-Priest-Bt-08-groupe-pause-300x188.jpg 300w, https:\/\/activrando.org\/AR_blog\/wp-content\/uploads\/2022\/03\/220308-St-Priest-Bt-08-groupe-pause-768x480.jpg 768w\" sizes=\"(max-width: 1024px) 100vw, 1024px\" \/><figcaption class=\"wp-element-caption\">.<br>.<br>.<\/figcaption><\/figure><\/div>\n\n<div class=\"wp-block-image\">\n<figure class=\"aligncenter size-full\"><img decoding=\"async\" loading=\"lazy\" width=\"1024\" height=\"768\" src=\"https:\/\/activrando.org\/AR_blog\/wp-content\/uploads\/2022\/03\/220308-St-Priest-Bt-09-charpente.jpg\" alt=\"\" class=\"wp-image-4684\" srcset=\"https:\/\/activrando.org\/AR_blog\/wp-content\/uploads\/2022\/03\/220308-St-Priest-Bt-09-charpente.jpg 1024w, https:\/\/activrando.org\/AR_blog\/wp-content\/uploads\/2022\/03\/220308-St-Priest-Bt-09-charpente-300x225.jpg 300w, https:\/\/activrando.org\/AR_blog\/wp-content\/uploads\/2022\/03\/220308-St-Priest-Bt-09-charpente-768x576.jpg 768w\" sizes=\"(max-width: 1024px) 100vw, 1024px\" \/><figcaption class=\"wp-element-caption\">.<br>.<br>.<\/figcaption><\/figure><\/div>\n\n<div class=\"wp-block-image\">\n<figure class=\"aligncenter size-full\"><img decoding=\"async\" loading=\"lazy\" width=\"1024\" height=\"576\" src=\"https:\/\/activrando.org\/AR_blog\/wp-content\/uploads\/2022\/03\/220308-St-Priest-Bt-10-groupe-marche.jpg\" alt=\"\" class=\"wp-image-4685\" srcset=\"https:\/\/activrando.org\/AR_blog\/wp-content\/uploads\/2022\/03\/220308-St-Priest-Bt-10-groupe-marche.jpg 1024w, https:\/\/activrando.org\/AR_blog\/wp-content\/uploads\/2022\/03\/220308-St-Priest-Bt-10-groupe-marche-300x169.jpg 300w, https:\/\/activrando.org\/AR_blog\/wp-content\/uploads\/2022\/03\/220308-St-Priest-Bt-10-groupe-marche-768x432.jpg 768w\" sizes=\"(max-width: 1024px) 100vw, 1024px\" \/><figcaption class=\"wp-element-caption\">.<br>.<br>.<\/figcaption><\/figure><\/div>\n\n<div class=\"wp-block-image\">\n<figure class=\"aligncenter size-full\"><img decoding=\"async\" loading=\"lazy\" width=\"1024\" height=\"640\" src=\"https:\/\/activrando.org\/AR_blog\/wp-content\/uploads\/2022\/03\/220308-St-Priest-Bt-11-groupe-marche.jpg\" alt=\"\" class=\"wp-image-4686\" srcset=\"https:\/\/activrando.org\/AR_blog\/wp-content\/uploads\/2022\/03\/220308-St-Priest-Bt-11-groupe-marche.jpg 1024w, https:\/\/activrando.org\/AR_blog\/wp-content\/uploads\/2022\/03\/220308-St-Priest-Bt-11-groupe-marche-300x188.jpg 300w, https:\/\/activrando.org\/AR_blog\/wp-content\/uploads\/2022\/03\/220308-St-Priest-Bt-11-groupe-marche-768x480.jpg 768w\" sizes=\"(max-width: 1024px) 100vw, 1024px\" \/><figcaption class=\"wp-element-caption\">.<br>.<br>.<\/figcaption><\/figure><\/div>\n\n<div class=\"wp-block-image\">\n<figure class=\"aligncenter size-full\"><img decoding=\"async\" loading=\"lazy\" width=\"1024\" height=\"819\" src=\"https:\/\/activrando.org\/AR_blog\/wp-content\/uploads\/2022\/03\/220308-St-Priest-Bt-12-fleurs-scilles.jpg\" alt=\"\" class=\"wp-image-4687\" srcset=\"https:\/\/activrando.org\/AR_blog\/wp-content\/uploads\/2022\/03\/220308-St-Priest-Bt-12-fleurs-scilles.jpg 1024w, https:\/\/activrando.org\/AR_blog\/wp-content\/uploads\/2022\/03\/220308-St-Priest-Bt-12-fleurs-scilles-300x240.jpg 300w, https:\/\/activrando.org\/AR_blog\/wp-content\/uploads\/2022\/03\/220308-St-Priest-Bt-12-fleurs-scilles-768x614.jpg 768w\" sizes=\"(max-width: 1024px) 100vw, 1024px\" \/><figcaption class=\"wp-element-caption\"><strong>La scille, petite plante d\u00e9licate et fugace de sortie d&rsquo;hiver, est en fleurs.<\/strong><br>.<br>.<\/figcaption><\/figure><\/div>\n\n<div class=\"wp-block-image\">\n<figure class=\"aligncenter size-full\"><img decoding=\"async\" loading=\"lazy\" width=\"1024\" height=\"640\" src=\"https:\/\/activrando.org\/AR_blog\/wp-content\/uploads\/2022\/03\/220308-St-Priest-Bt-13-chateau-Maulmont-etang.jpg\" alt=\"\" class=\"wp-image-4688\" srcset=\"https:\/\/activrando.org\/AR_blog\/wp-content\/uploads\/2022\/03\/220308-St-Priest-Bt-13-chateau-Maulmont-etang.jpg 1024w, https:\/\/activrando.org\/AR_blog\/wp-content\/uploads\/2022\/03\/220308-St-Priest-Bt-13-chateau-Maulmont-etang-300x188.jpg 300w, https:\/\/activrando.org\/AR_blog\/wp-content\/uploads\/2022\/03\/220308-St-Priest-Bt-13-chateau-Maulmont-etang-768x480.jpg 768w\" sizes=\"(max-width: 1024px) 100vw, 1024px\" \/><figcaption class=\"wp-element-caption\"><strong>Le <a href=\"https:\/\/chateau-maulmont.com\" data-type=\"URL\" data-id=\"https:\/\/chateau-maulmont.com\">Ch\u00e2teau de Maulmont<\/a>, un lieu exceptionnel pour organiser des \u00e9v\u00e9nement priv\u00e9s ou professionnels.<\/strong><br>.<br>.<\/figcaption><\/figure><\/div>\n\n<div class=\"wp-block-image\">\n<figure class=\"aligncenter size-full\"><img decoding=\"async\" loading=\"lazy\" width=\"1024\" height=\"551\" src=\"https:\/\/activrando.org\/AR_blog\/wp-content\/uploads\/2022\/03\/220308-St-Priest-Bt-14-groupe-pose.jpg\" alt=\"\" class=\"wp-image-4689\" srcset=\"https:\/\/activrando.org\/AR_blog\/wp-content\/uploads\/2022\/03\/220308-St-Priest-Bt-14-groupe-pose.jpg 1024w, https:\/\/activrando.org\/AR_blog\/wp-content\/uploads\/2022\/03\/220308-St-Priest-Bt-14-groupe-pose-300x161.jpg 300w, https:\/\/activrando.org\/AR_blog\/wp-content\/uploads\/2022\/03\/220308-St-Priest-Bt-14-groupe-pose-768x413.jpg 768w\" sizes=\"(max-width: 1024px) 100vw, 1024px\" \/><figcaption class=\"wp-element-caption\">.<br>.<br>.<\/figcaption><\/figure><\/div>\n\n\n<figure class=\"wp-block-image size-full\"><img decoding=\"async\" loading=\"lazy\" width=\"1024\" height=\"551\" src=\"https:\/\/activrando.org\/AR_blog\/wp-content\/uploads\/2022\/03\/220308-St-Priest-Bt-14B-groupe-pose.jpg\" alt=\"\" class=\"wp-image-4762\" srcset=\"https:\/\/activrando.org\/AR_blog\/wp-content\/uploads\/2022\/03\/220308-St-Priest-Bt-14B-groupe-pose.jpg 1024w, https:\/\/activrando.org\/AR_blog\/wp-content\/uploads\/2022\/03\/220308-St-Priest-Bt-14B-groupe-pose-300x161.jpg 300w, https:\/\/activrando.org\/AR_blog\/wp-content\/uploads\/2022\/03\/220308-St-Priest-Bt-14B-groupe-pose-768x413.jpg 768w\" sizes=\"(max-width: 1024px) 100vw, 1024px\" \/><figcaption class=\"wp-element-caption\">La<strong> photo faite par Alain, sans ch\u00e2teau mais avec un beau groupe.<\/strong><br>.<br>.<\/figcaption><\/figure>\n\n\n<div class=\"wp-block-image\">\n<figure class=\"aligncenter size-full\"><img decoding=\"async\" loading=\"lazy\" width=\"1024\" height=\"768\" src=\"https:\/\/activrando.org\/AR_blog\/wp-content\/uploads\/2022\/03\/220308-St-Priest-Bt-15-chateau-Maulmont.jpg\" alt=\"\" class=\"wp-image-4690\" srcset=\"https:\/\/activrando.org\/AR_blog\/wp-content\/uploads\/2022\/03\/220308-St-Priest-Bt-15-chateau-Maulmont.jpg 1024w, https:\/\/activrando.org\/AR_blog\/wp-content\/uploads\/2022\/03\/220308-St-Priest-Bt-15-chateau-Maulmont-300x225.jpg 300w, https:\/\/activrando.org\/AR_blog\/wp-content\/uploads\/2022\/03\/220308-St-Priest-Bt-15-chateau-Maulmont-768x576.jpg 768w\" sizes=\"(max-width: 1024px) 100vw, 1024px\" \/><figcaption class=\"wp-element-caption\">.<br>.<br>.<\/figcaption><\/figure><\/div>\n\n<div class=\"wp-block-image\">\n<figure class=\"aligncenter size-full\"><img decoding=\"async\" loading=\"lazy\" width=\"1024\" height=\"512\" src=\"https:\/\/activrando.org\/AR_blog\/wp-content\/uploads\/2022\/03\/220308-St-Priest-Bt-16-chateau-Maulmont.jpg\" alt=\"\" class=\"wp-image-4691\" srcset=\"https:\/\/activrando.org\/AR_blog\/wp-content\/uploads\/2022\/03\/220308-St-Priest-Bt-16-chateau-Maulmont.jpg 1024w, https:\/\/activrando.org\/AR_blog\/wp-content\/uploads\/2022\/03\/220308-St-Priest-Bt-16-chateau-Maulmont-300x150.jpg 300w, https:\/\/activrando.org\/AR_blog\/wp-content\/uploads\/2022\/03\/220308-St-Priest-Bt-16-chateau-Maulmont-768x384.jpg 768w\" sizes=\"(max-width: 1024px) 100vw, 1024px\" \/><figcaption class=\"wp-element-caption\"><strong>C\u00f4t\u00e9 Nord.<\/strong><br>.<br>.<\/figcaption><\/figure><\/div>\n\n<div class=\"wp-block-image\">\n<figure class=\"aligncenter size-full\"><img decoding=\"async\" loading=\"lazy\" width=\"720\" height=\"540\" src=\"https:\/\/activrando.org\/AR_blog\/wp-content\/uploads\/2022\/03\/220308-St-Priest-Bt-17-lavoir.jpg\" alt=\"\" class=\"wp-image-4692\" srcset=\"https:\/\/activrando.org\/AR_blog\/wp-content\/uploads\/2022\/03\/220308-St-Priest-Bt-17-lavoir.jpg 720w, https:\/\/activrando.org\/AR_blog\/wp-content\/uploads\/2022\/03\/220308-St-Priest-Bt-17-lavoir-300x225.jpg 300w\" sizes=\"(max-width: 720px) 100vw, 720px\" \/><figcaption class=\"wp-element-caption\"><strong>A Saint-Priest-Bramefant, les fontaines coulent et il y a plusieurs lavoirs, aliment\u00e9s par les ruisseaux.<\/strong><br>.<br>.<\/figcaption><\/figure><\/div>\n\n<div class=\"wp-block-image\">\n<figure class=\"aligncenter size-full\"><img decoding=\"async\" loading=\"lazy\" width=\"1024\" height=\"683\" src=\"https:\/\/activrando.org\/AR_blog\/wp-content\/uploads\/2022\/03\/220308-St-Priest-Bt-18-groupe-marche-eglise.jpg\" alt=\"\" class=\"wp-image-4693\" srcset=\"https:\/\/activrando.org\/AR_blog\/wp-content\/uploads\/2022\/03\/220308-St-Priest-Bt-18-groupe-marche-eglise.jpg 1024w, https:\/\/activrando.org\/AR_blog\/wp-content\/uploads\/2022\/03\/220308-St-Priest-Bt-18-groupe-marche-eglise-300x200.jpg 300w, https:\/\/activrando.org\/AR_blog\/wp-content\/uploads\/2022\/03\/220308-St-Priest-Bt-18-groupe-marche-eglise-768x512.jpg 768w\" sizes=\"(max-width: 1024px) 100vw, 1024px\" \/><figcaption class=\"wp-element-caption\"><strong>Retour au point de d\u00e9part.<\/strong><br>.<br>.<\/figcaption><\/figure><\/div>\n\n\n<p class=\"has-text-align-center\"><strong><a href=\"https:\/\/activrando.org\/AR_blog\/2022\/03\/06\/le-grun-de-chignore-journee-rando-a-vollore-ville-dim-6-mars-2022-46-photos\/\" data-type=\"URL\" data-id=\"https:\/\/activrando.org\/AR_blog\/2022\/03\/06\/le-grun-de-chignore-journee-rando-a-vollore-ville-dim-6-mars-2022-46-photos\/\">&lt; &lt; &lt; ARTICLE PR\u00c9C\u00c9DENT <\/a>&#8212;&#8212;&#8212;&#8212;&#8212;&#8212;-<a rel=\"noreferrer noopener\" href=\"https:\/\/activrando.org\/AR_blog\/2021\/12\/28\/chapoulin-rando-sante-a-serbannes-mardi-28-dec-2021-6-photos\/\" target=\"_blank\"> <\/a><a rel=\"noreferrer noopener\" href=\"https:\/\/activrando.org\/AR_blog\/\" target=\"_blank\">ACCUEIL DU BLOG<\/a><a rel=\"noreferrer noopener\" href=\"https:\/\/activrando.org\/AR_blog\/2021\/12\/28\/chapoulin-rando-sante-a-serbannes-mardi-28-dec-2021-6-photos\/\" target=\"_blank\"> <\/a>&#8212;&#8212;&#8212;&#8212;&#8212;&#8212;&#8212;-<a rel=\"noreferrer noopener\" href=\"https:\/\/activrando.org\/AR_blog\/2021\/12\/28\/chapoulin-rando-sante-a-serbannes-mardi-28-dec-2021-6-photos\/\" target=\"_blank\"> <\/a><a href=\"https:\/\/activrando.org\/AR_blog\/2022\/03\/10\/de-lallier-a-lanaire-petite-rando-jeudi-10-mars-2022-a-creuzier-le-v-14-photos\/\" data-type=\"URL\" data-id=\"https:\/\/activrando.org\/AR_blog\/2022\/03\/10\/de-lallier-a-lanaire-petite-rando-jeudi-10-mars-2022-a-creuzier-le-v-14-photos\/\">ARTICLE SUIVANT &gt; &gt; &gt;<\/a><\/strong><\/p>\n\n\n\n<p><br><\/p>\n\n\n\n<p class=\"has-text-align-center\">ICI : \u00ab\u00a0Ch\u00e2teau de Maulmont\u00a0\u00bb, Rando Sant\u00e9\u00ae \u00e0 St-Priest-Bt, mardi 8 mars 2022 (18 photos)<br>.<br>.<\/p>\n","protected":false},"excerpt":{"rendered":"<p>Une balade en for\u00eat avec passage pr\u00e8s du ch\u00e2teau de Maulmont.<\/p>\n","protected":false},"author":2,"featured_media":4694,"comment_status":"closed","ping_status":"closed","sticky":false,"template":"","format":"standard","meta":[],"categories":[5],"tags":[],"_links":{"self":[{"href":"https:\/\/activrando.org\/AR_blog\/wp-json\/wp\/v2\/posts\/4675"}],"collection":[{"href":"https:\/\/activrando.org\/AR_blog\/wp-json\/wp\/v2\/posts"}],"about":[{"href":"https:\/\/activrando.org\/AR_blog\/wp-json\/wp\/v2\/types\/post"}],"author":[{"embeddable":true,"href":"https:\/\/activrando.org\/AR_blog\/wp-json\/wp\/v2\/users\/2"}],"replies":[{"embeddable":true,"href":"https:\/\/activrando.org\/AR_blog\/wp-json\/wp\/v2\/comments?post=4675"}],"version-history":[{"count":11,"href":"https:\/\/activrando.org\/AR_blog\/wp-json\/wp\/v2\/posts\/4675\/revisions"}],"predecessor-version":[{"id":5237,"href":"https:\/\/activrando.org\/AR_blog\/wp-json\/wp\/v2\/posts\/4675\/revisions\/5237"}],"wp:featuredmedia":[{"embeddable":true,"href":"https:\/\/activrando.org\/AR_blog\/wp-json\/wp\/v2\/media\/4694"}],"wp:attachment":[{"href":"https:\/\/activrando.org\/AR_blog\/wp-json\/wp\/v2\/media?parent=4675"}],"wp:term":[{"taxonomy":"category","embeddable":true,"href":"https:\/\/activrando.org\/AR_blog\/wp-json\/wp\/v2\/categories?post=4675"},{"taxonomy":"post_tag","embeddable":true,"href":"https:\/\/activrando.org\/AR_blog\/wp-json\/wp\/v2\/tags?post=4675"}],"curies":[{"name":"wp","href":"https:\/\/api.w.org\/{rel}","templated":true}]}}