{"id":467,"date":"2019-09-10T19:18:40","date_gmt":"2019-09-10T17:18:40","guid":{"rendered":"http:\/\/activrando.org\/AR_blog\/?p=467"},"modified":"2019-12-14T22:19:03","modified_gmt":"2019-12-14T21:19:03","slug":"bois-cariol-le-10-sept-a-espinasse-vozelle","status":"publish","type":"post","link":"https:\/\/activrando.org\/AR_blog\/2019\/09\/10\/bois-cariol-le-10-sept-a-espinasse-vozelle\/","title":{"rendered":"\u00a0\u00bbBois Cariol\u00a0\u00bb, le 10 sept., \u00e0 Espinasse-Vozelle (5 photos)"},"content":{"rendered":"\n<p><a href=\"https:\/\/activrando.org\/AR_blog\/2019\/09\/12\/cheval-rigon-le-12-sept-10-photos\/\"><strong>>>> ARTICLE SUIVANT<\/strong><\/a><\/p>\n\n\n\n<p><a href=\"https:\/\/activrando.org\/AR_blog\/2019\/09\/08\/montmorin-le-8-sept-a-egliseneuve-pres-billom-24-photos\/\"><strong>>>> ARTICLE PR\u00c9C\u00c9DENT<\/strong><\/a><\/p>\n\n\n\n<p>Rando Sant\u00e9\u00ae de 7,6 km \/ tr\u00e8s peu de d\u00e9nivel\u00e9 \/ Indice IBP = 23, au d\u00e9part du stade.<\/p>\n\n\n\n<figure class=\"wp-block-image\"><img decoding=\"async\" loading=\"lazy\" width=\"1024\" height=\"680\" src=\"https:\/\/activrando.org\/AR_blog\/wp-content\/uploads\/2019\/11\/190910-Espinasse-V-01-groupe-marche-1024x680.jpg\" alt=\"\" class=\"wp-image-468\" srcset=\"https:\/\/activrando.org\/AR_blog\/wp-content\/uploads\/2019\/11\/190910-Espinasse-V-01-groupe-marche.jpg 1024w, https:\/\/activrando.org\/AR_blog\/wp-content\/uploads\/2019\/11\/190910-Espinasse-V-01-groupe-marche-300x199.jpg 300w, https:\/\/activrando.org\/AR_blog\/wp-content\/uploads\/2019\/11\/190910-Espinasse-V-01-groupe-marche-768x510.jpg 768w\" sizes=\"(max-width: 1024px) 100vw, 1024px\" \/><figcaption><strong>Passage dans le Bois Cariol&#8230;<\/strong><br><br>   .   <\/figcaption><\/figure>\n\n\n\n<figure class=\"wp-block-image\"><img decoding=\"async\" loading=\"lazy\" width=\"1024\" height=\"680\" src=\"https:\/\/activrando.org\/AR_blog\/wp-content\/uploads\/2019\/11\/190910-Espinasse-V-02-champignons-chene-1024x680.jpg\" alt=\"\" class=\"wp-image-469\" srcset=\"https:\/\/activrando.org\/AR_blog\/wp-content\/uploads\/2019\/11\/190910-Espinasse-V-02-champignons-chene.jpg 1024w, https:\/\/activrando.org\/AR_blog\/wp-content\/uploads\/2019\/11\/190910-Espinasse-V-02-champignons-chene-300x199.jpg 300w, https:\/\/activrando.org\/AR_blog\/wp-content\/uploads\/2019\/11\/190910-Espinasse-V-02-champignons-chene-768x510.jpg 768w\" sizes=\"(max-width: 1024px) 100vw, 1024px\" \/><figcaption>   .   <br><br>   .   <\/figcaption><\/figure>\n\n\n\n<figure class=\"wp-block-image\"><img decoding=\"async\" loading=\"lazy\" width=\"1024\" height=\"680\" src=\"https:\/\/activrando.org\/AR_blog\/wp-content\/uploads\/2019\/11\/190910-Espinasse-V-03-groupe-marche-tunnel-1024x680.jpg\" alt=\"\" class=\"wp-image-470\" srcset=\"https:\/\/activrando.org\/AR_blog\/wp-content\/uploads\/2019\/11\/190910-Espinasse-V-03-groupe-marche-tunnel.jpg 1024w, https:\/\/activrando.org\/AR_blog\/wp-content\/uploads\/2019\/11\/190910-Espinasse-V-03-groupe-marche-tunnel-300x199.jpg 300w, https:\/\/activrando.org\/AR_blog\/wp-content\/uploads\/2019\/11\/190910-Espinasse-V-03-groupe-marche-tunnel-768x510.jpg 768w\" sizes=\"(max-width: 1024px) 100vw, 1024px\" \/><figcaption><strong>Passage sous la A719.<\/strong><br><br>   .   <\/figcaption><\/figure>\n\n\n\n<figure class=\"wp-block-image\"><img decoding=\"async\" loading=\"lazy\" width=\"1024\" height=\"680\" src=\"https:\/\/activrando.org\/AR_blog\/wp-content\/uploads\/2019\/11\/190910-Espinasse-V-04-branches-arbre-1024x680.jpg\" alt=\"\" class=\"wp-image-471\" srcset=\"https:\/\/activrando.org\/AR_blog\/wp-content\/uploads\/2019\/11\/190910-Espinasse-V-04-branches-arbre.jpg 1024w, https:\/\/activrando.org\/AR_blog\/wp-content\/uploads\/2019\/11\/190910-Espinasse-V-04-branches-arbre-300x199.jpg 300w, https:\/\/activrando.org\/AR_blog\/wp-content\/uploads\/2019\/11\/190910-Espinasse-V-04-branches-arbre-768x510.jpg 768w\" sizes=\"(max-width: 1024px) 100vw, 1024px\" \/><figcaption><strong>Des arbres avec de feuilles comme celle du fr\u00eane et des fruits comme ceux du noyer&#8230; bizarre.<\/strong><br><br>   .   <\/figcaption><\/figure>\n\n\n\n<figure class=\"wp-block-image\"><img decoding=\"async\" loading=\"lazy\" width=\"1024\" height=\"680\" src=\"https:\/\/activrando.org\/AR_blog\/wp-content\/uploads\/2019\/11\/190910-Espinasse-V-05-groupe-pose-1024x680.jpg\" alt=\"\" class=\"wp-image-472\" srcset=\"https:\/\/activrando.org\/AR_blog\/wp-content\/uploads\/2019\/11\/190910-Espinasse-V-05-groupe-pose.jpg 1024w, https:\/\/activrando.org\/AR_blog\/wp-content\/uploads\/2019\/11\/190910-Espinasse-V-05-groupe-pose-300x199.jpg 300w, https:\/\/activrando.org\/AR_blog\/wp-content\/uploads\/2019\/11\/190910-Espinasse-V-05-groupe-pose-768x510.jpg 768w\" sizes=\"(max-width: 1024px) 100vw, 1024px\" \/><figcaption>   .   <\/figcaption><\/figure>\n\n\n\n<p><a href=\"https:\/\/activrando.org\/AR_blog\/2019\/09\/12\/cheval-rigon-le-12-sept-10-photos\/\"><strong>>>> ARTICLE SUIVANT<\/strong><\/a><\/p>\n\n\n\n<p><a href=\"https:\/\/activrando.org\/AR_blog\/\"><strong>>>> ACCUEIL DU BLOG<\/strong><\/a><\/p>\n\n\n\n<p><a href=\"https:\/\/activrando.org\/AR_blog\/2019\/09\/08\/montmorin-le-8-sept-a-egliseneuve-pres-billom-24-photos\/\"><strong>>>> ARTICLE PR\u00c9C\u00c9DENT<\/strong><\/a><\/p>\n\n\n\n<p>. <\/p>\n","protected":false},"excerpt":{"rendered":"<p>>>> ARTICLE SUIVANT >>> ARTICLE PR\u00c9C\u00c9DENT Rando Sant\u00e9\u00ae de 7,6 km \/ tr\u00e8s peu de d\u00e9nivel\u00e9 \/ Indice IBP = 23, au d\u00e9part du stade. >>> ARTICLE SUIVANT >>> ACCUEIL DU BLOG >>> ARTICLE PR\u00c9C\u00c9DENT .<\/p>\n","protected":false},"author":2,"featured_media":0,"comment_status":"closed","ping_status":"closed","sticky":false,"template":"","format":"standard","meta":[],"categories":[2],"tags":[],"_links":{"self":[{"href":"https:\/\/activrando.org\/AR_blog\/wp-json\/wp\/v2\/posts\/467"}],"collection":[{"href":"https:\/\/activrando.org\/AR_blog\/wp-json\/wp\/v2\/posts"}],"about":[{"href":"https:\/\/activrando.org\/AR_blog\/wp-json\/wp\/v2\/types\/post"}],"author":[{"embeddable":true,"href":"https:\/\/activrando.org\/AR_blog\/wp-json\/wp\/v2\/users\/2"}],"replies":[{"embeddable":true,"href":"https:\/\/activrando.org\/AR_blog\/wp-json\/wp\/v2\/comments?post=467"}],"version-history":[{"count":5,"href":"https:\/\/activrando.org\/AR_blog\/wp-json\/wp\/v2\/posts\/467\/revisions"}],"predecessor-version":[{"id":937,"href":"https:\/\/activrando.org\/AR_blog\/wp-json\/wp\/v2\/posts\/467\/revisions\/937"}],"wp:attachment":[{"href":"https:\/\/activrando.org\/AR_blog\/wp-json\/wp\/v2\/media?parent=467"}],"wp:term":[{"taxonomy":"category","embeddable":true,"href":"https:\/\/activrando.org\/AR_blog\/wp-json\/wp\/v2\/categories?post=467"},{"taxonomy":"post_tag","embeddable":true,"href":"https:\/\/activrando.org\/AR_blog\/wp-json\/wp\/v2\/tags?post=467"}],"curies":[{"name":"wp","href":"https:\/\/api.w.org\/{rel}","templated":true}]}}