{"id":4455,"date":"2022-02-03T21:39:00","date_gmt":"2022-02-03T20:39:00","guid":{"rendered":"http:\/\/activrando.org\/AR_blog\/?p=4455"},"modified":"2022-02-18T00:53:24","modified_gmt":"2022-02-17T23:53:24","slug":"bois-montet-petite-rando-a-st-didier-la-foret-jeudi-3-fevrier-2022-10-photos","status":"publish","type":"post","link":"https:\/\/activrando.org\/AR_blog\/2022\/02\/03\/bois-montet-petite-rando-a-st-didier-la-foret-jeudi-3-fevrier-2022-10-photos\/","title":{"rendered":"\u00ab\u00a0Bois Montet\u00a0\u00bb, petite rando \u00e0 St-Didier-la-for\u00eat, jeudi 3 f\u00e9vrier 2022 (10 photos)"},"content":{"rendered":"\n<p>.<br>.<\/p>\n\n\n\n<p class=\"has-text-align-center\"><strong><a href=\"https:\/\/activrando.org\/AR_blog\/2022\/02\/01\/les-gots-rando-sante-a-espinasse-vozelle-mardi-1er-fevrier-2022-15-photos\/\" data-type=\"URL\" data-id=\"https:\/\/activrando.org\/AR_blog\/2022\/02\/01\/les-gots-rando-sante-a-espinasse-vozelle-mardi-1er-fevrier-2022-15-photos\/\">&lt; &lt; &lt; ARTICLE PR\u00c9C\u00c9DENT<\/a><a rel=\"noreferrer noopener\" href=\"https:\/\/activrando.org\/AR_blog\/2021\/12\/28\/chapoulin-rando-sante-a-serbannes-mardi-28-dec-2021-6-photos\/\" target=\"_blank\"> &#8212;&#8212;&#8212;&#8212;&#8212;&#8212;- ACCUEIL DU BLOG &#8212;&#8212;&#8212;&#8212;&#8212;&#8212;&#8212;- <\/a><a href=\"https:\/\/activrando.org\/AR_blog\/2022\/02\/06\/montaiguet-journee-rando-a-andelaroche-dim-6-fev-2022-22-photos\/\" data-type=\"URL\" data-id=\"https:\/\/activrando.org\/AR_blog\/2022\/02\/06\/montaiguet-journee-rando-a-andelaroche-dim-6-fev-2022-22-photos\/\">ARTICLE SUIVANT > > ><\/a><\/strong><\/p>\n\n\n\n<p>.<br>.<\/p>\n\n\n\n<div class=\"wp-block-image\"><figure class=\"aligncenter size-full\"><img decoding=\"async\" loading=\"lazy\" width=\"1024\" height=\"449\" src=\"https:\/\/activrando.org\/AR_blog\/wp-content\/uploads\/2022\/02\/220203-St-Didier-01-groupe-marche.jpg\" alt=\"\" class=\"wp-image-4456\" srcset=\"https:\/\/activrando.org\/AR_blog\/wp-content\/uploads\/2022\/02\/220203-St-Didier-01-groupe-marche.jpg 1024w, https:\/\/activrando.org\/AR_blog\/wp-content\/uploads\/2022\/02\/220203-St-Didier-01-groupe-marche-300x132.jpg 300w, https:\/\/activrando.org\/AR_blog\/wp-content\/uploads\/2022\/02\/220203-St-Didier-01-groupe-marche-768x337.jpg 768w\" sizes=\"(max-width: 1024px) 100vw, 1024px\" \/><figcaption><strong>On traverse la partie Sud de la For\u00eat de Marcenat&#8230;<\/strong><br>.<br>.<\/figcaption><\/figure><\/div>\n\n\n\n<div class=\"wp-block-image\"><figure class=\"aligncenter size-full\"><img decoding=\"async\" loading=\"lazy\" width=\"1024\" height=\"341\" src=\"https:\/\/activrando.org\/AR_blog\/wp-content\/uploads\/2022\/02\/220203-St-Didier-02-groupe-marche.jpg\" alt=\"\" class=\"wp-image-4457\" srcset=\"https:\/\/activrando.org\/AR_blog\/wp-content\/uploads\/2022\/02\/220203-St-Didier-02-groupe-marche.jpg 1024w, https:\/\/activrando.org\/AR_blog\/wp-content\/uploads\/2022\/02\/220203-St-Didier-02-groupe-marche-300x100.jpg 300w, https:\/\/activrando.org\/AR_blog\/wp-content\/uploads\/2022\/02\/220203-St-Didier-02-groupe-marche-768x256.jpg 768w\" sizes=\"(max-width: 1024px) 100vw, 1024px\" \/><figcaption><strong>Par moments dedans, par moments en-dehors.<\/strong><br>.<br>.<\/figcaption><\/figure><\/div>\n\n\n\n<div class=\"wp-block-image\"><figure class=\"aligncenter size-full\"><img decoding=\"async\" loading=\"lazy\" width=\"1024\" height=\"512\" src=\"https:\/\/activrando.org\/AR_blog\/wp-content\/uploads\/2022\/02\/220203-St-Didier-03-chemin-feuilles.jpg\" alt=\"\" class=\"wp-image-4458\" srcset=\"https:\/\/activrando.org\/AR_blog\/wp-content\/uploads\/2022\/02\/220203-St-Didier-03-chemin-feuilles.jpg 1024w, https:\/\/activrando.org\/AR_blog\/wp-content\/uploads\/2022\/02\/220203-St-Didier-03-chemin-feuilles-300x150.jpg 300w, https:\/\/activrando.org\/AR_blog\/wp-content\/uploads\/2022\/02\/220203-St-Didier-03-chemin-feuilles-768x384.jpg 768w\" sizes=\"(max-width: 1024px) 100vw, 1024px\" \/><figcaption><strong>Le tapis de feuillage rend moins visible le chemin.<\/strong><br>.<br>.<\/figcaption><\/figure><\/div>\n\n\n\n<div class=\"wp-block-image\"><figure class=\"aligncenter size-full\"><img decoding=\"async\" loading=\"lazy\" width=\"1024\" height=\"575\" src=\"https:\/\/activrando.org\/AR_blog\/wp-content\/uploads\/2022\/02\/220203-St-Didier-04-cabane.jpg\" alt=\"\" class=\"wp-image-4459\" srcset=\"https:\/\/activrando.org\/AR_blog\/wp-content\/uploads\/2022\/02\/220203-St-Didier-04-cabane.jpg 1024w, https:\/\/activrando.org\/AR_blog\/wp-content\/uploads\/2022\/02\/220203-St-Didier-04-cabane-300x168.jpg 300w, https:\/\/activrando.org\/AR_blog\/wp-content\/uploads\/2022\/02\/220203-St-Didier-04-cabane-768x431.jpg 768w\" sizes=\"(max-width: 1024px) 100vw, 1024px\" \/><figcaption><strong>On voit des cabanes qui ne sont que des empilements de branches et qui donnent un abri incertain. Celle-ci est plus \u00e9labor\u00e9e et gr\u00e2ce \u00e0 sa bonne construction et sans doute \u00e0 un certain entretien, existe l\u00e0 depuis plusieurs ann\u00e9es.<\/strong><br>.<br>.<\/figcaption><\/figure><\/div>\n\n\n\n<div class=\"wp-block-image\"><figure class=\"aligncenter size-full\"><img decoding=\"async\" loading=\"lazy\" width=\"1024\" height=\"528\" src=\"https:\/\/activrando.org\/AR_blog\/wp-content\/uploads\/2022\/02\/220203-St-Didier-05-bois.jpg\" alt=\"\" class=\"wp-image-4460\" srcset=\"https:\/\/activrando.org\/AR_blog\/wp-content\/uploads\/2022\/02\/220203-St-Didier-05-bois.jpg 1024w, https:\/\/activrando.org\/AR_blog\/wp-content\/uploads\/2022\/02\/220203-St-Didier-05-bois-300x155.jpg 300w, https:\/\/activrando.org\/AR_blog\/wp-content\/uploads\/2022\/02\/220203-St-Didier-05-bois-768x396.jpg 768w\" sizes=\"(max-width: 1024px) 100vw, 1024px\" \/><figcaption>.<br>.<br>.<\/figcaption><\/figure><\/div>\n\n\n\n<div class=\"wp-block-image\"><figure class=\"aligncenter size-full\"><img decoding=\"async\" loading=\"lazy\" width=\"1024\" height=\"512\" src=\"https:\/\/activrando.org\/AR_blog\/wp-content\/uploads\/2022\/02\/220203-St-Didier-06-groupe-pose.jpg\" alt=\"\" class=\"wp-image-4461\" srcset=\"https:\/\/activrando.org\/AR_blog\/wp-content\/uploads\/2022\/02\/220203-St-Didier-06-groupe-pose.jpg 1024w, https:\/\/activrando.org\/AR_blog\/wp-content\/uploads\/2022\/02\/220203-St-Didier-06-groupe-pose-300x150.jpg 300w, https:\/\/activrando.org\/AR_blog\/wp-content\/uploads\/2022\/02\/220203-St-Didier-06-groupe-pose-768x384.jpg 768w\" sizes=\"(max-width: 1024px) 100vw, 1024px\" \/><figcaption>.<br>.<br>.<\/figcaption><\/figure><\/div>\n\n\n\n<div class=\"wp-block-image\"><figure class=\"aligncenter size-full\"><img decoding=\"async\" loading=\"lazy\" width=\"1024\" height=\"576\" src=\"https:\/\/activrando.org\/AR_blog\/wp-content\/uploads\/2022\/02\/220203-St-Didier-07-marquage.jpg\" alt=\"\" class=\"wp-image-4462\" srcset=\"https:\/\/activrando.org\/AR_blog\/wp-content\/uploads\/2022\/02\/220203-St-Didier-07-marquage.jpg 1024w, https:\/\/activrando.org\/AR_blog\/wp-content\/uploads\/2022\/02\/220203-St-Didier-07-marquage-300x169.jpg 300w, https:\/\/activrando.org\/AR_blog\/wp-content\/uploads\/2022\/02\/220203-St-Didier-07-marquage-768x432.jpg 768w\" sizes=\"(max-width: 1024px) 100vw, 1024px\" \/><figcaption>.<br>.<br>.<\/figcaption><\/figure><\/div>\n\n\n\n<div class=\"wp-block-image\"><figure class=\"aligncenter size-full\"><img decoding=\"async\" loading=\"lazy\" width=\"700\" height=\"700\" src=\"https:\/\/activrando.org\/AR_blog\/wp-content\/uploads\/2022\/02\/220203-St-Didier-08-reflets.jpg\" alt=\"\" class=\"wp-image-4463\" srcset=\"https:\/\/activrando.org\/AR_blog\/wp-content\/uploads\/2022\/02\/220203-St-Didier-08-reflets.jpg 700w, https:\/\/activrando.org\/AR_blog\/wp-content\/uploads\/2022\/02\/220203-St-Didier-08-reflets-300x300.jpg 300w, https:\/\/activrando.org\/AR_blog\/wp-content\/uploads\/2022\/02\/220203-St-Didier-08-reflets-150x150.jpg 150w\" sizes=\"(max-width: 700px) 100vw, 700px\" \/><figcaption>.<br>.<br>.<\/figcaption><\/figure><\/div>\n\n\n\n<div class=\"wp-block-image\"><figure class=\"aligncenter size-full\"><img decoding=\"async\" loading=\"lazy\" width=\"1024\" height=\"640\" src=\"https:\/\/activrando.org\/AR_blog\/wp-content\/uploads\/2022\/02\/220203-St-Didier-09-ciel-poteaux.jpg\" alt=\"\" class=\"wp-image-4464\" srcset=\"https:\/\/activrando.org\/AR_blog\/wp-content\/uploads\/2022\/02\/220203-St-Didier-09-ciel-poteaux.jpg 1024w, https:\/\/activrando.org\/AR_blog\/wp-content\/uploads\/2022\/02\/220203-St-Didier-09-ciel-poteaux-300x188.jpg 300w, https:\/\/activrando.org\/AR_blog\/wp-content\/uploads\/2022\/02\/220203-St-Didier-09-ciel-poteaux-768x480.jpg 768w\" sizes=\"(max-width: 1024px) 100vw, 1024px\" \/><figcaption><strong>Une puissante ligne HT traverse la for\u00eat de part en part.<\/strong><br>.<br>.<\/figcaption><\/figure><\/div>\n\n\n\n<div class=\"wp-block-image\"><figure class=\"aligncenter size-full\"><img decoding=\"async\" loading=\"lazy\" width=\"1024\" height=\"576\" src=\"https:\/\/activrando.org\/AR_blog\/wp-content\/uploads\/2022\/02\/220203-St-Didier-10-mur-poudingue.jpg\" alt=\"\" class=\"wp-image-4465\" srcset=\"https:\/\/activrando.org\/AR_blog\/wp-content\/uploads\/2022\/02\/220203-St-Didier-10-mur-poudingue.jpg 1024w, https:\/\/activrando.org\/AR_blog\/wp-content\/uploads\/2022\/02\/220203-St-Didier-10-mur-poudingue-300x169.jpg 300w, https:\/\/activrando.org\/AR_blog\/wp-content\/uploads\/2022\/02\/220203-St-Didier-10-mur-poudingue-768x432.jpg 768w\" sizes=\"(max-width: 1024px) 100vw, 1024px\" \/><figcaption><strong>A l&rsquo;arriv\u00e9e, nous (re)traversons le village&#8230; petit d\u00e9tail : ce dont ce mur est construit semble bien \u00eatre de petits blocs de <a href=\"https:\/\/fr.wikipedia.org\/wiki\/Poudingue\" data-type=\"URL\" data-id=\"https:\/\/fr.wikipedia.org\/wiki\/Poudingue\">poudingue<\/a>, ce qui n&rsquo;est pas courant par ici.<\/strong><br>.<br>.<\/figcaption><\/figure><\/div>\n\n\n\n<p class=\"has-text-align-center\"><strong><a rel=\"noreferrer noopener\" href=\"https:\/\/activrando.org\/AR_blog\/2022\/02\/01\/les-gots-rando-sante-a-espinasse-vozelle-mardi-1er-fevrier-2022-15-photos\/\" data-type=\"URL\" data-id=\"https:\/\/activrando.org\/AR_blog\/2022\/02\/01\/les-gots-rando-sante-a-espinasse-vozelle-mardi-1er-fevrier-2022-15-photos\/\" target=\"_blank\">&lt; &lt; &lt; ARTICLE PR\u00c9C\u00c9DENT &#8212;&#8212;&#8212;&#8212;&#8212;&#8212;- ACCUEIL DU BLOG &#8212;&#8212;&#8212;&#8212;&#8212;&#8212;&#8212;- <\/a><a href=\"https:\/\/activrando.org\/AR_blog\/2022\/02\/06\/montaiguet-journee-rando-a-andelaroche-dim-6-fev-2022-22-photos\/\" data-type=\"URL\" data-id=\"https:\/\/activrando.org\/AR_blog\/2022\/02\/06\/montaiguet-journee-rando-a-andelaroche-dim-6-fev-2022-22-photos\/\">ARTICLE SUIVANT > > ><\/a><\/strong><\/p>\n\n\n\n<p>.<br>.<\/p>\n","protected":false},"excerpt":{"rendered":"<p>La For\u00eat de Marcenat, au bord de laquelle se trouve St-Didier, est compos\u00e9e de nombreux \u00a0\u00bbbois\u00a0\u00bb dont nous avons parcourus successivement plusieurs.<\/p>\n","protected":false},"author":2,"featured_media":4471,"comment_status":"closed","ping_status":"closed","sticky":false,"template":"","format":"standard","meta":[],"categories":[2],"tags":[38],"_links":{"self":[{"href":"https:\/\/activrando.org\/AR_blog\/wp-json\/wp\/v2\/posts\/4455"}],"collection":[{"href":"https:\/\/activrando.org\/AR_blog\/wp-json\/wp\/v2\/posts"}],"about":[{"href":"https:\/\/activrando.org\/AR_blog\/wp-json\/wp\/v2\/types\/post"}],"author":[{"embeddable":true,"href":"https:\/\/activrando.org\/AR_blog\/wp-json\/wp\/v2\/users\/2"}],"replies":[{"embeddable":true,"href":"https:\/\/activrando.org\/AR_blog\/wp-json\/wp\/v2\/comments?post=4455"}],"version-history":[{"count":8,"href":"https:\/\/activrando.org\/AR_blog\/wp-json\/wp\/v2\/posts\/4455\/revisions"}],"predecessor-version":[{"id":4508,"href":"https:\/\/activrando.org\/AR_blog\/wp-json\/wp\/v2\/posts\/4455\/revisions\/4508"}],"wp:featuredmedia":[{"embeddable":true,"href":"https:\/\/activrando.org\/AR_blog\/wp-json\/wp\/v2\/media\/4471"}],"wp:attachment":[{"href":"https:\/\/activrando.org\/AR_blog\/wp-json\/wp\/v2\/media?parent=4455"}],"wp:term":[{"taxonomy":"category","embeddable":true,"href":"https:\/\/activrando.org\/AR_blog\/wp-json\/wp\/v2\/categories?post=4455"},{"taxonomy":"post_tag","embeddable":true,"href":"https:\/\/activrando.org\/AR_blog\/wp-json\/wp\/v2\/tags?post=4455"}],"curies":[{"name":"wp","href":"https:\/\/api.w.org\/{rel}","templated":true}]}}