{"id":4433,"date":"2022-02-01T20:06:00","date_gmt":"2022-02-01T19:06:00","guid":{"rendered":"http:\/\/activrando.org\/AR_blog\/?p=4433"},"modified":"2022-02-16T23:09:37","modified_gmt":"2022-02-16T22:09:37","slug":"les-gots-rando-sante-a-espinasse-vozelle-mardi-1er-fevrier-2022-15-photos","status":"publish","type":"post","link":"https:\/\/activrando.org\/AR_blog\/2022\/02\/01\/les-gots-rando-sante-a-espinasse-vozelle-mardi-1er-fevrier-2022-15-photos\/","title":{"rendered":"\u00ab\u00a0Les Gots\u00a0\u00bb, Rando Sant\u00e9\u00ae \u00e0 Espinasse-Vozelle, mardi 1er f\u00e9vrier 2022 (15 photos)"},"content":{"rendered":"\n<p>.<br>.<\/p>\n\n\n\n<p class=\"has-text-align-center\"><strong><a href=\"https:\/\/activrando.org\/AR_blog\/2022\/01\/30\/font-turlant-journee-rando-a-vensat-dim-30-janv-2022-29-photos\/\" data-type=\"URL\" data-id=\"https:\/\/activrando.org\/AR_blog\/2022\/01\/30\/font-turlant-journee-rando-a-vensat-dim-30-janv-2022-29-photos\/\">&lt; &lt; &lt; ARTICLE PR\u00c9C\u00c9DENT<\/a><a rel=\"noreferrer noopener\" href=\"https:\/\/activrando.org\/AR_blog\/2021\/12\/28\/chapoulin-rando-sante-a-serbannes-mardi-28-dec-2021-6-photos\/\" target=\"_blank\"> &#8212;&#8212;&#8212;&#8212;&#8212;&#8212;- ACCUEIL DU BLOG &#8212;&#8212;&#8212;&#8212;&#8212;&#8212;&#8212;- <\/a><a href=\"https:\/\/activrando.org\/AR_blog\/2022\/02\/03\/bois-montet-petite-rando-a-st-didier-la-foret-jeudi-3-fevrier-2022-10-photos\/\" data-type=\"URL\" data-id=\"https:\/\/activrando.org\/AR_blog\/2022\/02\/03\/bois-montet-petite-rando-a-st-didier-la-foret-jeudi-3-fevrier-2022-10-photos\/\">ARTICLE SUIVANT &gt; &gt; &gt;<\/a><\/strong><\/p>\n\n\n\n<p>.<br>.<\/p>\n\n\n\n<div class=\"wp-block-image\"><figure class=\"aligncenter size-full\"><img decoding=\"async\" loading=\"lazy\" width=\"1024\" height=\"768\" src=\"https:\/\/activrando.org\/AR_blog\/wp-content\/uploads\/2022\/02\/220201-Espinasse-V-01-groupe-marche.jpg\" alt=\"\" class=\"wp-image-4434\" srcset=\"https:\/\/activrando.org\/AR_blog\/wp-content\/uploads\/2022\/02\/220201-Espinasse-V-01-groupe-marche.jpg 1024w, https:\/\/activrando.org\/AR_blog\/wp-content\/uploads\/2022\/02\/220201-Espinasse-V-01-groupe-marche-300x225.jpg 300w, https:\/\/activrando.org\/AR_blog\/wp-content\/uploads\/2022\/02\/220201-Espinasse-V-01-groupe-marche-768x576.jpg 768w\" sizes=\"(max-width: 1024px) 100vw, 1024px\" \/><figcaption>.<br>.<br>.<\/figcaption><\/figure><\/div>\n\n\n\n<div class=\"wp-block-image\"><figure class=\"aligncenter size-full\"><img decoding=\"async\" loading=\"lazy\" width=\"1024\" height=\"413\" src=\"https:\/\/activrando.org\/AR_blog\/wp-content\/uploads\/2022\/02\/220201-Espinasse-V-02-ane.jpg\" alt=\"\" class=\"wp-image-4435\" srcset=\"https:\/\/activrando.org\/AR_blog\/wp-content\/uploads\/2022\/02\/220201-Espinasse-V-02-ane.jpg 1024w, https:\/\/activrando.org\/AR_blog\/wp-content\/uploads\/2022\/02\/220201-Espinasse-V-02-ane-300x121.jpg 300w, https:\/\/activrando.org\/AR_blog\/wp-content\/uploads\/2022\/02\/220201-Espinasse-V-02-ane-768x310.jpg 768w\" sizes=\"(max-width: 1024px) 100vw, 1024px\" \/><figcaption>.<br>.<br>.<\/figcaption><\/figure><\/div>\n\n\n\n<div class=\"wp-block-image\"><figure class=\"aligncenter size-full\"><img decoding=\"async\" loading=\"lazy\" width=\"700\" height=\"394\" src=\"https:\/\/activrando.org\/AR_blog\/wp-content\/uploads\/2022\/02\/220201-Espinasse-V-03-chateau.jpg\" alt=\"\" class=\"wp-image-4436\" srcset=\"https:\/\/activrando.org\/AR_blog\/wp-content\/uploads\/2022\/02\/220201-Espinasse-V-03-chateau.jpg 700w, https:\/\/activrando.org\/AR_blog\/wp-content\/uploads\/2022\/02\/220201-Espinasse-V-03-chateau-300x169.jpg 300w\" sizes=\"(max-width: 700px) 100vw, 700px\" \/><figcaption><strong>Petit ch\u00e2teau en r\u00e9novation.<\/strong><br>.<br>.<\/figcaption><\/figure><\/div>\n\n\n\n<div class=\"wp-block-image\"><figure class=\"aligncenter size-full\"><img decoding=\"async\" loading=\"lazy\" width=\"700\" height=\"700\" src=\"https:\/\/activrando.org\/AR_blog\/wp-content\/uploads\/2022\/02\/220201-Espinasse-V-04-tronc-lierre.jpg\" alt=\"\" class=\"wp-image-4437\" srcset=\"https:\/\/activrando.org\/AR_blog\/wp-content\/uploads\/2022\/02\/220201-Espinasse-V-04-tronc-lierre.jpg 700w, https:\/\/activrando.org\/AR_blog\/wp-content\/uploads\/2022\/02\/220201-Espinasse-V-04-tronc-lierre-300x300.jpg 300w, https:\/\/activrando.org\/AR_blog\/wp-content\/uploads\/2022\/02\/220201-Espinasse-V-04-tronc-lierre-150x150.jpg 150w\" sizes=\"(max-width: 700px) 100vw, 700px\" \/><figcaption><strong>Le maillage infernal du lierre qui a compl\u00e9tement corset\u00e9 un arbre au tronc d&rsquo;assez gros diam\u00e8tre.<\/strong><br>.<br>.<\/figcaption><\/figure><\/div>\n\n\n\n<div class=\"wp-block-image\"><figure class=\"aligncenter size-full\"><img decoding=\"async\" loading=\"lazy\" width=\"1024\" height=\"768\" src=\"https:\/\/activrando.org\/AR_blog\/wp-content\/uploads\/2022\/02\/220201-Espinasse-V-05-groupe-marche.jpg\" alt=\"\" class=\"wp-image-4438\" srcset=\"https:\/\/activrando.org\/AR_blog\/wp-content\/uploads\/2022\/02\/220201-Espinasse-V-05-groupe-marche.jpg 1024w, https:\/\/activrando.org\/AR_blog\/wp-content\/uploads\/2022\/02\/220201-Espinasse-V-05-groupe-marche-300x225.jpg 300w, https:\/\/activrando.org\/AR_blog\/wp-content\/uploads\/2022\/02\/220201-Espinasse-V-05-groupe-marche-768x576.jpg 768w\" sizes=\"(max-width: 1024px) 100vw, 1024px\" \/><figcaption>.<br>.<br>.<\/figcaption><\/figure><\/div>\n\n\n\n<div class=\"wp-block-image\"><figure class=\"aligncenter size-full\"><img decoding=\"async\" loading=\"lazy\" width=\"1024\" height=\"576\" src=\"https:\/\/activrando.org\/AR_blog\/wp-content\/uploads\/2022\/02\/220201-Espinasse-V-06-riviere-Beron.jpg\" alt=\"\" class=\"wp-image-4439\" srcset=\"https:\/\/activrando.org\/AR_blog\/wp-content\/uploads\/2022\/02\/220201-Espinasse-V-06-riviere-Beron.jpg 1024w, https:\/\/activrando.org\/AR_blog\/wp-content\/uploads\/2022\/02\/220201-Espinasse-V-06-riviere-Beron-300x169.jpg 300w, https:\/\/activrando.org\/AR_blog\/wp-content\/uploads\/2022\/02\/220201-Espinasse-V-06-riviere-Beron-768x432.jpg 768w\" sizes=\"(max-width: 1024px) 100vw, 1024px\" \/><figcaption><strong>Le <a href=\"https:\/\/fr.wikipedia.org\/wiki\/B\u00e9ron_(affluent_de_l%27Allier)\" data-type=\"URL\" data-id=\"https:\/\/fr.wikipedia.org\/wiki\/B\u00e9ron_(affluent_de_l%27Allier)\">B\u00e9ron<\/a>, qui prend sa source pr\u00e8s de Biozat, passe au pied de la c\u00f4te des Gots, en direction de Charmeil o\u00f9 il se jette dans l&rsquo;Allier.<\/strong><br>.<br>.<\/figcaption><\/figure><\/div>\n\n\n\n<div class=\"wp-block-image\"><figure class=\"aligncenter size-full\"><img decoding=\"async\" loading=\"lazy\" width=\"1024\" height=\"575\" src=\"https:\/\/activrando.org\/AR_blog\/wp-content\/uploads\/2022\/02\/220201-Espinasse-V-07-groupe-pause.jpg\" alt=\"\" class=\"wp-image-4440\" srcset=\"https:\/\/activrando.org\/AR_blog\/wp-content\/uploads\/2022\/02\/220201-Espinasse-V-07-groupe-pause.jpg 1024w, https:\/\/activrando.org\/AR_blog\/wp-content\/uploads\/2022\/02\/220201-Espinasse-V-07-groupe-pause-300x168.jpg 300w, https:\/\/activrando.org\/AR_blog\/wp-content\/uploads\/2022\/02\/220201-Espinasse-V-07-groupe-pause-768x431.jpg 768w\" sizes=\"(max-width: 1024px) 100vw, 1024px\" \/><figcaption><strong>Sur le pont du B\u00e9ron, l&rsquo;on y cause, l&rsquo;on y cause.<\/strong>..<br><strong>Sur le pont du B\u00e9ron, l&rsquo;on y cause tous en rond !<\/strong><br>.<br>.<\/figcaption><\/figure><\/div>\n\n\n\n<div class=\"wp-block-image\"><figure class=\"aligncenter size-full\"><img decoding=\"async\" loading=\"lazy\" width=\"800\" height=\"449\" src=\"https:\/\/activrando.org\/AR_blog\/wp-content\/uploads\/2022\/02\/220201-Espinasse-V-08-mur-lierre.jpg\" alt=\"\" class=\"wp-image-4441\" srcset=\"https:\/\/activrando.org\/AR_blog\/wp-content\/uploads\/2022\/02\/220201-Espinasse-V-08-mur-lierre.jpg 800w, https:\/\/activrando.org\/AR_blog\/wp-content\/uploads\/2022\/02\/220201-Espinasse-V-08-mur-lierre-300x168.jpg 300w, https:\/\/activrando.org\/AR_blog\/wp-content\/uploads\/2022\/02\/220201-Espinasse-V-08-mur-lierre-768x431.jpg 768w\" sizes=\"(max-width: 800px) 100vw, 800px\" \/><figcaption><strong>Oui Patricia, si l&rsquo;on lui en laisse la possibilit\u00e9, la nature reprend vite ses droits&#8230; et les volets deviennent moins faciles \u00e0 ouvrir.<\/strong><br>.<br>.<\/figcaption><\/figure><\/div>\n\n\n\n<div class=\"wp-block-image\"><figure class=\"aligncenter size-full\"><img decoding=\"async\" loading=\"lazy\" width=\"1024\" height=\"640\" src=\"https:\/\/activrando.org\/AR_blog\/wp-content\/uploads\/2022\/02\/220201-Espinasse-V-09-groupe-marche.jpg\" alt=\"\" class=\"wp-image-4442\" srcset=\"https:\/\/activrando.org\/AR_blog\/wp-content\/uploads\/2022\/02\/220201-Espinasse-V-09-groupe-marche.jpg 1024w, https:\/\/activrando.org\/AR_blog\/wp-content\/uploads\/2022\/02\/220201-Espinasse-V-09-groupe-marche-300x188.jpg 300w, https:\/\/activrando.org\/AR_blog\/wp-content\/uploads\/2022\/02\/220201-Espinasse-V-09-groupe-marche-768x480.jpg 768w\" sizes=\"(max-width: 1024px) 100vw, 1024px\" \/><figcaption><strong>Bon, c&rsquo;est pas tout \u00e7a : il est temps de monter la c\u00f4te qui m\u00e8ne aux Gots (seule c\u00f4te du parcours) !<\/strong><br>.<br>.<\/figcaption><\/figure><\/div>\n\n\n\n<div class=\"wp-block-image\"><figure class=\"aligncenter size-full\"><img decoding=\"async\" loading=\"lazy\" width=\"1024\" height=\"576\" src=\"https:\/\/activrando.org\/AR_blog\/wp-content\/uploads\/2022\/02\/220201-Espinasse-V-10-groupe-marche.jpg\" alt=\"\" class=\"wp-image-4443\" srcset=\"https:\/\/activrando.org\/AR_blog\/wp-content\/uploads\/2022\/02\/220201-Espinasse-V-10-groupe-marche.jpg 1024w, https:\/\/activrando.org\/AR_blog\/wp-content\/uploads\/2022\/02\/220201-Espinasse-V-10-groupe-marche-300x169.jpg 300w, https:\/\/activrando.org\/AR_blog\/wp-content\/uploads\/2022\/02\/220201-Espinasse-V-10-groupe-marche-768x432.jpg 768w\" sizes=\"(max-width: 1024px) 100vw, 1024px\" \/><figcaption><strong>On redescend un peu plus loin, dans le petit bois, o\u00f9 l&rsquo;on trouve beaucoup de <a href=\"https:\/\/fr.wikipedia.org\/wiki\/Ruscus_aculeatus\" data-type=\"URL\" data-id=\"https:\/\/fr.wikipedia.org\/wiki\/Ruscus_aculeatus\">fragon<\/a>.<\/strong><br>.<br>.<\/figcaption><\/figure><\/div>\n\n\n\n<div class=\"wp-block-image\"><figure class=\"aligncenter size-full\"><img decoding=\"async\" loading=\"lazy\" width=\"1024\" height=\"640\" src=\"https:\/\/activrando.org\/AR_blog\/wp-content\/uploads\/2022\/02\/220201-Espinasse-V-11-groupe-pose.jpg\" alt=\"\" class=\"wp-image-4444\" srcset=\"https:\/\/activrando.org\/AR_blog\/wp-content\/uploads\/2022\/02\/220201-Espinasse-V-11-groupe-pose.jpg 1024w, https:\/\/activrando.org\/AR_blog\/wp-content\/uploads\/2022\/02\/220201-Espinasse-V-11-groupe-pose-300x188.jpg 300w, https:\/\/activrando.org\/AR_blog\/wp-content\/uploads\/2022\/02\/220201-Espinasse-V-11-groupe-pose-768x480.jpg 768w\" sizes=\"(max-width: 1024px) 100vw, 1024px\" \/><figcaption>.<br>.<br>.<\/figcaption><\/figure><\/div>\n\n\n\n<div class=\"wp-block-image\"><figure class=\"aligncenter size-full\"><img decoding=\"async\" loading=\"lazy\" width=\"800\" height=\"370\" src=\"https:\/\/activrando.org\/AR_blog\/wp-content\/uploads\/2022\/02\/220201-Espinasse-V-12-panneau.jpg\" alt=\"\" class=\"wp-image-4445\" srcset=\"https:\/\/activrando.org\/AR_blog\/wp-content\/uploads\/2022\/02\/220201-Espinasse-V-12-panneau.jpg 800w, https:\/\/activrando.org\/AR_blog\/wp-content\/uploads\/2022\/02\/220201-Espinasse-V-12-panneau-300x139.jpg 300w, https:\/\/activrando.org\/AR_blog\/wp-content\/uploads\/2022\/02\/220201-Espinasse-V-12-panneau-768x355.jpg 768w\" sizes=\"(max-width: 800px) 100vw, 800px\" \/><figcaption><strong>Cette plaque de rue nous a intrigu\u00e9.e.s. V\u00e9rification faite, cette date est celle du jour o\u00f9 fut act\u00e9 le rattachement d&rsquo;Espinasse et de Vozelle. Une date importante pour la commune et qui m\u00e9rite bien qu&rsquo;on en fasse le nom d&rsquo;une rue.<\/strong><br>.<br>.<\/figcaption><\/figure><\/div>\n\n\n\n<div class=\"wp-block-image\"><figure class=\"aligncenter size-full\"><img decoding=\"async\" loading=\"lazy\" width=\"1024\" height=\"512\" src=\"https:\/\/activrando.org\/AR_blog\/wp-content\/uploads\/2022\/02\/220201-Espinasse-V-13-mur-plante.jpg\" alt=\"\" class=\"wp-image-4446\" srcset=\"https:\/\/activrando.org\/AR_blog\/wp-content\/uploads\/2022\/02\/220201-Espinasse-V-13-mur-plante.jpg 1024w, https:\/\/activrando.org\/AR_blog\/wp-content\/uploads\/2022\/02\/220201-Espinasse-V-13-mur-plante-300x150.jpg 300w, https:\/\/activrando.org\/AR_blog\/wp-content\/uploads\/2022\/02\/220201-Espinasse-V-13-mur-plante-768x384.jpg 768w\" sizes=\"(max-width: 1024px) 100vw, 1024px\" \/><figcaption><strong>Comme une nu\u00e9e de piafs sur les fils&#8230;<\/strong><br>.<br>.<\/figcaption><\/figure><\/div>\n\n\n\n<div class=\"wp-block-image\"><figure class=\"aligncenter size-full\"><img decoding=\"async\" loading=\"lazy\" width=\"1024\" height=\"341\" src=\"https:\/\/activrando.org\/AR_blog\/wp-content\/uploads\/2022\/02\/220201-Espinasse-V-14-chemin.jpg\" alt=\"\" class=\"wp-image-4447\" srcset=\"https:\/\/activrando.org\/AR_blog\/wp-content\/uploads\/2022\/02\/220201-Espinasse-V-14-chemin.jpg 1024w, https:\/\/activrando.org\/AR_blog\/wp-content\/uploads\/2022\/02\/220201-Espinasse-V-14-chemin-300x100.jpg 300w, https:\/\/activrando.org\/AR_blog\/wp-content\/uploads\/2022\/02\/220201-Espinasse-V-14-chemin-768x256.jpg 768w\" sizes=\"(max-width: 1024px) 100vw, 1024px\" \/><figcaption><strong>Pr\u00e8s de l&rsquo;arriv\u00e9e, nous avons l&rsquo;occasion de prendre un beau chemin pour la premi\u00e8re fois.<\/strong><br>.<br>.<\/figcaption><\/figure><\/div>\n\n\n\n<div class=\"wp-block-image\"><figure class=\"aligncenter size-full\"><img decoding=\"async\" loading=\"lazy\" width=\"1024\" height=\"575\" src=\"https:\/\/activrando.org\/AR_blog\/wp-content\/uploads\/2022\/02\/220201-Espinasse-V-15-groupe-pose.jpg\" alt=\"\" class=\"wp-image-4448\" srcset=\"https:\/\/activrando.org\/AR_blog\/wp-content\/uploads\/2022\/02\/220201-Espinasse-V-15-groupe-pose.jpg 1024w, https:\/\/activrando.org\/AR_blog\/wp-content\/uploads\/2022\/02\/220201-Espinasse-V-15-groupe-pose-300x168.jpg 300w, https:\/\/activrando.org\/AR_blog\/wp-content\/uploads\/2022\/02\/220201-Espinasse-V-15-groupe-pose-768x431.jpg 768w\" sizes=\"(max-width: 1024px) 100vw, 1024px\" \/><figcaption><strong>BRAVO Gigi, qui a pens\u00e9 \u00e0 nous apporter une belle pile de cr\u00eapes ! ! Miam miam.<\/strong><br>.<br>.<\/figcaption><\/figure><\/div>\n\n\n\n<p class=\"has-text-align-center\"><strong><a href=\"https:\/\/activrando.org\/AR_blog\/2022\/01\/30\/font-turlant-journee-rando-a-vensat-dim-30-janv-2022-29-photos\/\" data-type=\"URL\" data-id=\"https:\/\/activrando.org\/AR_blog\/2022\/01\/30\/font-turlant-journee-rando-a-vensat-dim-30-janv-2022-29-photos\/\">&lt; &lt; &lt; ARTICLE PR\u00c9C\u00c9DENT<\/a><a rel=\"noreferrer noopener\" href=\"https:\/\/activrando.org\/AR_blog\/2021\/12\/28\/chapoulin-rando-sante-a-serbannes-mardi-28-dec-2021-6-photos\/\" target=\"_blank\"> &#8212;&#8212;&#8212;&#8212;&#8212;&#8212;- ACCUEIL DU BLOG &#8212;&#8212;&#8212;&#8212;&#8212;&#8212;&#8212;- <\/a><a href=\"https:\/\/activrando.org\/AR_blog\/2022\/02\/03\/bois-montet-petite-rando-a-st-didier-la-foret-jeudi-3-fevrier-2022-10-photos\/\" data-type=\"URL\" data-id=\"https:\/\/activrando.org\/AR_blog\/2022\/02\/03\/bois-montet-petite-rando-a-st-didier-la-foret-jeudi-3-fevrier-2022-10-photos\/\">ARTICLE SUIVANT &gt; &gt; &gt;<\/a><\/strong><\/p>\n\n\n\n<p>.<br>.<\/p>\n","protected":false},"excerpt":{"rendered":"<p>Promenade en terrain plat et facile, avec une petite c\u00f4te pour aller aux Gots, hameau sur les hauteurs qui bordent le vallon du B\u00e9ron.<\/p>\n","protected":false},"author":2,"featured_media":4449,"comment_status":"closed","ping_status":"closed","sticky":false,"template":"","format":"standard","meta":[],"categories":[5],"tags":[],"_links":{"self":[{"href":"https:\/\/activrando.org\/AR_blog\/wp-json\/wp\/v2\/posts\/4433"}],"collection":[{"href":"https:\/\/activrando.org\/AR_blog\/wp-json\/wp\/v2\/posts"}],"about":[{"href":"https:\/\/activrando.org\/AR_blog\/wp-json\/wp\/v2\/types\/post"}],"author":[{"embeddable":true,"href":"https:\/\/activrando.org\/AR_blog\/wp-json\/wp\/v2\/users\/2"}],"replies":[{"embeddable":true,"href":"https:\/\/activrando.org\/AR_blog\/wp-json\/wp\/v2\/comments?post=4433"}],"version-history":[{"count":9,"href":"https:\/\/activrando.org\/AR_blog\/wp-json\/wp\/v2\/posts\/4433\/revisions"}],"predecessor-version":[{"id":4481,"href":"https:\/\/activrando.org\/AR_blog\/wp-json\/wp\/v2\/posts\/4433\/revisions\/4481"}],"wp:featuredmedia":[{"embeddable":true,"href":"https:\/\/activrando.org\/AR_blog\/wp-json\/wp\/v2\/media\/4449"}],"wp:attachment":[{"href":"https:\/\/activrando.org\/AR_blog\/wp-json\/wp\/v2\/media?parent=4433"}],"wp:term":[{"taxonomy":"category","embeddable":true,"href":"https:\/\/activrando.org\/AR_blog\/wp-json\/wp\/v2\/categories?post=4433"},{"taxonomy":"post_tag","embeddable":true,"href":"https:\/\/activrando.org\/AR_blog\/wp-json\/wp\/v2\/tags?post=4433"}],"curies":[{"name":"wp","href":"https:\/\/api.w.org\/{rel}","templated":true}]}}