{"id":439,"date":"2019-09-17T19:16:51","date_gmt":"2019-09-17T17:16:51","guid":{"rendered":"http:\/\/activrando.org\/AR_blog\/?p=439"},"modified":"2019-12-14T22:14:44","modified_gmt":"2019-12-14T21:14:44","slug":"le-clou-rando-sante-a-seuillet-le-17-sept-8-photos","status":"publish","type":"post","link":"https:\/\/activrando.org\/AR_blog\/2019\/09\/17\/le-clou-rando-sante-a-seuillet-le-17-sept-8-photos\/","title":{"rendered":"\u00a0\u00bbLe Clou\u00a0\u00bb, Rando Sant\u00e9\u00ae \u00e0 Seuillet, le 17 sept. (8 photos)"},"content":{"rendered":"\n<p><a href=\"https:\/\/activrando.org\/AR_blog\/2019\/09\/22\/vichy-thiers-le-22-septembre\/\"><strong>> > >  ARTICLE SUIVANT<\/strong><\/a><\/p>\n\n\n\n<p><a href=\"https:\/\/activrando.org\/AR_blog\/2019\/09\/12\/cheval-rigon-le-12-sept-10-photos\/\"><strong>> > > ARTICLE PR\u00c9C\u00c9DENT<\/strong><\/a><\/p>\n\n\n\n<p>Rando Sant\u00e9\u00ae de 7 km au d\u00e9part de Seuillet<\/p>\n\n\n\n<figure class=\"wp-block-image\"><img decoding=\"async\" loading=\"lazy\" width=\"1024\" height=\"680\" src=\"https:\/\/activrando.org\/AR_blog\/wp-content\/uploads\/2019\/11\/190917-Seuillet-01-groupe-attente-travaux-1024x680.jpg\" alt=\"\" class=\"wp-image-440\" srcset=\"https:\/\/activrando.org\/AR_blog\/wp-content\/uploads\/2019\/11\/190917-Seuillet-01-groupe-attente-travaux.jpg 1024w, https:\/\/activrando.org\/AR_blog\/wp-content\/uploads\/2019\/11\/190917-Seuillet-01-groupe-attente-travaux-300x199.jpg 300w, https:\/\/activrando.org\/AR_blog\/wp-content\/uploads\/2019\/11\/190917-Seuillet-01-groupe-attente-travaux-768x510.jpg 768w\" sizes=\"(max-width: 1024px) 100vw, 1024px\" \/><figcaption><strong>Des travaux sur le chemin que nous empruntons. Finiront-ils par le bitumer ? C&rsquo;est un risque, qui retirerait une bonne part du charme de ce chemin en zone bocag\u00e8re.<\/strong><br><br>   .   <\/figcaption><\/figure>\n\n\n\n<figure class=\"wp-block-image\"><img decoding=\"async\" loading=\"lazy\" width=\"1024\" height=\"768\" src=\"https:\/\/activrando.org\/AR_blog\/wp-content\/uploads\/2019\/11\/190917-Seuillet-02-groupe-marche-travaux-1024x768.jpg\" alt=\"\" class=\"wp-image-441\" srcset=\"https:\/\/activrando.org\/AR_blog\/wp-content\/uploads\/2019\/11\/190917-Seuillet-02-groupe-marche-travaux.jpg 1024w, https:\/\/activrando.org\/AR_blog\/wp-content\/uploads\/2019\/11\/190917-Seuillet-02-groupe-marche-travaux-300x225.jpg 300w, https:\/\/activrando.org\/AR_blog\/wp-content\/uploads\/2019\/11\/190917-Seuillet-02-groupe-marche-travaux-768x576.jpg 768w\" sizes=\"(max-width: 1024px) 100vw, 1024px\" \/><figcaption><strong>Nous devons passer au raz des engins, qui interrompent leur travail pour s\u00e9curiser notre passage (MERCI !)&#8230;<\/strong><br><br>   .   <\/figcaption><\/figure>\n\n\n\n<figure class=\"wp-block-image\"><img decoding=\"async\" loading=\"lazy\" width=\"1024\" height=\"680\" src=\"https:\/\/activrando.org\/AR_blog\/wp-content\/uploads\/2019\/11\/190917-Seuillet-03-groupe-marche-travaux-1024x680.jpg\" alt=\"\" class=\"wp-image-442\" srcset=\"https:\/\/activrando.org\/AR_blog\/wp-content\/uploads\/2019\/11\/190917-Seuillet-03-groupe-marche-travaux.jpg 1024w, https:\/\/activrando.org\/AR_blog\/wp-content\/uploads\/2019\/11\/190917-Seuillet-03-groupe-marche-travaux-300x199.jpg 300w, https:\/\/activrando.org\/AR_blog\/wp-content\/uploads\/2019\/11\/190917-Seuillet-03-groupe-marche-travaux-768x510.jpg 768w\" sizes=\"(max-width: 1024px) 100vw, 1024px\" \/><figcaption>.   <br> .   <\/figcaption><\/figure>\n\n\n\n<figure class=\"wp-block-image\"><img decoding=\"async\" loading=\"lazy\" width=\"1024\" height=\"680\" src=\"https:\/\/activrando.org\/AR_blog\/wp-content\/uploads\/2019\/11\/190917-Seuillet-04-groupe-marche-1024x680.jpg\" alt=\"\" class=\"wp-image-443\" srcset=\"https:\/\/activrando.org\/AR_blog\/wp-content\/uploads\/2019\/11\/190917-Seuillet-04-groupe-marche.jpg 1024w, https:\/\/activrando.org\/AR_blog\/wp-content\/uploads\/2019\/11\/190917-Seuillet-04-groupe-marche-300x199.jpg 300w, https:\/\/activrando.org\/AR_blog\/wp-content\/uploads\/2019\/11\/190917-Seuillet-04-groupe-marche-768x510.jpg 768w\" sizes=\"(max-width: 1024px) 100vw, 1024px\" \/><figcaption>.   <br> .   <\/figcaption><\/figure>\n\n\n\n<figure class=\"wp-block-image\"><img decoding=\"async\" loading=\"lazy\" width=\"1024\" height=\"768\" src=\"https:\/\/activrando.org\/AR_blog\/wp-content\/uploads\/2019\/11\/190917-Seuillet-05-ciel-nuages-feuillages-1024x768.jpg\" alt=\"\" class=\"wp-image-444\" srcset=\"https:\/\/activrando.org\/AR_blog\/wp-content\/uploads\/2019\/11\/190917-Seuillet-05-ciel-nuages-feuillages.jpg 1024w, https:\/\/activrando.org\/AR_blog\/wp-content\/uploads\/2019\/11\/190917-Seuillet-05-ciel-nuages-feuillages-300x225.jpg 300w, https:\/\/activrando.org\/AR_blog\/wp-content\/uploads\/2019\/11\/190917-Seuillet-05-ciel-nuages-feuillages-768x576.jpg 768w\" sizes=\"(max-width: 1024px) 100vw, 1024px\" \/><figcaption>.   <br> .   <\/figcaption><\/figure>\n\n\n\n<figure class=\"wp-block-image\"><img decoding=\"async\" loading=\"lazy\" width=\"1024\" height=\"768\" src=\"https:\/\/activrando.org\/AR_blog\/wp-content\/uploads\/2019\/11\/190917-Seuillet-06-chemin-restaure-1024x768.jpg\" alt=\"\" class=\"wp-image-445\" srcset=\"https:\/\/activrando.org\/AR_blog\/wp-content\/uploads\/2019\/11\/190917-Seuillet-06-chemin-restaure.jpg 1024w, https:\/\/activrando.org\/AR_blog\/wp-content\/uploads\/2019\/11\/190917-Seuillet-06-chemin-restaure-300x225.jpg 300w, https:\/\/activrando.org\/AR_blog\/wp-content\/uploads\/2019\/11\/190917-Seuillet-06-chemin-restaure-768x576.jpg 768w\" sizes=\"(max-width: 1024px) 100vw, 1024px\" \/><figcaption><strong>De retour sur le territoire de Seuillet, nous empruntons un chemin qui a \u00e9t\u00e9 restaur\u00e9 par la volont\u00e9 du maire, bel exemple de la possibilit\u00e9 de ne pas toujours laisser<\/strong><br><strong> se perdre des chemins qui n&rsquo;avaient pas \u00e9t\u00e9 entretenus. Une aubaine pour tous les pratiquants de sport de pleine nature ! Ce chemin court sur 500m environ, depuis le Lieu-dit Le Clou presque jusqu&rsquo;au stade.<\/strong><br>   .   <br><br><\/figcaption><\/figure>\n\n\n\n<figure class=\"wp-block-image\"><img decoding=\"async\" loading=\"lazy\" width=\"1024\" height=\"768\" src=\"https:\/\/activrando.org\/AR_blog\/wp-content\/uploads\/2019\/11\/190917-Seuillet-07-chemin-restaure-1024x768.jpg\" alt=\"\" class=\"wp-image-446\" srcset=\"https:\/\/activrando.org\/AR_blog\/wp-content\/uploads\/2019\/11\/190917-Seuillet-07-chemin-restaure.jpg 1024w, https:\/\/activrando.org\/AR_blog\/wp-content\/uploads\/2019\/11\/190917-Seuillet-07-chemin-restaure-300x225.jpg 300w, https:\/\/activrando.org\/AR_blog\/wp-content\/uploads\/2019\/11\/190917-Seuillet-07-chemin-restaure-768x576.jpg 768w\" sizes=\"(max-width: 1024px) 100vw, 1024px\" \/><figcaption><strong>C&rsquo;est un beau chemin ancien&#8230;<\/strong><br><br>   .   <\/figcaption><\/figure>\n\n\n\n<figure class=\"wp-block-image\"><img decoding=\"async\" loading=\"lazy\" width=\"1024\" height=\"768\" src=\"https:\/\/activrando.org\/AR_blog\/wp-content\/uploads\/2019\/11\/190917-Seuillet-08-groupe-marche-1024x768.jpg\" alt=\"\" class=\"wp-image-447\" srcset=\"https:\/\/activrando.org\/AR_blog\/wp-content\/uploads\/2019\/11\/190917-Seuillet-08-groupe-marche.jpg 1024w, https:\/\/activrando.org\/AR_blog\/wp-content\/uploads\/2019\/11\/190917-Seuillet-08-groupe-marche-300x225.jpg 300w, https:\/\/activrando.org\/AR_blog\/wp-content\/uploads\/2019\/11\/190917-Seuillet-08-groupe-marche-768x576.jpg 768w\" sizes=\"(max-width: 1024px) 100vw, 1024px\" \/><figcaption>   .   <\/figcaption><\/figure>\n\n\n\n<p><a href=\"https:\/\/activrando.org\/AR_blog\/2019\/09\/22\/vichy-thiers-le-22-septembre\/\"><strong>> > >  ARTICLE SUIVANT<\/strong><\/a><\/p>\n\n\n\n<p><a href=\"https:\/\/activrando.org\/AR_blog\/\"><strong>> > >  ACCUEIL DU BLOG<\/strong><\/a><\/p>\n\n\n\n<p><a href=\"https:\/\/activrando.org\/AR_blog\/2019\/09\/12\/cheval-rigon-le-12-sept-10-photos\/\"><strong>> > > ARTICLE PR\u00c9C\u00c9DENT<\/strong><\/a><\/p>\n\n\n\n<p>   .   <br><\/p>\n","protected":false},"excerpt":{"rendered":"<p>> > > ARTICLE SUIVANT > > > ARTICLE PR\u00c9C\u00c9DENT Rando Sant\u00e9\u00ae de 7 km au d\u00e9part de Seuillet > > > ARTICLE SUIVANT > > > ACCUEIL DU BLOG > > > ARTICLE PR\u00c9C\u00c9DENT .<\/p>\n","protected":false},"author":2,"featured_media":0,"comment_status":"closed","ping_status":"closed","sticky":false,"template":"","format":"standard","meta":[],"categories":[2],"tags":[],"_links":{"self":[{"href":"https:\/\/activrando.org\/AR_blog\/wp-json\/wp\/v2\/posts\/439"}],"collection":[{"href":"https:\/\/activrando.org\/AR_blog\/wp-json\/wp\/v2\/posts"}],"about":[{"href":"https:\/\/activrando.org\/AR_blog\/wp-json\/wp\/v2\/types\/post"}],"author":[{"embeddable":true,"href":"https:\/\/activrando.org\/AR_blog\/wp-json\/wp\/v2\/users\/2"}],"replies":[{"embeddable":true,"href":"https:\/\/activrando.org\/AR_blog\/wp-json\/wp\/v2\/comments?post=439"}],"version-history":[{"count":7,"href":"https:\/\/activrando.org\/AR_blog\/wp-json\/wp\/v2\/posts\/439\/revisions"}],"predecessor-version":[{"id":935,"href":"https:\/\/activrando.org\/AR_blog\/wp-json\/wp\/v2\/posts\/439\/revisions\/935"}],"wp:attachment":[{"href":"https:\/\/activrando.org\/AR_blog\/wp-json\/wp\/v2\/media?parent=439"}],"wp:term":[{"taxonomy":"category","embeddable":true,"href":"https:\/\/activrando.org\/AR_blog\/wp-json\/wp\/v2\/categories?post=439"},{"taxonomy":"post_tag","embeddable":true,"href":"https:\/\/activrando.org\/AR_blog\/wp-json\/wp\/v2\/tags?post=439"}],"curies":[{"name":"wp","href":"https:\/\/api.w.org\/{rel}","templated":true}]}}