{"id":4317,"date":"2022-01-23T20:09:00","date_gmt":"2022-01-23T19:09:00","guid":{"rendered":"http:\/\/activrando.org\/AR_blog\/?p=4317"},"modified":"2022-03-03T23:36:03","modified_gmt":"2022-03-03T22:36:03","slug":"la-chabanne-journee-rando-a-ferriereres-sichon-dim-23-janv-2022-38-photos","status":"publish","type":"post","link":"https:\/\/activrando.org\/AR_blog\/2022\/01\/23\/la-chabanne-journee-rando-a-ferriereres-sichon-dim-23-janv-2022-38-photos\/","title":{"rendered":"\u00ab\u00a0La Chabanne\u00a0\u00bb,  journ\u00e9e rando \u00e0 Ferri\u00e8reres\/Sichon, dim. 23 janv. 2022 (38 photos)"},"content":{"rendered":"\n<p>.<br>.<\/p>\n\n\n\n<p class=\"has-text-align-center\"><strong><a href=\"https:\/\/activrando.org\/AR_blog\/2022\/01\/20\/bois-basset-petite-rando-a-seuillet-jeudi-20-janv-2022-9-photos\/\" data-type=\"URL\" data-id=\"https:\/\/activrando.org\/AR_blog\/2022\/01\/20\/bois-basset-petite-rando-a-seuillet-jeudi-20-janv-2022-9-photos\/\">&lt; &lt; &lt; ARTICLE PR\u00c9C\u00c9DENT<\/a><a rel=\"noreferrer noopener\" href=\"https:\/\/activrando.org\/AR_blog\/2021\/12\/28\/chapoulin-rando-sante-a-serbannes-mardi-28-dec-2021-6-photos\/\" target=\"_blank\"> &#8212;&#8212;&#8212;&#8212;&#8212;&#8212;- ACCUEIL DU BLOG &#8212;&#8212;&#8212;&#8212;&#8212;&#8212;&#8212;- <\/a><a href=\"https:\/\/activrando.org\/AR_blog\/2022\/01\/25\/le-tonneau-rando-sante-a-cusset-mardi-25-janv-2022-4-photos\/\" data-type=\"URL\" data-id=\"https:\/\/activrando.org\/AR_blog\/2022\/01\/25\/le-tonneau-rando-sante-a-cusset-mardi-25-janv-2022-4-photos\/\">ARTICLE SUIVANT &gt; &gt; &gt;<\/a><\/strong><\/p>\n\n\n\n<p>.<br>.<\/p>\n\n\n\n<div class=\"wp-block-image\"><figure class=\"aligncenter size-full\"><img decoding=\"async\" loading=\"lazy\" width=\"1024\" height=\"683\" src=\"https:\/\/activrando.org\/AR_blog\/wp-content\/uploads\/2022\/02\/220123-Ferrieres-01-groupe-marche.jpg\" alt=\"\" class=\"wp-image-4318\" srcset=\"https:\/\/activrando.org\/AR_blog\/wp-content\/uploads\/2022\/02\/220123-Ferrieres-01-groupe-marche.jpg 1024w, https:\/\/activrando.org\/AR_blog\/wp-content\/uploads\/2022\/02\/220123-Ferrieres-01-groupe-marche-300x200.jpg 300w, https:\/\/activrando.org\/AR_blog\/wp-content\/uploads\/2022\/02\/220123-Ferrieres-01-groupe-marche-768x512.jpg 768w\" sizes=\"(max-width: 1024px) 100vw, 1024px\" \/><figcaption><strong>C&rsquo;est parti. le d\u00e9part est un peu difficile car il fait froid et l&rsquo;on voit bien les t\u00eates rentr\u00e9es dans les \u00e9paules et les cols ! ! ! L\u00e0, \u00e7a rigole pas trop. Mais comme toute la premi\u00e8re heure se fera en mont\u00e9e, on sera vite r\u00e9chauff\u00e9.e.s. ;-))<\/strong><br>.<br>.<\/figcaption><\/figure><\/div>\n\n\n\n<div class=\"wp-block-image\"><figure class=\"aligncenter size-full\"><img decoding=\"async\" loading=\"lazy\" width=\"1024\" height=\"512\" src=\"https:\/\/activrando.org\/AR_blog\/wp-content\/uploads\/2022\/02\/220123-Ferrieres-02-moto-squelette.jpg\" alt=\"\" class=\"wp-image-4319\" srcset=\"https:\/\/activrando.org\/AR_blog\/wp-content\/uploads\/2022\/02\/220123-Ferrieres-02-moto-squelette.jpg 1024w, https:\/\/activrando.org\/AR_blog\/wp-content\/uploads\/2022\/02\/220123-Ferrieres-02-moto-squelette-300x150.jpg 300w, https:\/\/activrando.org\/AR_blog\/wp-content\/uploads\/2022\/02\/220123-Ferrieres-02-moto-squelette-768x384.jpg 768w\" sizes=\"(max-width: 1024px) 100vw, 1024px\" \/><figcaption><strong>Sur la place, l&rsquo;auberge et sa devanture qui ne laisse pas indiff\u00e9rent.e.<\/strong><br>.<br>.<\/figcaption><\/figure><\/div>\n\n\n\n<div class=\"wp-block-image\"><figure class=\"aligncenter size-full\"><img decoding=\"async\" loading=\"lazy\" width=\"1024\" height=\"512\" src=\"https:\/\/activrando.org\/AR_blog\/wp-content\/uploads\/2022\/02\/220123-Ferrieres-03-groupe-marche.jpg\" alt=\"\" class=\"wp-image-4320\" srcset=\"https:\/\/activrando.org\/AR_blog\/wp-content\/uploads\/2022\/02\/220123-Ferrieres-03-groupe-marche.jpg 1024w, https:\/\/activrando.org\/AR_blog\/wp-content\/uploads\/2022\/02\/220123-Ferrieres-03-groupe-marche-300x150.jpg 300w, https:\/\/activrando.org\/AR_blog\/wp-content\/uploads\/2022\/02\/220123-Ferrieres-03-groupe-marche-768x384.jpg 768w\" sizes=\"(max-width: 1024px) 100vw, 1024px\" \/><figcaption>.<br>.<br>.<\/figcaption><\/figure><\/div>\n\n\n\n<div class=\"wp-block-image\"><figure class=\"aligncenter size-full\"><img decoding=\"async\" loading=\"lazy\" width=\"1024\" height=\"575\" src=\"https:\/\/activrando.org\/AR_blog\/wp-content\/uploads\/2022\/02\/220123-Ferrieres-04-chemin-foret.jpg\" alt=\"\" class=\"wp-image-4321\" srcset=\"https:\/\/activrando.org\/AR_blog\/wp-content\/uploads\/2022\/02\/220123-Ferrieres-04-chemin-foret.jpg 1024w, https:\/\/activrando.org\/AR_blog\/wp-content\/uploads\/2022\/02\/220123-Ferrieres-04-chemin-foret-300x168.jpg 300w, https:\/\/activrando.org\/AR_blog\/wp-content\/uploads\/2022\/02\/220123-Ferrieres-04-chemin-foret-768x431.jpg 768w\" sizes=\"(max-width: 1024px) 100vw, 1024px\" \/><figcaption><strong>Bient\u00f4t, on passe les 700 m et l&rsquo;on atteint le niveau o\u00f9 la neige n&rsquo;a pas vraiment fondu au cours de la semaine.<\/strong><br>.<br>.<\/figcaption><\/figure><\/div>\n\n\n\n<div class=\"wp-block-image\"><figure class=\"aligncenter size-full\"><img decoding=\"async\" loading=\"lazy\" width=\"800\" height=\"450\" src=\"https:\/\/activrando.org\/AR_blog\/wp-content\/uploads\/2022\/02\/220123-Ferrieres-05-chiens.jpg\" alt=\"\" class=\"wp-image-4322\" srcset=\"https:\/\/activrando.org\/AR_blog\/wp-content\/uploads\/2022\/02\/220123-Ferrieres-05-chiens.jpg 800w, https:\/\/activrando.org\/AR_blog\/wp-content\/uploads\/2022\/02\/220123-Ferrieres-05-chiens-300x169.jpg 300w, https:\/\/activrando.org\/AR_blog\/wp-content\/uploads\/2022\/02\/220123-Ferrieres-05-chiens-768x432.jpg 768w\" sizes=\"(max-width: 800px) 100vw, 800px\" \/><figcaption><strong>Les chasseurs aussi sont de sortie et leurs chiens, impatients d&rsquo;aller courir.<\/strong><br>.<br>.<\/figcaption><\/figure><\/div>\n\n\n\n<div class=\"wp-block-image\"><figure class=\"aligncenter size-full\"><img decoding=\"async\" loading=\"lazy\" width=\"1024\" height=\"575\" src=\"https:\/\/activrando.org\/AR_blog\/wp-content\/uploads\/2022\/02\/220123-Ferrieres-06-chemin-neige.jpg\" alt=\"\" class=\"wp-image-4323\" srcset=\"https:\/\/activrando.org\/AR_blog\/wp-content\/uploads\/2022\/02\/220123-Ferrieres-06-chemin-neige.jpg 1024w, https:\/\/activrando.org\/AR_blog\/wp-content\/uploads\/2022\/02\/220123-Ferrieres-06-chemin-neige-300x168.jpg 300w, https:\/\/activrando.org\/AR_blog\/wp-content\/uploads\/2022\/02\/220123-Ferrieres-06-chemin-neige-768x431.jpg 768w\" sizes=\"(max-width: 1024px) 100vw, 1024px\" \/><figcaption><strong>Vers 800 m l&rsquo;air est plus froid et brumeux. A droite, la masse du Grand Roc que notre chemin, suivant ici le GR 463, contourne par les c\u00f4t\u00e9 Nord.<\/strong><br>.<br>.<\/figcaption><\/figure><\/div>\n\n\n\n<div class=\"wp-block-image\"><figure class=\"aligncenter size-full\"><img decoding=\"async\" loading=\"lazy\" width=\"1024\" height=\"576\" src=\"https:\/\/activrando.org\/AR_blog\/wp-content\/uploads\/2022\/02\/220123-Ferrieres-07-groupe-marche.jpg\" alt=\"\" class=\"wp-image-4324\" srcset=\"https:\/\/activrando.org\/AR_blog\/wp-content\/uploads\/2022\/02\/220123-Ferrieres-07-groupe-marche.jpg 1024w, https:\/\/activrando.org\/AR_blog\/wp-content\/uploads\/2022\/02\/220123-Ferrieres-07-groupe-marche-300x169.jpg 300w, https:\/\/activrando.org\/AR_blog\/wp-content\/uploads\/2022\/02\/220123-Ferrieres-07-groupe-marche-768x432.jpg 768w\" sizes=\"(max-width: 1024px) 100vw, 1024px\" \/><figcaption>.<br>.<br>.<\/figcaption><\/figure><\/div>\n\n\n\n<div class=\"wp-block-image\"><figure class=\"aligncenter size-full\"><img decoding=\"async\" loading=\"lazy\" width=\"1020\" height=\"413\" src=\"https:\/\/activrando.org\/AR_blog\/wp-content\/uploads\/2022\/02\/220123-Ferrieres-08-branche-neige.jpg\" alt=\"\" class=\"wp-image-4325\" srcset=\"https:\/\/activrando.org\/AR_blog\/wp-content\/uploads\/2022\/02\/220123-Ferrieres-08-branche-neige.jpg 1020w, https:\/\/activrando.org\/AR_blog\/wp-content\/uploads\/2022\/02\/220123-Ferrieres-08-branche-neige-300x121.jpg 300w, https:\/\/activrando.org\/AR_blog\/wp-content\/uploads\/2022\/02\/220123-Ferrieres-08-branche-neige-768x311.jpg 768w\" sizes=\"(max-width: 1020px) 100vw, 1020px\" \/><figcaption>.<br>.<br>.<\/figcaption><\/figure><\/div>\n\n\n\n<div class=\"wp-block-image\"><figure class=\"aligncenter size-full\"><img decoding=\"async\" loading=\"lazy\" width=\"1024\" height=\"512\" src=\"https:\/\/activrando.org\/AR_blog\/wp-content\/uploads\/2022\/02\/220123-Ferrieres-09-source.jpg\" alt=\"\" class=\"wp-image-4326\" srcset=\"https:\/\/activrando.org\/AR_blog\/wp-content\/uploads\/2022\/02\/220123-Ferrieres-09-source.jpg 1024w, https:\/\/activrando.org\/AR_blog\/wp-content\/uploads\/2022\/02\/220123-Ferrieres-09-source-300x150.jpg 300w, https:\/\/activrando.org\/AR_blog\/wp-content\/uploads\/2022\/02\/220123-Ferrieres-09-source-768x384.jpg 768w\" sizes=\"(max-width: 1024px) 100vw, 1024px\" \/><figcaption><strong>Par un temps mod\u00e9r\u00e9ment glacial, l\u00e0 o\u00f9 coule une source, le sol n&rsquo;est pas gel\u00e9.<\/strong><br>.<br>.<\/figcaption><\/figure><\/div>\n\n\n\n<div class=\"wp-block-image\"><figure class=\"aligncenter size-full\"><img decoding=\"async\" loading=\"lazy\" width=\"1024\" height=\"512\" src=\"https:\/\/activrando.org\/AR_blog\/wp-content\/uploads\/2022\/02\/220123-Ferrieres-10-groupe-pose.jpg\" alt=\"\" class=\"wp-image-4327\" srcset=\"https:\/\/activrando.org\/AR_blog\/wp-content\/uploads\/2022\/02\/220123-Ferrieres-10-groupe-pose.jpg 1024w, https:\/\/activrando.org\/AR_blog\/wp-content\/uploads\/2022\/02\/220123-Ferrieres-10-groupe-pose-300x150.jpg 300w, https:\/\/activrando.org\/AR_blog\/wp-content\/uploads\/2022\/02\/220123-Ferrieres-10-groupe-pose-768x384.jpg 768w\" sizes=\"(max-width: 1024px) 100vw, 1024px\" \/><figcaption><strong>Petite pause.<\/strong><br>.<br>.<\/figcaption><\/figure><\/div>\n\n\n\n<div class=\"wp-block-image\"><figure class=\"aligncenter size-full\"><img decoding=\"async\" loading=\"lazy\" width=\"1024\" height=\"576\" src=\"https:\/\/activrando.org\/AR_blog\/wp-content\/uploads\/2022\/02\/220123-Ferrieres-11-neige.jpg\" alt=\"\" class=\"wp-image-4328\" srcset=\"https:\/\/activrando.org\/AR_blog\/wp-content\/uploads\/2022\/02\/220123-Ferrieres-11-neige.jpg 1024w, https:\/\/activrando.org\/AR_blog\/wp-content\/uploads\/2022\/02\/220123-Ferrieres-11-neige-300x169.jpg 300w, https:\/\/activrando.org\/AR_blog\/wp-content\/uploads\/2022\/02\/220123-Ferrieres-11-neige-768x432.jpg 768w\" sizes=\"(max-width: 1024px) 100vw, 1024px\" \/><figcaption>.<br>.<br>.<\/figcaption><\/figure><\/div>\n\n\n\n<div class=\"wp-block-image\"><figure class=\"aligncenter size-full\"><img decoding=\"async\" loading=\"lazy\" width=\"1024\" height=\"575\" src=\"https:\/\/activrando.org\/AR_blog\/wp-content\/uploads\/2022\/02\/220123-Ferrieres-12-paysage.jpg\" alt=\"\" class=\"wp-image-4329\" srcset=\"https:\/\/activrando.org\/AR_blog\/wp-content\/uploads\/2022\/02\/220123-Ferrieres-12-paysage.jpg 1024w, https:\/\/activrando.org\/AR_blog\/wp-content\/uploads\/2022\/02\/220123-Ferrieres-12-paysage-300x168.jpg 300w, https:\/\/activrando.org\/AR_blog\/wp-content\/uploads\/2022\/02\/220123-Ferrieres-12-paysage-768x431.jpg 768w\" sizes=\"(max-width: 1024px) 100vw, 1024px\" \/><figcaption><strong>Franchie la cr\u00eate, nous basculons du c\u00f4t\u00e9 de la vall\u00e9e de la Besbre. On ne les voit pas encore du fait de la brume qui se dissipera plus tard, mais les Monts de la Madelaine sont l\u00e0-bas en face.<\/strong><br>.<br>.<\/figcaption><\/figure><\/div>\n\n\n\n<div class=\"wp-block-image\"><figure class=\"aligncenter size-full\"><img decoding=\"async\" loading=\"lazy\" width=\"1024\" height=\"576\" src=\"https:\/\/activrando.org\/AR_blog\/wp-content\/uploads\/2022\/02\/220123-Ferrieres-13-granite.jpg\" alt=\"\" class=\"wp-image-4330\" srcset=\"https:\/\/activrando.org\/AR_blog\/wp-content\/uploads\/2022\/02\/220123-Ferrieres-13-granite.jpg 1024w, https:\/\/activrando.org\/AR_blog\/wp-content\/uploads\/2022\/02\/220123-Ferrieres-13-granite-300x169.jpg 300w, https:\/\/activrando.org\/AR_blog\/wp-content\/uploads\/2022\/02\/220123-Ferrieres-13-granite-768x432.jpg 768w\" sizes=\"(max-width: 1024px) 100vw, 1024px\" \/><figcaption>S<strong>ur le c\u00f4t\u00e9 du chemin, un beau bloc de granit avec de grosses inclusions. On lira avec int\u00e9r\u00eat la diff\u00e9rence entre <a href=\"https:\/\/fr.wikipedia.org\/wiki\/Granit\" data-type=\"URL\" data-id=\"https:\/\/fr.wikipedia.org\/wiki\/Granit\">granit<\/a> et <a href=\"https:\/\/fr.wikipedia.org\/wiki\/Granite\" data-type=\"URL\" data-id=\"https:\/\/fr.wikipedia.org\/wiki\/Granite\">granite<\/a> et les affaires de <a href=\"https:\/\/fr.wikipedia.org\/wiki\/Roche_plutonique\" data-type=\"URL\" data-id=\"https:\/\/fr.wikipedia.org\/wiki\/Roche_plutonique\">roches plutoniques<\/a>&#8230;<\/strong><br>.<br>.<\/figcaption><\/figure><\/div>\n\n\n\n<div class=\"wp-block-image\"><figure class=\"aligncenter size-full\"><img decoding=\"async\" loading=\"lazy\" width=\"1024\" height=\"575\" src=\"https:\/\/activrando.org\/AR_blog\/wp-content\/uploads\/2022\/02\/220123-Ferrieres-14-groupe-marche.jpg\" alt=\"\" class=\"wp-image-4332\" srcset=\"https:\/\/activrando.org\/AR_blog\/wp-content\/uploads\/2022\/02\/220123-Ferrieres-14-groupe-marche.jpg 1024w, https:\/\/activrando.org\/AR_blog\/wp-content\/uploads\/2022\/02\/220123-Ferrieres-14-groupe-marche-300x168.jpg 300w, https:\/\/activrando.org\/AR_blog\/wp-content\/uploads\/2022\/02\/220123-Ferrieres-14-groupe-marche-768x431.jpg 768w\" sizes=\"(max-width: 1024px) 100vw, 1024px\" \/><figcaption><strong>On approche de La Chabanne, dont on voit maintenant le clocher et quelques maisons.<\/strong><br>.<br>.<\/figcaption><\/figure><\/div>\n\n\n\n<div class=\"wp-block-image\"><figure class=\"aligncenter size-full\"><img decoding=\"async\" loading=\"lazy\" width=\"1024\" height=\"575\" src=\"https:\/\/activrando.org\/AR_blog\/wp-content\/uploads\/2022\/02\/220123-Ferrieres-15-riviere-Besbre.jpg\" alt=\"\" class=\"wp-image-4331\" srcset=\"https:\/\/activrando.org\/AR_blog\/wp-content\/uploads\/2022\/02\/220123-Ferrieres-15-riviere-Besbre.jpg 1024w, https:\/\/activrando.org\/AR_blog\/wp-content\/uploads\/2022\/02\/220123-Ferrieres-15-riviere-Besbre-300x168.jpg 300w, https:\/\/activrando.org\/AR_blog\/wp-content\/uploads\/2022\/02\/220123-Ferrieres-15-riviere-Besbre-768x431.jpg 768w\" sizes=\"(max-width: 1024px) 100vw, 1024px\" \/><figcaption><strong>Mais il nous faut d&rsquo;abord franchir la (rivi\u00e8re) Besbre, \u00e0 l&rsquo;aller pr\u00e8s de Moulin Voir.<\/strong><br>.<br>.<\/figcaption><\/figure><\/div>\n\n\n\n<div class=\"wp-block-image\"><figure class=\"aligncenter size-full\"><img decoding=\"async\" loading=\"lazy\" width=\"1024\" height=\"575\" src=\"https:\/\/activrando.org\/AR_blog\/wp-content\/uploads\/2022\/02\/220123-Ferrieres-16-maison-balcon-bois.jpg\" alt=\"\" class=\"wp-image-4333\" srcset=\"https:\/\/activrando.org\/AR_blog\/wp-content\/uploads\/2022\/02\/220123-Ferrieres-16-maison-balcon-bois.jpg 1024w, https:\/\/activrando.org\/AR_blog\/wp-content\/uploads\/2022\/02\/220123-Ferrieres-16-maison-balcon-bois-300x168.jpg 300w, https:\/\/activrando.org\/AR_blog\/wp-content\/uploads\/2022\/02\/220123-Ferrieres-16-maison-balcon-bois-768x431.jpg 768w\" sizes=\"(max-width: 1024px) 100vw, 1024px\" \/><figcaption><strong>Nous passons par (le hameau de) Chaudagne. L&rsquo;on peut y voir une des rares maisons \u00e0 balcon encore existantes en Montagne Bourbonnaise (alors qu&rsquo;il en reste beaucoup plus tout pr\u00e8s de l\u00e0, dans le d\u00e9partement de la Loire .<\/strong><br>.<br>.<\/figcaption><\/figure><\/div>\n\n\n\n<div class=\"wp-block-image\"><figure class=\"aligncenter size-full\"><img decoding=\"async\" loading=\"lazy\" width=\"1024\" height=\"480\" src=\"https:\/\/activrando.org\/AR_blog\/wp-content\/uploads\/2022\/02\/220123-Ferrieres-17-cheval.jpg\" alt=\"\" class=\"wp-image-4334\" srcset=\"https:\/\/activrando.org\/AR_blog\/wp-content\/uploads\/2022\/02\/220123-Ferrieres-17-cheval.jpg 1024w, https:\/\/activrando.org\/AR_blog\/wp-content\/uploads\/2022\/02\/220123-Ferrieres-17-cheval-300x141.jpg 300w, https:\/\/activrando.org\/AR_blog\/wp-content\/uploads\/2022\/02\/220123-Ferrieres-17-cheval-768x360.jpg 768w\" sizes=\"(max-width: 1024px) 100vw, 1024px\" \/><figcaption><strong>Belle b\u00eate !<\/strong><br>.<br>.<\/figcaption><\/figure><\/div>\n\n\n\n<div class=\"wp-block-image\"><figure class=\"aligncenter size-full\"><img decoding=\"async\" loading=\"lazy\" width=\"1024\" height=\"575\" src=\"https:\/\/activrando.org\/AR_blog\/wp-content\/uploads\/2022\/02\/220123-Ferrieres-18-groupe-marche.jpg\" alt=\"\" class=\"wp-image-4335\" srcset=\"https:\/\/activrando.org\/AR_blog\/wp-content\/uploads\/2022\/02\/220123-Ferrieres-18-groupe-marche.jpg 1024w, https:\/\/activrando.org\/AR_blog\/wp-content\/uploads\/2022\/02\/220123-Ferrieres-18-groupe-marche-300x168.jpg 300w, https:\/\/activrando.org\/AR_blog\/wp-content\/uploads\/2022\/02\/220123-Ferrieres-18-groupe-marche-768x431.jpg 768w\" sizes=\"(max-width: 1024px) 100vw, 1024px\" \/><figcaption><strong>On monte de Chaudagne vers La Chabanne. En arri\u00e8re-plan, on peut voir la cr\u00eate que l&rsquo;on a franchie pour venir de la vall\u00e9e du Sichon et qui nous attend pour le chemin du retour.<\/strong><br>.<br>.<\/figcaption><\/figure><\/div>\n\n\n\n<figure class=\"wp-block-image size-full\"><img decoding=\"async\" loading=\"lazy\" width=\"1024\" height=\"575\" src=\"https:\/\/activrando.org\/AR_blog\/wp-content\/uploads\/2022\/02\/220123-Ferrieres-19-vaches.jpg\" alt=\"\" class=\"wp-image-4336\" srcset=\"https:\/\/activrando.org\/AR_blog\/wp-content\/uploads\/2022\/02\/220123-Ferrieres-19-vaches.jpg 1024w, https:\/\/activrando.org\/AR_blog\/wp-content\/uploads\/2022\/02\/220123-Ferrieres-19-vaches-300x168.jpg 300w, https:\/\/activrando.org\/AR_blog\/wp-content\/uploads\/2022\/02\/220123-Ferrieres-19-vaches-768x431.jpg 768w\" sizes=\"(max-width: 1024px) 100vw, 1024px\" \/><figcaption>.<br>.<br>.<\/figcaption><\/figure>\n\n\n\n<div class=\"wp-block-image\"><figure class=\"aligncenter size-full\"><img decoding=\"async\" loading=\"lazy\" width=\"1024\" height=\"576\" src=\"https:\/\/activrando.org\/AR_blog\/wp-content\/uploads\/2022\/02\/220123-Ferrieres-20-village-La_Chabanne.jpg\" alt=\"\" class=\"wp-image-4337\" srcset=\"https:\/\/activrando.org\/AR_blog\/wp-content\/uploads\/2022\/02\/220123-Ferrieres-20-village-La_Chabanne.jpg 1024w, https:\/\/activrando.org\/AR_blog\/wp-content\/uploads\/2022\/02\/220123-Ferrieres-20-village-La_Chabanne-300x169.jpg 300w, https:\/\/activrando.org\/AR_blog\/wp-content\/uploads\/2022\/02\/220123-Ferrieres-20-village-La_Chabanne-768x432.jpg 768w\" sizes=\"(max-width: 1024px) 100vw, 1024px\" \/><figcaption><strong>La Chabanne, petit village de montagne, est perch\u00e9 sur un promontoire, bien expos\u00e9 au soleil du midi et du soir. Nous avons pris le casse-cro\u00fbte install\u00e9s comme des l\u00e9zards sur le c\u00f4t\u00e9 Sud ensoleill\u00e9 de l&rsquo;\u00e9glise et c&rsquo;\u00e9tait agr\u00e9able : on m\u00eame a pu se pr\u00e9lasser un peu avant de repartir : un vrai luxe en hiver !<\/strong><br>.<br>.<\/figcaption><\/figure><\/div>\n\n\n\n<div class=\"wp-block-image\"><figure class=\"aligncenter size-full\"><img decoding=\"async\" loading=\"lazy\" width=\"1024\" height=\"512\" src=\"https:\/\/activrando.org\/AR_blog\/wp-content\/uploads\/2022\/02\/220123-Ferrieres-21-groupe-marche.jpg\" alt=\"\" class=\"wp-image-4338\" srcset=\"https:\/\/activrando.org\/AR_blog\/wp-content\/uploads\/2022\/02\/220123-Ferrieres-21-groupe-marche.jpg 1024w, https:\/\/activrando.org\/AR_blog\/wp-content\/uploads\/2022\/02\/220123-Ferrieres-21-groupe-marche-300x150.jpg 300w, https:\/\/activrando.org\/AR_blog\/wp-content\/uploads\/2022\/02\/220123-Ferrieres-21-groupe-marche-768x384.jpg 768w\" sizes=\"(max-width: 1024px) 100vw, 1024px\" \/><figcaption><strong>L&rsquo;on doit d&rsquo;abord redescendre franchir la Besbre, et pour aller trouver le Pont de La Presle, aller jusqu&rsquo;au hameau de Lallias par un beau chemin tout en virages.<\/strong><br>.<br>.<\/figcaption><\/figure><\/div>\n\n\n\n<div class=\"wp-block-image\"><figure class=\"aligncenter size-full\"><img decoding=\"async\" loading=\"lazy\" width=\"1024\" height=\"575\" src=\"https:\/\/activrando.org\/AR_blog\/wp-content\/uploads\/2022\/02\/220123-Ferrieres-22-paysage.jpg\" alt=\"\" class=\"wp-image-4339\" srcset=\"https:\/\/activrando.org\/AR_blog\/wp-content\/uploads\/2022\/02\/220123-Ferrieres-22-paysage.jpg 1024w, https:\/\/activrando.org\/AR_blog\/wp-content\/uploads\/2022\/02\/220123-Ferrieres-22-paysage-300x168.jpg 300w, https:\/\/activrando.org\/AR_blog\/wp-content\/uploads\/2022\/02\/220123-Ferrieres-22-paysage-768x431.jpg 768w\" sizes=\"(max-width: 1024px) 100vw, 1024px\" \/><figcaption>L\u00e0<strong>-bas en face, la longue cr\u00eate Nord-Sud du Chemin de La Ligue qui va en 10 km du (bourg du) Mayet-de-Montagne jusqu&rsquo;au Col du Beaulouis.<\/strong><br>.<br>.<\/figcaption><\/figure><\/div>\n\n\n\n<div class=\"wp-block-image\"><figure class=\"aligncenter size-full\"><img decoding=\"async\" loading=\"lazy\" width=\"1024\" height=\"575\" src=\"https:\/\/activrando.org\/AR_blog\/wp-content\/uploads\/2022\/02\/220123-Ferrieres-23-groupe-marche.jpg\" alt=\"\" class=\"wp-image-4340\" srcset=\"https:\/\/activrando.org\/AR_blog\/wp-content\/uploads\/2022\/02\/220123-Ferrieres-23-groupe-marche.jpg 1024w, https:\/\/activrando.org\/AR_blog\/wp-content\/uploads\/2022\/02\/220123-Ferrieres-23-groupe-marche-300x168.jpg 300w, https:\/\/activrando.org\/AR_blog\/wp-content\/uploads\/2022\/02\/220123-Ferrieres-23-groupe-marche-768x431.jpg 768w\" sizes=\"(max-width: 1024px) 100vw, 1024px\" \/><figcaption><strong>Dans la h\u00eatraie, des ruisseaux descendent en chantant la vie.<\/strong><br>.<br>.<\/figcaption><\/figure><\/div>\n\n\n\n<div class=\"wp-block-image\"><figure class=\"aligncenter size-full\"><img decoding=\"async\" loading=\"lazy\" width=\"1024\" height=\"575\" src=\"https:\/\/activrando.org\/AR_blog\/wp-content\/uploads\/2022\/02\/220123-Ferrieres-24-groupe-marche.jpg\" alt=\"\" class=\"wp-image-4341\" srcset=\"https:\/\/activrando.org\/AR_blog\/wp-content\/uploads\/2022\/02\/220123-Ferrieres-24-groupe-marche.jpg 1024w, https:\/\/activrando.org\/AR_blog\/wp-content\/uploads\/2022\/02\/220123-Ferrieres-24-groupe-marche-300x168.jpg 300w, https:\/\/activrando.org\/AR_blog\/wp-content\/uploads\/2022\/02\/220123-Ferrieres-24-groupe-marche-768x431.jpg 768w\" sizes=\"(max-width: 1024px) 100vw, 1024px\" \/><figcaption><strong>Ici un autre ruisseau, que l&rsquo;on peut franchir par l&rsquo;un de ces charmants petits ponts de pierre dont on peut voir tout au plus une dizaine dans tout le massif.<\/strong><br>.<br>.<\/figcaption><\/figure><\/div>\n\n\n\n<div class=\"wp-block-image\"><figure class=\"aligncenter size-full\"><img decoding=\"async\" loading=\"lazy\" width=\"1024\" height=\"576\" src=\"https:\/\/activrando.org\/AR_blog\/wp-content\/uploads\/2022\/02\/220123-Ferrieres-25-mur-ouverture.jpg\" alt=\"\" class=\"wp-image-4342\" srcset=\"https:\/\/activrando.org\/AR_blog\/wp-content\/uploads\/2022\/02\/220123-Ferrieres-25-mur-ouverture.jpg 1024w, https:\/\/activrando.org\/AR_blog\/wp-content\/uploads\/2022\/02\/220123-Ferrieres-25-mur-ouverture-300x169.jpg 300w, https:\/\/activrando.org\/AR_blog\/wp-content\/uploads\/2022\/02\/220123-Ferrieres-25-mur-ouverture-768x432.jpg 768w\" sizes=\"(max-width: 1024px) 100vw, 1024px\" \/><figcaption><strong>\u00c0 Lallias, sans doute l&rsquo;ouverture vers la maison d&rsquo;un four \u00e0 pain aujourd&rsquo;hui d\u00e9truit. Question pierre, tout est granite.<\/strong><br>.<br>.<\/figcaption><\/figure><\/div>\n\n\n\n<div class=\"wp-block-image\"><figure class=\"aligncenter size-full\"><img decoding=\"async\" loading=\"lazy\" width=\"1024\" height=\"443\" src=\"https:\/\/activrando.org\/AR_blog\/wp-content\/uploads\/2022\/02\/220123-Ferrieres-26-taches-bitume.jpg\" alt=\"\" class=\"wp-image-4343\" srcset=\"https:\/\/activrando.org\/AR_blog\/wp-content\/uploads\/2022\/02\/220123-Ferrieres-26-taches-bitume.jpg 1024w, https:\/\/activrando.org\/AR_blog\/wp-content\/uploads\/2022\/02\/220123-Ferrieres-26-taches-bitume-300x130.jpg 300w, https:\/\/activrando.org\/AR_blog\/wp-content\/uploads\/2022\/02\/220123-Ferrieres-26-taches-bitume-768x332.jpg 768w\" sizes=\"(max-width: 1024px) 100vw, 1024px\" \/><figcaption><strong>Sur le sol bitum\u00e9, l&rsquo;humidit\u00e9 a form\u00e9s des dessins que les empreintes de nos pas ont agr\u00e9ments de quelques points&#8230;<\/strong><br>.<br>.<\/figcaption><\/figure><\/div>\n\n\n\n<figure class=\"wp-block-image size-full\"><img decoding=\"async\" loading=\"lazy\" width=\"1024\" height=\"575\" src=\"https:\/\/activrando.org\/AR_blog\/wp-content\/uploads\/2022\/02\/220123-Ferrieres-27-panorama.jpg\" alt=\"\" class=\"wp-image-4344\" srcset=\"https:\/\/activrando.org\/AR_blog\/wp-content\/uploads\/2022\/02\/220123-Ferrieres-27-panorama.jpg 1024w, https:\/\/activrando.org\/AR_blog\/wp-content\/uploads\/2022\/02\/220123-Ferrieres-27-panorama-300x168.jpg 300w, https:\/\/activrando.org\/AR_blog\/wp-content\/uploads\/2022\/02\/220123-Ferrieres-27-panorama-768x431.jpg 768w\" sizes=\"(max-width: 1024px) 100vw, 1024px\" \/><figcaption>.<br>.<br>.<\/figcaption><\/figure>\n\n\n\n<div class=\"wp-block-image\"><figure class=\"aligncenter size-full\"><img decoding=\"async\" loading=\"lazy\" width=\"1024\" height=\"579\" src=\"https:\/\/activrando.org\/AR_blog\/wp-content\/uploads\/2022\/02\/220123-Ferrieres-28-groupe-marche.jpg\" alt=\"\" class=\"wp-image-4345\" srcset=\"https:\/\/activrando.org\/AR_blog\/wp-content\/uploads\/2022\/02\/220123-Ferrieres-28-groupe-marche.jpg 1024w, https:\/\/activrando.org\/AR_blog\/wp-content\/uploads\/2022\/02\/220123-Ferrieres-28-groupe-marche-300x170.jpg 300w, https:\/\/activrando.org\/AR_blog\/wp-content\/uploads\/2022\/02\/220123-Ferrieres-28-groupe-marche-768x434.jpg 768w\" sizes=\"(max-width: 1024px) 100vw, 1024px\" \/><figcaption>A<strong>pr\u00e8s la Besbre, sur un pont, c&rsquo;est un de ses affluents, le Sulore, que l&rsquo;on franchit au gr\u00e9 des appuis \u00e9mergents que l&rsquo;on peut trouver dans le ruisseau.<\/strong><br>.<br>.<\/figcaption><\/figure><\/div>\n\n\n\n<div class=\"wp-block-image\"><figure class=\"aligncenter size-full\"><img decoding=\"async\" loading=\"lazy\" width=\"1024\" height=\"576\" src=\"https:\/\/activrando.org\/AR_blog\/wp-content\/uploads\/2022\/02\/220123-Ferrieres-29-groupe-marche.jpg\" alt=\"\" class=\"wp-image-4346\" srcset=\"https:\/\/activrando.org\/AR_blog\/wp-content\/uploads\/2022\/02\/220123-Ferrieres-29-groupe-marche.jpg 1024w, https:\/\/activrando.org\/AR_blog\/wp-content\/uploads\/2022\/02\/220123-Ferrieres-29-groupe-marche-300x169.jpg 300w, https:\/\/activrando.org\/AR_blog\/wp-content\/uploads\/2022\/02\/220123-Ferrieres-29-groupe-marche-768x432.jpg 768w\" sizes=\"(max-width: 1024px) 100vw, 1024px\" \/><figcaption><strong>1h15 de mont\u00e9e pour revenir \u00e0 la cr\u00eate qui nous s\u00e9pare de la vall\u00e9e du Sichon.<\/strong><br>.<br>.<\/figcaption><\/figure><\/div>\n\n\n\n<div class=\"wp-block-image\"><figure class=\"aligncenter size-full\"><img decoding=\"async\" loading=\"lazy\" width=\"1024\" height=\"575\" src=\"https:\/\/activrando.org\/AR_blog\/wp-content\/uploads\/2022\/02\/220123-Ferrieres-30-panorama.jpg\" alt=\"\" class=\"wp-image-4347\" srcset=\"https:\/\/activrando.org\/AR_blog\/wp-content\/uploads\/2022\/02\/220123-Ferrieres-30-panorama.jpg 1024w, https:\/\/activrando.org\/AR_blog\/wp-content\/uploads\/2022\/02\/220123-Ferrieres-30-panorama-300x168.jpg 300w, https:\/\/activrando.org\/AR_blog\/wp-content\/uploads\/2022\/02\/220123-Ferrieres-30-panorama-768x431.jpg 768w\" sizes=\"(max-width: 1024px) 100vw, 1024px\" \/><figcaption><strong>Avant de rentrer dans la for\u00eat, un dernier regard sur ce que nous quittons : l\u00e0-bas, au fond, les Monts de la Madeleine avec -\u00e0 droite- le site de La Loge des Gardes. On discerne le village de La Chabanne au-dessus du hameau de premier plan.<\/strong><br>.<br>.<\/figcaption><\/figure><\/div>\n\n\n\n<div class=\"wp-block-image\"><figure class=\"aligncenter size-full\"><img decoding=\"async\" loading=\"lazy\" width=\"1024\" height=\"576\" src=\"https:\/\/activrando.org\/AR_blog\/wp-content\/uploads\/2022\/02\/220123-Ferrieres-31-groupe-marche.jpg\" alt=\"\" class=\"wp-image-4348\" srcset=\"https:\/\/activrando.org\/AR_blog\/wp-content\/uploads\/2022\/02\/220123-Ferrieres-31-groupe-marche.jpg 1024w, https:\/\/activrando.org\/AR_blog\/wp-content\/uploads\/2022\/02\/220123-Ferrieres-31-groupe-marche-300x169.jpg 300w, https:\/\/activrando.org\/AR_blog\/wp-content\/uploads\/2022\/02\/220123-Ferrieres-31-groupe-marche-768x432.jpg 768w\" sizes=\"(max-width: 1024px) 100vw, 1024px\" \/><figcaption><strong>Nous sommes revenus \u00e0 l&rsquo;\u00e9tage (l\u00e9g\u00e8rement) enneig\u00e9 et nous avons maintenant le soleil presque de face Belle ambiance.<\/strong><br>.<br>.<\/figcaption><\/figure><\/div>\n\n\n\n<div class=\"wp-block-image\"><figure class=\"aligncenter size-full\"><img decoding=\"async\" loading=\"lazy\" width=\"1024\" height=\"640\" src=\"https:\/\/activrando.org\/AR_blog\/wp-content\/uploads\/2022\/02\/220123-Ferrieres-32-groupe-marche.jpg\" alt=\"\" class=\"wp-image-4349\" srcset=\"https:\/\/activrando.org\/AR_blog\/wp-content\/uploads\/2022\/02\/220123-Ferrieres-32-groupe-marche.jpg 1024w, https:\/\/activrando.org\/AR_blog\/wp-content\/uploads\/2022\/02\/220123-Ferrieres-32-groupe-marche-300x188.jpg 300w, https:\/\/activrando.org\/AR_blog\/wp-content\/uploads\/2022\/02\/220123-Ferrieres-32-groupe-marche-768x480.jpg 768w\" sizes=\"(max-width: 1024px) 100vw, 1024px\" \/><figcaption><strong>D\u00e9but de redescente vers Ferri\u00e8res.<\/strong><br>.<br>.<\/figcaption><\/figure><\/div>\n\n\n\n<figure class=\"wp-block-image size-full\"><img decoding=\"async\" loading=\"lazy\" width=\"1024\" height=\"576\" src=\"https:\/\/activrando.org\/AR_blog\/wp-content\/uploads\/2022\/02\/220123-Ferrieres-33-chardons.jpg\" alt=\"\" class=\"wp-image-4350\" srcset=\"https:\/\/activrando.org\/AR_blog\/wp-content\/uploads\/2022\/02\/220123-Ferrieres-33-chardons.jpg 1024w, https:\/\/activrando.org\/AR_blog\/wp-content\/uploads\/2022\/02\/220123-Ferrieres-33-chardons-300x169.jpg 300w, https:\/\/activrando.org\/AR_blog\/wp-content\/uploads\/2022\/02\/220123-Ferrieres-33-chardons-768x432.jpg 768w\" sizes=\"(max-width: 1024px) 100vw, 1024px\" \/><figcaption>.<br>.<br>.<\/figcaption><\/figure>\n\n\n\n<figure class=\"wp-block-image size-full\"><img decoding=\"async\" loading=\"lazy\" width=\"1024\" height=\"576\" src=\"https:\/\/activrando.org\/AR_blog\/wp-content\/uploads\/2022\/02\/220123-Ferrieres-34-mare-panorama.jpg\" alt=\"\" class=\"wp-image-4351\" srcset=\"https:\/\/activrando.org\/AR_blog\/wp-content\/uploads\/2022\/02\/220123-Ferrieres-34-mare-panorama.jpg 1024w, https:\/\/activrando.org\/AR_blog\/wp-content\/uploads\/2022\/02\/220123-Ferrieres-34-mare-panorama-300x169.jpg 300w, https:\/\/activrando.org\/AR_blog\/wp-content\/uploads\/2022\/02\/220123-Ferrieres-34-mare-panorama-768x432.jpg 768w\" sizes=\"(max-width: 1024px) 100vw, 1024px\" \/><figcaption>.<br>.<br>.<\/figcaption><\/figure>\n\n\n\n<div class=\"wp-block-image\"><figure class=\"aligncenter size-full\"><img decoding=\"async\" loading=\"lazy\" width=\"800\" height=\"600\" src=\"https:\/\/activrando.org\/AR_blog\/wp-content\/uploads\/2022\/02\/220123-Ferrieres-35-groupe-marche.jpg\" alt=\"\" class=\"wp-image-4352\" srcset=\"https:\/\/activrando.org\/AR_blog\/wp-content\/uploads\/2022\/02\/220123-Ferrieres-35-groupe-marche.jpg 800w, https:\/\/activrando.org\/AR_blog\/wp-content\/uploads\/2022\/02\/220123-Ferrieres-35-groupe-marche-300x225.jpg 300w, https:\/\/activrando.org\/AR_blog\/wp-content\/uploads\/2022\/02\/220123-Ferrieres-35-groupe-marche-768x576.jpg 768w\" sizes=\"(max-width: 800px) 100vw, 800px\" \/><figcaption><strong>Dans les descentes, il y a aussi de petites remont\u00e9es&#8230;<\/strong><br>.<br>.<\/figcaption><\/figure><\/div>\n\n\n\n<figure class=\"wp-block-image size-full\"><img decoding=\"async\" loading=\"lazy\" width=\"1024\" height=\"432\" src=\"https:\/\/activrando.org\/AR_blog\/wp-content\/uploads\/2022\/02\/220123-Ferrieres-36-violettes.jpg\" alt=\"\" class=\"wp-image-4353\" srcset=\"https:\/\/activrando.org\/AR_blog\/wp-content\/uploads\/2022\/02\/220123-Ferrieres-36-violettes.jpg 1024w, https:\/\/activrando.org\/AR_blog\/wp-content\/uploads\/2022\/02\/220123-Ferrieres-36-violettes-300x127.jpg 300w, https:\/\/activrando.org\/AR_blog\/wp-content\/uploads\/2022\/02\/220123-Ferrieres-36-violettes-768x324.jpg 768w\" sizes=\"(max-width: 1024px) 100vw, 1024px\" \/><figcaption><strong>La violette est une fleur pr\u00e9coce, de sortie d&rsquo;hiver. Ici nos premi\u00e8res, \u00e0 Mounier Bas, 700 m d&rsquo;altitude, bien expos\u00e9e au Sud.<\/strong><br>.<br>.<\/figcaption><\/figure>\n\n\n\n<div class=\"wp-block-image\"><figure class=\"aligncenter size-full\"><img decoding=\"async\" loading=\"lazy\" width=\"1024\" height=\"575\" src=\"https:\/\/activrando.org\/AR_blog\/wp-content\/uploads\/2022\/02\/220123-Ferrieres-37-facade.jpg\" alt=\"\" class=\"wp-image-4354\" srcset=\"https:\/\/activrando.org\/AR_blog\/wp-content\/uploads\/2022\/02\/220123-Ferrieres-37-facade.jpg 1024w, https:\/\/activrando.org\/AR_blog\/wp-content\/uploads\/2022\/02\/220123-Ferrieres-37-facade-300x168.jpg 300w, https:\/\/activrando.org\/AR_blog\/wp-content\/uploads\/2022\/02\/220123-Ferrieres-37-facade-768x431.jpg 768w\" sizes=\"(max-width: 1024px) 100vw, 1024px\" \/><figcaption><strong>Les fa\u00e7ades des maisons anciennes non r\u00e9nov\u00e9es racontent leur pass\u00e9. Celle-ci construite en 1899 avec, \u00e0 gauche de la porte, des \u00e9l\u00e9ments de deux g\u00e9n\u00e9rations d&rsquo;alimentation \u00e9lectrique.<\/strong><br>.<br>.<\/figcaption><\/figure><\/div>\n\n\n\n<div class=\"wp-block-image\"><figure class=\"aligncenter size-full\"><img decoding=\"async\" loading=\"lazy\" width=\"1024\" height=\"571\" src=\"https:\/\/activrando.org\/AR_blog\/wp-content\/uploads\/2022\/02\/220123-Ferrieres-38-eglise-groupe.jpg\" alt=\"\" class=\"wp-image-4355\" srcset=\"https:\/\/activrando.org\/AR_blog\/wp-content\/uploads\/2022\/02\/220123-Ferrieres-38-eglise-groupe.jpg 1024w, https:\/\/activrando.org\/AR_blog\/wp-content\/uploads\/2022\/02\/220123-Ferrieres-38-eglise-groupe-300x167.jpg 300w, https:\/\/activrando.org\/AR_blog\/wp-content\/uploads\/2022\/02\/220123-Ferrieres-38-eglise-groupe-768x428.jpg 768w, https:\/\/activrando.org\/AR_blog\/wp-content\/uploads\/2022\/02\/220123-Ferrieres-38-eglise-groupe-540x300.jpg 540w\" sizes=\"(max-width: 1024px) 100vw, 1024px\" \/><figcaption><strong>Voil\u00e0, c&rsquo;est fini, on a fait nos 25 km \/ 1000 m sur de tr\u00e8s beaux chemins et  par un temps brumeux le matin mais ensoleill\u00e9 ensuite. Il est temps de se d\u00e9chausser et retourner dans la vie \u00a0\u00bbnormale\u00a0\u00bb. \ud83d\ude09<\/strong><br>.<br>.<\/figcaption><\/figure><\/div>\n\n\n\n<p class=\"has-text-align-center\"><strong><a href=\"https:\/\/activrando.org\/AR_blog\/2022\/01\/20\/bois-basset-petite-rando-a-seuillet-jeudi-20-janv-2022-9-photos\/\">&lt; &lt; &lt; ARTICLE PR\u00c9C\u00c9DENT<\/a><a rel=\"noreferrer noopener\" href=\"https:\/\/activrando.org\/AR_blog\/2021\/12\/28\/chapoulin-rando-sante-a-serbannes-mardi-28-dec-2021-6-photos\/\" target=\"_blank\"> &#8212;&#8212;&#8212;&#8212;&#8212;&#8212;- ACCUEIL DU BLOG &#8212;&#8212;&#8212;&#8212;&#8212;&#8212;&#8212;- <\/a><a href=\"https:\/\/activrando.org\/AR_blog\/2022\/01\/25\/le-tonneau-rando-sante-a-cusset-mardi-25-janv-2022-4-photos\/\">ARTICLE SUIVANT &gt; &gt; &gt;<\/a><\/strong><\/p>\n\n\n\n<p>.<br>.<\/p>\n","protected":false},"excerpt":{"rendered":"<p>Un parcours allant de la vall\u00e9e de la vall\u00e9e du Sichon \u00e0 celle de la Besbre, c&rsquo;est l&rsquo;occasion de voir sous beaucoup d&rsquo;aspects diff\u00e9rents cette belle Montagne Bourbonnaise&#8230;<\/p>\n","protected":false},"author":2,"featured_media":4356,"comment_status":"closed","ping_status":"closed","sticky":false,"template":"","format":"standard","meta":[],"categories":[2],"tags":[],"_links":{"self":[{"href":"https:\/\/activrando.org\/AR_blog\/wp-json\/wp\/v2\/posts\/4317"}],"collection":[{"href":"https:\/\/activrando.org\/AR_blog\/wp-json\/wp\/v2\/posts"}],"about":[{"href":"https:\/\/activrando.org\/AR_blog\/wp-json\/wp\/v2\/types\/post"}],"author":[{"embeddable":true,"href":"https:\/\/activrando.org\/AR_blog\/wp-json\/wp\/v2\/users\/2"}],"replies":[{"embeddable":true,"href":"https:\/\/activrando.org\/AR_blog\/wp-json\/wp\/v2\/comments?post=4317"}],"version-history":[{"count":5,"href":"https:\/\/activrando.org\/AR_blog\/wp-json\/wp\/v2\/posts\/4317\/revisions"}],"predecessor-version":[{"id":4674,"href":"https:\/\/activrando.org\/AR_blog\/wp-json\/wp\/v2\/posts\/4317\/revisions\/4674"}],"wp:featuredmedia":[{"embeddable":true,"href":"https:\/\/activrando.org\/AR_blog\/wp-json\/wp\/v2\/media\/4356"}],"wp:attachment":[{"href":"https:\/\/activrando.org\/AR_blog\/wp-json\/wp\/v2\/media?parent=4317"}],"wp:term":[{"taxonomy":"category","embeddable":true,"href":"https:\/\/activrando.org\/AR_blog\/wp-json\/wp\/v2\/categories?post=4317"},{"taxonomy":"post_tag","embeddable":true,"href":"https:\/\/activrando.org\/AR_blog\/wp-json\/wp\/v2\/tags?post=4317"}],"curies":[{"name":"wp","href":"https:\/\/api.w.org\/{rel}","templated":true}]}}