{"id":4302,"date":"2022-01-20T22:55:00","date_gmt":"2022-01-20T21:55:00","guid":{"rendered":"http:\/\/activrando.org\/AR_blog\/?p=4302"},"modified":"2022-02-07T12:16:00","modified_gmt":"2022-02-07T11:16:00","slug":"bois-basset-petite-rando-a-seuillet-jeudi-20-janv-2022-9-photos","status":"publish","type":"post","link":"https:\/\/activrando.org\/AR_blog\/2022\/01\/20\/bois-basset-petite-rando-a-seuillet-jeudi-20-janv-2022-9-photos\/","title":{"rendered":"\u00ab\u00a0Bois Basset\u00a0\u00bb, petite rando \u00e0 Seuillet, jeudi 20 janv. 2022 (9 photos)"},"content":{"rendered":"\n<p>.<br>.<\/p>\n\n\n\n<p class=\"has-text-align-center\"><strong><a href=\"https:\/\/activrando.org\/AR_blog\/2022\/01\/18\/puy-de-beaumont-rando-sante-mardi-18-janv-2022-10-photos\/\" data-type=\"URL\" data-id=\"https:\/\/activrando.org\/AR_blog\/2022\/01\/18\/puy-de-beaumont-rando-sante-mardi-18-janv-2022-10-photos\/\">&lt; &lt; &lt; ARTICLE PR\u00c9C\u00c9DENT<\/a><a rel=\"noreferrer noopener\" href=\"https:\/\/activrando.org\/AR_blog\/2021\/12\/28\/chapoulin-rando-sante-a-serbannes-mardi-28-dec-2021-6-photos\/\" data-type=\"URL\" data-id=\"https:\/\/activrando.org\/AR_blog\/2021\/12\/28\/chapoulin-rando-sante-a-serbannes-mardi-28-dec-2021-6-photos\/\" target=\"_blank\"> &#8212;&#8212;&#8212;&#8212;&#8212;&#8212;-  ACCUEIL DU BLOG &#8212;&#8212;&#8212;&#8212;&#8212;&#8212;&#8212;-  <\/a><a href=\"https:\/\/activrando.org\/AR_blog\/2022\/01\/23\/la-chabanne-journee-rando-a-ferriereres-sichon-dim-23-janv-2022-38-photos\/\" data-type=\"URL\" data-id=\"https:\/\/activrando.org\/AR_blog\/2022\/01\/23\/la-chabanne-journee-rando-a-ferriereres-sichon-dim-23-janv-2022-38-photos\/\">ARTICLE SUIVANT > > ><\/a><\/strong><\/p>\n\n\n\n<p>.<br>.<\/p>\n\n\n\n<div class=\"wp-block-image\"><figure class=\"aligncenter size-full\"><img decoding=\"async\" loading=\"lazy\" width=\"1024\" height=\"768\" src=\"https:\/\/activrando.org\/AR_blog\/wp-content\/uploads\/2022\/02\/220120-Seuillet-01-groupe-marche.jpg\" alt=\"\" class=\"wp-image-4303\" srcset=\"https:\/\/activrando.org\/AR_blog\/wp-content\/uploads\/2022\/02\/220120-Seuillet-01-groupe-marche.jpg 1024w, https:\/\/activrando.org\/AR_blog\/wp-content\/uploads\/2022\/02\/220120-Seuillet-01-groupe-marche-300x225.jpg 300w, https:\/\/activrando.org\/AR_blog\/wp-content\/uploads\/2022\/02\/220120-Seuillet-01-groupe-marche-768x576.jpg 768w\" sizes=\"(max-width: 1024px) 100vw, 1024px\" \/><figcaption><strong>Nous montons \u00e0 Barbes\u00e8che par le chemin qui a \u00e9t\u00e9 rouvert par la municipalit\u00e9.<\/strong><br>.<br>.<\/figcaption><\/figure><\/div>\n\n\n\n<div class=\"wp-block-image\"><figure class=\"aligncenter size-full\"><img decoding=\"async\" loading=\"lazy\" width=\"1024\" height=\"683\" src=\"https:\/\/activrando.org\/AR_blog\/wp-content\/uploads\/2022\/02\/220120-Seuillet-02-ciel-nuages.jpg\" alt=\"\" class=\"wp-image-4304\" srcset=\"https:\/\/activrando.org\/AR_blog\/wp-content\/uploads\/2022\/02\/220120-Seuillet-02-ciel-nuages.jpg 1024w, https:\/\/activrando.org\/AR_blog\/wp-content\/uploads\/2022\/02\/220120-Seuillet-02-ciel-nuages-300x200.jpg 300w, https:\/\/activrando.org\/AR_blog\/wp-content\/uploads\/2022\/02\/220120-Seuillet-02-ciel-nuages-768x512.jpg 768w\" sizes=\"(max-width: 1024px) 100vw, 1024px\" \/><figcaption><strong>Du plateau de St-F\u00e9lix, vue au loin. Le temps est doux, nuageux avec de belles \u00e9claircies.<\/strong><br>.<br>.<\/figcaption><\/figure><\/div>\n\n\n\n<div class=\"wp-block-image\"><figure class=\"aligncenter size-full\"><img decoding=\"async\" loading=\"lazy\" width=\"1024\" height=\"512\" src=\"https:\/\/activrando.org\/AR_blog\/wp-content\/uploads\/2022\/02\/220120-Seuillet-03-groupe-marche.jpg\" alt=\"\" class=\"wp-image-4305\" srcset=\"https:\/\/activrando.org\/AR_blog\/wp-content\/uploads\/2022\/02\/220120-Seuillet-03-groupe-marche.jpg 1024w, https:\/\/activrando.org\/AR_blog\/wp-content\/uploads\/2022\/02\/220120-Seuillet-03-groupe-marche-300x150.jpg 300w, https:\/\/activrando.org\/AR_blog\/wp-content\/uploads\/2022\/02\/220120-Seuillet-03-groupe-marche-768x384.jpg 768w\" sizes=\"(max-width: 1024px) 100vw, 1024px\" \/><figcaption>.<br>.<br>.<\/figcaption><\/figure><\/div>\n\n\n\n<div class=\"wp-block-image\"><figure class=\"aligncenter size-full\"><img decoding=\"async\" loading=\"lazy\" width=\"1024\" height=\"512\" src=\"https:\/\/activrando.org\/AR_blog\/wp-content\/uploads\/2022\/02\/220120-Seuillet-04-chateau.jpg\" alt=\"\" class=\"wp-image-4306\" srcset=\"https:\/\/activrando.org\/AR_blog\/wp-content\/uploads\/2022\/02\/220120-Seuillet-04-chateau.jpg 1024w, https:\/\/activrando.org\/AR_blog\/wp-content\/uploads\/2022\/02\/220120-Seuillet-04-chateau-300x150.jpg 300w, https:\/\/activrando.org\/AR_blog\/wp-content\/uploads\/2022\/02\/220120-Seuillet-04-chateau-768x384.jpg 768w\" sizes=\"(max-width: 1024px) 100vw, 1024px\" \/><figcaption><strong>Sympathique petit ch\u00e2teau \u00e0 St-F\u00e9lix \/ Le Tremblais.<\/strong><br>.<br>.<\/figcaption><\/figure><\/div>\n\n\n\n<figure class=\"wp-block-image size-full\"><img decoding=\"async\" loading=\"lazy\" width=\"1024\" height=\"774\" src=\"https:\/\/activrando.org\/AR_blog\/wp-content\/uploads\/2022\/02\/220120-Seuillet-05-chene.jpg\" alt=\"\" class=\"wp-image-4308\" srcset=\"https:\/\/activrando.org\/AR_blog\/wp-content\/uploads\/2022\/02\/220120-Seuillet-05-chene.jpg 1024w, https:\/\/activrando.org\/AR_blog\/wp-content\/uploads\/2022\/02\/220120-Seuillet-05-chene-300x227.jpg 300w, https:\/\/activrando.org\/AR_blog\/wp-content\/uploads\/2022\/02\/220120-Seuillet-05-chene-768x581.jpg 768w\" sizes=\"(max-width: 1024px) 100vw, 1024px\" \/><figcaption>.<br>.<br>.<\/figcaption><\/figure>\n\n\n\n<div class=\"wp-block-image\"><figure class=\"aligncenter size-full\"><img decoding=\"async\" loading=\"lazy\" width=\"1024\" height=\"416\" src=\"https:\/\/activrando.org\/AR_blog\/wp-content\/uploads\/2022\/02\/220120-Seuillet-06-arbre-coupe.jpg\" alt=\"\" class=\"wp-image-4310\" srcset=\"https:\/\/activrando.org\/AR_blog\/wp-content\/uploads\/2022\/02\/220120-Seuillet-06-arbre-coupe.jpg 1024w, https:\/\/activrando.org\/AR_blog\/wp-content\/uploads\/2022\/02\/220120-Seuillet-06-arbre-coupe-300x122.jpg 300w, https:\/\/activrando.org\/AR_blog\/wp-content\/uploads\/2022\/02\/220120-Seuillet-06-arbre-coupe-768x312.jpg 768w\" sizes=\"(max-width: 1024px) 100vw, 1024px\" \/><figcaption><strong>Apr\u00e8s le passage du b\u00fbcheron&#8230;<\/strong><br>.<br>.<\/figcaption><\/figure><\/div>\n\n\n\n<div class=\"wp-block-image\"><figure class=\"aligncenter size-full\"><img decoding=\"async\" loading=\"lazy\" width=\"1024\" height=\"683\" src=\"https:\/\/activrando.org\/AR_blog\/wp-content\/uploads\/2022\/02\/220120-Seuillet-07-roseaux-geode.jpg\" alt=\"\" class=\"wp-image-4311\" srcset=\"https:\/\/activrando.org\/AR_blog\/wp-content\/uploads\/2022\/02\/220120-Seuillet-07-roseaux-geode.jpg 1024w, https:\/\/activrando.org\/AR_blog\/wp-content\/uploads\/2022\/02\/220120-Seuillet-07-roseaux-geode-300x200.jpg 300w, https:\/\/activrando.org\/AR_blog\/wp-content\/uploads\/2022\/02\/220120-Seuillet-07-roseaux-geode-768x512.jpg 768w\" sizes=\"(max-width: 1024px) 100vw, 1024px\" \/><figcaption><strong>Une g\u00e9ode-serre dans un jardin.<\/strong><br>.<br>.<\/figcaption><\/figure><\/div>\n\n\n\n<div class=\"wp-block-image\"><figure class=\"aligncenter size-full\"><img decoding=\"async\" loading=\"lazy\" width=\"1024\" height=\"576\" src=\"https:\/\/activrando.org\/AR_blog\/wp-content\/uploads\/2022\/02\/220120-Seuillet-08-groupe-pose.jpg\" alt=\"\" class=\"wp-image-4312\" srcset=\"https:\/\/activrando.org\/AR_blog\/wp-content\/uploads\/2022\/02\/220120-Seuillet-08-groupe-pose.jpg 1024w, https:\/\/activrando.org\/AR_blog\/wp-content\/uploads\/2022\/02\/220120-Seuillet-08-groupe-pose-300x169.jpg 300w, https:\/\/activrando.org\/AR_blog\/wp-content\/uploads\/2022\/02\/220120-Seuillet-08-groupe-pose-768x432.jpg 768w\" sizes=\"(max-width: 1024px) 100vw, 1024px\" \/><figcaption>.<br>.<br>.<\/figcaption><\/figure><\/div>\n\n\n\n<div class=\"wp-block-image\"><figure class=\"aligncenter size-full\"><img decoding=\"async\" loading=\"lazy\" width=\"1024\" height=\"576\" src=\"https:\/\/activrando.org\/AR_blog\/wp-content\/uploads\/2022\/02\/220120-Seuillet-09-glace-craquelee.jpg\" alt=\"\" class=\"wp-image-4313\" srcset=\"https:\/\/activrando.org\/AR_blog\/wp-content\/uploads\/2022\/02\/220120-Seuillet-09-glace-craquelee.jpg 1024w, https:\/\/activrando.org\/AR_blog\/wp-content\/uploads\/2022\/02\/220120-Seuillet-09-glace-craquelee-300x169.jpg 300w, https:\/\/activrando.org\/AR_blog\/wp-content\/uploads\/2022\/02\/220120-Seuillet-09-glace-craquelee-768x432.jpg 768w\" sizes=\"(max-width: 1024px) 100vw, 1024px\" \/><figcaption><strong>Curieuse fragmentation de la glace.<\/strong><br>.<br>.<\/figcaption><\/figure><\/div>\n\n\n\n<p class=\"has-text-align-center\"><strong><a href=\"https:\/\/activrando.org\/AR_blog\/2022\/01\/18\/puy-de-beaumont-rando-sante-mardi-18-janv-2022-10-photos\/\" target=\"_blank\" rel=\"noreferrer noopener\">&lt; &lt; &lt; ARTICLE PR\u00c9C\u00c9DENT &#8212;&#8212;&#8212;&#8212;&#8212;&#8212;- ACCUEIL DU BLOG &#8212;&#8212;&#8212;&#8212;&#8212;&#8212;&#8212;- ARTICLE SUIVANT > > ><\/a><\/strong><br>.<br>.<\/p>\n","protected":false},"excerpt":{"rendered":"<p>De Seuillet au plateau de Saint-F\u00e9lix : balade dans la c\u00f4te par un beau temps frais&#8230;<\/p>\n","protected":false},"author":2,"featured_media":4314,"comment_status":"closed","ping_status":"closed","sticky":false,"template":"","format":"standard","meta":[],"categories":[2],"tags":[8,36],"_links":{"self":[{"href":"https:\/\/activrando.org\/AR_blog\/wp-json\/wp\/v2\/posts\/4302"}],"collection":[{"href":"https:\/\/activrando.org\/AR_blog\/wp-json\/wp\/v2\/posts"}],"about":[{"href":"https:\/\/activrando.org\/AR_blog\/wp-json\/wp\/v2\/types\/post"}],"author":[{"embeddable":true,"href":"https:\/\/activrando.org\/AR_blog\/wp-json\/wp\/v2\/users\/2"}],"replies":[{"embeddable":true,"href":"https:\/\/activrando.org\/AR_blog\/wp-json\/wp\/v2\/comments?post=4302"}],"version-history":[{"count":4,"href":"https:\/\/activrando.org\/AR_blog\/wp-json\/wp\/v2\/posts\/4302\/revisions"}],"predecessor-version":[{"id":4386,"href":"https:\/\/activrando.org\/AR_blog\/wp-json\/wp\/v2\/posts\/4302\/revisions\/4386"}],"wp:featuredmedia":[{"embeddable":true,"href":"https:\/\/activrando.org\/AR_blog\/wp-json\/wp\/v2\/media\/4314"}],"wp:attachment":[{"href":"https:\/\/activrando.org\/AR_blog\/wp-json\/wp\/v2\/media?parent=4302"}],"wp:term":[{"taxonomy":"category","embeddable":true,"href":"https:\/\/activrando.org\/AR_blog\/wp-json\/wp\/v2\/categories?post=4302"},{"taxonomy":"post_tag","embeddable":true,"href":"https:\/\/activrando.org\/AR_blog\/wp-json\/wp\/v2\/tags?post=4302"}],"curies":[{"name":"wp","href":"https:\/\/api.w.org\/{rel}","templated":true}]}}