{"id":4268,"date":"2022-01-18T22:24:00","date_gmt":"2022-01-18T21:24:00","guid":{"rendered":"http:\/\/activrando.org\/AR_blog\/?p=4268"},"modified":"2022-02-07T12:13:07","modified_gmt":"2022-02-07T11:13:07","slug":"puy-de-beaumont-rando-sante-mardi-18-janv-2022-10-photos","status":"publish","type":"post","link":"https:\/\/activrando.org\/AR_blog\/2022\/01\/18\/puy-de-beaumont-rando-sante-mardi-18-janv-2022-10-photos\/","title":{"rendered":"\u00ab\u00a0Puy de Beaumont\u00a0\u00bb, Rando Sant\u00e9\u00ae, mardi 18 janv. 2022 (10 photos)"},"content":{"rendered":"\n<p>.<br>.<\/p>\n\n\n\n<p class=\"has-text-align-center\"><strong><a href=\"https:\/\/activrando.org\/AR_blog\/2022\/01\/16\/les-fades-journee-rando-aux-ancizes-comps-dim-16-janv-2022-39-photos\/\" data-type=\"URL\" data-id=\"https:\/\/activrando.org\/AR_blog\/2022\/01\/16\/les-fades-journee-rando-aux-ancizes-comps-dim-16-janv-2022-39-photos\/\">&lt; &lt; &lt; ARTICLE PR\u00c9C\u00c9DENT<\/a><a rel=\"noreferrer noopener\" href=\"https:\/\/activrando.org\/AR_blog\/2021\/12\/28\/chapoulin-rando-sante-a-serbannes-mardi-28-dec-2021-6-photos\/\" data-type=\"URL\" data-id=\"https:\/\/activrando.org\/AR_blog\/2021\/12\/28\/chapoulin-rando-sante-a-serbannes-mardi-28-dec-2021-6-photos\/\" target=\"_blank\"> &#8212;&#8212;&#8212;&#8212;&#8212;&#8212;-  ACCUEIL DU BLOG &#8212;&#8212;&#8212;&#8212;&#8212;&#8212;&#8212;-  <\/a><a href=\"https:\/\/activrando.org\/AR_blog\/2022\/01\/20\/bois-basset-petite-rando-a-seuillet-jeudi-20-janv-2022-9-photos\/\" data-type=\"URL\" data-id=\"https:\/\/activrando.org\/AR_blog\/2022\/01\/20\/bois-basset-petite-rando-a-seuillet-jeudi-20-janv-2022-9-photos\/\">ARTICLE SUIVANT > > ><\/a><\/strong><\/p>\n\n\n\n<p>.<br>.<\/p>\n\n\n\n<div class=\"wp-block-image\"><figure class=\"aligncenter size-full\"><img decoding=\"async\" loading=\"lazy\" width=\"800\" height=\"600\" src=\"https:\/\/activrando.org\/AR_blog\/wp-content\/uploads\/2022\/02\/220118-Randan-01-groupe-marche.jpg\" alt=\"\" class=\"wp-image-4269\" srcset=\"https:\/\/activrando.org\/AR_blog\/wp-content\/uploads\/2022\/02\/220118-Randan-01-groupe-marche.jpg 800w, https:\/\/activrando.org\/AR_blog\/wp-content\/uploads\/2022\/02\/220118-Randan-01-groupe-marche-300x225.jpg 300w, https:\/\/activrando.org\/AR_blog\/wp-content\/uploads\/2022\/02\/220118-Randan-01-groupe-marche-768x576.jpg 768w\" sizes=\"(max-width: 800px) 100vw, 800px\" \/><figcaption><strong>On commence par quelques pas sur une petite route avant de s&rsquo;\u00e9lancer dans les beaux chemins de ce secteur&#8230;<\/strong><br>.<br>.<\/figcaption><\/figure><\/div>\n\n\n\n<div class=\"wp-block-image\"><figure class=\"aligncenter size-full\"><img decoding=\"async\" loading=\"lazy\" width=\"800\" height=\"600\" src=\"https:\/\/activrando.org\/AR_blog\/wp-content\/uploads\/2022\/02\/220118-Randan-02-vigne.jpg\" alt=\"\" class=\"wp-image-4270\" srcset=\"https:\/\/activrando.org\/AR_blog\/wp-content\/uploads\/2022\/02\/220118-Randan-02-vigne.jpg 800w, https:\/\/activrando.org\/AR_blog\/wp-content\/uploads\/2022\/02\/220118-Randan-02-vigne-300x225.jpg 300w, https:\/\/activrando.org\/AR_blog\/wp-content\/uploads\/2022\/02\/220118-Randan-02-vigne-768x576.jpg 768w\" sizes=\"(max-width: 800px) 100vw, 800px\" \/><figcaption><strong>Le Puy de Beaumont est vite atteint. Comme tous les \u00a0\u00bbpuys de Limagne\u00a0\u00bb, c&rsquo;est une simple <a href=\"https:\/\/fr.wikipedia.org\/wiki\/Butte-t\u00e9moin\" data-type=\"URL\" data-id=\"https:\/\/fr.wikipedia.org\/wiki\/Butte-t\u00e9moin\">butte-t\u00e9moin<\/a>, 30 ou 40 m plus haute que le fond de la plaine environnante. Bien que faible, ce relief donne un charme certain \u00e0 ces lieux. Le sol en \u00e9tant <a href=\"https:\/\/fr.wikipedia.org\/wiki\/Alluvion\" data-type=\"URL\" data-id=\"https:\/\/fr.wikipedia.org\/wiki\/Alluvion\">alluvionnaire<\/a>, avec beaucoup de sables et de galets (d\u00e9pos\u00e9s pendant le remplissage de la fosse de <a href=\"https:\/\/fr.wikipedia.org\/wiki\/Limagne\" data-type=\"URL\" data-id=\"https:\/\/fr.wikipedia.org\/wiki\/Limagne\">Limagne<\/a> pendant des centaines de milliers d&rsquo;ann\u00e9es) et par endroit propice \u00e0 la culture de la vigne, dont il reste quelques parcelles.<\/strong><br>.<br>.<\/figcaption><\/figure><\/div>\n\n\n\n<div class=\"wp-block-image\"><figure class=\"aligncenter size-full\"><img decoding=\"async\" loading=\"lazy\" width=\"1024\" height=\"683\" src=\"https:\/\/activrando.org\/AR_blog\/wp-content\/uploads\/2022\/02\/220118-Randan-03-sous-bois-pollution.jpg\" alt=\"\" class=\"wp-image-4271\" srcset=\"https:\/\/activrando.org\/AR_blog\/wp-content\/uploads\/2022\/02\/220118-Randan-03-sous-bois-pollution.jpg 1024w, https:\/\/activrando.org\/AR_blog\/wp-content\/uploads\/2022\/02\/220118-Randan-03-sous-bois-pollution-300x200.jpg 300w, https:\/\/activrando.org\/AR_blog\/wp-content\/uploads\/2022\/02\/220118-Randan-03-sous-bois-pollution-768x512.jpg 768w\" sizes=\"(max-width: 1024px) 100vw, 1024px\" \/><figcaption>L<strong>e bois qui borde la plaine, c\u00f4t\u00e9 Nord, est h\u00e9las un lieu de d\u00e9p\u00f4t de d\u00e9chets, gr\u00e2ce au bon chemin qui le longe et permet de venir jusque-l\u00e0 en voiture.<\/strong><br>.<br>.<\/figcaption><\/figure><\/div>\n\n\n\n<div class=\"wp-block-image\"><figure class=\"aligncenter size-full\"><img decoding=\"async\" loading=\"lazy\" width=\"1024\" height=\"683\" src=\"https:\/\/activrando.org\/AR_blog\/wp-content\/uploads\/2022\/02\/220118-Randan-04-groupe-marche.jpg\" alt=\"\" class=\"wp-image-4272\" srcset=\"https:\/\/activrando.org\/AR_blog\/wp-content\/uploads\/2022\/02\/220118-Randan-04-groupe-marche.jpg 1024w, https:\/\/activrando.org\/AR_blog\/wp-content\/uploads\/2022\/02\/220118-Randan-04-groupe-marche-300x200.jpg 300w, https:\/\/activrando.org\/AR_blog\/wp-content\/uploads\/2022\/02\/220118-Randan-04-groupe-marche-768x512.jpg 768w\" sizes=\"(max-width: 1024px) 100vw, 1024px\" \/><figcaption><strong>Nous descendons dans la plaine, comme une immersion dans le brouillard du jour.<\/strong><br>.<br>.<\/figcaption><\/figure><\/div>\n\n\n\n<div class=\"wp-block-image\"><figure class=\"aligncenter size-full\"><img decoding=\"async\" loading=\"lazy\" width=\"1024\" height=\"683\" src=\"https:\/\/activrando.org\/AR_blog\/wp-content\/uploads\/2022\/02\/220118-Randan-05-terre.jpg\" alt=\"\" class=\"wp-image-4273\" srcset=\"https:\/\/activrando.org\/AR_blog\/wp-content\/uploads\/2022\/02\/220118-Randan-05-terre.jpg 1024w, https:\/\/activrando.org\/AR_blog\/wp-content\/uploads\/2022\/02\/220118-Randan-05-terre-300x200.jpg 300w, https:\/\/activrando.org\/AR_blog\/wp-content\/uploads\/2022\/02\/220118-Randan-05-terre-768x512.jpg 768w\" sizes=\"(max-width: 1024px) 100vw, 1024px\" \/><figcaption>.<br>.<br>.<\/figcaption><\/figure><\/div>\n\n\n\n<div class=\"wp-block-image\"><figure class=\"aligncenter size-full\"><img decoding=\"async\" loading=\"lazy\" width=\"1024\" height=\"576\" src=\"https:\/\/activrando.org\/AR_blog\/wp-content\/uploads\/2022\/02\/220118-Randan-06-groupe-pose.jpg\" alt=\"\" class=\"wp-image-4274\" srcset=\"https:\/\/activrando.org\/AR_blog\/wp-content\/uploads\/2022\/02\/220118-Randan-06-groupe-pose.jpg 1024w, https:\/\/activrando.org\/AR_blog\/wp-content\/uploads\/2022\/02\/220118-Randan-06-groupe-pose-300x169.jpg 300w, https:\/\/activrando.org\/AR_blog\/wp-content\/uploads\/2022\/02\/220118-Randan-06-groupe-pose-768x432.jpg 768w\" sizes=\"(max-width: 1024px) 100vw, 1024px\" \/><figcaption>.<br>.<br>.<\/figcaption><\/figure><\/div>\n\n\n\n<div class=\"wp-block-image\"><figure class=\"aligncenter size-full\"><img decoding=\"async\" loading=\"lazy\" width=\"1024\" height=\"341\" src=\"https:\/\/activrando.org\/AR_blog\/wp-content\/uploads\/2022\/02\/220118-Randan-07-pompon.jpg\" alt=\"\" class=\"wp-image-4275\" srcset=\"https:\/\/activrando.org\/AR_blog\/wp-content\/uploads\/2022\/02\/220118-Randan-07-pompon.jpg 1024w, https:\/\/activrando.org\/AR_blog\/wp-content\/uploads\/2022\/02\/220118-Randan-07-pompon-300x100.jpg 300w, https:\/\/activrando.org\/AR_blog\/wp-content\/uploads\/2022\/02\/220118-Randan-07-pompon-768x256.jpg 768w\" sizes=\"(max-width: 1024px) 100vw, 1024px\" \/><figcaption><strong>En l&rsquo;absence de Marilyne, Nathalie s&rsquo;impose dans la cat\u00e9gorie \u00a0\u00bbplus beau pompon\u00a0\u00bb !<\/strong><br>.<br>.<\/figcaption><\/figure><\/div>\n\n\n\n<div class=\"wp-block-image\"><figure class=\"aligncenter size-full\"><img decoding=\"async\" loading=\"lazy\" width=\"800\" height=\"800\" src=\"https:\/\/activrando.org\/AR_blog\/wp-content\/uploads\/2022\/02\/220118-Randan-08-branches.jpg\" alt=\"\" class=\"wp-image-4276\" srcset=\"https:\/\/activrando.org\/AR_blog\/wp-content\/uploads\/2022\/02\/220118-Randan-08-branches.jpg 800w, https:\/\/activrando.org\/AR_blog\/wp-content\/uploads\/2022\/02\/220118-Randan-08-branches-300x300.jpg 300w, https:\/\/activrando.org\/AR_blog\/wp-content\/uploads\/2022\/02\/220118-Randan-08-branches-150x150.jpg 150w, https:\/\/activrando.org\/AR_blog\/wp-content\/uploads\/2022\/02\/220118-Randan-08-branches-768x768.jpg 768w\" sizes=\"(max-width: 800px) 100vw, 800px\" \/><figcaption><strong>Une partie du r\u00e9seau de branches d&rsquo;un noyer.<\/strong><br>.<br>.<\/figcaption><\/figure><\/div>\n\n\n\n<div class=\"wp-block-image\"><figure class=\"aligncenter size-full\"><img decoding=\"async\" loading=\"lazy\" width=\"1024\" height=\"589\" src=\"https:\/\/activrando.org\/AR_blog\/wp-content\/uploads\/2022\/02\/220118-Randan-09-etang-roseaux.jpg\" alt=\"\" class=\"wp-image-4277\" srcset=\"https:\/\/activrando.org\/AR_blog\/wp-content\/uploads\/2022\/02\/220118-Randan-09-etang-roseaux.jpg 1024w, https:\/\/activrando.org\/AR_blog\/wp-content\/uploads\/2022\/02\/220118-Randan-09-etang-roseaux-300x173.jpg 300w, https:\/\/activrando.org\/AR_blog\/wp-content\/uploads\/2022\/02\/220118-Randan-09-etang-roseaux-768x442.jpg 768w, https:\/\/activrando.org\/AR_blog\/wp-content\/uploads\/2022\/02\/220118-Randan-09-etang-roseaux-350x200.jpg 350w\" sizes=\"(max-width: 1024px) 100vw, 1024px\" \/><figcaption>.<br>.<br>.<\/figcaption><\/figure><\/div>\n\n\n\n<div class=\"wp-block-image\"><figure class=\"aligncenter size-full\"><img decoding=\"async\" loading=\"lazy\" width=\"1024\" height=\"683\" src=\"https:\/\/activrando.org\/AR_blog\/wp-content\/uploads\/2022\/02\/220118-Randan-10-groupe-marche.jpg\" alt=\"\" class=\"wp-image-4278\" srcset=\"https:\/\/activrando.org\/AR_blog\/wp-content\/uploads\/2022\/02\/220118-Randan-10-groupe-marche.jpg 1024w, https:\/\/activrando.org\/AR_blog\/wp-content\/uploads\/2022\/02\/220118-Randan-10-groupe-marche-300x200.jpg 300w, https:\/\/activrando.org\/AR_blog\/wp-content\/uploads\/2022\/02\/220118-Randan-10-groupe-marche-768x512.jpg 768w\" sizes=\"(max-width: 1024px) 100vw, 1024px\" \/><figcaption><strong>Proches de &lsquo;l&rsquo;arriv\u00e9e, nous sommes toujours envelopp\u00e9s de brouillard.<\/strong><br>.<br>.<\/figcaption><\/figure><\/div>\n\n\n\n<p class=\"has-text-align-center\"><strong><a rel=\"noreferrer noopener\" href=\"https:\/\/activrando.org\/AR_blog\/2022\/01\/16\/les-fades-journee-rando-aux-ancizes-comps-dim-16-janv-2022-39-photos\/\" target=\"_blank\">&lt; &lt; &lt; ARTICLE PR\u00c9C\u00c9DENT &#8212;&#8212;&#8212;&#8212;&#8212;&#8212;- ACCUEIL DU BLOG &#8212;&#8212;&#8212;&#8212;&#8212;&#8212;&#8212;- <\/a><a href=\"https:\/\/activrando.org\/AR_blog\/2022\/01\/20\/bois-basset-petite-rando-a-seuillet-jeudi-20-janv-2022-9-photos\/\" data-type=\"URL\" data-id=\"https:\/\/activrando.org\/AR_blog\/2022\/01\/20\/bois-basset-petite-rando-a-seuillet-jeudi-20-janv-2022-9-photos\/\">ARTICLE SUIVANT > > ><\/a><\/strong><br><\/p>\n\n\n\n<p>.<br>.<\/p>\n","protected":false},"excerpt":{"rendered":"<p>Une promenade dans le brouillard : une ambiance \u00e9trange et douce \u00e0 la fois&#8230;<\/p>\n","protected":false},"author":2,"featured_media":4279,"comment_status":"closed","ping_status":"closed","sticky":false,"template":"","format":"standard","meta":[],"categories":[5],"tags":[18,34,33],"_links":{"self":[{"href":"https:\/\/activrando.org\/AR_blog\/wp-json\/wp\/v2\/posts\/4268"}],"collection":[{"href":"https:\/\/activrando.org\/AR_blog\/wp-json\/wp\/v2\/posts"}],"about":[{"href":"https:\/\/activrando.org\/AR_blog\/wp-json\/wp\/v2\/types\/post"}],"author":[{"embeddable":true,"href":"https:\/\/activrando.org\/AR_blog\/wp-json\/wp\/v2\/users\/2"}],"replies":[{"embeddable":true,"href":"https:\/\/activrando.org\/AR_blog\/wp-json\/wp\/v2\/comments?post=4268"}],"version-history":[{"count":6,"href":"https:\/\/activrando.org\/AR_blog\/wp-json\/wp\/v2\/posts\/4268\/revisions"}],"predecessor-version":[{"id":4383,"href":"https:\/\/activrando.org\/AR_blog\/wp-json\/wp\/v2\/posts\/4268\/revisions\/4383"}],"wp:featuredmedia":[{"embeddable":true,"href":"https:\/\/activrando.org\/AR_blog\/wp-json\/wp\/v2\/media\/4279"}],"wp:attachment":[{"href":"https:\/\/activrando.org\/AR_blog\/wp-json\/wp\/v2\/media?parent=4268"}],"wp:term":[{"taxonomy":"category","embeddable":true,"href":"https:\/\/activrando.org\/AR_blog\/wp-json\/wp\/v2\/categories?post=4268"},{"taxonomy":"post_tag","embeddable":true,"href":"https:\/\/activrando.org\/AR_blog\/wp-json\/wp\/v2\/tags?post=4268"}],"curies":[{"name":"wp","href":"https:\/\/api.w.org\/{rel}","templated":true}]}}