{"id":3755,"date":"2021-12-09T22:17:00","date_gmt":"2021-12-09T21:17:00","guid":{"rendered":"http:\/\/activrando.org\/AR_blog\/?p=3755"},"modified":"2022-02-03T11:00:32","modified_gmt":"2022-02-03T10:00:32","slug":"les-viaducs-petite-rando-a-begues-jeudi-9-dec-2021-17-photos","status":"publish","type":"post","link":"https:\/\/activrando.org\/AR_blog\/2021\/12\/09\/les-viaducs-petite-rando-a-begues-jeudi-9-dec-2021-17-photos\/","title":{"rendered":"\u00ab\u00a0Les viaducs\u00a0\u00bb, petite rando \u00e0 B\u00e8gues, jeudi 9 d\u00e9c. 2021 (17 photos)"},"content":{"rendered":"\n<p>.<br>.<\/p>\n\n\n\n<p class=\"has-text-align-center\"><strong><a href=\"https:\/\/activrando.org\/AR_blog\/2021\/12\/07\/champoux-rando-sante-a-saint-pont-mardi-7-dec-2021-7-photos\/\" data-type=\"URL\" data-id=\"https:\/\/activrando.org\/AR_blog\/2021\/12\/07\/champoux-rando-sante-a-saint-pont-mardi-7-dec-2021-7-photos\/\">&lt; &lt; &lt; ARTICLE PR\u00c9C\u00c9DENT<\/a><a href=\"https:\/\/activrando.org\/AR_blog\/2021\/12\/05\/pont-clavel-journee-rando-a-chatel-montagne-dim-5-dec-2021-38-photos\/\" data-type=\"URL\" data-id=\"https:\/\/activrando.org\/AR_blog\/2021\/12\/05\/pont-clavel-journee-rando-a-chatel-montagne-dim-5-dec-2021-38-photos\/\"> <\/a>&#8212;&#8212;&#8212;&#8212;&#8212;&#8212;- <a href=\"https:\/\/activrando.org\/AR_blog\/\">ACCUEIL DU BLOG<\/a> &#8212;&#8212;&#8212;&#8212;&#8212;&#8212;&#8212;- <a href=\"https:\/\/activrando.org\/AR_blog\/2021\/12\/14\/feuillerousses-rando-sante-a-bost-mardi-14-dec-2021\/\" data-type=\"URL\" data-id=\"https:\/\/activrando.org\/AR_blog\/2021\/12\/14\/feuillerousses-rando-sante-a-bost-mardi-14-dec-2021\/\">ARTICLE SUIVANT &gt; &gt; &gt;<\/a><\/strong><\/p>\n\n\n\n<p>.<br>.<br><\/p>\n\n\n\n<div class=\"wp-block-image\"><figure class=\"aligncenter size-full\"><img decoding=\"async\" loading=\"lazy\" width=\"1024\" height=\"640\" src=\"https:\/\/activrando.org\/AR_blog\/wp-content\/uploads\/2021\/12\/211209-Begues-01-eglise.jpg\" alt=\"\" class=\"wp-image-3756\" srcset=\"https:\/\/activrando.org\/AR_blog\/wp-content\/uploads\/2021\/12\/211209-Begues-01-eglise.jpg 1024w, https:\/\/activrando.org\/AR_blog\/wp-content\/uploads\/2021\/12\/211209-Begues-01-eglise-300x188.jpg 300w, https:\/\/activrando.org\/AR_blog\/wp-content\/uploads\/2021\/12\/211209-Begues-01-eglise-768x480.jpg 768w\" sizes=\"(max-width: 1024px) 100vw, 1024px\" \/><figcaption><strong>Nous partons de l&rsquo;\u00e9glise de B\u00e8gues, une jolie petite \u00e9glise romane.<\/strong><br>.<br>.<\/figcaption><\/figure><\/div>\n\n\n\n<div class=\"wp-block-image\"><figure class=\"aligncenter size-full\"><img decoding=\"async\" loading=\"lazy\" width=\"480\" height=\"777\" src=\"https:\/\/activrando.org\/AR_blog\/wp-content\/uploads\/2021\/12\/211209-Begues-03-pile-viaduc.jpg\" alt=\"\" class=\"wp-image-3758\" srcset=\"https:\/\/activrando.org\/AR_blog\/wp-content\/uploads\/2021\/12\/211209-Begues-03-pile-viaduc.jpg 480w, https:\/\/activrando.org\/AR_blog\/wp-content\/uploads\/2021\/12\/211209-Begues-03-pile-viaduc-185x300.jpg 185w\" sizes=\"(max-width: 480px) 100vw, 480px\" \/><figcaption><strong>Nous passons d&rsquo;abord au pied du viaduc de Neuvial&#8230;<\/strong><br>.<br>.<\/figcaption><\/figure><\/div>\n\n\n\n<div class=\"wp-block-image\"><figure class=\"aligncenter size-large\"><img decoding=\"async\" loading=\"lazy\" width=\"1024\" height=\"362\" src=\"https:\/\/activrando.org\/AR_blog\/wp-content\/uploads\/2021\/12\/211209-Begues-02-plan-viaduc-1024x362.jpg\" alt=\"\" class=\"wp-image-3757\" srcset=\"https:\/\/activrando.org\/AR_blog\/wp-content\/uploads\/2021\/12\/211209-Begues-02-plan-viaduc-1024x362.jpg 1024w, https:\/\/activrando.org\/AR_blog\/wp-content\/uploads\/2021\/12\/211209-Begues-02-plan-viaduc-300x106.jpg 300w, https:\/\/activrando.org\/AR_blog\/wp-content\/uploads\/2021\/12\/211209-Begues-02-plan-viaduc-768x272.jpg 768w, https:\/\/activrando.org\/AR_blog\/wp-content\/uploads\/2021\/12\/211209-Begues-02-plan-viaduc.jpg 1459w\" sizes=\"(max-width: 1024px) 100vw, 1024px\" \/><figcaption><strong>Comme le montre ce plan d&rsquo;\u00e9poque, entre des piles en structure classique -pierres taill\u00e9es appareill\u00e9es au mortier- le tablier s&rsquo;\u00e9tend entre ces deux piles sur une centaine de m\u00e8tre avec simplement une pile m\u00e9tallique en treillis de poutres d&rsquo;acier pour assurer une bonne rigidit\u00e9 malgr\u00e9 la finesse de l&rsquo;ensemble&#8230; ce sont les moyens modernes de construire de grandes structures porteuses.<\/strong><br>.<br>.<\/figcaption><\/figure><\/div>\n\n\n\n<div class=\"wp-block-image\"><figure class=\"aligncenter size-full\"><img decoding=\"async\" loading=\"lazy\" width=\"1024\" height=\"576\" src=\"https:\/\/activrando.org\/AR_blog\/wp-content\/uploads\/2021\/12\/211209-Begues-04-pied-pile-viaduc.jpg\" alt=\"\" class=\"wp-image-3759\" srcset=\"https:\/\/activrando.org\/AR_blog\/wp-content\/uploads\/2021\/12\/211209-Begues-04-pied-pile-viaduc.jpg 1024w, https:\/\/activrando.org\/AR_blog\/wp-content\/uploads\/2021\/12\/211209-Begues-04-pied-pile-viaduc-300x169.jpg 300w, https:\/\/activrando.org\/AR_blog\/wp-content\/uploads\/2021\/12\/211209-Begues-04-pied-pile-viaduc-768x432.jpg 768w\" sizes=\"(max-width: 1024px) 100vw, 1024px\" \/><figcaption><strong>Le pied de la pile, avec des appuis \u00e9cart\u00e9s pour donner plus de stabilit\u00e9. Les 4 poutres d&rsquo;angle sont des tubes : le tube est une structure d&rsquo;un bon rapport poids \/ r\u00e9sistance.<\/strong><br>.<br>.<\/figcaption><\/figure><\/div>\n\n\n\n<div class=\"wp-block-image\"><figure class=\"aligncenter size-full\"><img decoding=\"async\" loading=\"lazy\" width=\"1024\" height=\"576\" src=\"https:\/\/activrando.org\/AR_blog\/wp-content\/uploads\/2021\/12\/211209-Begues-06-groupe-marche.jpg\" alt=\"\" class=\"wp-image-3761\" srcset=\"https:\/\/activrando.org\/AR_blog\/wp-content\/uploads\/2021\/12\/211209-Begues-06-groupe-marche.jpg 1024w, https:\/\/activrando.org\/AR_blog\/wp-content\/uploads\/2021\/12\/211209-Begues-06-groupe-marche-300x169.jpg 300w, https:\/\/activrando.org\/AR_blog\/wp-content\/uploads\/2021\/12\/211209-Begues-06-groupe-marche-768x432.jpg 768w\" sizes=\"(max-width: 1024px) 100vw, 1024px\" \/><figcaption><strong>Nous remontons sur le plateau afin de contourner B\u00e8gues pour redescendre plus \u00e0 l&rsquo;ouest vers la Sioule, d&rsquo;o\u00f9 nous verrons le dernier pont.<\/strong><br>.<br>.<\/figcaption><\/figure><\/div>\n\n\n\n<div class=\"wp-block-image\"><figure class=\"aligncenter size-full\"><img decoding=\"async\" loading=\"lazy\" width=\"1024\" height=\"576\" src=\"https:\/\/activrando.org\/AR_blog\/wp-content\/uploads\/2021\/12\/211209-Begues-05-panorama-viaduc.jpg\" alt=\"\" class=\"wp-image-3760\" srcset=\"https:\/\/activrando.org\/AR_blog\/wp-content\/uploads\/2021\/12\/211209-Begues-05-panorama-viaduc.jpg 1024w, https:\/\/activrando.org\/AR_blog\/wp-content\/uploads\/2021\/12\/211209-Begues-05-panorama-viaduc-300x169.jpg 300w, https:\/\/activrando.org\/AR_blog\/wp-content\/uploads\/2021\/12\/211209-Begues-05-panorama-viaduc-768x432.jpg 768w\" sizes=\"(max-width: 1024px) 100vw, 1024px\" \/><figcaption><strong>D&rsquo;un promontoire, nous voyons les deux viaducs : au premier plan le viaduc de Neuvial et en haut \u00e0 gauche le viaduc de Rouzat, notre deuxi\u00e8me objectif du jour.<\/strong><br>.<br>.<\/figcaption><\/figure><\/div>\n\n\n\n<div class=\"wp-block-image\"><figure class=\"aligncenter size-full\"><img decoding=\"async\" loading=\"lazy\" width=\"700\" height=\"700\" src=\"https:\/\/activrando.org\/AR_blog\/wp-content\/uploads\/2021\/12\/211209-Begues-07-ellebore.jpg\" alt=\"\" class=\"wp-image-3762\" srcset=\"https:\/\/activrando.org\/AR_blog\/wp-content\/uploads\/2021\/12\/211209-Begues-07-ellebore.jpg 700w, https:\/\/activrando.org\/AR_blog\/wp-content\/uploads\/2021\/12\/211209-Begues-07-ellebore-300x300.jpg 300w, https:\/\/activrando.org\/AR_blog\/wp-content\/uploads\/2021\/12\/211209-Begues-07-ellebore-150x150.jpg 150w\" sizes=\"(max-width: 700px) 100vw, 700px\" \/><figcaption><strong>Au bord du chemin, une ell\u00e9bore f\u00e9tide ou Rose de No\u00ebl.<\/strong><br>.<br>.<\/figcaption><\/figure><\/div>\n\n\n\n<div class=\"wp-block-image\"><figure class=\"aligncenter size-full\"><img decoding=\"async\" loading=\"lazy\" width=\"1024\" height=\"370\" src=\"https:\/\/activrando.org\/AR_blog\/wp-content\/uploads\/2021\/12\/211209-Begues-08-groupe-marche.jpg\" alt=\"\" class=\"wp-image-3763\" srcset=\"https:\/\/activrando.org\/AR_blog\/wp-content\/uploads\/2021\/12\/211209-Begues-08-groupe-marche.jpg 1024w, https:\/\/activrando.org\/AR_blog\/wp-content\/uploads\/2021\/12\/211209-Begues-08-groupe-marche-300x108.jpg 300w, https:\/\/activrando.org\/AR_blog\/wp-content\/uploads\/2021\/12\/211209-Begues-08-groupe-marche-768x278.jpg 768w\" sizes=\"(max-width: 1024px) 100vw, 1024px\" \/><figcaption><strong>Nous commen\u00e7ons \u00e0 redescendre vers la Sioule.<\/strong><br>.<br>.<\/figcaption><\/figure><\/div>\n\n\n\n<div class=\"wp-block-image\"><figure class=\"aligncenter size-full is-resized\"><img decoding=\"async\" loading=\"lazy\" src=\"https:\/\/activrando.org\/AR_blog\/wp-content\/uploads\/2021\/12\/211209-Begues-09-riviere-arbres.jpg\" alt=\"\" class=\"wp-image-3764\" width=\"840\" height=\"471\" srcset=\"https:\/\/activrando.org\/AR_blog\/wp-content\/uploads\/2021\/12\/211209-Begues-09-riviere-arbres.jpg 1024w, https:\/\/activrando.org\/AR_blog\/wp-content\/uploads\/2021\/12\/211209-Begues-09-riviere-arbres-300x168.jpg 300w, https:\/\/activrando.org\/AR_blog\/wp-content\/uploads\/2021\/12\/211209-Begues-09-riviere-arbres-768x431.jpg 768w\" sizes=\"(max-width: 840px) 100vw, 840px\" \/><figcaption><strong>Nous approchons de la rivi\u00e8re par un chemin en pente douce.<\/strong><br>.<br>.<\/figcaption><\/figure><\/div>\n\n\n\n<div class=\"wp-block-image\"><figure class=\"aligncenter size-full\"><img decoding=\"async\" loading=\"lazy\" width=\"1024\" height=\"512\" src=\"https:\/\/activrando.org\/AR_blog\/wp-content\/uploads\/2021\/12\/211209-Begues-10-riviere.jpg\" alt=\"\" class=\"wp-image-3765\" srcset=\"https:\/\/activrando.org\/AR_blog\/wp-content\/uploads\/2021\/12\/211209-Begues-10-riviere.jpg 1024w, https:\/\/activrando.org\/AR_blog\/wp-content\/uploads\/2021\/12\/211209-Begues-10-riviere-300x150.jpg 300w, https:\/\/activrando.org\/AR_blog\/wp-content\/uploads\/2021\/12\/211209-Begues-10-riviere-768x384.jpg 768w\" sizes=\"(max-width: 1024px) 100vw, 1024px\" \/><figcaption><strong>Le niveau est \u00e9lev\u00e9 et le courant est fort.<\/strong><br>.<br>.<\/figcaption><\/figure><\/div>\n\n\n\n<div class=\"wp-block-image\"><figure class=\"aligncenter size-full\"><img decoding=\"async\" loading=\"lazy\" width=\"1024\" height=\"768\" src=\"https:\/\/activrando.org\/AR_blog\/wp-content\/uploads\/2021\/12\/211209-Begues-11-2-ponts.jpg\" alt=\"\" class=\"wp-image-3766\" srcset=\"https:\/\/activrando.org\/AR_blog\/wp-content\/uploads\/2021\/12\/211209-Begues-11-2-ponts.jpg 1024w, https:\/\/activrando.org\/AR_blog\/wp-content\/uploads\/2021\/12\/211209-Begues-11-2-ponts-300x225.jpg 300w, https:\/\/activrando.org\/AR_blog\/wp-content\/uploads\/2021\/12\/211209-Begues-11-2-ponts-768x576.jpg 768w\" sizes=\"(max-width: 1024px) 100vw, 1024px\" \/><figcaption>L<strong>es deux ponts : le pont routier, structure classique tr\u00e8s lourde, en pierre, et le pont f\u00e9rroviaire, structure moderne en m\u00e9tal, beaucoup plus fin.<\/strong><br>.<br>.<\/figcaption><\/figure><\/div>\n\n\n\n<div class=\"wp-block-image\"><figure class=\"aligncenter size-full\"><img decoding=\"async\" loading=\"lazy\" width=\"1024\" height=\"576\" src=\"https:\/\/activrando.org\/AR_blog\/wp-content\/uploads\/2021\/12\/211209-Begues-12-viaduc.jpg\" alt=\"\" class=\"wp-image-3767\" srcset=\"https:\/\/activrando.org\/AR_blog\/wp-content\/uploads\/2021\/12\/211209-Begues-12-viaduc.jpg 1024w, https:\/\/activrando.org\/AR_blog\/wp-content\/uploads\/2021\/12\/211209-Begues-12-viaduc-300x169.jpg 300w, https:\/\/activrando.org\/AR_blog\/wp-content\/uploads\/2021\/12\/211209-Begues-12-viaduc-768x432.jpg 768w\" sizes=\"(max-width: 1024px) 100vw, 1024px\" \/><figcaption><strong>Le viaduc du Rouzat.<\/strong><br>.<br>.<\/figcaption><\/figure><\/div>\n\n\n\n<div class=\"wp-block-image\"><figure class=\"aligncenter size-full\"><img decoding=\"async\" loading=\"lazy\" width=\"1024\" height=\"365\" src=\"https:\/\/activrando.org\/AR_blog\/wp-content\/uploads\/2021\/12\/211209-Begues-13-plan-viaduc-Rouzat.jpg\" alt=\"\" class=\"wp-image-3768\" srcset=\"https:\/\/activrando.org\/AR_blog\/wp-content\/uploads\/2021\/12\/211209-Begues-13-plan-viaduc-Rouzat.jpg 1024w, https:\/\/activrando.org\/AR_blog\/wp-content\/uploads\/2021\/12\/211209-Begues-13-plan-viaduc-Rouzat-300x107.jpg 300w, https:\/\/activrando.org\/AR_blog\/wp-content\/uploads\/2021\/12\/211209-Begues-13-plan-viaduc-Rouzat-768x274.jpg 768w\" sizes=\"(max-width: 1024px) 100vw, 1024px\" \/><figcaption><strong>Pour le viaduc du Rouzat, la distance \u00e0 enjamber \u00e9tant plus grande que pour le viaduc de Neuvial, deux piles fines et \u00e9l\u00e9gantes ont \u00e9t\u00e9 n\u00e9cessaires.<\/strong><br>.<br>.<\/figcaption><\/figure><\/div>\n\n\n\n<div class=\"wp-block-image\"><figure class=\"aligncenter size-full\"><img decoding=\"async\" loading=\"lazy\" width=\"800\" height=\"800\" src=\"https:\/\/activrando.org\/AR_blog\/wp-content\/uploads\/2021\/12\/211209-Begues-14-pied-pile.jpg\" alt=\"\" class=\"wp-image-3770\" srcset=\"https:\/\/activrando.org\/AR_blog\/wp-content\/uploads\/2021\/12\/211209-Begues-14-pied-pile.jpg 800w, https:\/\/activrando.org\/AR_blog\/wp-content\/uploads\/2021\/12\/211209-Begues-14-pied-pile-300x300.jpg 300w, https:\/\/activrando.org\/AR_blog\/wp-content\/uploads\/2021\/12\/211209-Begues-14-pied-pile-150x150.jpg 150w, https:\/\/activrando.org\/AR_blog\/wp-content\/uploads\/2021\/12\/211209-Begues-14-pied-pile-768x768.jpg 768w\" sizes=\"(max-width: 800px) 100vw, 800px\" \/><figcaption><strong>Une des deux piles prend appui sur une structure de pierre construite au milieu de la rivi\u00e8re.<\/strong><br>.<br><\/figcaption><\/figure><\/div>\n\n\n\n<div class=\"wp-block-image\"><figure class=\"aligncenter size-full\"><img decoding=\"async\" loading=\"lazy\" width=\"1024\" height=\"575\" src=\"https:\/\/activrando.org\/AR_blog\/wp-content\/uploads\/2021\/12\/211209-Begues-14-groupe-pose.jpg\" alt=\"\" class=\"wp-image-3769\" srcset=\"https:\/\/activrando.org\/AR_blog\/wp-content\/uploads\/2021\/12\/211209-Begues-14-groupe-pose.jpg 1024w, https:\/\/activrando.org\/AR_blog\/wp-content\/uploads\/2021\/12\/211209-Begues-14-groupe-pose-300x168.jpg 300w, https:\/\/activrando.org\/AR_blog\/wp-content\/uploads\/2021\/12\/211209-Begues-14-groupe-pose-768x431.jpg 768w\" sizes=\"(max-width: 1024px) 100vw, 1024px\" \/><figcaption><strong>On pose au pied du colosse.<\/strong><br>.<br>.<\/figcaption><\/figure><\/div>\n\n\n\n<div class=\"wp-block-image\"><figure class=\"aligncenter size-full\"><img decoding=\"async\" loading=\"lazy\" width=\"1024\" height=\"575\" src=\"https:\/\/activrando.org\/AR_blog\/wp-content\/uploads\/2021\/12\/211209-Begues-16-polypode-commun.jpg\" alt=\"\" class=\"wp-image-3771\" srcset=\"https:\/\/activrando.org\/AR_blog\/wp-content\/uploads\/2021\/12\/211209-Begues-16-polypode-commun.jpg 1024w, https:\/\/activrando.org\/AR_blog\/wp-content\/uploads\/2021\/12\/211209-Begues-16-polypode-commun-300x168.jpg 300w, https:\/\/activrando.org\/AR_blog\/wp-content\/uploads\/2021\/12\/211209-Begues-16-polypode-commun-768x431.jpg 768w\" sizes=\"(max-width: 1024px) 100vw, 1024px\" \/><figcaption><strong>Le polypode commun se plait bien sur les roches de cette gorge.<\/strong><\/figcaption><\/figure><\/div>\n\n\n\n<div class=\"wp-block-image\"><figure class=\"aligncenter size-full\"><img decoding=\"async\" loading=\"lazy\" width=\"1024\" height=\"575\" src=\"https:\/\/activrando.org\/AR_blog\/wp-content\/uploads\/2021\/12\/211209-Begues-17-groupe-marche.jpg\" alt=\"\" class=\"wp-image-3772\" srcset=\"https:\/\/activrando.org\/AR_blog\/wp-content\/uploads\/2021\/12\/211209-Begues-17-groupe-marche.jpg 1024w, https:\/\/activrando.org\/AR_blog\/wp-content\/uploads\/2021\/12\/211209-Begues-17-groupe-marche-300x168.jpg 300w, https:\/\/activrando.org\/AR_blog\/wp-content\/uploads\/2021\/12\/211209-Begues-17-groupe-marche-768x431.jpg 768w\" sizes=\"(max-width: 1024px) 100vw, 1024px\" \/><\/figure><\/div>\n\n\n\n<p><strong>Nous revenons \u00e0 B\u00e8gues avec le soir.<\/strong><br>.<br>.<\/p>\n\n\n\n<p class=\"has-text-align-center\"><strong><a href=\"https:\/\/activrando.org\/AR_blog\/2021\/12\/07\/champoux-rando-sante-a-saint-pont-mardi-7-dec-2021-7-photos\/\">&lt; &lt; &lt; ARTICLE PR\u00c9C\u00c9DENT<\/a><a href=\"https:\/\/activrando.org\/AR_blog\/2021\/12\/05\/pont-clavel-journee-rando-a-chatel-montagne-dim-5-dec-2021-38-photos\/\"> <\/a>&#8212;&#8212;&#8212;&#8212;&#8212;&#8212;- <a href=\"https:\/\/activrando.org\/AR_blog\/\">ACCUEIL DU BLOG<\/a> &#8212;&#8212;&#8212;&#8212;&#8212;&#8212;&#8212;- <a href=\"https:\/\/activrando.org\/AR_blog\/2021\/12\/14\/feuillerousses-rando-sante-a-bost-mardi-14-dec-2021\/\" data-type=\"URL\" data-id=\"https:\/\/activrando.org\/AR_blog\/2021\/12\/14\/feuillerousses-rando-sante-a-bost-mardi-14-dec-2021\/\">ARTICLE SUIVANT &gt; &gt; &gt;<\/a><\/strong><\/p>\n\n\n\n<p>.<br>.<br><\/p>\n","protected":false},"excerpt":{"rendered":"<p>Une petite rando pour aller voir deux des ponts m\u00e9talliques construits au XIXe si\u00e8cle par la compagnie Eiffel.<\/p>\n","protected":false},"author":2,"featured_media":3773,"comment_status":"closed","ping_status":"closed","sticky":false,"template":"","format":"standard","meta":[],"categories":[2],"tags":[20,35],"_links":{"self":[{"href":"https:\/\/activrando.org\/AR_blog\/wp-json\/wp\/v2\/posts\/3755"}],"collection":[{"href":"https:\/\/activrando.org\/AR_blog\/wp-json\/wp\/v2\/posts"}],"about":[{"href":"https:\/\/activrando.org\/AR_blog\/wp-json\/wp\/v2\/types\/post"}],"author":[{"embeddable":true,"href":"https:\/\/activrando.org\/AR_blog\/wp-json\/wp\/v2\/users\/2"}],"replies":[{"embeddable":true,"href":"https:\/\/activrando.org\/AR_blog\/wp-json\/wp\/v2\/comments?post=3755"}],"version-history":[{"count":5,"href":"https:\/\/activrando.org\/AR_blog\/wp-json\/wp\/v2\/posts\/3755\/revisions"}],"predecessor-version":[{"id":4290,"href":"https:\/\/activrando.org\/AR_blog\/wp-json\/wp\/v2\/posts\/3755\/revisions\/4290"}],"wp:featuredmedia":[{"embeddable":true,"href":"https:\/\/activrando.org\/AR_blog\/wp-json\/wp\/v2\/media\/3773"}],"wp:attachment":[{"href":"https:\/\/activrando.org\/AR_blog\/wp-json\/wp\/v2\/media?parent=3755"}],"wp:term":[{"taxonomy":"category","embeddable":true,"href":"https:\/\/activrando.org\/AR_blog\/wp-json\/wp\/v2\/categories?post=3755"},{"taxonomy":"post_tag","embeddable":true,"href":"https:\/\/activrando.org\/AR_blog\/wp-json\/wp\/v2\/tags?post=3755"}],"curies":[{"name":"wp","href":"https:\/\/api.w.org\/{rel}","templated":true}]}}