{"id":3613,"date":"2021-12-05T21:35:00","date_gmt":"2021-12-05T20:35:00","guid":{"rendered":"http:\/\/activrando.org\/AR_blog\/?p=3613"},"modified":"2021-12-28T15:40:33","modified_gmt":"2021-12-28T14:40:33","slug":"pont-clavel-journee-rando-a-chatel-montagne-dim-5-dec-2021-38-photos","status":"publish","type":"post","link":"https:\/\/activrando.org\/AR_blog\/2021\/12\/05\/pont-clavel-journee-rando-a-chatel-montagne-dim-5-dec-2021-38-photos\/","title":{"rendered":"\u00ab\u00a0Pont Clavel\u00a0\u00bb, journ\u00e9e-rando \u00e0 Ch\u00e2tel-Montagne, dim. 5 d\u00e9c. 2021 (37 photos)"},"content":{"rendered":"\n<p>.<br>.<br><strong>Du fait des conditions m\u00e9t\u00e9o annonc\u00e9es (froid et humide, neige probable) le parcours a \u00e9t\u00e9 chang\u00e9 : on ne va pas \u00e0 Pont Clavel, on en part, enfin presque, afin d&rsquo;\u00eatre dans Ch\u00e2tel, quelque-part au chaud, pour le d\u00e9jeuner. Apr\u00e8s moins de 10 minutes de marche une averse arrive\u2026 On s&rsquo;\u00e9quipe pour la pluie en pensant que \u00e7a pourrait effectivement durer la journ\u00e9e\u2026 Mais apr\u00e8s 10 autres minutes \u00e7a s&rsquo;arr\u00eate et l&rsquo;on ne verra plus ni pluie ni neige de la journ\u00e9e\u2026<\/strong><br>.<br>.<br><\/p>\n\n\n\n<p class=\"has-text-align-center\"><strong><a href=\"https:\/\/activrando.org\/AR_blog\/2021\/12\/02\/montaigu-petite-rando-a-langy-jeudi-2-dec-2021-22-photos\/\" data-type=\"URL\" data-id=\"https:\/\/activrando.org\/AR_blog\/2021\/12\/02\/montaigu-petite-rando-a-langy-jeudi-2-dec-2021-22-photos\/\">&lt; &lt; &lt; ARTICLE PR\u00c9C\u00c9DENT <\/a>&#8212;&#8212;&#8212;&#8212;&#8212;&#8212;-  <a href=\"https:\/\/activrando.org\/AR_blog\/\">ACCUEIL DU BLOG<\/a> &#8212;&#8212;&#8212;&#8212;&#8212;&#8212;&#8212;-  <a href=\"https:\/\/activrando.org\/AR_blog\/2021\/12\/05\/pont-clavel-journee-rando-a-chatel-montagne-dim-5-dec-2021-38-photos\/\" data-type=\"URL\" data-id=\"https:\/\/activrando.org\/AR_blog\/2021\/12\/05\/pont-clavel-journee-rando-a-chatel-montagne-dim-5-dec-2021-38-photos\/\">ARTICLE SUIVANT > > ><\/a><\/strong><\/p>\n\n\n\n<p>.<br>.<\/p>\n\n\n\n<div class=\"wp-block-image\"><figure class=\"aligncenter size-full\"><img decoding=\"async\" loading=\"lazy\" width=\"1024\" height=\"512\" src=\"https:\/\/activrando.org\/AR_blog\/wp-content\/uploads\/2021\/12\/211205-Chatel-M-01-groupe-marche.jpg\" alt=\"Du fait des conditions m\u00e9t\u00e9o annonc\u00e9es tr\u00e8s m\u00e9diocres (froides et humides) le parcours a \u00e9t\u00e9 chang\u00e9 in extremis : on ne va pas \u00e0 Pont Clavel, on en part. Enfin presque. Le temps d'y descendre -on ne marche pas depuis dix minutes- et une averse assez forte nous frappe... On s'arr\u00eate, on s'\u00e9quipe, et l'on repart...\" class=\"wp-image-3614\" srcset=\"https:\/\/activrando.org\/AR_blog\/wp-content\/uploads\/2021\/12\/211205-Chatel-M-01-groupe-marche.jpg 1024w, https:\/\/activrando.org\/AR_blog\/wp-content\/uploads\/2021\/12\/211205-Chatel-M-01-groupe-marche-300x150.jpg 300w, https:\/\/activrando.org\/AR_blog\/wp-content\/uploads\/2021\/12\/211205-Chatel-M-01-groupe-marche-768x384.jpg 768w\" sizes=\"(max-width: 1024px) 100vw, 1024px\" \/><figcaption><strong>La journ\u00e9e nous sera, une fois encore, assez cl\u00e9mente, bien qu&rsquo;\u00e0 divers moment de gros nuages gris fonc\u00e9 semblaient vouloir nous apporter de l&rsquo;eau&#8230;<br>.<br>.<\/strong><\/figcaption><\/figure><\/div>\n\n\n\n<div class=\"wp-block-image\"><figure class=\"aligncenter size-full is-resized\"><img decoding=\"async\" loading=\"lazy\" src=\"https:\/\/activrando.org\/AR_blog\/wp-content\/uploads\/2021\/12\/211205-Chatel-M-02-groupe-pose.jpg\" alt=\"\" class=\"wp-image-3615\" width=\"800\" height=\"450\" srcset=\"https:\/\/activrando.org\/AR_blog\/wp-content\/uploads\/2021\/12\/211205-Chatel-M-02-groupe-pose.jpg 800w, https:\/\/activrando.org\/AR_blog\/wp-content\/uploads\/2021\/12\/211205-Chatel-M-02-groupe-pose-300x169.jpg 300w, https:\/\/activrando.org\/AR_blog\/wp-content\/uploads\/2021\/12\/211205-Chatel-M-02-groupe-pose-768x432.jpg 768w\" sizes=\"(max-width: 800px) 100vw, 800px\" \/><figcaption><strong>Nous voil\u00e0 donc \u00e0 Pont Clavel en tenue de grenouille&#8230; mais le c\u0153ur joyeux !<\/strong><br>.<br>.<\/figcaption><\/figure><\/div>\n\n\n\n<div class=\"wp-block-image\"><figure class=\"aligncenter size-full\"><img decoding=\"async\" loading=\"lazy\" width=\"640\" height=\"360\" src=\"https:\/\/activrando.org\/AR_blog\/wp-content\/uploads\/2021\/12\/211205-Chatel-M-03-Pont-Clavel.jpg\" alt=\"\" class=\"wp-image-3616\" srcset=\"https:\/\/activrando.org\/AR_blog\/wp-content\/uploads\/2021\/12\/211205-Chatel-M-03-Pont-Clavel.jpg 640w, https:\/\/activrando.org\/AR_blog\/wp-content\/uploads\/2021\/12\/211205-Chatel-M-03-Pont-Clavel-300x169.jpg 300w\" sizes=\"(max-width: 640px) 100vw, 640px\" \/><figcaption><strong>A Pont Clavel, les v\u00e9hicules ne franchissent plus&#8230;<\/strong><br>.<br>.<\/figcaption><\/figure><\/div>\n\n\n\n<div class=\"wp-block-image\"><figure class=\"aligncenter size-full\"><img decoding=\"async\" loading=\"lazy\" width=\"1024\" height=\"512\" src=\"https:\/\/activrando.org\/AR_blog\/wp-content\/uploads\/2021\/12\/211205-Chatel-M-04-riviere-Sichon.jpg\" alt=\"\" class=\"wp-image-3617\" srcset=\"https:\/\/activrando.org\/AR_blog\/wp-content\/uploads\/2021\/12\/211205-Chatel-M-04-riviere-Sichon.jpg 1024w, https:\/\/activrando.org\/AR_blog\/wp-content\/uploads\/2021\/12\/211205-Chatel-M-04-riviere-Sichon-300x150.jpg 300w, https:\/\/activrando.org\/AR_blog\/wp-content\/uploads\/2021\/12\/211205-Chatel-M-04-riviere-Sichon-768x384.jpg 768w\" sizes=\"(max-width: 1024px) 100vw, 1024px\" \/><figcaption><strong>La <a href=\"https:\/\/fr.wikipedia.org\/wiki\/Besbre\" data-type=\"URL\" data-id=\"https:\/\/fr.wikipedia.org\/wiki\/Besbre\">Besbre<\/a> est gonfl\u00e9e par les r\u00e9centes pluies.<\/strong><br>.<br>.<\/figcaption><\/figure><\/div>\n\n\n\n<div class=\"wp-block-image\"><figure class=\"aligncenter size-full\"><img decoding=\"async\" loading=\"lazy\" width=\"1024\" height=\"341\" src=\"https:\/\/activrando.org\/AR_blog\/wp-content\/uploads\/2021\/12\/211205-Chatel-M-05-campagne.jpg\" alt=\"\" class=\"wp-image-3618\" srcset=\"https:\/\/activrando.org\/AR_blog\/wp-content\/uploads\/2021\/12\/211205-Chatel-M-05-campagne.jpg 1024w, https:\/\/activrando.org\/AR_blog\/wp-content\/uploads\/2021\/12\/211205-Chatel-M-05-campagne-300x100.jpg 300w, https:\/\/activrando.org\/AR_blog\/wp-content\/uploads\/2021\/12\/211205-Chatel-M-05-campagne-768x256.jpg 768w\" sizes=\"(max-width: 1024px) 100vw, 1024px\" \/><figcaption>.<br>.<br>.<\/figcaption><\/figure><\/div>\n\n\n\n<div class=\"wp-block-image\"><figure class=\"aligncenter size-full\"><img decoding=\"async\" loading=\"lazy\" width=\"800\" height=\"334\" src=\"https:\/\/activrando.org\/AR_blog\/wp-content\/uploads\/2021\/12\/211205-Chatel-M-06-champignon.jpg\" alt=\"\" class=\"wp-image-3619\" srcset=\"https:\/\/activrando.org\/AR_blog\/wp-content\/uploads\/2021\/12\/211205-Chatel-M-06-champignon.jpg 800w, https:\/\/activrando.org\/AR_blog\/wp-content\/uploads\/2021\/12\/211205-Chatel-M-06-champignon-300x125.jpg 300w, https:\/\/activrando.org\/AR_blog\/wp-content\/uploads\/2021\/12\/211205-Chatel-M-06-champignon-768x321.jpg 768w\" sizes=\"(max-width: 800px) 100vw, 800px\" \/><figcaption><strong>Comme une rose pos\u00e9e sur un tronc couch\u00e9.<\/strong><br>.<br>.<\/figcaption><\/figure><\/div>\n\n\n\n<div class=\"wp-block-image\"><figure class=\"aligncenter size-full\"><img decoding=\"async\" loading=\"lazy\" width=\"1024\" height=\"576\" src=\"https:\/\/activrando.org\/AR_blog\/wp-content\/uploads\/2021\/12\/211205-Chatel-M-07-paysage-foret.jpg\" alt=\"\" class=\"wp-image-3620\" srcset=\"https:\/\/activrando.org\/AR_blog\/wp-content\/uploads\/2021\/12\/211205-Chatel-M-07-paysage-foret.jpg 1024w, https:\/\/activrando.org\/AR_blog\/wp-content\/uploads\/2021\/12\/211205-Chatel-M-07-paysage-foret-300x169.jpg 300w, https:\/\/activrando.org\/AR_blog\/wp-content\/uploads\/2021\/12\/211205-Chatel-M-07-paysage-foret-768x432.jpg 768w\" sizes=\"(max-width: 1024px) 100vw, 1024px\" \/><figcaption>.<br>.<br>.<\/figcaption><\/figure><\/div>\n\n\n\n<div class=\"wp-block-image\"><figure class=\"aligncenter size-full\"><img decoding=\"async\" loading=\"lazy\" width=\"1024\" height=\"721\" src=\"https:\/\/activrando.org\/AR_blog\/wp-content\/uploads\/2021\/12\/211205-Chatel-M-08-mare-roseaux.jpg\" alt=\"\" class=\"wp-image-3621\" srcset=\"https:\/\/activrando.org\/AR_blog\/wp-content\/uploads\/2021\/12\/211205-Chatel-M-08-mare-roseaux.jpg 1024w, https:\/\/activrando.org\/AR_blog\/wp-content\/uploads\/2021\/12\/211205-Chatel-M-08-mare-roseaux-300x211.jpg 300w, https:\/\/activrando.org\/AR_blog\/wp-content\/uploads\/2021\/12\/211205-Chatel-M-08-mare-roseaux-768x541.jpg 768w\" sizes=\"(max-width: 1024px) 100vw, 1024px\" \/><figcaption>.<br>.<br>.<\/figcaption><\/figure><\/div>\n\n\n\n<div class=\"wp-block-image\"><figure class=\"aligncenter size-full\"><img decoding=\"async\" loading=\"lazy\" width=\"1024\" height=\"533\" src=\"https:\/\/activrando.org\/AR_blog\/wp-content\/uploads\/2021\/12\/211205-Chatel-M-09-paysage-roches.jpg\" alt=\"\" class=\"wp-image-3622\" srcset=\"https:\/\/activrando.org\/AR_blog\/wp-content\/uploads\/2021\/12\/211205-Chatel-M-09-paysage-roches.jpg 1024w, https:\/\/activrando.org\/AR_blog\/wp-content\/uploads\/2021\/12\/211205-Chatel-M-09-paysage-roches-300x156.jpg 300w, https:\/\/activrando.org\/AR_blog\/wp-content\/uploads\/2021\/12\/211205-Chatel-M-09-paysage-roches-768x400.jpg 768w, https:\/\/activrando.org\/AR_blog\/wp-content\/uploads\/2021\/12\/211205-Chatel-M-09-paysage-roches-538x280.jpg 538w\" sizes=\"(max-width: 1024px) 100vw, 1024px\" \/><figcaption><strong>On voit bien un peu de neige sur les hauteurs, mais nous n&rsquo;en foulerons pas ni n&rsquo;en recevrons aucun flocon sur le coin du bonnet.<\/strong><br>.<br>.<\/figcaption><\/figure><\/div>\n\n\n\n<div class=\"wp-block-image\"><figure class=\"aligncenter size-full\"><img decoding=\"async\" loading=\"lazy\" width=\"700\" height=\"700\" src=\"https:\/\/activrando.org\/AR_blog\/wp-content\/uploads\/2021\/12\/211205-Chatel-M-10-maisons-Moutet.jpg\" alt=\"\" class=\"wp-image-3623\" srcset=\"https:\/\/activrando.org\/AR_blog\/wp-content\/uploads\/2021\/12\/211205-Chatel-M-10-maisons-Moutet.jpg 700w, https:\/\/activrando.org\/AR_blog\/wp-content\/uploads\/2021\/12\/211205-Chatel-M-10-maisons-Moutet-300x300.jpg 300w, https:\/\/activrando.org\/AR_blog\/wp-content\/uploads\/2021\/12\/211205-Chatel-M-10-maisons-Moutet-150x150.jpg 150w\" sizes=\"(max-width: 700px) 100vw, 700px\" \/><figcaption><strong>On arrive \u00e0 Moutet par le haut. De la se voient les deux maisons \u00e0 balcon de bois; l&rsquo;ancienne au fond et la r\u00e9cente devant.<\/strong><br>.<br>.<\/figcaption><\/figure><\/div>\n\n\n\n<div class=\"wp-block-image\"><figure class=\"aligncenter size-full\"><img decoding=\"async\" loading=\"lazy\" width=\"1024\" height=\"575\" src=\"https:\/\/activrando.org\/AR_blog\/wp-content\/uploads\/2021\/12\/211205-Chatel-M-11-maison-Moutet.jpg\" alt=\"\" class=\"wp-image-3624\" srcset=\"https:\/\/activrando.org\/AR_blog\/wp-content\/uploads\/2021\/12\/211205-Chatel-M-11-maison-Moutet.jpg 1024w, https:\/\/activrando.org\/AR_blog\/wp-content\/uploads\/2021\/12\/211205-Chatel-M-11-maison-Moutet-300x168.jpg 300w, https:\/\/activrando.org\/AR_blog\/wp-content\/uploads\/2021\/12\/211205-Chatel-M-11-maison-Moutet-768x431.jpg 768w\" sizes=\"(max-width: 1024px) 100vw, 1024px\" \/><figcaption>.<br>.<br>.<\/figcaption><\/figure><\/div>\n\n\n\n<div class=\"wp-block-image\"><figure class=\"aligncenter size-full\"><img decoding=\"async\" loading=\"lazy\" width=\"1024\" height=\"599\" src=\"https:\/\/activrando.org\/AR_blog\/wp-content\/uploads\/2021\/12\/211205-Chatel-M-12-cheval.jpg\" alt=\"\" class=\"wp-image-3625\" srcset=\"https:\/\/activrando.org\/AR_blog\/wp-content\/uploads\/2021\/12\/211205-Chatel-M-12-cheval.jpg 1024w, https:\/\/activrando.org\/AR_blog\/wp-content\/uploads\/2021\/12\/211205-Chatel-M-12-cheval-300x175.jpg 300w, https:\/\/activrando.org\/AR_blog\/wp-content\/uploads\/2021\/12\/211205-Chatel-M-12-cheval-768x449.jpg 768w\" sizes=\"(max-width: 1024px) 100vw, 1024px\" \/><figcaption>.<br>.<br>.<\/figcaption><\/figure><\/div>\n\n\n\n<div class=\"wp-block-image\"><figure class=\"aligncenter size-full\"><img decoding=\"async\" loading=\"lazy\" width=\"800\" height=\"450\" src=\"https:\/\/activrando.org\/AR_blog\/wp-content\/uploads\/2021\/12\/211205-Chatel-M-13-groupe-marche.jpg\" alt=\"\" class=\"wp-image-3626\" srcset=\"https:\/\/activrando.org\/AR_blog\/wp-content\/uploads\/2021\/12\/211205-Chatel-M-13-groupe-marche.jpg 800w, https:\/\/activrando.org\/AR_blog\/wp-content\/uploads\/2021\/12\/211205-Chatel-M-13-groupe-marche-300x169.jpg 300w, https:\/\/activrando.org\/AR_blog\/wp-content\/uploads\/2021\/12\/211205-Chatel-M-13-groupe-marche-768x432.jpg 768w\" sizes=\"(max-width: 800px) 100vw, 800px\" \/><figcaption>.<br>.<br>.<\/figcaption><\/figure><\/div>\n\n\n\n<div class=\"wp-block-image\"><figure class=\"aligncenter size-full\"><img decoding=\"async\" loading=\"lazy\" width=\"1024\" height=\"640\" src=\"https:\/\/activrando.org\/AR_blog\/wp-content\/uploads\/2021\/12\/211205-Chatel-M-14-souche-groupe-pose.jpg\" alt=\"\" class=\"wp-image-3627\" srcset=\"https:\/\/activrando.org\/AR_blog\/wp-content\/uploads\/2021\/12\/211205-Chatel-M-14-souche-groupe-pose.jpg 1024w, https:\/\/activrando.org\/AR_blog\/wp-content\/uploads\/2021\/12\/211205-Chatel-M-14-souche-groupe-pose-300x188.jpg 300w, https:\/\/activrando.org\/AR_blog\/wp-content\/uploads\/2021\/12\/211205-Chatel-M-14-souche-groupe-pose-768x480.jpg 768w\" sizes=\"(max-width: 1024px) 100vw, 1024px\" \/><figcaption>.<\/figcaption><\/figure><\/div>\n\n\n\n<p>.<br>.<\/p>\n\n\n\n<div class=\"wp-block-image\"><figure class=\"aligncenter size-full\"><img decoding=\"async\" loading=\"lazy\" width=\"1024\" height=\"640\" src=\"https:\/\/activrando.org\/AR_blog\/wp-content\/uploads\/2021\/12\/211205-Chatel-M-15-groupe-pose.jpg\" alt=\"\" class=\"wp-image-3628\" srcset=\"https:\/\/activrando.org\/AR_blog\/wp-content\/uploads\/2021\/12\/211205-Chatel-M-15-groupe-pose.jpg 1024w, https:\/\/activrando.org\/AR_blog\/wp-content\/uploads\/2021\/12\/211205-Chatel-M-15-groupe-pose-300x188.jpg 300w, https:\/\/activrando.org\/AR_blog\/wp-content\/uploads\/2021\/12\/211205-Chatel-M-15-groupe-pose-768x480.jpg 768w\" sizes=\"(max-width: 1024px) 100vw, 1024px\" \/><figcaption>.<br>.<br>.<\/figcaption><\/figure><\/div>\n\n\n\n<div class=\"wp-block-image\"><figure class=\"aligncenter size-full\"><img decoding=\"async\" loading=\"lazy\" width=\"1024\" height=\"640\" src=\"https:\/\/activrando.org\/AR_blog\/wp-content\/uploads\/2021\/12\/211205-Chatel-M-16-groupe-marche.jpg\" alt=\"\" class=\"wp-image-3629\" srcset=\"https:\/\/activrando.org\/AR_blog\/wp-content\/uploads\/2021\/12\/211205-Chatel-M-16-groupe-marche.jpg 1024w, https:\/\/activrando.org\/AR_blog\/wp-content\/uploads\/2021\/12\/211205-Chatel-M-16-groupe-marche-300x188.jpg 300w, https:\/\/activrando.org\/AR_blog\/wp-content\/uploads\/2021\/12\/211205-Chatel-M-16-groupe-marche-768x480.jpg 768w\" sizes=\"(max-width: 1024px) 100vw, 1024px\" \/><figcaption><strong>On franchit le ruisseau sur l&rsquo;un de ces beaux ponts monolithes, dont on peut voir une dizaine dans le massif.<\/strong><br>.<br>.<\/figcaption><\/figure><\/div>\n\n\n\n<div class=\"wp-block-image\"><figure class=\"aligncenter size-full is-resized\"><img decoding=\"async\" loading=\"lazy\" src=\"https:\/\/activrando.org\/AR_blog\/wp-content\/uploads\/2021\/12\/211205-Chatel-M-17-eglise.jpg\" alt=\"\" class=\"wp-image-3630\" width=\"800\" height=\"640\" srcset=\"https:\/\/activrando.org\/AR_blog\/wp-content\/uploads\/2021\/12\/211205-Chatel-M-17-eglise.jpg 800w, https:\/\/activrando.org\/AR_blog\/wp-content\/uploads\/2021\/12\/211205-Chatel-M-17-eglise-300x240.jpg 300w, https:\/\/activrando.org\/AR_blog\/wp-content\/uploads\/2021\/12\/211205-Chatel-M-17-eglise-768x614.jpg 768w\" sizes=\"(max-width: 800px) 100vw, 800px\" \/><figcaption><strong>Ch\u00e2tel-Montagne.<\/strong> <strong>En haut du mauvais chemin en raidillon qui nous m\u00e8ne au village, on d\u00e9bouche brusquement sur la proue du vaisseau de pierre qui nous \u00e9clate l&rsquo;\u00e9motion de son \u00e9trave bulbeuse.<\/strong><br>.<br>.<\/figcaption><\/figure><\/div>\n\n\n\n<div class=\"wp-block-image\"><figure class=\"aligncenter size-full\"><img decoding=\"async\" loading=\"lazy\" width=\"700\" height=\"933\" src=\"https:\/\/activrando.org\/AR_blog\/wp-content\/uploads\/2021\/12\/211205-Chatel-M-18-eglise-nef.jpg\" alt=\"\" class=\"wp-image-3631\" srcset=\"https:\/\/activrando.org\/AR_blog\/wp-content\/uploads\/2021\/12\/211205-Chatel-M-18-eglise-nef.jpg 700w, https:\/\/activrando.org\/AR_blog\/wp-content\/uploads\/2021\/12\/211205-Chatel-M-18-eglise-nef-225x300.jpg 225w\" sizes=\"(max-width: 700px) 100vw, 700px\" \/><figcaption><strong>La nef est magnifique, comme un \u00e9lan vers les nues. Du porche on distingue la lumi\u00e8re rose, chaude, sanguine, qui r\u00e8gne dans le ch\u0153ur par l&rsquo;effet des vitraux qui l&rsquo;\u00e9clairent.<\/strong><br>.<br>.<\/figcaption><\/figure><\/div>\n\n\n\n<div class=\"wp-block-image\"><figure class=\"aligncenter size-full\"><img decoding=\"async\" loading=\"lazy\" width=\"1024\" height=\"768\" src=\"https:\/\/activrando.org\/AR_blog\/wp-content\/uploads\/2021\/12\/211205-Chatel-M-19-eglise-voutes.jpg\" alt=\"\" class=\"wp-image-3632\" srcset=\"https:\/\/activrando.org\/AR_blog\/wp-content\/uploads\/2021\/12\/211205-Chatel-M-19-eglise-voutes.jpg 1024w, https:\/\/activrando.org\/AR_blog\/wp-content\/uploads\/2021\/12\/211205-Chatel-M-19-eglise-voutes-300x225.jpg 300w, https:\/\/activrando.org\/AR_blog\/wp-content\/uploads\/2021\/12\/211205-Chatel-M-19-eglise-voutes-768x576.jpg 768w\" sizes=\"(max-width: 1024px) 100vw, 1024px\" \/><figcaption><strong>L&rsquo;art roman dans sa splendeur, o\u00f9 la puret\u00e9 magnifie le rythme.<\/strong><br>.<br>.<\/figcaption><\/figure><\/div>\n\n\n\n<div class=\"wp-block-image\"><figure class=\"aligncenter size-full\"><img decoding=\"async\" loading=\"lazy\" width=\"1024\" height=\"576\" src=\"https:\/\/activrando.org\/AR_blog\/wp-content\/uploads\/2021\/12\/211205-Chatel-M-20-eglise-choeur.jpg\" alt=\"\" class=\"wp-image-3633\" srcset=\"https:\/\/activrando.org\/AR_blog\/wp-content\/uploads\/2021\/12\/211205-Chatel-M-20-eglise-choeur.jpg 1024w, https:\/\/activrando.org\/AR_blog\/wp-content\/uploads\/2021\/12\/211205-Chatel-M-20-eglise-choeur-300x169.jpg 300w, https:\/\/activrando.org\/AR_blog\/wp-content\/uploads\/2021\/12\/211205-Chatel-M-20-eglise-choeur-768x432.jpg 768w\" sizes=\"(max-width: 1024px) 100vw, 1024px\" \/><figcaption><strong>Le <a href=\"https:\/\/fr.wikipedia.org\/wiki\/Chevet_(architecture)\" data-type=\"URL\" data-id=\"https:\/\/fr.wikipedia.org\/wiki\/Chevet_(architecture)\">chevet<\/a>, avec son <a href=\"https:\/\/fr.wikipedia.org\/wiki\/D\u00e9ambulatoire\" data-type=\"URL\" data-id=\"https:\/\/fr.wikipedia.org\/wiki\/D\u00e9ambulatoire\">d\u00e9ambulatoire<\/a>, est le temple par lui-m\u00eame, o\u00f9 s&rsquo;accomplit le rite et o\u00f9 se d\u00e9ploie la rose de l&rsquo;\u00e2me.<\/strong><br>.<br>.<\/figcaption><\/figure><\/div>\n\n\n\n<div class=\"wp-block-image\"><figure class=\"aligncenter size-full\"><img decoding=\"async\" loading=\"lazy\" width=\"1024\" height=\"576\" src=\"https:\/\/activrando.org\/AR_blog\/wp-content\/uploads\/2021\/12\/211205-Chatel-M-21-eglise-nef-bleutee.jpg\" alt=\"\" class=\"wp-image-3634\" srcset=\"https:\/\/activrando.org\/AR_blog\/wp-content\/uploads\/2021\/12\/211205-Chatel-M-21-eglise-nef-bleutee.jpg 1024w, https:\/\/activrando.org\/AR_blog\/wp-content\/uploads\/2021\/12\/211205-Chatel-M-21-eglise-nef-bleutee-300x169.jpg 300w, https:\/\/activrando.org\/AR_blog\/wp-content\/uploads\/2021\/12\/211205-Chatel-M-21-eglise-nef-bleutee-768x432.jpg 768w\" sizes=\"(max-width: 1024px) 100vw, 1024px\" \/><figcaption><strong>De l\u00e0, par un \u00e9trange contraste augment\u00e9 par la photographie, la nef parait baign\u00e9e, elle, d&rsquo;une lueur bleut\u00e9e, marine.<\/strong><br>.<br>.<\/figcaption><\/figure><\/div>\n\n\n\n<p>.<br>.<br>.<\/p>\n\n\n\n<div class=\"wp-block-image\"><figure class=\"aligncenter size-full\"><img decoding=\"async\" loading=\"lazy\" width=\"800\" height=\"392\" src=\"https:\/\/activrando.org\/AR_blog\/wp-content\/uploads\/2021\/12\/211205-Chatel-M-23-groupe-marche-rue.jpg\" alt=\"\" class=\"wp-image-3636\" srcset=\"https:\/\/activrando.org\/AR_blog\/wp-content\/uploads\/2021\/12\/211205-Chatel-M-23-groupe-marche-rue.jpg 800w, https:\/\/activrando.org\/AR_blog\/wp-content\/uploads\/2021\/12\/211205-Chatel-M-23-groupe-marche-rue-300x147.jpg 300w, https:\/\/activrando.org\/AR_blog\/wp-content\/uploads\/2021\/12\/211205-Chatel-M-23-groupe-marche-rue-768x376.jpg 768w\" sizes=\"(max-width: 800px) 100vw, 800px\" \/><figcaption><strong>Apr\u00e8s avoir mang\u00e9 \u00e0 l&rsquo;abri du porche de c\u00f4t\u00e9, assis sur les banc de pierre, comme des p\u00e8lerins&#8230; ou des caquetantes, nous repartons en parcourant la rue-ma\u00eetresse du village, \u00e0 ce moment-l\u00e0 compl\u00e9tement alanguie.<\/strong><br>.<br>.<\/figcaption><\/figure><\/div>\n\n\n\n<div class=\"wp-block-image\"><figure class=\"aligncenter size-full\"><img decoding=\"async\" loading=\"lazy\" width=\"640\" height=\"480\" src=\"https:\/\/activrando.org\/AR_blog\/wp-content\/uploads\/2021\/12\/211205-Chatel-M-24-banc.jpg\" alt=\"\" class=\"wp-image-3637\" srcset=\"https:\/\/activrando.org\/AR_blog\/wp-content\/uploads\/2021\/12\/211205-Chatel-M-24-banc.jpg 640w, https:\/\/activrando.org\/AR_blog\/wp-content\/uploads\/2021\/12\/211205-Chatel-M-24-banc-300x225.jpg 300w\" sizes=\"(max-width: 640px) 100vw, 640px\" \/><figcaption><strong>Ce banc de pierre me rappelle, par son ornementation en mosa\u00efque, le mat\u00e9riel urbain que je vis il y a peu \u00e0 <a href=\"https:\/\/fr.wikipedia.org\/wiki\/Palavas-les-Flots\" data-type=\"URL\" data-id=\"https:\/\/fr.wikipedia.org\/wiki\/Palavas-les-Flots\">Palavas<\/a>&#8230;<\/strong><br>.<br>.<\/figcaption><\/figure><\/div>\n\n\n\n<div class=\"wp-block-image\"><figure class=\"aligncenter size-full\"><img decoding=\"async\" loading=\"lazy\" width=\"600\" height=\"600\" src=\"https:\/\/activrando.org\/AR_blog\/wp-content\/uploads\/2021\/12\/211205-Chatel-M-25-groupe-marche.jpg\" alt=\"\" class=\"wp-image-3638\" srcset=\"https:\/\/activrando.org\/AR_blog\/wp-content\/uploads\/2021\/12\/211205-Chatel-M-25-groupe-marche.jpg 600w, https:\/\/activrando.org\/AR_blog\/wp-content\/uploads\/2021\/12\/211205-Chatel-M-25-groupe-marche-300x300.jpg 300w, https:\/\/activrando.org\/AR_blog\/wp-content\/uploads\/2021\/12\/211205-Chatel-M-25-groupe-marche-150x150.jpg 150w\" sizes=\"(max-width: 600px) 100vw, 600px\" \/><figcaption><strong>Apr\u00e8s \u00eatre descendus jusqu&rsquo;\u00e0 la <a href=\"https:\/\/fr.wikipedia.org\/wiki\/Besbre\" data-type=\"URL\" data-id=\"https:\/\/fr.wikipedia.org\/wiki\/Besbre\">Besbre<\/a>, puis l&rsquo;avoir long\u00e9e et vu le mouvement rapide et nerveux de ses flots bruns, on remontera tout en haut de l&rsquo;autre c\u00f4t\u00e9, bien s\u00fbr.<\/strong><br>.<br>.<\/figcaption><\/figure><\/div>\n\n\n\n<div class=\"wp-block-image\"><figure class=\"aligncenter size-full\"><img decoding=\"async\" loading=\"lazy\" width=\"1024\" height=\"803\" src=\"https:\/\/activrando.org\/AR_blog\/wp-content\/uploads\/2021\/12\/211205-Chatel-M-26-mousse.jpg\" alt=\"\" class=\"wp-image-3639\" srcset=\"https:\/\/activrando.org\/AR_blog\/wp-content\/uploads\/2021\/12\/211205-Chatel-M-26-mousse.jpg 1024w, https:\/\/activrando.org\/AR_blog\/wp-content\/uploads\/2021\/12\/211205-Chatel-M-26-mousse-300x235.jpg 300w, https:\/\/activrando.org\/AR_blog\/wp-content\/uploads\/2021\/12\/211205-Chatel-M-26-mousse-768x602.jpg 768w\" sizes=\"(max-width: 1024px) 100vw, 1024px\" \/><figcaption>.<br>.<br>.<\/figcaption><\/figure><\/div>\n\n\n\n<div class=\"wp-block-image\"><figure class=\"aligncenter size-full\"><img decoding=\"async\" loading=\"lazy\" width=\"1024\" height=\"527\" src=\"https:\/\/activrando.org\/AR_blog\/wp-content\/uploads\/2021\/12\/211205-Chatel-M-27-Adriana-chien.jpg\" alt=\"\" class=\"wp-image-3640\" srcset=\"https:\/\/activrando.org\/AR_blog\/wp-content\/uploads\/2021\/12\/211205-Chatel-M-27-Adriana-chien.jpg 1024w, https:\/\/activrando.org\/AR_blog\/wp-content\/uploads\/2021\/12\/211205-Chatel-M-27-Adriana-chien-300x154.jpg 300w, https:\/\/activrando.org\/AR_blog\/wp-content\/uploads\/2021\/12\/211205-Chatel-M-27-Adriana-chien-768x395.jpg 768w\" sizes=\"(max-width: 1024px) 100vw, 1024px\" \/><figcaption><strong>\u00c0 Charnant un jeune chien est venu droit sur nous&#8230; en toute amiti\u00e9. Adriana et lui, tous deux habill\u00e9s en noir et blanc, se sont fait la f\u00eate&#8230; Alors il nous suivi, gambadant alentour avec joie et l&rsquo;on a d\u00fb finir par le chasser de la voix et du geste pour qu&rsquo;il reparte chez lui dans son ordinaire et ne nous suive pas loin dans les bois.<\/strong><br>.<br>.<\/figcaption><\/figure><\/div>\n\n\n\n<div class=\"wp-block-image\"><figure class=\"aligncenter size-full\"><img decoding=\"async\" loading=\"lazy\" width=\"1024\" height=\"447\" src=\"https:\/\/activrando.org\/AR_blog\/wp-content\/uploads\/2021\/12\/211205-Chatel-M-28-panorama-vaches.jpg\" alt=\"\" class=\"wp-image-3641\" srcset=\"https:\/\/activrando.org\/AR_blog\/wp-content\/uploads\/2021\/12\/211205-Chatel-M-28-panorama-vaches.jpg 1024w, https:\/\/activrando.org\/AR_blog\/wp-content\/uploads\/2021\/12\/211205-Chatel-M-28-panorama-vaches-300x131.jpg 300w, https:\/\/activrando.org\/AR_blog\/wp-content\/uploads\/2021\/12\/211205-Chatel-M-28-panorama-vaches-768x335.jpg 768w\" sizes=\"(max-width: 1024px) 100vw, 1024px\" \/><figcaption><strong>Un dernier regard sur les environs de Ch\u00e2tel, avec Charnant au premier plan.<\/strong><br>.<br>.<\/figcaption><\/figure><\/div>\n\n\n\n<div class=\"wp-block-image\"><figure class=\"aligncenter size-full\"><img decoding=\"async\" loading=\"lazy\" width=\"800\" height=\"800\" src=\"https:\/\/activrando.org\/AR_blog\/wp-content\/uploads\/2021\/12\/211205-Chatel-M-29-champignon-feuilles.jpg\" alt=\"\" class=\"wp-image-3642\" srcset=\"https:\/\/activrando.org\/AR_blog\/wp-content\/uploads\/2021\/12\/211205-Chatel-M-29-champignon-feuilles.jpg 800w, https:\/\/activrando.org\/AR_blog\/wp-content\/uploads\/2021\/12\/211205-Chatel-M-29-champignon-feuilles-300x300.jpg 300w, https:\/\/activrando.org\/AR_blog\/wp-content\/uploads\/2021\/12\/211205-Chatel-M-29-champignon-feuilles-150x150.jpg 150w, https:\/\/activrando.org\/AR_blog\/wp-content\/uploads\/2021\/12\/211205-Chatel-M-29-champignon-feuilles-768x768.jpg 768w\" sizes=\"(max-width: 800px) 100vw, 800px\" \/><figcaption><strong>Il n&rsquo;y eu personne dans notre petit groupe pour savoir si ce champignon et tous les semblables qui l&rsquo;entouraient \u00e9taient comestibles. Au moins les aura-t&rsquo;on ainsi laiss\u00e9s sur place&#8230;<\/strong><br>.<br>.<\/figcaption><\/figure><\/div>\n\n\n\n<div class=\"wp-block-image\"><figure class=\"aligncenter size-full\"><img decoding=\"async\" loading=\"lazy\" width=\"1024\" height=\"576\" src=\"https:\/\/activrando.org\/AR_blog\/wp-content\/uploads\/2021\/12\/211205-Chatel-M-30-groupe-pose.jpg\" alt=\"\" class=\"wp-image-3643\" srcset=\"https:\/\/activrando.org\/AR_blog\/wp-content\/uploads\/2021\/12\/211205-Chatel-M-30-groupe-pose.jpg 1024w, https:\/\/activrando.org\/AR_blog\/wp-content\/uploads\/2021\/12\/211205-Chatel-M-30-groupe-pose-300x169.jpg 300w, https:\/\/activrando.org\/AR_blog\/wp-content\/uploads\/2021\/12\/211205-Chatel-M-30-groupe-pose-768x432.jpg 768w\" sizes=\"(max-width: 1024px) 100vw, 1024px\" \/><figcaption>.<br>.<br>.<\/figcaption><\/figure><\/div>\n\n\n\n<div class=\"wp-block-image\"><figure class=\"aligncenter size-full\"><img decoding=\"async\" loading=\"lazy\" width=\"1024\" height=\"512\" src=\"https:\/\/activrando.org\/AR_blog\/wp-content\/uploads\/2021\/12\/211205-Chatel-M-31-ecorce-bouleau.jpg\" alt=\"\" class=\"wp-image-3644\" srcset=\"https:\/\/activrando.org\/AR_blog\/wp-content\/uploads\/2021\/12\/211205-Chatel-M-31-ecorce-bouleau.jpg 1024w, https:\/\/activrando.org\/AR_blog\/wp-content\/uploads\/2021\/12\/211205-Chatel-M-31-ecorce-bouleau-300x150.jpg 300w, https:\/\/activrando.org\/AR_blog\/wp-content\/uploads\/2021\/12\/211205-Chatel-M-31-ecorce-bouleau-768x384.jpg 768w\" sizes=\"(max-width: 1024px) 100vw, 1024px\" \/><figcaption><strong>\u00c9corce de <a href=\"https:\/\/fr.wikipedia.org\/wiki\/Bouleau\" data-type=\"URL\" data-id=\"https:\/\/fr.wikipedia.org\/wiki\/Bouleau\">bouleau<\/a><\/strong><br>.<br>.<\/figcaption><\/figure><\/div>\n\n\n\n<div class=\"wp-block-image\"><figure class=\"aligncenter size-full\"><img decoding=\"async\" loading=\"lazy\" width=\"1024\" height=\"640\" src=\"https:\/\/activrando.org\/AR_blog\/wp-content\/uploads\/2021\/12\/211205-Chatel-M-32-feuille-chene-champignon-feuilles.jpg\" alt=\"\" class=\"wp-image-3645\" srcset=\"https:\/\/activrando.org\/AR_blog\/wp-content\/uploads\/2021\/12\/211205-Chatel-M-32-feuille-chene-champignon-feuilles.jpg 1024w, https:\/\/activrando.org\/AR_blog\/wp-content\/uploads\/2021\/12\/211205-Chatel-M-32-feuille-chene-champignon-feuilles-300x188.jpg 300w, https:\/\/activrando.org\/AR_blog\/wp-content\/uploads\/2021\/12\/211205-Chatel-M-32-feuille-chene-champignon-feuilles-768x480.jpg 768w\" sizes=\"(max-width: 1024px) 100vw, 1024px\" \/><figcaption>.<br>.<br>.<\/figcaption><\/figure><\/div>\n\n\n\n<div class=\"wp-block-image\"><figure class=\"aligncenter size-full\"><img decoding=\"async\" loading=\"lazy\" width=\"1024\" height=\"341\" src=\"https:\/\/activrando.org\/AR_blog\/wp-content\/uploads\/2021\/12\/211205-Chatel-M-33-groupe-marche.jpg\" alt=\"\" class=\"wp-image-3647\" srcset=\"https:\/\/activrando.org\/AR_blog\/wp-content\/uploads\/2021\/12\/211205-Chatel-M-33-groupe-marche.jpg 1024w, https:\/\/activrando.org\/AR_blog\/wp-content\/uploads\/2021\/12\/211205-Chatel-M-33-groupe-marche-300x100.jpg 300w, https:\/\/activrando.org\/AR_blog\/wp-content\/uploads\/2021\/12\/211205-Chatel-M-33-groupe-marche-768x256.jpg 768w\" sizes=\"(max-width: 1024px) 100vw, 1024px\" \/><figcaption>.<br>.<br>.<\/figcaption><\/figure><\/div>\n\n\n\n<div class=\"wp-block-image\"><figure class=\"aligncenter size-full\"><img decoding=\"async\" loading=\"lazy\" width=\"1024\" height=\"341\" src=\"https:\/\/activrando.org\/AR_blog\/wp-content\/uploads\/2021\/12\/211205-Chatel-M-34-etang-arbres.jpg\" alt=\"\" class=\"wp-image-3648\" srcset=\"https:\/\/activrando.org\/AR_blog\/wp-content\/uploads\/2021\/12\/211205-Chatel-M-34-etang-arbres.jpg 1024w, https:\/\/activrando.org\/AR_blog\/wp-content\/uploads\/2021\/12\/211205-Chatel-M-34-etang-arbres-300x100.jpg 300w, https:\/\/activrando.org\/AR_blog\/wp-content\/uploads\/2021\/12\/211205-Chatel-M-34-etang-arbres-768x256.jpg 768w\" sizes=\"(max-width: 1024px) 100vw, 1024px\" \/><figcaption>.<br>.<br>.<\/figcaption><\/figure><\/div>\n\n\n\n<div class=\"wp-block-image\"><figure class=\"aligncenter size-full\"><img decoding=\"async\" loading=\"lazy\" width=\"1024\" height=\"576\" src=\"https:\/\/activrando.org\/AR_blog\/wp-content\/uploads\/2021\/12\/211205-Chatel-M-35-etang-rides.jpg\" alt=\"\" class=\"wp-image-3649\" srcset=\"https:\/\/activrando.org\/AR_blog\/wp-content\/uploads\/2021\/12\/211205-Chatel-M-35-etang-rides.jpg 1024w, https:\/\/activrando.org\/AR_blog\/wp-content\/uploads\/2021\/12\/211205-Chatel-M-35-etang-rides-300x169.jpg 300w, https:\/\/activrando.org\/AR_blog\/wp-content\/uploads\/2021\/12\/211205-Chatel-M-35-etang-rides-768x432.jpg 768w\" sizes=\"(max-width: 1024px) 100vw, 1024px\" \/><figcaption>.<br>.<br>.<\/figcaption><\/figure><\/div>\n\n\n\n<div class=\"wp-block-image\"><figure class=\"aligncenter size-full\"><img decoding=\"async\" loading=\"lazy\" width=\"1024\" height=\"768\" src=\"https:\/\/activrando.org\/AR_blog\/wp-content\/uploads\/2021\/12\/211205-Chatel-M-36-champs-ajonc.jpg\" alt=\"\" class=\"wp-image-3650\" srcset=\"https:\/\/activrando.org\/AR_blog\/wp-content\/uploads\/2021\/12\/211205-Chatel-M-36-champs-ajonc.jpg 1024w, https:\/\/activrando.org\/AR_blog\/wp-content\/uploads\/2021\/12\/211205-Chatel-M-36-champs-ajonc-300x225.jpg 300w, https:\/\/activrando.org\/AR_blog\/wp-content\/uploads\/2021\/12\/211205-Chatel-M-36-champs-ajonc-768x576.jpg 768w\" sizes=\"(max-width: 1024px) 100vw, 1024px\" \/><figcaption><strong>De l&rsquo;ajonc fleuri (<a href=\"https:\/\/fr.wikipedia.org\/wiki\/Ulex\" data-type=\"URL\" data-id=\"https:\/\/fr.wikipedia.org\/wiki\/Ulex\">ulex<\/a>, de son vrai nom !!) en d\u00e9cembre : voil\u00e0 qui nous a laiss\u00e9s perplexes.<\/strong><br>.<br>.<\/figcaption><\/figure><\/div>\n\n\n\n<div class=\"wp-block-image\"><figure class=\"aligncenter size-full\"><img decoding=\"async\" loading=\"lazy\" width=\"1024\" height=\"576\" src=\"https:\/\/activrando.org\/AR_blog\/wp-content\/uploads\/2021\/12\/211205-Chatel-M-37-groupe-marche.jpg\" alt=\"\" class=\"wp-image-3651\" srcset=\"https:\/\/activrando.org\/AR_blog\/wp-content\/uploads\/2021\/12\/211205-Chatel-M-37-groupe-marche.jpg 1024w, https:\/\/activrando.org\/AR_blog\/wp-content\/uploads\/2021\/12\/211205-Chatel-M-37-groupe-marche-300x169.jpg 300w, https:\/\/activrando.org\/AR_blog\/wp-content\/uploads\/2021\/12\/211205-Chatel-M-37-groupe-marche-768x432.jpg 768w\" sizes=\"(max-width: 1024px) 100vw, 1024px\" \/><figcaption>.<br>.<br>.<\/figcaption><\/figure><\/div>\n\n\n\n<div class=\"wp-block-image\"><figure class=\"aligncenter size-full\"><img decoding=\"async\" loading=\"lazy\" width=\"1024\" height=\"576\" src=\"https:\/\/activrando.org\/AR_blog\/wp-content\/uploads\/2021\/12\/211205-Chatel-M-38-route-aiguilles.jpg\" alt=\"\" class=\"wp-image-3652\" srcset=\"https:\/\/activrando.org\/AR_blog\/wp-content\/uploads\/2021\/12\/211205-Chatel-M-38-route-aiguilles.jpg 1024w, https:\/\/activrando.org\/AR_blog\/wp-content\/uploads\/2021\/12\/211205-Chatel-M-38-route-aiguilles-300x169.jpg 300w, https:\/\/activrando.org\/AR_blog\/wp-content\/uploads\/2021\/12\/211205-Chatel-M-38-route-aiguilles-768x432.jpg 768w\" sizes=\"(max-width: 1024px) 100vw, 1024px\" \/><figcaption>.<br>.<br>.<\/figcaption><\/figure><\/div>\n\n\n\n<p class=\"has-text-align-center\"><strong><a href=\"https:\/\/activrando.org\/AR_blog\/2021\/12\/02\/montaigu-petite-rando-a-langy-jeudi-2-dec-2021-22-photos\/\" data-type=\"URL\" data-id=\"https:\/\/activrando.org\/AR_blog\/2021\/12\/02\/montaigu-petite-rando-a-langy-jeudi-2-dec-2021-22-photos\/\">&lt; &lt; &lt; ARTICLE PR\u00c9C\u00c9DENT <\/a>&#8212;&#8212;&#8212;&#8212;&#8212;&#8212;-  <a href=\"https:\/\/activrando.org\/AR_blog\/\">ACCUEIL DU BLOG<\/a> &#8212;&#8212;&#8212;&#8212;&#8212;&#8212;&#8212;-  <a href=\"https:\/\/activrando.org\/AR_blog\/2021\/12\/05\/pont-clavel-journee-rando-a-chatel-montagne-dim-5-dec-2021-38-photos\/\" data-type=\"URL\" data-id=\"https:\/\/activrando.org\/AR_blog\/2021\/12\/05\/pont-clavel-journee-rando-a-chatel-montagne-dim-5-dec-2021-38-photos\/\">ARTICLE SUIVANT &gt; &gt; &gt;<\/a><\/strong><\/p>\n\n\n\n<p>.<br>.<\/p>\n","protected":false},"excerpt":{"rendered":"<p>Un circuit de 23 km dans les collines qui bordent la Montagne Bourbonnaise et que traverse la Besbre dans un vallon \u00e9troit au pentes raides, mais sans que l&rsquo;on puisse parler de gorge.<\/p>\n","protected":false},"author":2,"featured_media":3653,"comment_status":"closed","ping_status":"closed","sticky":false,"template":"","format":"standard","meta":[],"categories":[2],"tags":[11,12],"_links":{"self":[{"href":"https:\/\/activrando.org\/AR_blog\/wp-json\/wp\/v2\/posts\/3613"}],"collection":[{"href":"https:\/\/activrando.org\/AR_blog\/wp-json\/wp\/v2\/posts"}],"about":[{"href":"https:\/\/activrando.org\/AR_blog\/wp-json\/wp\/v2\/types\/post"}],"author":[{"embeddable":true,"href":"https:\/\/activrando.org\/AR_blog\/wp-json\/wp\/v2\/users\/2"}],"replies":[{"embeddable":true,"href":"https:\/\/activrando.org\/AR_blog\/wp-json\/wp\/v2\/comments?post=3613"}],"version-history":[{"count":12,"href":"https:\/\/activrando.org\/AR_blog\/wp-json\/wp\/v2\/posts\/3613\/revisions"}],"predecessor-version":[{"id":3928,"href":"https:\/\/activrando.org\/AR_blog\/wp-json\/wp\/v2\/posts\/3613\/revisions\/3928"}],"wp:featuredmedia":[{"embeddable":true,"href":"https:\/\/activrando.org\/AR_blog\/wp-json\/wp\/v2\/media\/3653"}],"wp:attachment":[{"href":"https:\/\/activrando.org\/AR_blog\/wp-json\/wp\/v2\/media?parent=3613"}],"wp:term":[{"taxonomy":"category","embeddable":true,"href":"https:\/\/activrando.org\/AR_blog\/wp-json\/wp\/v2\/categories?post=3613"},{"taxonomy":"post_tag","embeddable":true,"href":"https:\/\/activrando.org\/AR_blog\/wp-json\/wp\/v2\/tags?post=3613"}],"curies":[{"name":"wp","href":"https:\/\/api.w.org\/{rel}","templated":true}]}}