{"id":361,"date":"2019-10-01T22:20:36","date_gmt":"2019-10-01T20:20:36","guid":{"rendered":"http:\/\/activrando.org\/AR_blog\/?p=361"},"modified":"2019-12-14T22:06:06","modified_gmt":"2019-12-14T21:06:06","slug":"montcurie-le-1er-oct-a-jenzat","status":"publish","type":"post","link":"https:\/\/activrando.org\/AR_blog\/2019\/10\/01\/montcurie-le-1er-oct-a-jenzat\/","title":{"rendered":"\u00a0\u00bbMontcurie\u00a0\u00bb, le 1er oct. \u00e0 Jenzat (7 photos)"},"content":{"rendered":"\n<p><a href=\"https:\/\/activrando.org\/AR_blog\/2019\/10\/03\/la-forge-le-3-oct-a-molles\/\"><strong>> > > ARTICLE SUIVANT<\/strong><\/a><\/p>\n\n\n\n<p><a href=\"https:\/\/activrando.org\/AR_blog\/2019\/09\/24\/bois-de-celzat-le-24-09-a-cusset\/\">> > > ARTICLE PR\u00c9C\u00c9DENT<\/a><\/p>\n\n\n\n<p>Rando Sant\u00e9\u00ae de 8,2 km \/ 210 m \/ indice IBP = 31<\/p>\n\n\n\n<div class=\"wp-block-image\"><figure class=\"aligncenter\"><img decoding=\"async\" loading=\"lazy\" width=\"1024\" height=\"680\" src=\"https:\/\/activrando.org\/AR_blog\/wp-content\/uploads\/2019\/11\/191001-Jenzat-01-groupe-marche-rue-1024x680.jpg\" alt=\"\" class=\"wp-image-362\" srcset=\"https:\/\/activrando.org\/AR_blog\/wp-content\/uploads\/2019\/11\/191001-Jenzat-01-groupe-marche-rue.jpg 1024w, https:\/\/activrando.org\/AR_blog\/wp-content\/uploads\/2019\/11\/191001-Jenzat-01-groupe-marche-rue-300x199.jpg 300w, https:\/\/activrando.org\/AR_blog\/wp-content\/uploads\/2019\/11\/191001-Jenzat-01-groupe-marche-rue-768x510.jpg 768w\" sizes=\"(max-width: 1024px) 100vw, 1024px\" \/><figcaption>.   <br> .   <\/figcaption><\/figure><\/div>\n\n\n\n<div class=\"wp-block-image\"><figure class=\"aligncenter\"><img decoding=\"async\" loading=\"lazy\" width=\"1024\" height=\"680\" src=\"https:\/\/activrando.org\/AR_blog\/wp-content\/uploads\/2019\/11\/191001-Jenzat-02-eglise-peintures-murales-1024x680.jpg\" alt=\"\" class=\"wp-image-364\" srcset=\"https:\/\/activrando.org\/AR_blog\/wp-content\/uploads\/2019\/11\/191001-Jenzat-02-eglise-peintures-murales.jpg 1024w, https:\/\/activrando.org\/AR_blog\/wp-content\/uploads\/2019\/11\/191001-Jenzat-02-eglise-peintures-murales-300x199.jpg 300w, https:\/\/activrando.org\/AR_blog\/wp-content\/uploads\/2019\/11\/191001-Jenzat-02-eglise-peintures-murales-768x510.jpg 768w\" sizes=\"(max-width: 1024px) 100vw, 1024px\" \/><figcaption>L&rsquo;\u00e9glise de Jenzat est l&rsquo;une <strong>des plus<\/strong> belles en mati\u00e8re de peintures murales.<br><br>   .   <\/figcaption><\/figure><\/div>\n\n\n\n<div class=\"wp-block-image\"><figure class=\"aligncenter\"><img decoding=\"async\" loading=\"lazy\" width=\"1024\" height=\"680\" src=\"https:\/\/activrando.org\/AR_blog\/wp-content\/uploads\/2019\/11\/191001-Jenzat-03-monument-vielle-a-roue-1024x680.jpg\" alt=\"\" class=\"wp-image-365\" srcset=\"https:\/\/activrando.org\/AR_blog\/wp-content\/uploads\/2019\/11\/191001-Jenzat-03-monument-vielle-a-roue.jpg 1024w, https:\/\/activrando.org\/AR_blog\/wp-content\/uploads\/2019\/11\/191001-Jenzat-03-monument-vielle-a-roue-300x199.jpg 300w, https:\/\/activrando.org\/AR_blog\/wp-content\/uploads\/2019\/11\/191001-Jenzat-03-monument-vielle-a-roue-768x510.jpg 768w\" sizes=\"(max-width: 1024px) 100vw, 1024px\" \/><figcaption><strong>Nous sommes dans la capitale de la vielle \u00e0 roue et elle a eu droit \u00e0 son monument.<\/strong><br><br>   .   <\/figcaption><\/figure><\/div>\n\n\n\n<div class=\"wp-block-image\"><figure class=\"aligncenter\"><img decoding=\"async\" loading=\"lazy\" width=\"1024\" height=\"680\" src=\"https:\/\/activrando.org\/AR_blog\/wp-content\/uploads\/2019\/11\/191001-Jenzat-04-fleurs-de-lierre-1024x680.jpg\" alt=\"\" class=\"wp-image-366\" srcset=\"https:\/\/activrando.org\/AR_blog\/wp-content\/uploads\/2019\/11\/191001-Jenzat-04-fleurs-de-lierre.jpg 1024w, https:\/\/activrando.org\/AR_blog\/wp-content\/uploads\/2019\/11\/191001-Jenzat-04-fleurs-de-lierre-300x199.jpg 300w, https:\/\/activrando.org\/AR_blog\/wp-content\/uploads\/2019\/11\/191001-Jenzat-04-fleurs-de-lierre-768x510.jpg 768w\" sizes=\"(max-width: 1024px) 100vw, 1024px\" \/><figcaption><strong>Fleurs de lierre<\/strong><br><br>   .   <\/figcaption><\/figure><\/div>\n\n\n\n<div class=\"wp-block-image\"><figure class=\"aligncenter\"><img decoding=\"async\" loading=\"lazy\" width=\"1024\" height=\"680\" src=\"https:\/\/activrando.org\/AR_blog\/wp-content\/uploads\/2019\/11\/191001-Jenzat-05-groupe-marche-rue-1024x680.jpg\" alt=\"\" class=\"wp-image-367\" srcset=\"https:\/\/activrando.org\/AR_blog\/wp-content\/uploads\/2019\/11\/191001-Jenzat-05-groupe-marche-rue.jpg 1024w, https:\/\/activrando.org\/AR_blog\/wp-content\/uploads\/2019\/11\/191001-Jenzat-05-groupe-marche-rue-300x199.jpg 300w, https:\/\/activrando.org\/AR_blog\/wp-content\/uploads\/2019\/11\/191001-Jenzat-05-groupe-marche-rue-768x510.jpg 768w\" sizes=\"(max-width: 1024px) 100vw, 1024px\" \/><figcaption><strong>En montant dans le Bois Penot.<\/strong><br><br>   .   <\/figcaption><\/figure><\/div>\n\n\n\n<div class=\"wp-block-image\"><figure class=\"aligncenter\"><img decoding=\"async\" loading=\"lazy\" width=\"1024\" height=\"680\" src=\"https:\/\/activrando.org\/AR_blog\/wp-content\/uploads\/2019\/11\/191001-Jenzat-06-fleurs-de-clematite-fanees-1024x680.jpg\" alt=\"\" class=\"wp-image-368\" srcset=\"https:\/\/activrando.org\/AR_blog\/wp-content\/uploads\/2019\/11\/191001-Jenzat-06-fleurs-de-clematite-fanees.jpg 1024w, https:\/\/activrando.org\/AR_blog\/wp-content\/uploads\/2019\/11\/191001-Jenzat-06-fleurs-de-clematite-fanees-300x199.jpg 300w, https:\/\/activrando.org\/AR_blog\/wp-content\/uploads\/2019\/11\/191001-Jenzat-06-fleurs-de-clematite-fanees-768x510.jpg 768w\" sizes=\"(max-width: 1024px) 100vw, 1024px\" \/><figcaption><strong>Les fleurs fan\u00e9es de la cl\u00e9matite sauvage.<\/strong><br><br>   .   <\/figcaption><\/figure><\/div>\n\n\n\n<div class=\"wp-block-image\"><figure class=\"aligncenter\"><img decoding=\"async\" loading=\"lazy\" width=\"1024\" height=\"680\" src=\"https:\/\/activrando.org\/AR_blog\/wp-content\/uploads\/2019\/11\/191001-Jenzat-07-groupe-pose-1024x680.jpg\" alt=\"\" class=\"wp-image-369\" srcset=\"https:\/\/activrando.org\/AR_blog\/wp-content\/uploads\/2019\/11\/191001-Jenzat-07-groupe-pose.jpg 1024w, https:\/\/activrando.org\/AR_blog\/wp-content\/uploads\/2019\/11\/191001-Jenzat-07-groupe-pose-300x199.jpg 300w, https:\/\/activrando.org\/AR_blog\/wp-content\/uploads\/2019\/11\/191001-Jenzat-07-groupe-pose-768x510.jpg 768w\" sizes=\"(max-width: 1024px) 100vw, 1024px\" \/><figcaption>.   <br> .   <\/figcaption><\/figure><\/div>\n\n\n\n<p><a href=\"https:\/\/activrando.org\/AR_blog\/2019\/10\/03\/la-forge-le-3-oct-a-molles\/\"><strong>> > > ARTICLE SUIVANT<\/strong><\/a><\/p>\n\n\n\n<p><a href=\"https:\/\/activrando.org\/AR_blog\/\">> > > ACCUEIL DU BLOG <\/a><\/p>\n\n\n\n<p><a href=\"https:\/\/activrando.org\/AR_blog\/2019\/09\/24\/bois-de-celzat-le-24-09-a-cusset\/\"><strong>> > > ARTICLE PR\u00c9C\u00c9DENT<\/strong><\/a><\/p>\n\n\n\n<p>   .   <br><\/p>\n","protected":false},"excerpt":{"rendered":"<p>> > > ARTICLE SUIVANT > > > ARTICLE PR\u00c9C\u00c9DENT Rando Sant\u00e9\u00ae de 8,2 km \/ 210 m \/ indice IBP = 31 > > > ARTICLE SUIVANT > > > ACCUEIL DU BLOG > > > ARTICLE PR\u00c9C\u00c9DENT .<\/p>\n","protected":false},"author":2,"featured_media":0,"comment_status":"closed","ping_status":"closed","sticky":false,"template":"","format":"standard","meta":[],"categories":[2],"tags":[],"_links":{"self":[{"href":"https:\/\/activrando.org\/AR_blog\/wp-json\/wp\/v2\/posts\/361"}],"collection":[{"href":"https:\/\/activrando.org\/AR_blog\/wp-json\/wp\/v2\/posts"}],"about":[{"href":"https:\/\/activrando.org\/AR_blog\/wp-json\/wp\/v2\/types\/post"}],"author":[{"embeddable":true,"href":"https:\/\/activrando.org\/AR_blog\/wp-json\/wp\/v2\/users\/2"}],"replies":[{"embeddable":true,"href":"https:\/\/activrando.org\/AR_blog\/wp-json\/wp\/v2\/comments?post=361"}],"version-history":[{"count":5,"href":"https:\/\/activrando.org\/AR_blog\/wp-json\/wp\/v2\/posts\/361\/revisions"}],"predecessor-version":[{"id":932,"href":"https:\/\/activrando.org\/AR_blog\/wp-json\/wp\/v2\/posts\/361\/revisions\/932"}],"wp:attachment":[{"href":"https:\/\/activrando.org\/AR_blog\/wp-json\/wp\/v2\/media?parent=361"}],"wp:term":[{"taxonomy":"category","embeddable":true,"href":"https:\/\/activrando.org\/AR_blog\/wp-json\/wp\/v2\/categories?post=361"},{"taxonomy":"post_tag","embeddable":true,"href":"https:\/\/activrando.org\/AR_blog\/wp-json\/wp\/v2\/tags?post=361"}],"curies":[{"name":"wp","href":"https:\/\/api.w.org\/{rel}","templated":true}]}}