{"id":356,"date":"2019-10-03T22:17:40","date_gmt":"2019-10-03T20:17:40","guid":{"rendered":"http:\/\/activrando.org\/AR_blog\/?p=356"},"modified":"2019-12-14T22:04:43","modified_gmt":"2019-12-14T21:04:43","slug":"la-forge-le-3-oct-a-molles","status":"publish","type":"post","link":"https:\/\/activrando.org\/AR_blog\/2019\/10\/03\/la-forge-le-3-oct-a-molles\/","title":{"rendered":"\u00a0\u00bbLa Forge\u00a0\u00bb, le 3 oct. \u00e0 Molles (3 photos)"},"content":{"rendered":"\n<p><a href=\"https:\/\/activrando.org\/AR_blog\/2019\/10\/08\/la-verneuille-le-8-oct-a-brugheas\/\"><strong>> > >  ARTICLE SUIVANT<\/strong><\/a><\/p>\n\n\n\n<p><a href=\"https:\/\/activrando.org\/AR_blog\/2019\/10\/01\/montcurie-le-1er-oct-a-jenzat\/\"><strong>> > > ARTICLE PR\u00c9C\u00c9DENT<\/strong><\/a><\/p>\n\n\n\n<p>Petite rando de 15,7 km \/ 350 m \/ indice IBP = 47<\/p>\n\n\n\n<div class=\"wp-block-image\"><figure class=\"aligncenter\"><img decoding=\"async\" loading=\"lazy\" width=\"1024\" height=\"680\" src=\"https:\/\/activrando.org\/AR_blog\/wp-content\/uploads\/2019\/11\/191003-Molles-01-panneau-1024x680.jpg\" alt=\"\" class=\"wp-image-357\" srcset=\"https:\/\/activrando.org\/AR_blog\/wp-content\/uploads\/2019\/11\/191003-Molles-01-panneau.jpg 1024w, https:\/\/activrando.org\/AR_blog\/wp-content\/uploads\/2019\/11\/191003-Molles-01-panneau-300x199.jpg 300w, https:\/\/activrando.org\/AR_blog\/wp-content\/uploads\/2019\/11\/191003-Molles-01-panneau-768x510.jpg 768w\" sizes=\"(max-width: 1024px) 100vw, 1024px\" \/><figcaption>.   <br> .   <\/figcaption><\/figure><\/div>\n\n\n\n<div class=\"wp-block-image\"><figure class=\"aligncenter\"><img decoding=\"async\" loading=\"lazy\" width=\"1024\" height=\"680\" src=\"https:\/\/activrando.org\/AR_blog\/wp-content\/uploads\/2019\/11\/191003-Molles-02-groupe-marche-1024x680.jpg\" alt=\"\" class=\"wp-image-358\" srcset=\"https:\/\/activrando.org\/AR_blog\/wp-content\/uploads\/2019\/11\/191003-Molles-02-groupe-marche.jpg 1024w, https:\/\/activrando.org\/AR_blog\/wp-content\/uploads\/2019\/11\/191003-Molles-02-groupe-marche-300x199.jpg 300w, https:\/\/activrando.org\/AR_blog\/wp-content\/uploads\/2019\/11\/191003-Molles-02-groupe-marche-768x510.jpg 768w\" sizes=\"(max-width: 1024px) 100vw, 1024px\" \/><figcaption><strong>Descente vers le Mansan, que nous franchirons \u00e0 pied sec : les quelques pluies r\u00e9centes n&rsquo;ont pas suffi \u00e0 commencer de le remettre en eau<\/strong>.<br><br>   .   <\/figcaption><\/figure><\/div>\n\n\n\n<div class=\"wp-block-image\"><figure class=\"aligncenter\"><img decoding=\"async\" loading=\"lazy\" width=\"1024\" height=\"680\" src=\"https:\/\/activrando.org\/AR_blog\/wp-content\/uploads\/2019\/11\/191003-Molles-03-groupe-pose-1024x680.jpg\" alt=\"\" class=\"wp-image-359\" srcset=\"https:\/\/activrando.org\/AR_blog\/wp-content\/uploads\/2019\/11\/191003-Molles-03-groupe-pose.jpg 1024w, https:\/\/activrando.org\/AR_blog\/wp-content\/uploads\/2019\/11\/191003-Molles-03-groupe-pose-300x199.jpg 300w, https:\/\/activrando.org\/AR_blog\/wp-content\/uploads\/2019\/11\/191003-Molles-03-groupe-pose-768x510.jpg 768w\" sizes=\"(max-width: 1024px) 100vw, 1024px\" \/><figcaption>.   <br> .   <\/figcaption><\/figure><\/div>\n\n\n\n<p><a href=\"https:\/\/activrando.org\/AR_blog\/2019\/10\/08\/la-verneuille-le-8-oct-a-brugheas\/\"><strong>> > >  ARTICLE SUIVANT<\/strong><\/a><\/p>\n\n\n\n<p><a href=\"https:\/\/activrando.org\/AR_blog\/\"><strong>> > > ACCUEIL DU BLOG <\/strong><\/a><\/p>\n\n\n\n<p><a href=\"https:\/\/activrando.org\/AR_blog\/2019\/10\/01\/montcurie-le-1er-oct-a-jenzat\/\"><strong>> > > ARTICLE PR\u00c9C\u00c9DENT<\/strong><\/a><\/p>\n\n\n\n<p>   .   <br><\/p>\n","protected":false},"excerpt":{"rendered":"<p>> > > ARTICLE SUIVANT > > > ARTICLE PR\u00c9C\u00c9DENT Petite rando de 15,7 km \/ 350 m \/ indice IBP = 47 > > > ARTICLE SUIVANT > > > ACCUEIL DU BLOG > > > ARTICLE PR\u00c9C\u00c9DENT .<\/p>\n","protected":false},"author":2,"featured_media":0,"comment_status":"closed","ping_status":"closed","sticky":false,"template":"","format":"standard","meta":[],"categories":[2],"tags":[],"_links":{"self":[{"href":"https:\/\/activrando.org\/AR_blog\/wp-json\/wp\/v2\/posts\/356"}],"collection":[{"href":"https:\/\/activrando.org\/AR_blog\/wp-json\/wp\/v2\/posts"}],"about":[{"href":"https:\/\/activrando.org\/AR_blog\/wp-json\/wp\/v2\/types\/post"}],"author":[{"embeddable":true,"href":"https:\/\/activrando.org\/AR_blog\/wp-json\/wp\/v2\/users\/2"}],"replies":[{"embeddable":true,"href":"https:\/\/activrando.org\/AR_blog\/wp-json\/wp\/v2\/comments?post=356"}],"version-history":[{"count":5,"href":"https:\/\/activrando.org\/AR_blog\/wp-json\/wp\/v2\/posts\/356\/revisions"}],"predecessor-version":[{"id":931,"href":"https:\/\/activrando.org\/AR_blog\/wp-json\/wp\/v2\/posts\/356\/revisions\/931"}],"wp:attachment":[{"href":"https:\/\/activrando.org\/AR_blog\/wp-json\/wp\/v2\/media?parent=356"}],"wp:term":[{"taxonomy":"category","embeddable":true,"href":"https:\/\/activrando.org\/AR_blog\/wp-json\/wp\/v2\/categories?post=356"},{"taxonomy":"post_tag","embeddable":true,"href":"https:\/\/activrando.org\/AR_blog\/wp-json\/wp\/v2\/tags?post=356"}],"curies":[{"name":"wp","href":"https:\/\/api.w.org\/{rel}","templated":true}]}}