{"id":352,"date":"2019-10-08T22:05:36","date_gmt":"2019-10-08T20:05:36","guid":{"rendered":"http:\/\/activrando.org\/AR_blog\/?p=352"},"modified":"2019-12-14T22:03:17","modified_gmt":"2019-12-14T21:03:17","slug":"la-verneuille-le-8-oct-a-brugheas","status":"publish","type":"post","link":"https:\/\/activrando.org\/AR_blog\/2019\/10\/08\/la-verneuille-le-8-oct-a-brugheas\/","title":{"rendered":"\u00a0\u00bbLa Verneuille\u00a0\u00bb, le 8 oct. \u00e0 Brugheas (2 photos)"},"content":{"rendered":"\n<p><a href=\"https:\/\/activrando.org\/AR_blog\/2019\/10\/10\/la-cote-le-10-oct-a-st-felix\/\"><strong>> > >  ARTICLE SUIVANT<\/strong><\/a><\/p>\n\n\n\n<p><a href=\"https:\/\/activrando.org\/AR_blog\/2019\/10\/03\/la-forge-le-3-oct-a-molles\/\"><strong>> > > ARTICLE PR\u00c9C\u00c9DENT<\/strong><\/a><\/p>\n\n\n\n<p>Rando Sant\u00e9\u00ae de 8,2 km \/ 50 m \/ indice IBP = 25.<\/p>\n\n\n\n<div class=\"wp-block-image\"><figure class=\"aligncenter\"><img decoding=\"async\" loading=\"lazy\" width=\"1024\" height=\"603\" src=\"https:\/\/activrando.org\/AR_blog\/wp-content\/uploads\/2019\/11\/191008-Brugheas-01-epilobe-fanee-1024x603.jpg\" alt=\"\" class=\"wp-image-353\" srcset=\"https:\/\/activrando.org\/AR_blog\/wp-content\/uploads\/2019\/11\/191008-Brugheas-01-epilobe-fanee.jpg 1024w, https:\/\/activrando.org\/AR_blog\/wp-content\/uploads\/2019\/11\/191008-Brugheas-01-epilobe-fanee-300x177.jpg 300w, https:\/\/activrando.org\/AR_blog\/wp-content\/uploads\/2019\/11\/191008-Brugheas-01-epilobe-fanee-768x452.jpg 768w\" sizes=\"(max-width: 1024px) 100vw, 1024px\" \/><figcaption>.   <br> .   <\/figcaption><\/figure><\/div>\n\n\n\n<div class=\"wp-block-image\"><figure class=\"aligncenter\"><img decoding=\"async\" loading=\"lazy\" width=\"1024\" height=\"680\" src=\"https:\/\/activrando.org\/AR_blog\/wp-content\/uploads\/2019\/11\/191008-Brugheas-02-groupe-pose-1024x680.jpg\" alt=\"\" class=\"wp-image-354\" srcset=\"https:\/\/activrando.org\/AR_blog\/wp-content\/uploads\/2019\/11\/191008-Brugheas-02-groupe-pose.jpg 1024w, https:\/\/activrando.org\/AR_blog\/wp-content\/uploads\/2019\/11\/191008-Brugheas-02-groupe-pose-300x199.jpg 300w, https:\/\/activrando.org\/AR_blog\/wp-content\/uploads\/2019\/11\/191008-Brugheas-02-groupe-pose-768x510.jpg 768w\" sizes=\"(max-width: 1024px) 100vw, 1024px\" \/><figcaption>.   <br> .   <\/figcaption><\/figure><\/div>\n\n\n\n<p><a href=\"https:\/\/activrando.org\/AR_blog\/2019\/10\/10\/la-cote-le-10-oct-a-st-felix\/\"><strong>> > >  ARTICLE SUIVANT<\/strong><\/a><\/p>\n\n\n\n<p><a href=\"https:\/\/activrando.org\/AR_blog\/\"><strong>> > > ACCUEIL DU BLOG<\/strong><\/a><\/p>\n\n\n\n<p><a href=\"https:\/\/activrando.org\/AR_blog\/2019\/10\/03\/la-forge-le-3-oct-a-molles\/\"><strong>> > > ARTICLE PR\u00c9C\u00c9DENT<\/strong><\/a><\/p>\n\n\n\n<p>   .   <br><\/p>\n","protected":false},"excerpt":{"rendered":"<p>> > > ARTICLE SUIVANT > > > ARTICLE PR\u00c9C\u00c9DENT Rando Sant\u00e9\u00ae de 8,2 km \/ 50 m \/ indice IBP = 25. > > > ARTICLE SUIVANT > > > ACCUEIL DU BLOG > > > ARTICLE PR\u00c9C\u00c9DENT .<\/p>\n","protected":false},"author":2,"featured_media":0,"comment_status":"closed","ping_status":"closed","sticky":false,"template":"","format":"standard","meta":[],"categories":[2],"tags":[],"_links":{"self":[{"href":"https:\/\/activrando.org\/AR_blog\/wp-json\/wp\/v2\/posts\/352"}],"collection":[{"href":"https:\/\/activrando.org\/AR_blog\/wp-json\/wp\/v2\/posts"}],"about":[{"href":"https:\/\/activrando.org\/AR_blog\/wp-json\/wp\/v2\/types\/post"}],"author":[{"embeddable":true,"href":"https:\/\/activrando.org\/AR_blog\/wp-json\/wp\/v2\/users\/2"}],"replies":[{"embeddable":true,"href":"https:\/\/activrando.org\/AR_blog\/wp-json\/wp\/v2\/comments?post=352"}],"version-history":[{"count":7,"href":"https:\/\/activrando.org\/AR_blog\/wp-json\/wp\/v2\/posts\/352\/revisions"}],"predecessor-version":[{"id":930,"href":"https:\/\/activrando.org\/AR_blog\/wp-json\/wp\/v2\/posts\/352\/revisions\/930"}],"wp:attachment":[{"href":"https:\/\/activrando.org\/AR_blog\/wp-json\/wp\/v2\/media?parent=352"}],"wp:term":[{"taxonomy":"category","embeddable":true,"href":"https:\/\/activrando.org\/AR_blog\/wp-json\/wp\/v2\/categories?post=352"},{"taxonomy":"post_tag","embeddable":true,"href":"https:\/\/activrando.org\/AR_blog\/wp-json\/wp\/v2\/tags?post=352"}],"curies":[{"name":"wp","href":"https:\/\/api.w.org\/{rel}","templated":true}]}}