{"id":35,"date":"2018-12-31T23:21:43","date_gmt":"2018-12-31T22:21:43","guid":{"rendered":"http:\/\/activrando.org\/AR_blog\/?p=35"},"modified":"2019-12-14T23:11:16","modified_gmt":"2019-12-14T22:11:16","slug":"journee-rando-a-jenzat-la-sioule","status":"publish","type":"post","link":"https:\/\/activrando.org\/AR_blog\/2018\/12\/31\/journee-rando-a-jenzat-la-sioule\/","title":{"rendered":"\u201cLa Sioule\u201c : Journ\u00e9e Rando le 30 d\u00e9c. 2018, \u00e0 Jenzat (10 photos)"},"content":{"rendered":"\n<p><strong><a href=\"https:\/\/activrando.org\/AR_blog\/2019\/01\/01\/les-voeux-petite-rando-a-mariol-le-1er-janvier-2019\/\">> > > ARTICLE SUIVANT<\/a><\/strong><\/p>\n\n\n\n<p><strong><a href=\"https:\/\/activrando.org\/AR_blog\/2018\/12\/08\/boires-et-sources-petite-rando-a-hauterive\/\">> > > ARTICLE PR\u00c9C\u00c9DENT<\/a><\/strong><\/p>\n\n\n\n<p>DIMANCHE 30 D\u00c9CEMBRE 2018 : la derni\u00e8re sortie de l&rsquo;ann\u00e9e\u2026<\/p>\n\n\n\n<p>Le temps est frais et brumeux. Nous aurons juste droit \u00e0 une fugace apparition du soleil en milieu de journ\u00e9e, mais le temps est bien pour marcher.<br> Apr\u00e8s \u00eatre mont\u00e9s sur le plateau en direction de Charroux, nous redescendons vers St-Germain-de-Salles.<br><\/p>\n\n\n\n<figure class=\"wp-block-image\"><img decoding=\"async\" loading=\"lazy\" width=\"1024\" height=\"768\" src=\"https:\/\/activrando.org\/AR_blog\/wp-content\/uploads\/2018\/12\/181230-Jenzat-01-groupe-marche.jpg\" alt=\"\" class=\"wp-image-25\" srcset=\"https:\/\/activrando.org\/AR_blog\/wp-content\/uploads\/2018\/12\/181230-Jenzat-01-groupe-marche.jpg 1024w, https:\/\/activrando.org\/AR_blog\/wp-content\/uploads\/2018\/12\/181230-Jenzat-01-groupe-marche-300x225.jpg 300w, https:\/\/activrando.org\/AR_blog\/wp-content\/uploads\/2018\/12\/181230-Jenzat-01-groupe-marche-768x576.jpg 768w\" sizes=\"(max-width: 1024px) 100vw, 1024px\" \/><figcaption>&nbsp;&nbsp;&nbsp;&nbsp;<br><br>&nbsp;&nbsp;&nbsp;&nbsp;<\/figcaption><\/figure>\n\n\n\n<p>Le r\u00e8gne v\u00e9g\u00e9tal disperse partout o\u00f9 il le peut un m\u00e9lange de structures organis\u00e9es, ordonn\u00e9es voire sym\u00e9triques ou dot\u00e9es de r\u00e8gles de r\u00e9partition et d&rsquo;autres qui fabriquent du fouillis en envahissant tout l&rsquo;espace avec fr\u00e9n\u00e9sie&#8230;&nbsp; &nbsp; &nbsp; &nbsp; <br><\/p>\n\n\n\n<figure class=\"wp-block-image\"><img decoding=\"async\" loading=\"lazy\" width=\"1024\" height=\"768\" src=\"https:\/\/activrando.org\/AR_blog\/wp-content\/uploads\/2018\/12\/181230-Jenzat-02-branche-treillis-fils.jpg\" alt=\"\" class=\"wp-image-26\" srcset=\"https:\/\/activrando.org\/AR_blog\/wp-content\/uploads\/2018\/12\/181230-Jenzat-02-branche-treillis-fils.jpg 1024w, https:\/\/activrando.org\/AR_blog\/wp-content\/uploads\/2018\/12\/181230-Jenzat-02-branche-treillis-fils-300x225.jpg 300w, https:\/\/activrando.org\/AR_blog\/wp-content\/uploads\/2018\/12\/181230-Jenzat-02-branche-treillis-fils-768x576.jpg 768w\" sizes=\"(max-width: 1024px) 100vw, 1024px\" \/><\/figure>\n\n\n\n<p>&nbsp; &nbsp; &nbsp; &nbsp; &nbsp; &nbsp; &nbsp; &nbsp; &nbsp; &nbsp; &nbsp; &nbsp; <\/p>\n\n\n\n<p>&nbsp; &nbsp; &nbsp; &nbsp; &nbsp;<br><\/p>\n\n\n\n<p>Nous traversons le petit bois qui s\u00e9pare le village de St-Germain-de-Salles de la Sioule.<\/p>\n\n\n\n<figure class=\"wp-block-image\"><img decoding=\"async\" loading=\"lazy\" width=\"1024\" height=\"768\" src=\"https:\/\/activrando.org\/AR_blog\/wp-content\/uploads\/2018\/12\/181230-Jenzat-03-groupe-marche.jpg\" alt=\"\" class=\"wp-image-27\" srcset=\"https:\/\/activrando.org\/AR_blog\/wp-content\/uploads\/2018\/12\/181230-Jenzat-03-groupe-marche.jpg 1024w, https:\/\/activrando.org\/AR_blog\/wp-content\/uploads\/2018\/12\/181230-Jenzat-03-groupe-marche-300x225.jpg 300w, https:\/\/activrando.org\/AR_blog\/wp-content\/uploads\/2018\/12\/181230-Jenzat-03-groupe-marche-768x576.jpg 768w\" sizes=\"(max-width: 1024px) 100vw, 1024px\" \/><figcaption>&nbsp;&nbsp;&nbsp;<br><br>&nbsp;&nbsp;&nbsp;<\/figcaption><\/figure>\n\n\n\n<p>&nbsp; &nbsp; &nbsp; &nbsp; &nbsp; &nbsp; &nbsp; &nbsp; &nbsp; <br><\/p>\n\n\n\n<p>Axelle, petit chaperon noir, avec ses deux chiennes :<\/p>\n\n\n\n<figure class=\"wp-block-image\"><img decoding=\"async\" loading=\"lazy\" width=\"1024\" height=\"768\" src=\"https:\/\/activrando.org\/AR_blog\/wp-content\/uploads\/2018\/12\/181230-Jenzat-04-Axelle-2-chiens.jpg\" alt=\"\" class=\"wp-image-28\" srcset=\"https:\/\/activrando.org\/AR_blog\/wp-content\/uploads\/2018\/12\/181230-Jenzat-04-Axelle-2-chiens.jpg 1024w, https:\/\/activrando.org\/AR_blog\/wp-content\/uploads\/2018\/12\/181230-Jenzat-04-Axelle-2-chiens-300x225.jpg 300w, https:\/\/activrando.org\/AR_blog\/wp-content\/uploads\/2018\/12\/181230-Jenzat-04-Axelle-2-chiens-768x576.jpg 768w\" sizes=\"(max-width: 1024px) 100vw, 1024px\" \/><\/figure>\n\n\n\n<p>&nbsp; &nbsp; &nbsp; &nbsp; &nbsp; &nbsp;<br><\/p>\n\n\n\n<figure class=\"wp-block-image\"><img decoding=\"async\" loading=\"lazy\" width=\"1024\" height=\"768\" src=\"https:\/\/activrando.org\/AR_blog\/wp-content\/uploads\/2018\/12\/181230-Jenzat-05-roseaux-massette.jpg\" alt=\"\" class=\"wp-image-29\" srcset=\"https:\/\/activrando.org\/AR_blog\/wp-content\/uploads\/2018\/12\/181230-Jenzat-05-roseaux-massette.jpg 1024w, https:\/\/activrando.org\/AR_blog\/wp-content\/uploads\/2018\/12\/181230-Jenzat-05-roseaux-massette-300x225.jpg 300w, https:\/\/activrando.org\/AR_blog\/wp-content\/uploads\/2018\/12\/181230-Jenzat-05-roseaux-massette-768x576.jpg 768w\" sizes=\"(max-width: 1024px) 100vw, 1024px\" \/><\/figure>\n\n\n\n<p>&nbsp; &nbsp; &nbsp; &nbsp; &nbsp; &nbsp; &nbsp; &nbsp; &nbsp;<\/p>\n\n\n\n<p>&nbsp; &nbsp; &nbsp; &nbsp; &nbsp;<br><\/p>\n\n\n\n<p>Pour notre pause casse-cro\u00fbte, nous nous arr\u00eatons au bord de la Sioule, en un lieu tranquille et confortable (tout est relatif). Seule photo de cette s\u00e9rie o\u00f9 la Sioule est visible, cette vision fantomatique d&rsquo;un arbre mort \u00e9chou\u00e9 temporairement pr\u00e8s du rivage, en attendant qu&rsquo;une prochaine crue l&#8217;emporte plus loin et broie tous ses bois les plus fragiles.<\/p>\n\n\n\n<figure class=\"wp-block-image\"><img decoding=\"async\" loading=\"lazy\" width=\"1024\" height=\"768\" src=\"https:\/\/activrando.org\/AR_blog\/wp-content\/uploads\/2018\/12\/181230-Jenzat-06-arbre-riviere.jpg\" alt=\"\" class=\"wp-image-30\" srcset=\"https:\/\/activrando.org\/AR_blog\/wp-content\/uploads\/2018\/12\/181230-Jenzat-06-arbre-riviere.jpg 1024w, https:\/\/activrando.org\/AR_blog\/wp-content\/uploads\/2018\/12\/181230-Jenzat-06-arbre-riviere-300x225.jpg 300w, https:\/\/activrando.org\/AR_blog\/wp-content\/uploads\/2018\/12\/181230-Jenzat-06-arbre-riviere-768x576.jpg 768w\" sizes=\"(max-width: 1024px) 100vw, 1024px\" \/><\/figure>\n\n\n\n<p>&nbsp; &nbsp; &nbsp; &nbsp; &nbsp; &nbsp; &nbsp; <br><\/p>\n\n\n\n<p>Autre vision particuli\u00e8re : \u00e0 proximit\u00e9 de la rivi\u00e8re, une carcasse de voiture calcin\u00e9e. Ici, le moteur, du moins ce qu&rsquo;il en reste. Comme dirait Bourvil, \u00a0\u00bb<em>c&rsquo;est s\u00fbr, elle roulera beaucoup moins bien<\/em>&#8230;\u00a0\u00bb<br><\/p>\n\n\n\n<figure class=\"wp-block-image\"><img decoding=\"async\" loading=\"lazy\" width=\"1024\" height=\"768\" src=\"https:\/\/activrando.org\/AR_blog\/wp-content\/uploads\/2018\/12\/181230-Jenzat-07-moteur-brule.jpg\" alt=\"\" class=\"wp-image-31\" srcset=\"https:\/\/activrando.org\/AR_blog\/wp-content\/uploads\/2018\/12\/181230-Jenzat-07-moteur-brule.jpg 1024w, https:\/\/activrando.org\/AR_blog\/wp-content\/uploads\/2018\/12\/181230-Jenzat-07-moteur-brule-300x225.jpg 300w, https:\/\/activrando.org\/AR_blog\/wp-content\/uploads\/2018\/12\/181230-Jenzat-07-moteur-brule-768x576.jpg 768w\" sizes=\"(max-width: 1024px) 100vw, 1024px\" \/><\/figure>\n\n\n\n<p>&nbsp; &nbsp; &nbsp; &nbsp; &nbsp; &nbsp; &nbsp; <br><\/p>\n\n\n\n<p>Dans la derni\u00e8re partie du circuit, nous avons travers\u00e9 le Bois des Balais : une butte bois\u00e9e, entaill\u00e9e de quelques profondes combes, o\u00f9 r\u00e8gne toujours la fraicheur.<\/p>\n\n\n\n<p>La foug\u00e8re scolopendre exige des lieux ombrag\u00e9s au sol toujours humide pour pousser. Cette touffe est ainsi en un lieu id\u00e9al, au pied d&rsquo;un bloc rocheux en fond de vallon.<br><\/p>\n\n\n\n<figure class=\"wp-block-image\"><img decoding=\"async\" loading=\"lazy\" width=\"1024\" height=\"768\" src=\"https:\/\/activrando.org\/AR_blog\/wp-content\/uploads\/2018\/12\/181230-Jenzat-08-fougeres.jpg\" alt=\"\" class=\"wp-image-32\" srcset=\"https:\/\/activrando.org\/AR_blog\/wp-content\/uploads\/2018\/12\/181230-Jenzat-08-fougeres.jpg 1024w, https:\/\/activrando.org\/AR_blog\/wp-content\/uploads\/2018\/12\/181230-Jenzat-08-fougeres-300x225.jpg 300w, https:\/\/activrando.org\/AR_blog\/wp-content\/uploads\/2018\/12\/181230-Jenzat-08-fougeres-768x576.jpg 768w\" sizes=\"(max-width: 1024px) 100vw, 1024px\" \/><\/figure>\n\n\n\n<p>&nbsp; &nbsp; &nbsp; &nbsp; &nbsp; <br><\/p>\n\n\n\n<p>En fin de parcours, nous revenons \u00e0 proximit\u00e9 de la rivi\u00e8re et empruntons sa vall\u00e9e, par endroits \u00e9troite car taill\u00e9e dans le rocher qui appara\u00eet en falaises plus ou moins hautes. C&rsquo;est ainsi que nous voyons cet effet de grotte (sans profondeur).<br><\/p>\n\n\n\n<figure class=\"wp-block-image\"><img decoding=\"async\" loading=\"lazy\" width=\"1024\" height=\"768\" src=\"https:\/\/activrando.org\/AR_blog\/wp-content\/uploads\/2018\/12\/181230-Jenzat-09-falaise-grotte.jpg\" alt=\"\" class=\"wp-image-33\" srcset=\"https:\/\/activrando.org\/AR_blog\/wp-content\/uploads\/2018\/12\/181230-Jenzat-09-falaise-grotte.jpg 1024w, https:\/\/activrando.org\/AR_blog\/wp-content\/uploads\/2018\/12\/181230-Jenzat-09-falaise-grotte-300x225.jpg 300w, https:\/\/activrando.org\/AR_blog\/wp-content\/uploads\/2018\/12\/181230-Jenzat-09-falaise-grotte-768x576.jpg 768w\" sizes=\"(max-width: 1024px) 100vw, 1024px\" \/><\/figure>\n\n\n\n<p>&nbsp; &nbsp; &nbsp; &nbsp; &nbsp; &nbsp; &nbsp; &nbsp; &nbsp;<br><\/p>\n\n\n\n<p>Il y a beaucoup de stromatolithes dans cette r\u00e9gion\u2026 J&rsquo;en ai montr\u00e9 au pied de la colline, avant d&rsquo;arriver aux Diagots mais, au retour, nous en voyons un beau sp\u00e9cimen sur le lieu-m\u00eame de notre d\u00e9part. Avec ici la structure fine &#8211; on voit m\u00eame les stries de croissance &#8211; de ce qui devait \u00eatre la base du bloc.&nbsp; &nbsp; &nbsp; &nbsp; <br><\/p>\n\n\n\n<figure class=\"wp-block-image\"><img decoding=\"async\" loading=\"lazy\" width=\"1024\" height=\"768\" src=\"https:\/\/activrando.org\/AR_blog\/wp-content\/uploads\/2018\/12\/181230-Jenzat-10-stromatolithe.jpg\" alt=\"Stromatolithe\" class=\"wp-image-34\" srcset=\"https:\/\/activrando.org\/AR_blog\/wp-content\/uploads\/2018\/12\/181230-Jenzat-10-stromatolithe.jpg 1024w, https:\/\/activrando.org\/AR_blog\/wp-content\/uploads\/2018\/12\/181230-Jenzat-10-stromatolithe-300x225.jpg 300w, https:\/\/activrando.org\/AR_blog\/wp-content\/uploads\/2018\/12\/181230-Jenzat-10-stromatolithe-768x576.jpg 768w\" sizes=\"(max-width: 1024px) 100vw, 1024px\" \/><\/figure>\n\n\n\n<p><strong><a href=\"https:\/\/activrando.org\/AR_blog\/2019\/01\/01\/les-voeux-petite-rando-a-mariol-le-1er-janvier-2019\/\">> > > ARTICLE SUIVANT<\/a><\/strong><\/p>\n\n\n\n<p><strong><a href=\"https:\/\/activrando.org\/AR_blog\/\">> > > ACCUEIL DU BLOG<\/a><\/strong><\/p>\n\n\n\n<p><strong><a href=\"https:\/\/activrando.org\/AR_blog\/2018\/12\/08\/boires-et-sources-petite-rando-a-hauterive\/\">> > > ARTICLE PR\u00c9C\u00c9DENT<\/a><\/strong><\/p>\n\n\n\n<p class=\"has-large-font-size\"><br><\/p>\n","protected":false},"excerpt":{"rendered":"<p>> > > ARTICLE SUIVANT > > > ARTICLE PR\u00c9C\u00c9DENT DIMANCHE 30 D\u00c9CEMBRE 2018 : la derni\u00e8re sortie de l&rsquo;ann\u00e9e\u2026 Le temps est frais et brumeux. Nous aurons juste droit \u00e0 une fugace apparition du soleil en milieu de journ\u00e9e, mais le temps est bien pour marcher. Apr\u00e8s \u00eatre mont\u00e9s&#8230;<\/p>\n","protected":false},"author":1,"featured_media":0,"comment_status":"closed","ping_status":"open","sticky":false,"template":"","format":"standard","meta":[],"categories":[2],"tags":[],"_links":{"self":[{"href":"https:\/\/activrando.org\/AR_blog\/wp-json\/wp\/v2\/posts\/35"}],"collection":[{"href":"https:\/\/activrando.org\/AR_blog\/wp-json\/wp\/v2\/posts"}],"about":[{"href":"https:\/\/activrando.org\/AR_blog\/wp-json\/wp\/v2\/types\/post"}],"author":[{"embeddable":true,"href":"https:\/\/activrando.org\/AR_blog\/wp-json\/wp\/v2\/users\/1"}],"replies":[{"embeddable":true,"href":"https:\/\/activrando.org\/AR_blog\/wp-json\/wp\/v2\/comments?post=35"}],"version-history":[{"count":17,"href":"https:\/\/activrando.org\/AR_blog\/wp-json\/wp\/v2\/posts\/35\/revisions"}],"predecessor-version":[{"id":960,"href":"https:\/\/activrando.org\/AR_blog\/wp-json\/wp\/v2\/posts\/35\/revisions\/960"}],"wp:attachment":[{"href":"https:\/\/activrando.org\/AR_blog\/wp-json\/wp\/v2\/media?parent=35"}],"wp:term":[{"taxonomy":"category","embeddable":true,"href":"https:\/\/activrando.org\/AR_blog\/wp-json\/wp\/v2\/categories?post=35"},{"taxonomy":"post_tag","embeddable":true,"href":"https:\/\/activrando.org\/AR_blog\/wp-json\/wp\/v2\/tags?post=35"}],"curies":[{"name":"wp","href":"https:\/\/api.w.org\/{rel}","templated":true}]}}