{"id":3484,"date":"2021-08-12T23:18:00","date_gmt":"2021-08-12T21:18:00","guid":{"rendered":"https:\/\/activrando.org\/AR_blog\/?p=3484"},"modified":"2021-12-09T08:50:18","modified_gmt":"2021-12-09T07:50:18","slug":"chateau-gaillard-petite-rando-le-12-aout-2021-a-brugheas","status":"publish","type":"post","link":"https:\/\/activrando.org\/AR_blog\/2021\/08\/12\/chateau-gaillard-petite-rando-le-12-aout-2021-a-brugheas\/","title":{"rendered":"\u00ab\u00a0Ch\u00e2teau Gaillard\u00a0\u00bb, petite rando le 12 ao\u00fbt 2021 \u00e0 Brugheas (25 photos)"},"content":{"rendered":"\n<p><strong>Le temps tr\u00e8s chaud rendait moins attrayante l&rsquo;id\u00e9e d&rsquo;une randonn\u00e9e en terrain d\u00e9couvert pr\u00e8s de Vensat, telle qu&rsquo;elle \u00e9tait pr\u00e9vue, et l&rsquo;on resta pr\u00e8s de Vichy et en for\u00eat et ce fut ainsi beaucoup plus agr\u00e9able.<\/strong><\/p>\n\n\n\n<p class=\"has-text-align-center\"><strong><a href=\"https:\/\/activrando.org\/AR_blog\/2021\/08\/01\/sans-souci-journee-rando-le-1er-aout-2021-a-chatel-guyon\/\" data-type=\"URL\" data-id=\"https:\/\/activrando.org\/AR_blog\/2021\/08\/01\/sans-souci-journee-rando-le-1er-aout-2021-a-chatel-guyon\/\">&lt; &lt; &lt; ARTICLE PR\u00c9C\u00c9DENT <\/a>&#8212;&#8212;&#8212;&#8212;&#8212;&#8212;-  <a href=\"https:\/\/activrando.org\/AR_blog\/\">ACCUEIL DU BLOG<\/a> &#8212;&#8212;&#8212;&#8212;&#8212;&#8212;&#8212;-  <a href=\"https:\/\/activrando.org\/AR_blog\/2021\/10\/19\/les-saints-paul-rando-sante-a-brout-vernet-le-19-oct-2021\/\" data-type=\"URL\" data-id=\"https:\/\/activrando.org\/AR_blog\/2021\/10\/19\/les-saints-paul-rando-sante-a-brout-vernet-le-19-oct-2021\/\">ARTICLE SUIVANT &gt; &gt; &gt;<\/a><\/strong><\/p>\n\n\n\n<p>.<br>.<\/p>\n\n\n\n<figure class=\"wp-block-image size-full\"><img decoding=\"async\" loading=\"lazy\" width=\"1024\" height=\"768\" src=\"https:\/\/activrando.org\/AR_blog\/wp-content\/uploads\/2021\/11\/210812-Brugheas-01-entree-cave-vigne.jpg\" alt=\"\" class=\"wp-image-3485\" srcset=\"https:\/\/activrando.org\/AR_blog\/wp-content\/uploads\/2021\/11\/210812-Brugheas-01-entree-cave-vigne.jpg 1024w, https:\/\/activrando.org\/AR_blog\/wp-content\/uploads\/2021\/11\/210812-Brugheas-01-entree-cave-vigne-300x225.jpg 300w, https:\/\/activrando.org\/AR_blog\/wp-content\/uploads\/2021\/11\/210812-Brugheas-01-entree-cave-vigne-768x576.jpg 768w\" sizes=\"(max-width: 1024px) 100vw, 1024px\" \/><figcaption>.<\/figcaption><\/figure>\n\n\n\n<p>.<br>.<\/p>\n\n\n\n<figure class=\"wp-block-image size-full\"><img decoding=\"async\" loading=\"lazy\" width=\"1024\" height=\"368\" src=\"https:\/\/activrando.org\/AR_blog\/wp-content\/uploads\/2021\/11\/210812-Brugheas-02-groupe-marche.jpg\" alt=\"\" class=\"wp-image-3486\" srcset=\"https:\/\/activrando.org\/AR_blog\/wp-content\/uploads\/2021\/11\/210812-Brugheas-02-groupe-marche.jpg 1024w, https:\/\/activrando.org\/AR_blog\/wp-content\/uploads\/2021\/11\/210812-Brugheas-02-groupe-marche-300x108.jpg 300w, https:\/\/activrando.org\/AR_blog\/wp-content\/uploads\/2021\/11\/210812-Brugheas-02-groupe-marche-768x276.jpg 768w\" sizes=\"(max-width: 1024px) 100vw, 1024px\" \/><figcaption>.<br>.<br>.<\/figcaption><\/figure>\n\n\n\n<div class=\"wp-block-image\"><figure class=\"aligncenter size-full\"><img decoding=\"async\" loading=\"lazy\" width=\"1024\" height=\"473\" src=\"https:\/\/activrando.org\/AR_blog\/wp-content\/uploads\/2021\/11\/210812-Brugheas-03-groupe-pause.jpg\" alt=\"\" class=\"wp-image-3487\" srcset=\"https:\/\/activrando.org\/AR_blog\/wp-content\/uploads\/2021\/11\/210812-Brugheas-03-groupe-pause.jpg 1024w, https:\/\/activrando.org\/AR_blog\/wp-content\/uploads\/2021\/11\/210812-Brugheas-03-groupe-pause-300x139.jpg 300w, https:\/\/activrando.org\/AR_blog\/wp-content\/uploads\/2021\/11\/210812-Brugheas-03-groupe-pause-768x355.jpg 768w\" sizes=\"(max-width: 1024px) 100vw, 1024px\" \/><figcaption><strong>Nous longions un champ de ma\u00efs&#8230; Quoi de plus banal !? Mais ce fut l&rsquo;occasion pour Patrick, notre sp\u00e9cialiste \u00ab\u00a0agriculture\u00a0\u00bb de nous donner quelques informations \u00e9tonnantes sur cette plante.<\/strong><br>.<br>.<\/figcaption><\/figure><\/div>\n\n\n\n<div class=\"wp-block-image\"><figure class=\"aligncenter size-full\"><img decoding=\"async\" loading=\"lazy\" width=\"1024\" height=\"691\" src=\"https:\/\/activrando.org\/AR_blog\/wp-content\/uploads\/2021\/11\/210812-Brugheas-05-mais.jpg\" alt=\"\" class=\"wp-image-3488\" srcset=\"https:\/\/activrando.org\/AR_blog\/wp-content\/uploads\/2021\/11\/210812-Brugheas-05-mais.jpg 1024w, https:\/\/activrando.org\/AR_blog\/wp-content\/uploads\/2021\/11\/210812-Brugheas-05-mais-300x202.jpg 300w, https:\/\/activrando.org\/AR_blog\/wp-content\/uploads\/2021\/11\/210812-Brugheas-05-mais-768x518.jpg 768w\" sizes=\"(max-width: 1024px) 100vw, 1024px\" \/><figcaption><strong>Il faut, par exemple, savoir qu&rsquo;\u00e0 chaque filament de la fleur (ici \u00e0 gauche) correspondra un grain de l&rsquo;\u00e9pi !<\/strong><\/figcaption><\/figure><\/div>\n\n\n\n<p>.<\/p>\n\n\n\n<p>.<\/p>\n\n\n\n<div class=\"wp-block-image\"><figure class=\"aligncenter size-full\"><img decoding=\"async\" loading=\"lazy\" width=\"700\" height=\"700\" src=\"https:\/\/activrando.org\/AR_blog\/wp-content\/uploads\/2021\/11\/210812-Brugheas-06-papillon-ecaille-carenee.jpg\" alt=\"\" class=\"wp-image-3489\" srcset=\"https:\/\/activrando.org\/AR_blog\/wp-content\/uploads\/2021\/11\/210812-Brugheas-06-papillon-ecaille-carenee.jpg 700w, https:\/\/activrando.org\/AR_blog\/wp-content\/uploads\/2021\/11\/210812-Brugheas-06-papillon-ecaille-carenee-300x300.jpg 300w, https:\/\/activrando.org\/AR_blog\/wp-content\/uploads\/2021\/11\/210812-Brugheas-06-papillon-ecaille-carenee-150x150.jpg 150w\" sizes=\"(max-width: 700px) 100vw, 700px\" \/><figcaption><strong>Un papillon \u00a0\u00bb\u00e9caille car\u00e9n\u00e9e\u00a0\u00bb, dont l&rsquo;aspect doit servir \u00e0 tromper l&rsquo;ennemi.<\/strong><br>.<br>.<\/figcaption><\/figure><\/div>\n\n\n\n<div class=\"wp-block-image\"><figure class=\"aligncenter size-full\"><img decoding=\"async\" loading=\"lazy\" width=\"1024\" height=\"576\" src=\"https:\/\/activrando.org\/AR_blog\/wp-content\/uploads\/2021\/11\/210812-Brugheas-07-cailloux-flaque.jpg\" alt=\"\" class=\"wp-image-3490\" srcset=\"https:\/\/activrando.org\/AR_blog\/wp-content\/uploads\/2021\/11\/210812-Brugheas-07-cailloux-flaque.jpg 1024w, https:\/\/activrando.org\/AR_blog\/wp-content\/uploads\/2021\/11\/210812-Brugheas-07-cailloux-flaque-300x169.jpg 300w, https:\/\/activrando.org\/AR_blog\/wp-content\/uploads\/2021\/11\/210812-Brugheas-07-cailloux-flaque-768x432.jpg 768w\" sizes=\"(max-width: 1024px) 100vw, 1024px\" \/><figcaption>De<strong> l&rsquo;eau, une flaque&#8230; c&rsquo;est le signe qu&rsquo;il a plu r\u00e9cemment : une longue p\u00e9riode s\u00e8che a \u00e9t\u00e9 rompue il y a peu et ce fut b\u00e9n\u00e9fique pour toutes formes de v\u00e9g\u00e9tation et la faune !<\/strong><br>.<br>.<\/figcaption><\/figure><\/div>\n\n\n\n<div class=\"wp-block-image\"><figure class=\"aligncenter size-full\"><img decoding=\"async\" loading=\"lazy\" width=\"1024\" height=\"768\" src=\"https:\/\/activrando.org\/AR_blog\/wp-content\/uploads\/2021\/11\/210812-Brugheas-08-groupe-marche.jpg\" alt=\"\" class=\"wp-image-3491\" srcset=\"https:\/\/activrando.org\/AR_blog\/wp-content\/uploads\/2021\/11\/210812-Brugheas-08-groupe-marche.jpg 1024w, https:\/\/activrando.org\/AR_blog\/wp-content\/uploads\/2021\/11\/210812-Brugheas-08-groupe-marche-300x225.jpg 300w, https:\/\/activrando.org\/AR_blog\/wp-content\/uploads\/2021\/11\/210812-Brugheas-08-groupe-marche-768x576.jpg 768w\" sizes=\"(max-width: 1024px) 100vw, 1024px\" \/><figcaption><strong>Nous traversons la for\u00eat de Montpensier de l&rsquo;Est vers l&rsquo;Ouest&#8230;<\/strong><br>.<br>.<\/figcaption><\/figure><\/div>\n\n\n\n<div class=\"wp-block-image\"><figure class=\"aligncenter size-full\"><img decoding=\"async\" loading=\"lazy\" width=\"1024\" height=\"480\" src=\"https:\/\/activrando.org\/AR_blog\/wp-content\/uploads\/2021\/11\/210812-Brugheas-09-scarabee.jpg\" alt=\"\" class=\"wp-image-3492\" srcset=\"https:\/\/activrando.org\/AR_blog\/wp-content\/uploads\/2021\/11\/210812-Brugheas-09-scarabee.jpg 1024w, https:\/\/activrando.org\/AR_blog\/wp-content\/uploads\/2021\/11\/210812-Brugheas-09-scarabee-300x141.jpg 300w, https:\/\/activrando.org\/AR_blog\/wp-content\/uploads\/2021\/11\/210812-Brugheas-09-scarabee-768x360.jpg 768w\" sizes=\"(max-width: 1024px) 100vw, 1024px\" \/><figcaption><strong>Lui aussi marche et doit appr\u00e9cier qu&rsquo;il ait plu r\u00e9cemment !<\/strong><br>.<br>.<\/figcaption><\/figure><\/div>\n\n\n\n<div class=\"wp-block-image\"><figure class=\"aligncenter size-full\"><img decoding=\"async\" loading=\"lazy\" width=\"1024\" height=\"1010\" src=\"https:\/\/activrando.org\/AR_blog\/wp-content\/uploads\/2021\/11\/210812-Brugheas-10-tranche-bois.jpg\" alt=\"\" class=\"wp-image-3493\" srcset=\"https:\/\/activrando.org\/AR_blog\/wp-content\/uploads\/2021\/11\/210812-Brugheas-10-tranche-bois.jpg 1024w, https:\/\/activrando.org\/AR_blog\/wp-content\/uploads\/2021\/11\/210812-Brugheas-10-tranche-bois-300x296.jpg 300w, https:\/\/activrando.org\/AR_blog\/wp-content\/uploads\/2021\/11\/210812-Brugheas-10-tranche-bois-768x758.jpg 768w\" sizes=\"(max-width: 1024px) 100vw, 1024px\" \/><figcaption><strong>La coupe de cette arbre r\u00e9v\u00e8le un pass\u00e9 sans doute assez compliqu\u00e9.<\/strong><br>.<br><\/figcaption><\/figure><\/div>\n\n\n\n<div class=\"wp-block-image\"><figure class=\"aligncenter size-full\"><img decoding=\"async\" loading=\"lazy\" width=\"800\" height=\"524\" src=\"https:\/\/activrando.org\/AR_blog\/wp-content\/uploads\/2021\/11\/210812-Brugheas-11-fleurs.jpg\" alt=\"\" class=\"wp-image-3494\" srcset=\"https:\/\/activrando.org\/AR_blog\/wp-content\/uploads\/2021\/11\/210812-Brugheas-11-fleurs.jpg 800w, https:\/\/activrando.org\/AR_blog\/wp-content\/uploads\/2021\/11\/210812-Brugheas-11-fleurs-300x197.jpg 300w, https:\/\/activrando.org\/AR_blog\/wp-content\/uploads\/2021\/11\/210812-Brugheas-11-fleurs-768x503.jpg 768w\" sizes=\"(max-width: 800px) 100vw, 800px\" \/><figcaption>.<br>.<br><\/figcaption><\/figure><\/div>\n\n\n\n<div class=\"wp-block-image\"><figure class=\"aligncenter size-full\"><img decoding=\"async\" loading=\"lazy\" width=\"1024\" height=\"442\" src=\"https:\/\/activrando.org\/AR_blog\/wp-content\/uploads\/2021\/11\/210812-Brugheas-12-groupe-pause.jpg\" alt=\"\" class=\"wp-image-3495\" srcset=\"https:\/\/activrando.org\/AR_blog\/wp-content\/uploads\/2021\/11\/210812-Brugheas-12-groupe-pause.jpg 1024w, https:\/\/activrando.org\/AR_blog\/wp-content\/uploads\/2021\/11\/210812-Brugheas-12-groupe-pause-300x129.jpg 300w, https:\/\/activrando.org\/AR_blog\/wp-content\/uploads\/2021\/11\/210812-Brugheas-12-groupe-pause-768x332.jpg 768w\" sizes=\"(max-width: 1024px) 100vw, 1024px\" \/><figcaption><strong>Nous ressortons de la for\u00eat et retrouvons des cultures, cette fois dans le territoire bien identifi\u00e9 de la Limagne.<\/strong><br>.<br>.<\/figcaption><\/figure><\/div>\n\n\n\n<div class=\"wp-block-image\"><figure class=\"aligncenter size-full\"><img decoding=\"async\" loading=\"lazy\" width=\"1024\" height=\"701\" src=\"https:\/\/activrando.org\/AR_blog\/wp-content\/uploads\/2021\/11\/210812-Brugheas-13-ciel-tournesols.jpg\" alt=\"\" class=\"wp-image-3496\" srcset=\"https:\/\/activrando.org\/AR_blog\/wp-content\/uploads\/2021\/11\/210812-Brugheas-13-ciel-tournesols.jpg 1024w, https:\/\/activrando.org\/AR_blog\/wp-content\/uploads\/2021\/11\/210812-Brugheas-13-ciel-tournesols-300x205.jpg 300w, https:\/\/activrando.org\/AR_blog\/wp-content\/uploads\/2021\/11\/210812-Brugheas-13-ciel-tournesols-768x526.jpg 768w\" sizes=\"(max-width: 1024px) 100vw, 1024px\" \/><figcaption><strong>Ces tournesols aux fleurs \u00e9nooormes nous ont impressionn\u00e9s.<\/strong><br>.<br>.<\/figcaption><\/figure><\/div>\n\n\n\n<div class=\"wp-block-image\"><figure class=\"aligncenter size-full\"><img decoding=\"async\" loading=\"lazy\" width=\"1024\" height=\"976\" src=\"https:\/\/activrando.org\/AR_blog\/wp-content\/uploads\/2021\/11\/210812-Brugheas-14-fleur-ombellifere.jpg\" alt=\"\" class=\"wp-image-3497\" srcset=\"https:\/\/activrando.org\/AR_blog\/wp-content\/uploads\/2021\/11\/210812-Brugheas-14-fleur-ombellifere.jpg 1024w, https:\/\/activrando.org\/AR_blog\/wp-content\/uploads\/2021\/11\/210812-Brugheas-14-fleur-ombellifere-300x286.jpg 300w, https:\/\/activrando.org\/AR_blog\/wp-content\/uploads\/2021\/11\/210812-Brugheas-14-fleur-ombellifere-768x732.jpg 768w\" sizes=\"(max-width: 1024px) 100vw, 1024px\" \/><figcaption>.<br>.<br>.<\/figcaption><\/figure><\/div>\n\n\n\n<div class=\"wp-block-image\"><figure class=\"aligncenter size-full\"><img decoding=\"async\" loading=\"lazy\" width=\"1024\" height=\"608\" src=\"https:\/\/activrando.org\/AR_blog\/wp-content\/uploads\/2021\/11\/210812-Brugheas-15-grange.jpg\" alt=\"\" class=\"wp-image-3498\" srcset=\"https:\/\/activrando.org\/AR_blog\/wp-content\/uploads\/2021\/11\/210812-Brugheas-15-grange.jpg 1024w, https:\/\/activrando.org\/AR_blog\/wp-content\/uploads\/2021\/11\/210812-Brugheas-15-grange-300x178.jpg 300w, https:\/\/activrando.org\/AR_blog\/wp-content\/uploads\/2021\/11\/210812-Brugheas-15-grange-768x456.jpg 768w\" sizes=\"(max-width: 1024px) 100vw, 1024px\" \/><figcaption><strong>Au lieu-dit L&rsquo;Abbaye, les b\u00e2timents de ferme sont impressionnants par leurs dimensions.<\/strong><br>.<br>.<\/figcaption><\/figure><\/div>\n\n\n\n<div class=\"wp-block-image\"><figure class=\"aligncenter size-full\"><img decoding=\"async\" loading=\"lazy\" width=\"1024\" height=\"575\" src=\"https:\/\/activrando.org\/AR_blog\/wp-content\/uploads\/2021\/11\/210812-Brugheas-16-Chateau-Gaillard.jpg\" alt=\"\" class=\"wp-image-3499\" srcset=\"https:\/\/activrando.org\/AR_blog\/wp-content\/uploads\/2021\/11\/210812-Brugheas-16-Chateau-Gaillard.jpg 1024w, https:\/\/activrando.org\/AR_blog\/wp-content\/uploads\/2021\/11\/210812-Brugheas-16-Chateau-Gaillard-300x168.jpg 300w, https:\/\/activrando.org\/AR_blog\/wp-content\/uploads\/2021\/11\/210812-Brugheas-16-Chateau-Gaillard-768x431.jpg 768w\" sizes=\"(max-width: 1024px) 100vw, 1024px\" \/><figcaption>C<strong>h\u00e2teau Gaillard<\/strong><br>.<br>.<\/figcaption><\/figure><\/div>\n\n\n\n<div class=\"wp-block-image\"><figure class=\"aligncenter size-full\"><img decoding=\"async\" loading=\"lazy\" width=\"800\" height=\"600\" src=\"https:\/\/activrando.org\/AR_blog\/wp-content\/uploads\/2021\/11\/210812-Brugheas-17-panneau-orientation.jpg\" alt=\"\" class=\"wp-image-3500\" srcset=\"https:\/\/activrando.org\/AR_blog\/wp-content\/uploads\/2021\/11\/210812-Brugheas-17-panneau-orientation.jpg 800w, https:\/\/activrando.org\/AR_blog\/wp-content\/uploads\/2021\/11\/210812-Brugheas-17-panneau-orientation-300x225.jpg 300w, https:\/\/activrando.org\/AR_blog\/wp-content\/uploads\/2021\/11\/210812-Brugheas-17-panneau-orientation-768x576.jpg 768w\" sizes=\"(max-width: 800px) 100vw, 800px\" \/><figcaption><strong>Nous revenons dans la for\u00eat et retrouvons l&rsquo;ancien fl\u00e9chage aux carrefours des all\u00e9es.<\/strong><br>.<br>.<\/figcaption><\/figure><\/div>\n\n\n\n<div class=\"wp-block-image\"><figure class=\"aligncenter size-full\"><img decoding=\"async\" loading=\"lazy\" width=\"1024\" height=\"511\" src=\"https:\/\/activrando.org\/AR_blog\/wp-content\/uploads\/2021\/11\/210812-Brugheas-18-groupe-marche.jpg\" alt=\"\" class=\"wp-image-3501\" srcset=\"https:\/\/activrando.org\/AR_blog\/wp-content\/uploads\/2021\/11\/210812-Brugheas-18-groupe-marche.jpg 1024w, https:\/\/activrando.org\/AR_blog\/wp-content\/uploads\/2021\/11\/210812-Brugheas-18-groupe-marche-300x150.jpg 300w, https:\/\/activrando.org\/AR_blog\/wp-content\/uploads\/2021\/11\/210812-Brugheas-18-groupe-marche-768x383.jpg 768w\" sizes=\"(max-width: 1024px) 100vw, 1024px\" \/><figcaption>.<br>.<br>.<\/figcaption><\/figure><\/div>\n\n\n\n<div class=\"wp-block-image\"><figure class=\"aligncenter size-full\"><img decoding=\"async\" loading=\"lazy\" width=\"1024\" height=\"508\" src=\"https:\/\/activrando.org\/AR_blog\/wp-content\/uploads\/2021\/11\/210812-Brugheas-19-groupe-marche.jpg\" alt=\"\" class=\"wp-image-3502\" srcset=\"https:\/\/activrando.org\/AR_blog\/wp-content\/uploads\/2021\/11\/210812-Brugheas-19-groupe-marche.jpg 1024w, https:\/\/activrando.org\/AR_blog\/wp-content\/uploads\/2021\/11\/210812-Brugheas-19-groupe-marche-300x149.jpg 300w, https:\/\/activrando.org\/AR_blog\/wp-content\/uploads\/2021\/11\/210812-Brugheas-19-groupe-marche-768x381.jpg 768w\" sizes=\"(max-width: 1024px) 100vw, 1024px\" \/><figcaption><strong>Par une chaude journ\u00e9e comme celle-l\u00e0, on est bien dans l&rsquo;ombre de la for\u00eat.<\/strong><br>.<br>.<\/figcaption><\/figure><\/div>\n\n\n\n<div class=\"wp-block-image\"><figure class=\"aligncenter size-full\"><img decoding=\"async\" loading=\"lazy\" width=\"1024\" height=\"576\" src=\"https:\/\/activrando.org\/AR_blog\/wp-content\/uploads\/2021\/11\/210812-Brugheas-21-salamandre.jpg\" alt=\"\" class=\"wp-image-3503\" srcset=\"https:\/\/activrando.org\/AR_blog\/wp-content\/uploads\/2021\/11\/210812-Brugheas-21-salamandre.jpg 1024w, https:\/\/activrando.org\/AR_blog\/wp-content\/uploads\/2021\/11\/210812-Brugheas-21-salamandre-300x169.jpg 300w, https:\/\/activrando.org\/AR_blog\/wp-content\/uploads\/2021\/11\/210812-Brugheas-21-salamandre-768x432.jpg 768w\" sizes=\"(max-width: 1024px) 100vw, 1024px\" \/><figcaption><strong>C&rsquo;est toujours un petit miracle de pouvoir observer une salamandre vivante et en mouvement. Celle-ci doit \u00eatre sortie gr\u00e2ce \u00e0 l&rsquo;humidit\u00e9 retrouv\u00e9e par \u00e0 la r\u00e9cente pluie?<\/strong><br>.<br>.<\/figcaption><\/figure><\/div>\n\n\n\n<div class=\"wp-block-image\"><figure class=\"aligncenter size-full\"><img decoding=\"async\" loading=\"lazy\" width=\"1024\" height=\"768\" src=\"https:\/\/activrando.org\/AR_blog\/wp-content\/uploads\/2021\/11\/210812-Brugheas-22-arbres-lumiere.jpg\" alt=\"\" class=\"wp-image-3504\" srcset=\"https:\/\/activrando.org\/AR_blog\/wp-content\/uploads\/2021\/11\/210812-Brugheas-22-arbres-lumiere.jpg 1024w, https:\/\/activrando.org\/AR_blog\/wp-content\/uploads\/2021\/11\/210812-Brugheas-22-arbres-lumiere-300x225.jpg 300w, https:\/\/activrando.org\/AR_blog\/wp-content\/uploads\/2021\/11\/210812-Brugheas-22-arbres-lumiere-768x576.jpg 768w\" sizes=\"(max-width: 1024px) 100vw, 1024px\" \/><figcaption><strong>Effet de lumi\u00e8re entre les troncs.<\/strong><br>.<br>.<\/figcaption><\/figure><\/div>\n\n\n\n<div class=\"wp-block-image\"><figure class=\"aligncenter size-full\"><img decoding=\"async\" loading=\"lazy\" width=\"1024\" height=\"409\" src=\"https:\/\/activrando.org\/AR_blog\/wp-content\/uploads\/2021\/11\/210812-Brugheas-23-groupe-marche.jpg\" alt=\"\" class=\"wp-image-3505\" srcset=\"https:\/\/activrando.org\/AR_blog\/wp-content\/uploads\/2021\/11\/210812-Brugheas-23-groupe-marche.jpg 1024w, https:\/\/activrando.org\/AR_blog\/wp-content\/uploads\/2021\/11\/210812-Brugheas-23-groupe-marche-300x120.jpg 300w, https:\/\/activrando.org\/AR_blog\/wp-content\/uploads\/2021\/11\/210812-Brugheas-23-groupe-marche-768x307.jpg 768w\" sizes=\"(max-width: 1024px) 100vw, 1024px\" \/><figcaption>.<br>.<br>.<\/figcaption><\/figure><\/div>\n\n\n\n<div class=\"wp-block-image\"><figure class=\"aligncenter size-full\"><img decoding=\"async\" loading=\"lazy\" width=\"1024\" height=\"558\" src=\"https:\/\/activrando.org\/AR_blog\/wp-content\/uploads\/2021\/11\/210812-Brugheas-24-viorne-obier-fruits-rouges.jpg\" alt=\"\" class=\"wp-image-3506\" srcset=\"https:\/\/activrando.org\/AR_blog\/wp-content\/uploads\/2021\/11\/210812-Brugheas-24-viorne-obier-fruits-rouges.jpg 1024w, https:\/\/activrando.org\/AR_blog\/wp-content\/uploads\/2021\/11\/210812-Brugheas-24-viorne-obier-fruits-rouges-300x163.jpg 300w, https:\/\/activrando.org\/AR_blog\/wp-content\/uploads\/2021\/11\/210812-Brugheas-24-viorne-obier-fruits-rouges-768x419.jpg 768w\" sizes=\"(max-width: 1024px) 100vw, 1024px\" \/><figcaption>L<strong>es beaux fruits du viorne obier.<\/strong><br>.<br>.<\/figcaption><\/figure><\/div>\n\n\n\n<div class=\"wp-block-image\"><figure class=\"aligncenter size-full\"><img decoding=\"async\" loading=\"lazy\" width=\"1024\" height=\"686\" src=\"https:\/\/activrando.org\/AR_blog\/wp-content\/uploads\/2021\/11\/210812-Brugheas-25-groupe-pose.jpg\" alt=\"\" class=\"wp-image-3507\" srcset=\"https:\/\/activrando.org\/AR_blog\/wp-content\/uploads\/2021\/11\/210812-Brugheas-25-groupe-pose.jpg 1024w, https:\/\/activrando.org\/AR_blog\/wp-content\/uploads\/2021\/11\/210812-Brugheas-25-groupe-pose-300x201.jpg 300w, https:\/\/activrando.org\/AR_blog\/wp-content\/uploads\/2021\/11\/210812-Brugheas-25-groupe-pose-768x515.jpg 768w\" sizes=\"(max-width: 1024px) 100vw, 1024px\" \/><figcaption>..<br>.<br>.<\/figcaption><\/figure><\/div>\n\n\n\n<p class=\"has-text-align-center\"><strong><a href=\"https:\/\/activrando.org\/AR_blog\/2021\/08\/01\/sans-souci-journee-rando-le-1er-aout-2021-a-chatel-guyon\/\" data-type=\"URL\" data-id=\"https:\/\/activrando.org\/AR_blog\/2021\/08\/01\/sans-souci-journee-rando-le-1er-aout-2021-a-chatel-guyon\/\">&lt; &lt; &lt; ARTICLE PR\u00c9C\u00c9DENT <\/a>&#8212;&#8212;&#8212;&#8212;&#8212;&#8212;-  <a href=\"https:\/\/activrando.org\/AR_blog\/\">ACCUEIL DU BLOG<\/a> &#8212;&#8212;&#8212;&#8212;&#8212;&#8212;&#8212;-  <a href=\"https:\/\/activrando.org\/AR_blog\/2021\/10\/19\/les-saints-paul-rando-sante-a-brout-vernet-le-19-oct-2021\/\" data-type=\"URL\" data-id=\"https:\/\/activrando.org\/AR_blog\/2021\/10\/19\/les-saints-paul-rando-sante-a-brout-vernet-le-19-oct-2021\/\">ARTICLE SUIVANT &gt; &gt; &gt;<\/a><\/strong><\/p>\n\n\n\n<p>.<br>.<\/p>\n\n\n\n<p>.<br>.<\/p>\n","protected":false},"excerpt":{"rendered":"<p>Le temps tr\u00e8s chaud rendait moins attrayante l&rsquo;id\u00e9e d&rsquo;une randonn\u00e9e en terrain d\u00e9couvert pr\u00e8s de Vensat, telle qu&rsquo;elle \u00e9tait pr\u00e9vue, et l&rsquo;on resta pr\u00e8s de Vichy et en for\u00eat et ce fut ainsi beaucoup plus agr\u00e9able.<\/p>\n","protected":false},"author":2,"featured_media":3508,"comment_status":"closed","ping_status":"closed","sticky":false,"template":"","format":"standard","meta":[],"categories":[2],"tags":[24,15],"_links":{"self":[{"href":"https:\/\/activrando.org\/AR_blog\/wp-json\/wp\/v2\/posts\/3484"}],"collection":[{"href":"https:\/\/activrando.org\/AR_blog\/wp-json\/wp\/v2\/posts"}],"about":[{"href":"https:\/\/activrando.org\/AR_blog\/wp-json\/wp\/v2\/types\/post"}],"author":[{"embeddable":true,"href":"https:\/\/activrando.org\/AR_blog\/wp-json\/wp\/v2\/users\/2"}],"replies":[{"embeddable":true,"href":"https:\/\/activrando.org\/AR_blog\/wp-json\/wp\/v2\/comments?post=3484"}],"version-history":[{"count":6,"href":"https:\/\/activrando.org\/AR_blog\/wp-json\/wp\/v2\/posts\/3484\/revisions"}],"predecessor-version":[{"id":3520,"href":"https:\/\/activrando.org\/AR_blog\/wp-json\/wp\/v2\/posts\/3484\/revisions\/3520"}],"wp:featuredmedia":[{"embeddable":true,"href":"https:\/\/activrando.org\/AR_blog\/wp-json\/wp\/v2\/media\/3508"}],"wp:attachment":[{"href":"https:\/\/activrando.org\/AR_blog\/wp-json\/wp\/v2\/media?parent=3484"}],"wp:term":[{"taxonomy":"category","embeddable":true,"href":"https:\/\/activrando.org\/AR_blog\/wp-json\/wp\/v2\/categories?post=3484"},{"taxonomy":"post_tag","embeddable":true,"href":"https:\/\/activrando.org\/AR_blog\/wp-json\/wp\/v2\/tags?post=3484"}],"curies":[{"name":"wp","href":"https:\/\/api.w.org\/{rel}","templated":true}]}}