{"id":3313,"date":"2021-10-28T22:49:00","date_gmt":"2021-10-28T20:49:00","guid":{"rendered":"http:\/\/activrando.org\/AR_blog\/?p=3313"},"modified":"2021-12-09T08:43:03","modified_gmt":"2021-12-09T07:43:03","slug":"champialoux-petite-rando-a-gannat-jeudi-28-oct-2021-6-photos","status":"publish","type":"post","link":"https:\/\/activrando.org\/AR_blog\/2021\/10\/28\/champialoux-petite-rando-a-gannat-jeudi-28-oct-2021-6-photos\/","title":{"rendered":"\u00a0\u00bbChampialoux\u00a0\u00bb, petite rando \u00e0 Gannat, jeudi 28 oct. 2021 (6 photos)"},"content":{"rendered":"\n<p><strong>On part de Gannat et, en suivant le GR 463, on monte pendant 5 km vers l&rsquo;ouest, en direction de Peyrolles (et au-del\u00e0, d&rsquo;Ebreuil). On atteint une sorte de plateau dominant la plaine de Limagne et o\u00f9 l&rsquo;Andelot prend sa source, mais aussi le Ruisseau de Champialoux, l&rsquo;un de ses affluents.<\/strong><\/p>\n\n\n\n<p>.<\/p>\n\n\n\n<p><strong><a href=\"https:\/\/activrando.org\/AR_blog\/2021\/10\/26\/bois-de-charmeil-rando-sante-a-bellerive-a-mardi-26-oct-2021-10-photos\/\" data-type=\"URL\" data-id=\"https:\/\/activrando.org\/AR_blog\/2021\/10\/26\/bois-de-charmeil-rando-sante-a-bellerive-a-mardi-26-oct-2021-10-photos\/\"> &lt; &lt; ARTICLE PR\u00c9C\u00c9DENT<\/a><a href=\"https:\/\/activrando.org\/AR_blog\/\" data-type=\"URL\" data-id=\"https:\/\/activrando.org\/AR_blog\/\"> &#8212;&#8212;&#8212;&#8212;&#8212;&#8212;-  ACCUEIL DU BLOG &#8212;&#8212;&#8212;&#8212;&#8212;&#8212;&#8212;-  <\/a><a href=\"https:\/\/activrando.org\/AR_blog\/2021\/10\/31\/chateau-rocher-journee-rando-a-pouzol-63-dim-31-oct-2021-28-photos\/\" data-type=\"URL\" data-id=\"https:\/\/activrando.org\/AR_blog\/2021\/10\/31\/chateau-rocher-journee-rando-a-pouzol-63-dim-31-oct-2021-28-photos\/\">ARTICLE SUIVANT &gt; &gt; &gt;<\/a><\/strong><\/p>\n\n\n\n<p>.<\/p>\n\n\n\n<div class=\"wp-block-image\"><figure class=\"aligncenter size-full\"><img decoding=\"async\" loading=\"lazy\" width=\"640\" height=\"640\" src=\"https:\/\/activrando.org\/AR_blog\/wp-content\/uploads\/2021\/11\/211028-Gannat-01-groupe-marche.jpg\" alt=\"\" class=\"wp-image-3314\" srcset=\"https:\/\/activrando.org\/AR_blog\/wp-content\/uploads\/2021\/11\/211028-Gannat-01-groupe-marche.jpg 640w, https:\/\/activrando.org\/AR_blog\/wp-content\/uploads\/2021\/11\/211028-Gannat-01-groupe-marche-300x300.jpg 300w, https:\/\/activrando.org\/AR_blog\/wp-content\/uploads\/2021\/11\/211028-Gannat-01-groupe-marche-150x150.jpg 150w\" sizes=\"(max-width: 640px) 100vw, 640px\" \/><figcaption><strong>La mont\u00e9e est assez longue, pour arriver sur les hauteurs o\u00f9 se trouve St-Priest&#8230;<\/strong><br>.<br>.<\/figcaption><\/figure><\/div>\n\n\n\n<div class=\"wp-block-image\"><figure class=\"aligncenter size-full\"><img decoding=\"async\" loading=\"lazy\" width=\"600\" height=\"450\" src=\"https:\/\/activrando.org\/AR_blog\/wp-content\/uploads\/2021\/11\/211028-Gannat-02-arbuste-fusain.jpg\" alt=\"\" class=\"wp-image-3315\" srcset=\"https:\/\/activrando.org\/AR_blog\/wp-content\/uploads\/2021\/11\/211028-Gannat-02-arbuste-fusain.jpg 600w, https:\/\/activrando.org\/AR_blog\/wp-content\/uploads\/2021\/11\/211028-Gannat-02-arbuste-fusain-300x225.jpg 300w\" sizes=\"(max-width: 600px) 100vw, 600px\" \/><figcaption><strong>Un <a href=\"https:\/\/fr.wikipedia.org\/wiki\/Fusain_d%27Europe\" data-type=\"URL\" data-id=\"https:\/\/fr.wikipedia.org\/wiki\/Fusain_d%27Europe\">fusain<\/a> en livr\u00e9e automnale. Les fruits, de forme crucif\u00e8re, contiennent de petites graines jaune vif. Son bois, trait\u00e9 fa\u00e7on charbon de bois est utilis\u00e9 <a href=\"https:\/\/fr.wikipedia.org\/wiki\/Fusain\" data-type=\"URL\" data-id=\"https:\/\/fr.wikipedia.org\/wiki\/Fusain\">pour le dessin<\/a>.<\/strong><br>.<br>.<\/figcaption><\/figure><\/div>\n\n\n\n<div class=\"wp-block-image\"><figure class=\"aligncenter size-full\"><img decoding=\"async\" loading=\"lazy\" width=\"1024\" height=\"768\" src=\"https:\/\/activrando.org\/AR_blog\/wp-content\/uploads\/2021\/11\/211028-Gannat-03-St-Priest-lavoir.jpg\" alt=\"\" class=\"wp-image-3316\" srcset=\"https:\/\/activrando.org\/AR_blog\/wp-content\/uploads\/2021\/11\/211028-Gannat-03-St-Priest-lavoir.jpg 1024w, https:\/\/activrando.org\/AR_blog\/wp-content\/uploads\/2021\/11\/211028-Gannat-03-St-Priest-lavoir-300x225.jpg 300w, https:\/\/activrando.org\/AR_blog\/wp-content\/uploads\/2021\/11\/211028-Gannat-03-St-Priest-lavoir-768x576.jpg 768w\" sizes=\"(max-width: 1024px) 100vw, 1024px\" \/><figcaption><strong>Le lavoir de St-Priest-d&rsquo;Andelot, aliment\u00e9 par l&rsquo;eau&#8230; de l&rsquo;Andelot. L&rsquo;eau o\u00f9 l&rsquo;on peut ici laver son linge passera \u00e0 Gannat, Monteignet-sur-l&rsquo;A., Bro\u00fbt-Vernet, St-Didier-la-for\u00eat, Ambon, Loriges, Paray-sous-Briailles avant de se jeter dans l&rsquo;Allier. Voir dans Wikip\u00e9dia : <a href=\"https:\/\/fr.wikipedia.org\/wiki\/Andelot_(rivi\u00e8re)\" data-type=\"URL\" data-id=\"https:\/\/fr.wikipedia.org\/wiki\/Andelot_(rivi\u00e8re)\">L&rsquo;Andelot<\/a><\/strong><br>.<br>.<\/figcaption><\/figure><\/div>\n\n\n\n<div class=\"wp-block-image\"><figure class=\"aligncenter size-full\"><img decoding=\"async\" loading=\"lazy\" width=\"1024\" height=\"640\" src=\"https:\/\/activrando.org\/AR_blog\/wp-content\/uploads\/2021\/11\/211028-Gannat-05-groupe-marche.jpg\" alt=\"\" class=\"wp-image-3317\" srcset=\"https:\/\/activrando.org\/AR_blog\/wp-content\/uploads\/2021\/11\/211028-Gannat-05-groupe-marche.jpg 1024w, https:\/\/activrando.org\/AR_blog\/wp-content\/uploads\/2021\/11\/211028-Gannat-05-groupe-marche-300x188.jpg 300w, https:\/\/activrando.org\/AR_blog\/wp-content\/uploads\/2021\/11\/211028-Gannat-05-groupe-marche-768x480.jpg 768w\" sizes=\"(max-width: 1024px) 100vw, 1024px\" \/><figcaption><strong>Su les hauteurs dominant Gannat, o\u00f9 nous allons redescendre.<\/strong><br>.<br>.<\/figcaption><\/figure><\/div>\n\n\n\n<div class=\"wp-block-image\"><figure class=\"aligncenter size-full\"><img decoding=\"async\" loading=\"lazy\" width=\"1024\" height=\"640\" src=\"https:\/\/activrando.org\/AR_blog\/wp-content\/uploads\/2021\/11\/211028-Gannat-06-groupe-pose.jpg\" alt=\"\" class=\"wp-image-3318\" srcset=\"https:\/\/activrando.org\/AR_blog\/wp-content\/uploads\/2021\/11\/211028-Gannat-06-groupe-pose.jpg 1024w, https:\/\/activrando.org\/AR_blog\/wp-content\/uploads\/2021\/11\/211028-Gannat-06-groupe-pose-300x188.jpg 300w, https:\/\/activrando.org\/AR_blog\/wp-content\/uploads\/2021\/11\/211028-Gannat-06-groupe-pose-768x480.jpg 768w\" sizes=\"(max-width: 1024px) 100vw, 1024px\" \/><figcaption><strong>Petite photo de groupe sur la place du champ de foire, dans la lumi\u00e8re dor\u00e9e du soir.<\/strong><br>.<br>.<br><strong><a href=\"https:\/\/activrando.org\/AR_blog\/2021\/10\/26\/bois-de-charmeil-rando-sante-a-bellerive-a-mardi-26-oct-2021-10-photos\/\" data-type=\"URL\" data-id=\"https:\/\/activrando.org\/AR_blog\/2021\/10\/26\/bois-de-charmeil-rando-sante-a-bellerive-a-mardi-26-oct-2021-10-photos\/\">&lt; &lt; ARTICLE PR\u00c9C\u00c9DENT<\/a><a href=\"https:\/\/activrando.org\/AR_blog\/\" data-type=\"URL\" data-id=\"https:\/\/activrando.org\/AR_blog\/\"> &#8212;&#8212;&#8212;&#8212;&#8212;&#8212;-  ACCUEIL DU BLOG &#8212;&#8212;&#8212;&#8212;&#8212;&#8212;&#8212;-  <\/a><a href=\"https:\/\/activrando.org\/AR_blog\/2021\/10\/31\/chateau-rocher-journee-rando-a-pouzol-63-dim-31-oct-2021-28-photos\/\" data-type=\"URL\" data-id=\"https:\/\/activrando.org\/AR_blog\/2021\/10\/31\/chateau-rocher-journee-rando-a-pouzol-63-dim-31-oct-2021-28-photos\/\">ARTICLE SUIVANT &gt; &gt; &gt;<\/a><\/strong><\/figcaption><\/figure><\/div>\n\n\n\n<p>.<\/p>\n","protected":false},"excerpt":{"rendered":"<p>On part de Gannat et, en suivant le GR 463, on monte pendant 5 km vers l&rsquo;ouest, en direction de Peyrolles (et au-del\u00e0, d&rsquo;Ebreuil). On atteint une sorte de plateau dominant la plaine de Limagne et o\u00f9 l&rsquo;Andelot prend sa source, mais aussi le Ruisseau de Champialoux, l&rsquo;un de ses&#8230;<\/p>\n","protected":false},"author":2,"featured_media":3319,"comment_status":"closed","ping_status":"closed","sticky":false,"template":"","format":"standard","meta":[],"categories":[2],"tags":[9],"_links":{"self":[{"href":"https:\/\/activrando.org\/AR_blog\/wp-json\/wp\/v2\/posts\/3313"}],"collection":[{"href":"https:\/\/activrando.org\/AR_blog\/wp-json\/wp\/v2\/posts"}],"about":[{"href":"https:\/\/activrando.org\/AR_blog\/wp-json\/wp\/v2\/types\/post"}],"author":[{"embeddable":true,"href":"https:\/\/activrando.org\/AR_blog\/wp-json\/wp\/v2\/users\/2"}],"replies":[{"embeddable":true,"href":"https:\/\/activrando.org\/AR_blog\/wp-json\/wp\/v2\/comments?post=3313"}],"version-history":[{"count":4,"href":"https:\/\/activrando.org\/AR_blog\/wp-json\/wp\/v2\/posts\/3313\/revisions"}],"predecessor-version":[{"id":3669,"href":"https:\/\/activrando.org\/AR_blog\/wp-json\/wp\/v2\/posts\/3313\/revisions\/3669"}],"wp:featuredmedia":[{"embeddable":true,"href":"https:\/\/activrando.org\/AR_blog\/wp-json\/wp\/v2\/media\/3319"}],"wp:attachment":[{"href":"https:\/\/activrando.org\/AR_blog\/wp-json\/wp\/v2\/media?parent=3313"}],"wp:term":[{"taxonomy":"category","embeddable":true,"href":"https:\/\/activrando.org\/AR_blog\/wp-json\/wp\/v2\/categories?post=3313"},{"taxonomy":"post_tag","embeddable":true,"href":"https:\/\/activrando.org\/AR_blog\/wp-json\/wp\/v2\/tags?post=3313"}],"curies":[{"name":"wp","href":"https:\/\/api.w.org\/{rel}","templated":true}]}}