{"id":325,"date":"2019-05-12T19:10:25","date_gmt":"2019-05-12T17:10:25","guid":{"rendered":"http:\/\/activrando.org\/AR_blog\/?p=325"},"modified":"2019-12-14T22:35:59","modified_gmt":"2019-12-14T21:35:59","slug":"gannat-lapeyrouse-le-12-mai","status":"publish","type":"post","link":"https:\/\/activrando.org\/AR_blog\/2019\/05\/12\/gannat-lapeyrouse-le-12-mai\/","title":{"rendered":"Gannat-Lapeyrouse, le 12 mai 2019 (21 photos)"},"content":{"rendered":"\n<p><strong><a href=\"https:\/\/activrando.org\/AR_blog\/2019\/06\/25\/foret-de-marcenat-le-25-06-a-st-didier-la-foret\/\">&gt; &gt; &gt; ARTICLE SUIVANT<\/a><\/strong><\/p>\n\n\n\n<p><strong><a href=\"https:\/\/activrando.org\/AR_blog\/2019\/04\/28\/riom-gannat-le-28-avril\/\">&gt; &gt; &gt; ARTICLE PR\u00c9C\u00c9DENT<\/a><\/strong><\/p>\n\n\n\n<div class=\"wp-block-image\"><figure class=\"aligncenter\"><img decoding=\"async\" loading=\"lazy\" width=\"722\" height=\"1024\" src=\"https:\/\/activrando.org\/AR_blog\/wp-content\/uploads\/2019\/11\/2019-randonnee-GANNAT-LAPEYROUSE-840-722x1024.jpg\" alt=\"\" class=\"wp-image-326\" srcset=\"https:\/\/activrando.org\/AR_blog\/wp-content\/uploads\/2019\/11\/2019-randonnee-GANNAT-LAPEYROUSE-840-722x1024.jpg 722w, https:\/\/activrando.org\/AR_blog\/wp-content\/uploads\/2019\/11\/2019-randonnee-GANNAT-LAPEYROUSE-840-212x300.jpg 212w, https:\/\/activrando.org\/AR_blog\/wp-content\/uploads\/2019\/11\/2019-randonnee-GANNAT-LAPEYROUSE-840-768x1089.jpg 768w, https:\/\/activrando.org\/AR_blog\/wp-content\/uploads\/2019\/11\/2019-randonnee-GANNAT-LAPEYROUSE-840.jpg 840w\" sizes=\"(max-width: 722px) 100vw, 722px\" \/><\/figure><\/div>\n\n\n\n<p>Encore un beau parcours de 50 km, avec 1000 m de d\u00e9nivel\u00e9 bien r\u00e9partis en petites c\u00f4tes, et une bonne alternance de passages en for\u00eat et d&rsquo;espaces d\u00e9gag\u00e9s, avec points-de-vue.<\/p>\n\n\n\n<p>Les photos avec la date et l&rsquo;heure en rouge en bas \u00e0 droite nous ont \u00e9t\u00e9 fournies par BETTY. Merci \u00e0 elle ! \ud83d\ude09<\/p>\n\n\n\n<p>   .   <br><\/p>\n\n\n\n<figure class=\"wp-block-image\"><img decoding=\"async\" loading=\"lazy\" width=\"1024\" height=\"768\" src=\"https:\/\/activrando.org\/AR_blog\/wp-content\/uploads\/2019\/11\/190512-Gannat-Lapeyrouse-01-groupe-pose-1024x768.jpg\" alt=\"\" class=\"wp-image-527\" srcset=\"https:\/\/activrando.org\/AR_blog\/wp-content\/uploads\/2019\/11\/190512-Gannat-Lapeyrouse-01-groupe-pose.jpg 1024w, https:\/\/activrando.org\/AR_blog\/wp-content\/uploads\/2019\/11\/190512-Gannat-Lapeyrouse-01-groupe-pose-300x225.jpg 300w, https:\/\/activrando.org\/AR_blog\/wp-content\/uploads\/2019\/11\/190512-Gannat-Lapeyrouse-01-groupe-pose-768x576.jpg 768w\" sizes=\"(max-width: 1024px) 100vw, 1024px\" \/><figcaption>Le matin \u00e0 7h00, le petit groupe au d\u00e9part de la gare de Gannat.<br><br>   .   <\/figcaption><\/figure>\n\n\n\n<figure class=\"wp-block-image\"><img decoding=\"async\" loading=\"lazy\" width=\"1024\" height=\"680\" src=\"https:\/\/activrando.org\/AR_blog\/wp-content\/uploads\/2019\/11\/190512-Gannat-Lapeyrouse-02-groupe-marche-1024x680.jpg\" alt=\"\" class=\"wp-image-528\" srcset=\"https:\/\/activrando.org\/AR_blog\/wp-content\/uploads\/2019\/11\/190512-Gannat-Lapeyrouse-02-groupe-marche.jpg 1024w, https:\/\/activrando.org\/AR_blog\/wp-content\/uploads\/2019\/11\/190512-Gannat-Lapeyrouse-02-groupe-marche-300x199.jpg 300w, https:\/\/activrando.org\/AR_blog\/wp-content\/uploads\/2019\/11\/190512-Gannat-Lapeyrouse-02-groupe-marche-768x510.jpg 768w\" sizes=\"(max-width: 1024px) 100vw, 1024px\" \/><figcaption>D&rsquo;abord, la travers\u00e9e &#8211; assez rapide &#8211; de Gannat&#8230;<br><br>   .   <\/figcaption><\/figure>\n\n\n\n<figure class=\"wp-block-image\"><img decoding=\"async\" loading=\"lazy\" width=\"1024\" height=\"768\" src=\"https:\/\/activrando.org\/AR_blog\/wp-content\/uploads\/2019\/11\/190512-Gannat-Lapeyrouse-03-groupe-marche-1024x768.jpg\" alt=\"\" class=\"wp-image-529\" srcset=\"https:\/\/activrando.org\/AR_blog\/wp-content\/uploads\/2019\/11\/190512-Gannat-Lapeyrouse-03-groupe-marche.jpg 1024w, https:\/\/activrando.org\/AR_blog\/wp-content\/uploads\/2019\/11\/190512-Gannat-Lapeyrouse-03-groupe-marche-300x225.jpg 300w, https:\/\/activrando.org\/AR_blog\/wp-content\/uploads\/2019\/11\/190512-Gannat-Lapeyrouse-03-groupe-marche-768x576.jpg 768w\" sizes=\"(max-width: 1024px) 100vw, 1024px\" \/><figcaption>Une demie-heure apr\u00e8s le d\u00e9part, une premi\u00e8re mont\u00e9e, pour venir au niveau de Mazerier<br><br>   .   <\/figcaption><\/figure>\n\n\n\n<figure class=\"wp-block-image\"><img decoding=\"async\" loading=\"lazy\" width=\"1024\" height=\"768\" src=\"https:\/\/activrando.org\/AR_blog\/wp-content\/uploads\/2019\/11\/190512-Gannat-Lapeyrouse-04-groupe-marche-chateau-Mazerier-1024x768.jpg\" alt=\"\" class=\"wp-image-530\" srcset=\"https:\/\/activrando.org\/AR_blog\/wp-content\/uploads\/2019\/11\/190512-Gannat-Lapeyrouse-04-groupe-marche-chateau-Mazerier.jpg 1024w, https:\/\/activrando.org\/AR_blog\/wp-content\/uploads\/2019\/11\/190512-Gannat-Lapeyrouse-04-groupe-marche-chateau-Mazerier-300x225.jpg 300w, https:\/\/activrando.org\/AR_blog\/wp-content\/uploads\/2019\/11\/190512-Gannat-Lapeyrouse-04-groupe-marche-chateau-Mazerier-768x576.jpg 768w\" sizes=\"(max-width: 1024px) 100vw, 1024px\" \/><figcaption>Passage devant l&rsquo;un des ch\u00e2teaux de Mazerier.<br><br>   .   <\/figcaption><\/figure>\n\n\n\n<figure class=\"wp-block-image\"><img decoding=\"async\" loading=\"lazy\" width=\"1024\" height=\"680\" src=\"https:\/\/activrando.org\/AR_blog\/wp-content\/uploads\/2019\/11\/190512-Gannat-Lapeyrouse-05-groupe-pose-avant-Charroux-1024x680.jpg\" alt=\"\" class=\"wp-image-531\" srcset=\"https:\/\/activrando.org\/AR_blog\/wp-content\/uploads\/2019\/11\/190512-Gannat-Lapeyrouse-05-groupe-pose-avant-Charroux.jpg 1024w, https:\/\/activrando.org\/AR_blog\/wp-content\/uploads\/2019\/11\/190512-Gannat-Lapeyrouse-05-groupe-pose-avant-Charroux-300x199.jpg 300w, https:\/\/activrando.org\/AR_blog\/wp-content\/uploads\/2019\/11\/190512-Gannat-Lapeyrouse-05-groupe-pose-avant-Charroux-768x510.jpg 768w\" sizes=\"(max-width: 1024px) 100vw, 1024px\" \/><figcaption>Pass\u00e9 Jenzat, on atteint bient\u00f4t le plateau sur lequel se trouve le village de Charroux, dans l&#8217;emplacement d&rsquo;un ancien oppidum et que le parcours traverse. Le temps, brumeux au d\u00e9part, s&rsquo;est bien d\u00e9gag\u00e9.<br><br>   .   <\/figcaption><\/figure>\n\n\n\n<figure class=\"wp-block-image\"><img decoding=\"async\" loading=\"lazy\" width=\"1024\" height=\"768\" src=\"https:\/\/activrando.org\/AR_blog\/wp-content\/uploads\/2019\/11\/190512-Gannat-Lapeyrouse-06-groupe-marche-cimetiere-Naves-1024x768.jpg\" alt=\"\" class=\"wp-image-532\" srcset=\"https:\/\/activrando.org\/AR_blog\/wp-content\/uploads\/2019\/11\/190512-Gannat-Lapeyrouse-06-groupe-marche-cimetiere-Naves.jpg 1024w, https:\/\/activrando.org\/AR_blog\/wp-content\/uploads\/2019\/11\/190512-Gannat-Lapeyrouse-06-groupe-marche-cimetiere-Naves-300x225.jpg 300w, https:\/\/activrando.org\/AR_blog\/wp-content\/uploads\/2019\/11\/190512-Gannat-Lapeyrouse-06-groupe-marche-cimetiere-Naves-768x576.jpg 768w\" sizes=\"(max-width: 1024px) 100vw, 1024px\" \/><figcaption>A Naves, pause-hydratation pr\u00e8s de l&rsquo;\u00e9glise . C&rsquo;est l&rsquo;occasion de faire un tour dans le cimeti\u00e8re qui est juste derri\u00e8re et d&rsquo;o\u00f9 l&rsquo;on a un beau point de vue sur les environs&#8230;<br><br>   .   <\/figcaption><\/figure>\n\n\n\n<figure class=\"wp-block-image\"><img decoding=\"async\" loading=\"lazy\" width=\"1024\" height=\"768\" src=\"https:\/\/activrando.org\/AR_blog\/wp-content\/uploads\/2019\/11\/190512-Gannat-Lapeyrouse-07-groupe-pause-panorama-Bellenaves-1024x768.jpg\" alt=\"\" class=\"wp-image-533\" srcset=\"https:\/\/activrando.org\/AR_blog\/wp-content\/uploads\/2019\/11\/190512-Gannat-Lapeyrouse-07-groupe-pause-panorama-Bellenaves.jpg 1024w, https:\/\/activrando.org\/AR_blog\/wp-content\/uploads\/2019\/11\/190512-Gannat-Lapeyrouse-07-groupe-pause-panorama-Bellenaves-300x225.jpg 300w, https:\/\/activrando.org\/AR_blog\/wp-content\/uploads\/2019\/11\/190512-Gannat-Lapeyrouse-07-groupe-pause-panorama-Bellenaves-768x576.jpg 768w\" sizes=\"(max-width: 1024px) 100vw, 1024px\" \/><figcaption>Encore une pause dans un lieu \u00e9lev\u00e9 avec panorama : \u00e0 Bellenaves, pr\u00e8s de la Vierge dont la statue domine le bourg.<br><br>   .   <\/figcaption><\/figure>\n\n\n\n<figure class=\"wp-block-image\"><img decoding=\"async\" loading=\"lazy\" width=\"1024\" height=\"680\" src=\"https:\/\/activrando.org\/AR_blog\/wp-content\/uploads\/2019\/11\/190512-Gannat-Lapeyrouse-08-groupe-pose-Bellenaves-1024x680.jpg\" alt=\"\" class=\"wp-image-534\" srcset=\"https:\/\/activrando.org\/AR_blog\/wp-content\/uploads\/2019\/11\/190512-Gannat-Lapeyrouse-08-groupe-pose-Bellenaves.jpg 1024w, https:\/\/activrando.org\/AR_blog\/wp-content\/uploads\/2019\/11\/190512-Gannat-Lapeyrouse-08-groupe-pose-Bellenaves-300x199.jpg 300w, https:\/\/activrando.org\/AR_blog\/wp-content\/uploads\/2019\/11\/190512-Gannat-Lapeyrouse-08-groupe-pose-Bellenaves-768x510.jpg 768w\" sizes=\"(max-width: 1024px) 100vw, 1024px\" \/><figcaption>C&rsquo;est \u00e0 Bellenaves aussi &#8211; du fait de sa gare o\u00f9 il sera possible de s&rsquo;arr\u00eater au retour &#8211; que des personnes pouvaient venir se joindre au groupe pour la fin de parcours (23 km). Cette fois, ils sont trois.<br><br>   .   <\/figcaption><\/figure>\n\n\n\n<figure class=\"wp-block-image\"><img decoding=\"async\" loading=\"lazy\" width=\"1024\" height=\"680\" src=\"https:\/\/activrando.org\/AR_blog\/wp-content\/uploads\/2019\/11\/190512-Gannat-Lapeyrouse-09-groupe-marche-foret-1024x680.jpg\" alt=\"\" class=\"wp-image-535\" srcset=\"https:\/\/activrando.org\/AR_blog\/wp-content\/uploads\/2019\/11\/190512-Gannat-Lapeyrouse-09-groupe-marche-foret.jpg 1024w, https:\/\/activrando.org\/AR_blog\/wp-content\/uploads\/2019\/11\/190512-Gannat-Lapeyrouse-09-groupe-marche-foret-300x199.jpg 300w, https:\/\/activrando.org\/AR_blog\/wp-content\/uploads\/2019\/11\/190512-Gannat-Lapeyrouse-09-groupe-marche-foret-768x510.jpg 768w\" sizes=\"(max-width: 1024px) 100vw, 1024px\" \/><figcaption>Apr\u00e8s Bellenaves, travers\u00e9e de la For\u00eat domaniale des Collettes, comportant notamment de belles h\u00eatraies.<br><br>   .   <\/figcaption><\/figure>\n\n\n\n<figure class=\"wp-block-image\"><img decoding=\"async\" loading=\"lazy\" width=\"1024\" height=\"680\" src=\"https:\/\/activrando.org\/AR_blog\/wp-content\/uploads\/2019\/11\/190512-Gannat-Lapeyrouse-10-groupe-marche-1024x680.jpg\" alt=\"\" class=\"wp-image-536\" srcset=\"https:\/\/activrando.org\/AR_blog\/wp-content\/uploads\/2019\/11\/190512-Gannat-Lapeyrouse-10-groupe-marche.jpg 1024w, https:\/\/activrando.org\/AR_blog\/wp-content\/uploads\/2019\/11\/190512-Gannat-Lapeyrouse-10-groupe-marche-300x199.jpg 300w, https:\/\/activrando.org\/AR_blog\/wp-content\/uploads\/2019\/11\/190512-Gannat-Lapeyrouse-10-groupe-marche-768x510.jpg 768w\" sizes=\"(max-width: 1024px) 100vw, 1024px\" \/><figcaption>   .   <br><br>   .   <\/figcaption><\/figure>\n\n\n\n<figure class=\"wp-block-image\"><img decoding=\"async\" loading=\"lazy\" width=\"1024\" height=\"680\" src=\"https:\/\/activrando.org\/AR_blog\/wp-content\/uploads\/2019\/11\/190512-Gannat-Lapeyrouse-11-groupe-marche-foret-1024x680.jpg\" alt=\"\" class=\"wp-image-537\" srcset=\"https:\/\/activrando.org\/AR_blog\/wp-content\/uploads\/2019\/11\/190512-Gannat-Lapeyrouse-11-groupe-marche-foret.jpg 1024w, https:\/\/activrando.org\/AR_blog\/wp-content\/uploads\/2019\/11\/190512-Gannat-Lapeyrouse-11-groupe-marche-foret-300x199.jpg 300w, https:\/\/activrando.org\/AR_blog\/wp-content\/uploads\/2019\/11\/190512-Gannat-Lapeyrouse-11-groupe-marche-foret-768x510.jpg 768w\" sizes=\"(max-width: 1024px) 100vw, 1024px\" \/><figcaption>L\u00e0 au fond, une passerelle sur l&rsquo;un des nombreux cours d&rsquo;eau \u00e0 franchir au fil du parcours&#8230;<br><br>   .   <\/figcaption><\/figure>\n\n\n\n<figure class=\"wp-block-image\"><img decoding=\"async\" loading=\"lazy\" width=\"1024\" height=\"680\" src=\"https:\/\/activrando.org\/AR_blog\/wp-content\/uploads\/2019\/11\/190512-Gannat-Lapeyrouse-12-groupe-marche-passerelle-1024x680.jpg\" alt=\"\" class=\"wp-image-538\" srcset=\"https:\/\/activrando.org\/AR_blog\/wp-content\/uploads\/2019\/11\/190512-Gannat-Lapeyrouse-12-groupe-marche-passerelle.jpg 1024w, https:\/\/activrando.org\/AR_blog\/wp-content\/uploads\/2019\/11\/190512-Gannat-Lapeyrouse-12-groupe-marche-passerelle-300x199.jpg 300w, https:\/\/activrando.org\/AR_blog\/wp-content\/uploads\/2019\/11\/190512-Gannat-Lapeyrouse-12-groupe-marche-passerelle-768x510.jpg 768w\" sizes=\"(max-width: 1024px) 100vw, 1024px\" \/><figcaption>   .   <br><br>   .   <\/figcaption><\/figure>\n\n\n\n<figure class=\"wp-block-image\"><img decoding=\"async\" loading=\"lazy\" width=\"1024\" height=\"768\" src=\"https:\/\/activrando.org\/AR_blog\/wp-content\/uploads\/2019\/11\/190512-Gannat-Lapeyrouse-13-viaduc-Perriere-1024x768.jpg\" alt=\"\" class=\"wp-image-539\" srcset=\"https:\/\/activrando.org\/AR_blog\/wp-content\/uploads\/2019\/11\/190512-Gannat-Lapeyrouse-13-viaduc-Perriere.jpg 1024w, https:\/\/activrando.org\/AR_blog\/wp-content\/uploads\/2019\/11\/190512-Gannat-Lapeyrouse-13-viaduc-Perriere-300x225.jpg 300w, https:\/\/activrando.org\/AR_blog\/wp-content\/uploads\/2019\/11\/190512-Gannat-Lapeyrouse-13-viaduc-Perriere-768x576.jpg 768w\" sizes=\"(max-width: 1024px) 100vw, 1024px\" \/><figcaption>Passage au pied du viaduc ferroviaire de La Perri\u00e8re, sur lequel circulera le train de retour.<br><br>   .   <\/figcaption><\/figure>\n\n\n\n<figure class=\"wp-block-image\"><img decoding=\"async\" loading=\"lazy\" width=\"1024\" height=\"768\" src=\"https:\/\/activrando.org\/AR_blog\/wp-content\/uploads\/2019\/11\/190512-Gannat-Lapeyrouse-14-groupe-marche-montee-1024x768.jpg\" alt=\"\" class=\"wp-image-540\" srcset=\"https:\/\/activrando.org\/AR_blog\/wp-content\/uploads\/2019\/11\/190512-Gannat-Lapeyrouse-14-groupe-marche-montee.jpg 1024w, https:\/\/activrando.org\/AR_blog\/wp-content\/uploads\/2019\/11\/190512-Gannat-Lapeyrouse-14-groupe-marche-montee-300x225.jpg 300w, https:\/\/activrando.org\/AR_blog\/wp-content\/uploads\/2019\/11\/190512-Gannat-Lapeyrouse-14-groupe-marche-montee-768x576.jpg 768w\" sizes=\"(max-width: 1024px) 100vw, 1024px\" \/><figcaption>De l\u00e0, on remonte sur le plateau&#8230;<br><br>   .   <\/figcaption><\/figure>\n\n\n\n<figure class=\"wp-block-image\"><img decoding=\"async\" loading=\"lazy\" width=\"1024\" height=\"680\" src=\"https:\/\/activrando.org\/AR_blog\/wp-content\/uploads\/2019\/11\/190512-Gannat-Lapeyrouse-15-groupe-marche-1024x680.jpg\" alt=\"\" class=\"wp-image-541\" srcset=\"https:\/\/activrando.org\/AR_blog\/wp-content\/uploads\/2019\/11\/190512-Gannat-Lapeyrouse-15-groupe-marche.jpg 1024w, https:\/\/activrando.org\/AR_blog\/wp-content\/uploads\/2019\/11\/190512-Gannat-Lapeyrouse-15-groupe-marche-300x199.jpg 300w, https:\/\/activrando.org\/AR_blog\/wp-content\/uploads\/2019\/11\/190512-Gannat-Lapeyrouse-15-groupe-marche-768x510.jpg 768w\" sizes=\"(max-width: 1024px) 100vw, 1024px\" \/><figcaption>   .   <br><br>   .   <\/figcaption><\/figure>\n\n\n\n<figure class=\"wp-block-image\"><img decoding=\"async\" loading=\"lazy\" width=\"1024\" height=\"768\" src=\"https:\/\/activrando.org\/AR_blog\/wp-content\/uploads\/2019\/11\/190512-Gannat-Lapeyrouse-16-groupe-pause-Louroux-1024x768.jpg\" alt=\"\" class=\"wp-image-542\" srcset=\"https:\/\/activrando.org\/AR_blog\/wp-content\/uploads\/2019\/11\/190512-Gannat-Lapeyrouse-16-groupe-pause-Louroux.jpg 1024w, https:\/\/activrando.org\/AR_blog\/wp-content\/uploads\/2019\/11\/190512-Gannat-Lapeyrouse-16-groupe-pause-Louroux-300x225.jpg 300w, https:\/\/activrando.org\/AR_blog\/wp-content\/uploads\/2019\/11\/190512-Gannat-Lapeyrouse-16-groupe-pause-Louroux-768x576.jpg 768w\" sizes=\"(max-width: 1024px) 100vw, 1024px\" \/><figcaption>A Louroux-de-Bouble, derni\u00e8re pause-hydratation, pr\u00e8s de la gare.<br><br>   .   <\/figcaption><\/figure>\n\n\n\n<figure class=\"wp-block-image\"><img decoding=\"async\" loading=\"lazy\" width=\"1024\" height=\"680\" src=\"https:\/\/activrando.org\/AR_blog\/wp-content\/uploads\/2019\/11\/190512-Gannat-Lapeyrouse-17-groupe-marche-passerelle-1024x680.jpg\" alt=\"\" class=\"wp-image-543\" srcset=\"https:\/\/activrando.org\/AR_blog\/wp-content\/uploads\/2019\/11\/190512-Gannat-Lapeyrouse-17-groupe-marche-passerelle.jpg 1024w, https:\/\/activrando.org\/AR_blog\/wp-content\/uploads\/2019\/11\/190512-Gannat-Lapeyrouse-17-groupe-marche-passerelle-300x199.jpg 300w, https:\/\/activrando.org\/AR_blog\/wp-content\/uploads\/2019\/11\/190512-Gannat-Lapeyrouse-17-groupe-marche-passerelle-768x510.jpg 768w\" sizes=\"(max-width: 1024px) 100vw, 1024px\" \/><figcaption>Franchissement de la passerelle du Roule.<br><br>   .   <\/figcaption><\/figure>\n\n\n\n<figure class=\"wp-block-image\"><img decoding=\"async\" loading=\"lazy\" width=\"1024\" height=\"680\" src=\"https:\/\/activrando.org\/AR_blog\/wp-content\/uploads\/2019\/11\/190512-Gannat-Lapeyrouse-19-groupe-marche-1024x680.jpg\" alt=\"\" class=\"wp-image-545\" srcset=\"https:\/\/activrando.org\/AR_blog\/wp-content\/uploads\/2019\/11\/190512-Gannat-Lapeyrouse-19-groupe-marche.jpg 1024w, https:\/\/activrando.org\/AR_blog\/wp-content\/uploads\/2019\/11\/190512-Gannat-Lapeyrouse-19-groupe-marche-300x199.jpg 300w, https:\/\/activrando.org\/AR_blog\/wp-content\/uploads\/2019\/11\/190512-Gannat-Lapeyrouse-19-groupe-marche-768x510.jpg 768w\" sizes=\"(max-width: 1024px) 100vw, 1024px\" \/><figcaption>   .   <br><br>   .   <\/figcaption><\/figure>\n\n\n\n<figure class=\"wp-block-image\"><img decoding=\"async\" loading=\"lazy\" width=\"1024\" height=\"680\" src=\"https:\/\/activrando.org\/AR_blog\/wp-content\/uploads\/2019\/11\/190512-Gannat-Lapeyrouse-20-groupe-marche-1024x680.jpg\" alt=\"\" class=\"wp-image-546\" srcset=\"https:\/\/activrando.org\/AR_blog\/wp-content\/uploads\/2019\/11\/190512-Gannat-Lapeyrouse-20-groupe-marche.jpg 1024w, https:\/\/activrando.org\/AR_blog\/wp-content\/uploads\/2019\/11\/190512-Gannat-Lapeyrouse-20-groupe-marche-300x199.jpg 300w, https:\/\/activrando.org\/AR_blog\/wp-content\/uploads\/2019\/11\/190512-Gannat-Lapeyrouse-20-groupe-marche-768x510.jpg 768w\" sizes=\"(max-width: 1024px) 100vw, 1024px\" \/><figcaption>   .   <br><br>   .   <\/figcaption><\/figure>\n\n\n\n<figure class=\"wp-block-image\"><img decoding=\"async\" loading=\"lazy\" width=\"1024\" height=\"680\" src=\"https:\/\/activrando.org\/AR_blog\/wp-content\/uploads\/2019\/11\/190512-Gannat-Lapeyrouse-21-groupe-marche-etang-Lapeyrouse-1024x680.jpg\" alt=\"\" class=\"wp-image-547\" srcset=\"https:\/\/activrando.org\/AR_blog\/wp-content\/uploads\/2019\/11\/190512-Gannat-Lapeyrouse-21-groupe-marche-etang-Lapeyrouse.jpg 1024w, https:\/\/activrando.org\/AR_blog\/wp-content\/uploads\/2019\/11\/190512-Gannat-Lapeyrouse-21-groupe-marche-etang-Lapeyrouse-300x199.jpg 300w, https:\/\/activrando.org\/AR_blog\/wp-content\/uploads\/2019\/11\/190512-Gannat-Lapeyrouse-21-groupe-marche-etang-Lapeyrouse-768x510.jpg 768w\" sizes=\"(max-width: 1024px) 100vw, 1024px\" \/><figcaption>Peu avant l&rsquo;arriv\u00e9e, passage au bord d&rsquo;un plan d&rsquo;eau de Lapeyrouse.<br><br>   .   <\/figcaption><\/figure>\n\n\n\n<figure class=\"wp-block-image\"><img decoding=\"async\" loading=\"lazy\" width=\"1024\" height=\"680\" src=\"https:\/\/activrando.org\/AR_blog\/wp-content\/uploads\/2019\/11\/190512-Gannat-Lapeyrouse-22-groupe-pose-arrivee-gare-Lapeyrouse-1024x680.jpg\" alt=\"\" class=\"wp-image-548\" srcset=\"https:\/\/activrando.org\/AR_blog\/wp-content\/uploads\/2019\/11\/190512-Gannat-Lapeyrouse-22-groupe-pose-arrivee-gare-Lapeyrouse.jpg 1024w, https:\/\/activrando.org\/AR_blog\/wp-content\/uploads\/2019\/11\/190512-Gannat-Lapeyrouse-22-groupe-pose-arrivee-gare-Lapeyrouse-300x199.jpg 300w, https:\/\/activrando.org\/AR_blog\/wp-content\/uploads\/2019\/11\/190512-Gannat-Lapeyrouse-22-groupe-pose-arrivee-gare-Lapeyrouse-768x510.jpg 768w\" sizes=\"(max-width: 1024px) 100vw, 1024px\" \/><figcaption>A l&rsquo;arriv\u00e9e \u00e0 la gare de Lapeyrouse.<br><br>   .   <\/figcaption><\/figure>\n\n\n\n<p><strong><a href=\"https:\/\/activrando.org\/AR_blog\/2019\/06\/25\/foret-de-marcenat-le-25-06-a-st-didier-la-foret\/\">&gt; &gt; &gt; ARTICLE SUIVANT<\/a><\/strong><\/p>\n\n\n\n<p><strong><a href=\"https:\/\/activrando.org\/AR_blog\/\">&gt; &gt; &gt; ACCUEIL DU BLOG<\/a><\/strong><\/p>\n\n\n\n<p><strong><a href=\"https:\/\/activrando.org\/AR_blog\/2019\/04\/28\/riom-gannat-le-28-avril\/\">&gt; &gt; &gt; ARTICLE PR\u00c9C\u00c9DENT<\/a><\/strong><\/p>\n","protected":false},"excerpt":{"rendered":"<p>&gt; &gt; &gt; ARTICLE SUIVANT &gt; &gt; &gt; ARTICLE PR\u00c9C\u00c9DENT Encore un beau parcours de 50 km, avec 1000 m de d\u00e9nivel\u00e9 bien r\u00e9partis en petites c\u00f4tes, et une bonne alternance de passages en for\u00eat et d&rsquo;espaces d\u00e9gag\u00e9s, avec points-de-vue. Les photos avec la date et l&rsquo;heure en rouge en&#8230;<\/p>\n","protected":false},"author":2,"featured_media":0,"comment_status":"closed","ping_status":"closed","sticky":false,"template":"","format":"standard","meta":[],"categories":[2],"tags":[],"_links":{"self":[{"href":"https:\/\/activrando.org\/AR_blog\/wp-json\/wp\/v2\/posts\/325"}],"collection":[{"href":"https:\/\/activrando.org\/AR_blog\/wp-json\/wp\/v2\/posts"}],"about":[{"href":"https:\/\/activrando.org\/AR_blog\/wp-json\/wp\/v2\/types\/post"}],"author":[{"embeddable":true,"href":"https:\/\/activrando.org\/AR_blog\/wp-json\/wp\/v2\/users\/2"}],"replies":[{"embeddable":true,"href":"https:\/\/activrando.org\/AR_blog\/wp-json\/wp\/v2\/comments?post=325"}],"version-history":[{"count":7,"href":"https:\/\/activrando.org\/AR_blog\/wp-json\/wp\/v2\/posts\/325\/revisions"}],"predecessor-version":[{"id":947,"href":"https:\/\/activrando.org\/AR_blog\/wp-json\/wp\/v2\/posts\/325\/revisions\/947"}],"wp:attachment":[{"href":"https:\/\/activrando.org\/AR_blog\/wp-json\/wp\/v2\/media?parent=325"}],"wp:term":[{"taxonomy":"category","embeddable":true,"href":"https:\/\/activrando.org\/AR_blog\/wp-json\/wp\/v2\/categories?post=325"},{"taxonomy":"post_tag","embeddable":true,"href":"https:\/\/activrando.org\/AR_blog\/wp-json\/wp\/v2\/tags?post=325"}],"curies":[{"name":"wp","href":"https:\/\/api.w.org\/{rel}","templated":true}]}}