{"id":3208,"date":"2021-10-26T21:56:00","date_gmt":"2021-10-26T19:56:00","guid":{"rendered":"http:\/\/activrando.org\/AR_blog\/?p=3208"},"modified":"2021-12-09T08:44:22","modified_gmt":"2021-12-09T07:44:22","slug":"bois-de-charmeil-rando-sante-a-bellerive-a-mardi-26-oct-2021-10-photos","status":"publish","type":"post","link":"https:\/\/activrando.org\/AR_blog\/2021\/10\/26\/bois-de-charmeil-rando-sante-a-bellerive-a-mardi-26-oct-2021-10-photos\/","title":{"rendered":"\u00a0\u00bbBois de Charmeil\u00a0\u00bb, Rando Sant\u00e9\u00ae \u00e0 Bellerive\/A., mardi  26 oct. 2021 (10 photos)"},"content":{"rendered":"\n<p><strong>On peut aller voir le Bois de Charmeil en partant du Centre Omnisports : un peu de marche en terrain d\u00e9gag\u00e9 et puis l&rsquo;on entre dans le couvert forestier et alors la magie sylvestre fonctionne imm\u00e9diatement, surtout en automne, avec les feuillages ou aux verts se m\u00ealent le jaune, le roux, le brun, le rouge&#8230;<\/strong><\/p>\n\n\n\n<p>.<\/p>\n\n\n\n<p class=\"has-text-align-center\"><strong><a href=\"https:\/\/activrando.org\/AR_blog\/\" data-type=\"URL\" data-id=\"https:\/\/activrando.org\/AR_blog\/\">&lt; &lt; &lt; ARTICLE PR\u00c9C\u00c9DENT &#8212;&#8212;&#8212;&#8212;&#8212;&#8212;-  ACCUEIL DU BLOG &#8212;&#8212;&#8212;&#8212;&#8212;&#8212;&#8212;-  ARTICLE SUIVANT &gt; &gt; &gt;<\/a><\/strong><\/p>\n\n\n\n<p>.<\/p>\n\n\n\n<div class=\"wp-block-image\"><figure class=\"aligncenter size-full\"><img decoding=\"async\" loading=\"lazy\" width=\"1024\" height=\"670\" src=\"https:\/\/activrando.org\/AR_blog\/wp-content\/uploads\/2021\/11\/211026-Bellerive-01-pavillon.jpg\" alt=\"\" class=\"wp-image-3209\" srcset=\"https:\/\/activrando.org\/AR_blog\/wp-content\/uploads\/2021\/11\/211026-Bellerive-01-pavillon.jpg 1024w, https:\/\/activrando.org\/AR_blog\/wp-content\/uploads\/2021\/11\/211026-Bellerive-01-pavillon-300x196.jpg 300w, https:\/\/activrando.org\/AR_blog\/wp-content\/uploads\/2021\/11\/211026-Bellerive-01-pavillon-768x503.jpg 768w\" sizes=\"(max-width: 1024px) 100vw, 1024px\" \/><figcaption><strong>En traversant Bellerive Les Guinames, on peut voir quelques maisons int\u00e9ressantes.<\/strong><br>\u2026<br>\u2026<\/figcaption><\/figure><\/div>\n\n\n\n<div class=\"wp-block-image\"><figure class=\"aligncenter size-full\"><img decoding=\"async\" loading=\"lazy\" width=\"1024\" height=\"576\" src=\"https:\/\/activrando.org\/AR_blog\/wp-content\/uploads\/2021\/11\/211026-Bellerive-02-groupe-pose.jpg\" alt=\"\" class=\"wp-image-3210\" srcset=\"https:\/\/activrando.org\/AR_blog\/wp-content\/uploads\/2021\/11\/211026-Bellerive-02-groupe-pose.jpg 1024w, https:\/\/activrando.org\/AR_blog\/wp-content\/uploads\/2021\/11\/211026-Bellerive-02-groupe-pose-300x169.jpg 300w, https:\/\/activrando.org\/AR_blog\/wp-content\/uploads\/2021\/11\/211026-Bellerive-02-groupe-pose-768x432.jpg 768w\" sizes=\"(max-width: 1024px) 100vw, 1024px\" \/><figcaption>\u2026<br>\u2026<\/figcaption><\/figure><\/div>\n\n\n\n<div class=\"wp-block-image\"><figure class=\"aligncenter size-full\"><img decoding=\"async\" loading=\"lazy\" width=\"1024\" height=\"768\" src=\"https:\/\/activrando.org\/AR_blog\/wp-content\/uploads\/2021\/11\/211026-Bellerive-03-groupe-marche.jpg\" alt=\"\" class=\"wp-image-3211\" srcset=\"https:\/\/activrando.org\/AR_blog\/wp-content\/uploads\/2021\/11\/211026-Bellerive-03-groupe-marche.jpg 1024w, https:\/\/activrando.org\/AR_blog\/wp-content\/uploads\/2021\/11\/211026-Bellerive-03-groupe-marche-300x225.jpg 300w, https:\/\/activrando.org\/AR_blog\/wp-content\/uploads\/2021\/11\/211026-Bellerive-03-groupe-marche-768x576.jpg 768w\" sizes=\"(max-width: 1024px) 100vw, 1024px\" \/><figcaption><strong>Nous montons dans le Bois de Charmeil.<\/strong><br>\u2026<br>\u2026<\/figcaption><\/figure><\/div>\n\n\n\n<div class=\"wp-block-image\"><figure class=\"aligncenter size-full\"><img decoding=\"async\" loading=\"lazy\" width=\"1024\" height=\"640\" src=\"https:\/\/activrando.org\/AR_blog\/wp-content\/uploads\/2021\/11\/211026-Bellerive-04-foret.jpg\" alt=\"\" class=\"wp-image-3212\" srcset=\"https:\/\/activrando.org\/AR_blog\/wp-content\/uploads\/2021\/11\/211026-Bellerive-04-foret.jpg 1024w, https:\/\/activrando.org\/AR_blog\/wp-content\/uploads\/2021\/11\/211026-Bellerive-04-foret-300x188.jpg 300w, https:\/\/activrando.org\/AR_blog\/wp-content\/uploads\/2021\/11\/211026-Bellerive-04-foret-768x480.jpg 768w\" sizes=\"(max-width: 1024px) 100vw, 1024px\" \/><figcaption><strong>C&rsquo;est une belle for\u00eat de feuillus.<\/strong><br>\u2026<br>\u2026<\/figcaption><\/figure><\/div>\n\n\n\n<div class=\"wp-block-image\"><figure class=\"aligncenter size-full\"><img decoding=\"async\" loading=\"lazy\" width=\"600\" height=\"600\" src=\"https:\/\/activrando.org\/AR_blog\/wp-content\/uploads\/2021\/11\/211026-Bellerive-05-feuilles-mortes.jpg\" alt=\"\" class=\"wp-image-3213\" srcset=\"https:\/\/activrando.org\/AR_blog\/wp-content\/uploads\/2021\/11\/211026-Bellerive-05-feuilles-mortes.jpg 600w, https:\/\/activrando.org\/AR_blog\/wp-content\/uploads\/2021\/11\/211026-Bellerive-05-feuilles-mortes-300x300.jpg 300w, https:\/\/activrando.org\/AR_blog\/wp-content\/uploads\/2021\/11\/211026-Bellerive-05-feuilles-mortes-150x150.jpg 150w\" sizes=\"(max-width: 600px) 100vw, 600px\" \/><figcaption>\u2026<br>\u2026<\/figcaption><\/figure><\/div>\n\n\n\n<div class=\"wp-block-image\"><figure class=\"aligncenter size-full\"><img decoding=\"async\" loading=\"lazy\" width=\"1024\" height=\"640\" src=\"https:\/\/activrando.org\/AR_blog\/wp-content\/uploads\/2021\/11\/211026-Bellerive-06-riviere.jpg\" alt=\"\" class=\"wp-image-3214\" srcset=\"https:\/\/activrando.org\/AR_blog\/wp-content\/uploads\/2021\/11\/211026-Bellerive-06-riviere.jpg 1024w, https:\/\/activrando.org\/AR_blog\/wp-content\/uploads\/2021\/11\/211026-Bellerive-06-riviere-300x188.jpg 300w, https:\/\/activrando.org\/AR_blog\/wp-content\/uploads\/2021\/11\/211026-Bellerive-06-riviere-768x480.jpg 768w\" sizes=\"(max-width: 1024px) 100vw, 1024px\" \/><figcaption><strong>Dans le bois serpente une petite rivi\u00e8re au cours non-permanent : La Goutte de la Fontaine, qui prend sa source \u00e0 3 km de l\u00e0, sur le territoire d&rsquo;Espinasse-Vozelle et s&rsquo;appelle d&rsquo;abord \u00a0\u00bbRuisseau du Bois de Cluny\u00a0\u00bb, du nom du petit bois qu&rsquo;elle traverse l\u00e0-bas. Apr\u00e8s sa sortie du Bois de Charmeil, la Goutte de la Fontaine traverse le site de Montpertuis et se jette dans la Goutte Jeanton qui, elle, se jette dans le B\u00e9ron juste au sud de l&rsquo;a\u00e9roport de Charmeil et qui va se jeter dans l&rsquo;Allier&#8230; Ainsi de confluence en confluence, l&rsquo;eau d&rsquo;un ruisselet d&rsquo;Espinasse-V. va arriver jusqu&rsquo;\u00e0 la Loire, par laquelle elle se jettera dans l&rsquo;Oc\u00e9an Atlantique. <\/strong><br>\u2026<\/figcaption><\/figure><\/div>\n\n\n\n<p class=\"has-text-align-center\">\u2026<\/p>\n\n\n\n<div class=\"wp-block-image\"><figure class=\"aligncenter size-full\"><img decoding=\"async\" loading=\"lazy\" width=\"1024\" height=\"640\" src=\"https:\/\/activrando.org\/AR_blog\/wp-content\/uploads\/2021\/11\/211026-Bellerive-07-groupe-marche.jpg\" alt=\"\" class=\"wp-image-3215\" srcset=\"https:\/\/activrando.org\/AR_blog\/wp-content\/uploads\/2021\/11\/211026-Bellerive-07-groupe-marche.jpg 1024w, https:\/\/activrando.org\/AR_blog\/wp-content\/uploads\/2021\/11\/211026-Bellerive-07-groupe-marche-300x188.jpg 300w, https:\/\/activrando.org\/AR_blog\/wp-content\/uploads\/2021\/11\/211026-Bellerive-07-groupe-marche-768x480.jpg 768w\" sizes=\"(max-width: 1024px) 100vw, 1024px\" \/><figcaption>\u2026<\/figcaption><\/figure><\/div>\n\n\n\n<p class=\"has-text-align-center\">\u2026<\/p>\n\n\n\n<div class=\"wp-block-image\"><figure class=\"aligncenter size-full\"><img decoding=\"async\" loading=\"lazy\" width=\"1024\" height=\"576\" src=\"https:\/\/activrando.org\/AR_blog\/wp-content\/uploads\/2021\/11\/211026-Bellerive-08-bas-relief-Tajana.jpg\" alt=\"\" class=\"wp-image-3216\" srcset=\"https:\/\/activrando.org\/AR_blog\/wp-content\/uploads\/2021\/11\/211026-Bellerive-08-bas-relief-Tajana.jpg 1024w, https:\/\/activrando.org\/AR_blog\/wp-content\/uploads\/2021\/11\/211026-Bellerive-08-bas-relief-Tajana-300x169.jpg 300w, https:\/\/activrando.org\/AR_blog\/wp-content\/uploads\/2021\/11\/211026-Bellerive-08-bas-relief-Tajana-768x432.jpg 768w\" sizes=\"(max-width: 1024px) 100vw, 1024px\" \/><figcaption><strong>En revenant vers le Centre Omnisports, nous passons devant le Centre des M\u00e9tiers du B\u00e2timent, nous voyons la fresque du sculpteur <a href=\"https:\/\/fr.wikipedia.org\/wiki\/Andr\u00e9_Tajana\" data-type=\"URL\" data-id=\"https:\/\/fr.wikipedia.org\/wiki\/Andr\u00e9_Tajana\">Andr\u00e9 TAJANA<\/a> qui, apr\u00e8s avoir \u00e9tudi\u00e9 et travaill\u00e9 \u00e0 Lyon est venu vivre et continuer son \u0153uvre \u00e0 Vichy.<\/strong><br>\u2026<br>\u2026<\/figcaption><\/figure><\/div>\n\n\n\n<div class=\"wp-block-image\"><figure class=\"aligncenter size-full\"><img decoding=\"async\" loading=\"lazy\" width=\"1024\" height=\"576\" src=\"https:\/\/activrando.org\/AR_blog\/wp-content\/uploads\/2021\/11\/211026-Bellerive-09-barrage-Europe.jpg\" alt=\"\" class=\"wp-image-3217\" srcset=\"https:\/\/activrando.org\/AR_blog\/wp-content\/uploads\/2021\/11\/211026-Bellerive-09-barrage-Europe.jpg 1024w, https:\/\/activrando.org\/AR_blog\/wp-content\/uploads\/2021\/11\/211026-Bellerive-09-barrage-Europe-300x169.jpg 300w, https:\/\/activrando.org\/AR_blog\/wp-content\/uploads\/2021\/11\/211026-Bellerive-09-barrage-Europe-768x432.jpg 768w\" sizes=\"(max-width: 1024px) 100vw, 1024px\" \/><figcaption><strong>Enfin, nous passons pr\u00e8s du pont-barrage ou Pont de l&rsquo;Europe.<\/strong><br>\u2026<br>\u2026<\/figcaption><\/figure><\/div>\n\n\n\n<div class=\"wp-block-image\"><figure class=\"aligncenter size-full\"><img decoding=\"async\" loading=\"lazy\" width=\"700\" height=\"700\" src=\"https:\/\/activrando.org\/AR_blog\/wp-content\/uploads\/2021\/11\/211026-Bellerive-10-feuilles-mortes.jpg\" alt=\"\" class=\"wp-image-3218\" srcset=\"https:\/\/activrando.org\/AR_blog\/wp-content\/uploads\/2021\/11\/211026-Bellerive-10-feuilles-mortes.jpg 700w, https:\/\/activrando.org\/AR_blog\/wp-content\/uploads\/2021\/11\/211026-Bellerive-10-feuilles-mortes-300x300.jpg 300w, https:\/\/activrando.org\/AR_blog\/wp-content\/uploads\/2021\/11\/211026-Bellerive-10-feuilles-mortes-150x150.jpg 150w\" sizes=\"(max-width: 700px) 100vw, 700px\" \/><figcaption>.<br>.<\/figcaption><\/figure><\/div>\n\n\n\n<p class=\"has-text-align-center\"><strong><a href=\"https:\/\/activrando.org\/AR_blog\/2021\/10\/24\/24-octobre-2021-journee-rando-dans-les-volcans\/\">&lt; &lt; &lt; ARTICLE PR\u00c9C\u00c9DENT<\/a><\/strong> <strong>&#8212;&#8212;&#8212;&#8212;-  <a href=\"https:\/\/activrando.org\/AR_blog\/\">ACCUEIL DU BLOG<\/a> &#8212;&#8212;&#8212;&#8212;&#8212;&#8212;&#8212;-  <a href=\"https:\/\/activrando.org\/AR_blog\/2021\/10\/31\/chateau-rocher-journee-rando-a-pouzol-63-dim-31-oct-2021-28-photos\/\" data-type=\"URL\" data-id=\"https:\/\/activrando.org\/AR_blog\/2021\/10\/31\/chateau-rocher-journee-rando-a-pouzol-63-dim-31-oct-2021-28-photos\/\">ARTICLE SUIVANT &gt; &gt; &gt;<\/a><\/strong><\/p>\n\n\n\n<p>.<\/p>\n\n\n\n<p>.<\/p>\n","protected":false},"excerpt":{"rendered":"<p>On peut aller voir le Bois de Charmeil en partant du Centre Omnisports : un peu de marche en terrain d\u00e9gag\u00e9 et puis l&rsquo;on entre dans le couvert forestier et alors la magie sylvestre fonctionne imm\u00e9diatement, surtout en automne, avec les feuillages ou aux verts se m\u00ealent le jaune, le&#8230;<\/p>\n","protected":false},"author":2,"featured_media":3219,"comment_status":"closed","ping_status":"closed","sticky":false,"template":"","format":"standard","meta":[],"categories":[5],"tags":[15,20],"_links":{"self":[{"href":"https:\/\/activrando.org\/AR_blog\/wp-json\/wp\/v2\/posts\/3208"}],"collection":[{"href":"https:\/\/activrando.org\/AR_blog\/wp-json\/wp\/v2\/posts"}],"about":[{"href":"https:\/\/activrando.org\/AR_blog\/wp-json\/wp\/v2\/types\/post"}],"author":[{"embeddable":true,"href":"https:\/\/activrando.org\/AR_blog\/wp-json\/wp\/v2\/users\/2"}],"replies":[{"embeddable":true,"href":"https:\/\/activrando.org\/AR_blog\/wp-json\/wp\/v2\/comments?post=3208"}],"version-history":[{"count":8,"href":"https:\/\/activrando.org\/AR_blog\/wp-json\/wp\/v2\/posts\/3208\/revisions"}],"predecessor-version":[{"id":3670,"href":"https:\/\/activrando.org\/AR_blog\/wp-json\/wp\/v2\/posts\/3208\/revisions\/3670"}],"wp:featuredmedia":[{"embeddable":true,"href":"https:\/\/activrando.org\/AR_blog\/wp-json\/wp\/v2\/media\/3219"}],"wp:attachment":[{"href":"https:\/\/activrando.org\/AR_blog\/wp-json\/wp\/v2\/media?parent=3208"}],"wp:term":[{"taxonomy":"category","embeddable":true,"href":"https:\/\/activrando.org\/AR_blog\/wp-json\/wp\/v2\/categories?post=3208"},{"taxonomy":"post_tag","embeddable":true,"href":"https:\/\/activrando.org\/AR_blog\/wp-json\/wp\/v2\/tags?post=3208"}],"curies":[{"name":"wp","href":"https:\/\/api.w.org\/{rel}","templated":true}]}}