{"id":3184,"date":"2021-10-19T17:18:00","date_gmt":"2021-10-19T15:18:00","guid":{"rendered":"http:\/\/activrando.org\/AR_blog\/?p=3184"},"modified":"2021-12-09T08:49:16","modified_gmt":"2021-12-09T07:49:16","slug":"les-saints-paul-rando-sante-a-brout-vernet-le-19-oct-2021","status":"publish","type":"post","link":"https:\/\/activrando.org\/AR_blog\/2021\/10\/19\/les-saints-paul-rando-sante-a-brout-vernet-le-19-oct-2021\/","title":{"rendered":"\u00a0\u00bbLes Saints-Paul\u00a0\u00bb : Rando Sant\u00e9\u00ae \u00e0 Bro\u00fbt-Vernet le 19 oct. 2021 (10 photos)"},"content":{"rendered":"\n<p>\u2026<\/p>\n\n\n\n<p>\u2026<\/p>\n\n\n\n<p class=\"has-text-align-center\"><strong><a href=\"https:\/\/activrando.org\/AR_blog\/2021\/08\/12\/chateau-gaillard-petite-rando-le-12-aout-2021-a-brugheas\/\" data-type=\"URL\" data-id=\"https:\/\/activrando.org\/AR_blog\/2021\/08\/12\/chateau-gaillard-petite-rando-le-12-aout-2021-a-brugheas\/\">&lt; &lt; &lt; ARTICLE PR\u00c9C\u00c9DENT<\/a> &#8212;&#8212;&#8212;&#8212;&#8212;&#8212;-  <a href=\"https:\/\/activrando.org\/AR_blog\/\">ACCUEIL DU BLOG<\/a> &#8212;&#8212;&#8212;&#8212;&#8212;&#8212;&#8212;-  <a href=\"https:\/\/activrando.org\/AR_blog\/2021\/10\/19\/balade-du-soir-mini-rando-semi-nocturne-a-seuillet-le-19-oct-2021\/\">ARTICLE SUIVANT &gt; &gt; &gt;<\/a><\/strong><\/p>\n\n\n\n<p>\u2026<\/p>\n\n\n\n<div class=\"wp-block-image\"><figure class=\"aligncenter size-full\"><img decoding=\"async\" loading=\"lazy\" width=\"1024\" height=\"640\" src=\"https:\/\/activrando.org\/AR_blog\/wp-content\/uploads\/2021\/11\/211019-Brout-Vernet-01-groupe-marche.jpg\" alt=\"\" class=\"wp-image-3185\" srcset=\"https:\/\/activrando.org\/AR_blog\/wp-content\/uploads\/2021\/11\/211019-Brout-Vernet-01-groupe-marche.jpg 1024w, https:\/\/activrando.org\/AR_blog\/wp-content\/uploads\/2021\/11\/211019-Brout-Vernet-01-groupe-marche-300x188.jpg 300w, https:\/\/activrando.org\/AR_blog\/wp-content\/uploads\/2021\/11\/211019-Brout-Vernet-01-groupe-marche-768x480.jpg 768w\" sizes=\"(max-width: 1024px) 100vw, 1024px\" \/><figcaption>\u2026<\/figcaption><\/figure><\/div>\n\n\n\n<p>\u2026<\/p>\n\n\n\n<div class=\"wp-block-image\"><figure class=\"aligncenter size-full\"><img decoding=\"async\" loading=\"lazy\" width=\"1024\" height=\"640\" src=\"https:\/\/activrando.org\/AR_blog\/wp-content\/uploads\/2021\/11\/211019-Brout-Vernet-02-groupe-pause.jpg\" alt=\"\" class=\"wp-image-3186\" srcset=\"https:\/\/activrando.org\/AR_blog\/wp-content\/uploads\/2021\/11\/211019-Brout-Vernet-02-groupe-pause.jpg 1024w, https:\/\/activrando.org\/AR_blog\/wp-content\/uploads\/2021\/11\/211019-Brout-Vernet-02-groupe-pause-300x188.jpg 300w, https:\/\/activrando.org\/AR_blog\/wp-content\/uploads\/2021\/11\/211019-Brout-Vernet-02-groupe-pause-768x480.jpg 768w\" sizes=\"(max-width: 1024px) 100vw, 1024px\" \/><figcaption><strong>Apr\u00e8s un moment, arriv\u00e9 au lieu-dit La Motte Champiat, on fait une pause, mais le but n&rsquo;en est pas seulement de boire&#8230;<\/strong><\/figcaption><\/figure><\/div>\n\n\n\n<p>\u2026<\/p>\n\n\n\n<p>\u2026<\/p>\n\n\n\n<div class=\"wp-block-image\"><figure class=\"aligncenter size-full\"><img decoding=\"async\" loading=\"lazy\" width=\"1024\" height=\"640\" src=\"https:\/\/activrando.org\/AR_blog\/wp-content\/uploads\/2021\/11\/211019-Brout-Vernet-03-chevres-escalier.jpg\" alt=\"\" class=\"wp-image-3187\" srcset=\"https:\/\/activrando.org\/AR_blog\/wp-content\/uploads\/2021\/11\/211019-Brout-Vernet-03-chevres-escalier.jpg 1024w, https:\/\/activrando.org\/AR_blog\/wp-content\/uploads\/2021\/11\/211019-Brout-Vernet-03-chevres-escalier-300x188.jpg 300w, https:\/\/activrando.org\/AR_blog\/wp-content\/uploads\/2021\/11\/211019-Brout-Vernet-03-chevres-escalier-768x480.jpg 768w\" sizes=\"(max-width: 1024px) 100vw, 1024px\" \/><figcaption><strong>On prend aussi le temps de regarder les ch\u00e8vres coquines qui habitent l\u00e0 et ont depuis longtemps pris un escalier ext\u00e9rieur comme terrain de jeux !<\/strong><\/figcaption><\/figure><\/div>\n\n\n\n<p>\u2026<\/p>\n\n\n\n<p>\u2026<\/p>\n\n\n\n<div class=\"wp-block-image\"><figure class=\"aligncenter size-full is-resized\"><img decoding=\"async\" loading=\"lazy\" src=\"https:\/\/activrando.org\/AR_blog\/wp-content\/uploads\/2021\/11\/211019-Brout-Vernet-04-chevres-escalier.jpg\" alt=\"\" class=\"wp-image-3188\" width=\"846\" height=\"419\" srcset=\"https:\/\/activrando.org\/AR_blog\/wp-content\/uploads\/2021\/11\/211019-Brout-Vernet-04-chevres-escalier.jpg 1024w, https:\/\/activrando.org\/AR_blog\/wp-content\/uploads\/2021\/11\/211019-Brout-Vernet-04-chevres-escalier-300x149.jpg 300w, https:\/\/activrando.org\/AR_blog\/wp-content\/uploads\/2021\/11\/211019-Brout-Vernet-04-chevres-escalier-768x381.jpg 768w\" sizes=\"(max-width: 846px) 100vw, 846px\" \/><figcaption>\u2026<\/figcaption><\/figure><\/div>\n\n\n\n<p>\u2026<\/p>\n\n\n\n<p class=\"has-text-align-center\"><strong>Plus loin, on atteint Les Saints-Paul et notre regard est attir\u00e9 par les dalhias, fleurs de saison&#8230;<\/strong><\/p>\n\n\n\n<div class=\"wp-block-image\"><figure class=\"aligncenter size-full\"><img decoding=\"async\" loading=\"lazy\" width=\"800\" height=\"800\" src=\"https:\/\/activrando.org\/AR_blog\/wp-content\/uploads\/2021\/11\/211019-Brout-Vernet-05-fleur-dalhia.jpg\" alt=\"\" class=\"wp-image-3189\" srcset=\"https:\/\/activrando.org\/AR_blog\/wp-content\/uploads\/2021\/11\/211019-Brout-Vernet-05-fleur-dalhia.jpg 800w, https:\/\/activrando.org\/AR_blog\/wp-content\/uploads\/2021\/11\/211019-Brout-Vernet-05-fleur-dalhia-300x300.jpg 300w, https:\/\/activrando.org\/AR_blog\/wp-content\/uploads\/2021\/11\/211019-Brout-Vernet-05-fleur-dalhia-150x150.jpg 150w, https:\/\/activrando.org\/AR_blog\/wp-content\/uploads\/2021\/11\/211019-Brout-Vernet-05-fleur-dalhia-768x768.jpg 768w\" sizes=\"(max-width: 800px) 100vw, 800px\" \/><figcaption>\u2026<\/figcaption><\/figure><\/div>\n\n\n\n<p>\u2026<\/p>\n\n\n\n<div class=\"wp-block-image\"><figure class=\"aligncenter size-full\"><img decoding=\"async\" loading=\"lazy\" width=\"800\" height=\"800\" src=\"https:\/\/activrando.org\/AR_blog\/wp-content\/uploads\/2021\/11\/211019-Brout-Vernet-06-fleur-dalhia-bourdons.jpg\" alt=\"\" class=\"wp-image-3190\" srcset=\"https:\/\/activrando.org\/AR_blog\/wp-content\/uploads\/2021\/11\/211019-Brout-Vernet-06-fleur-dalhia-bourdons.jpg 800w, https:\/\/activrando.org\/AR_blog\/wp-content\/uploads\/2021\/11\/211019-Brout-Vernet-06-fleur-dalhia-bourdons-300x300.jpg 300w, https:\/\/activrando.org\/AR_blog\/wp-content\/uploads\/2021\/11\/211019-Brout-Vernet-06-fleur-dalhia-bourdons-150x150.jpg 150w, https:\/\/activrando.org\/AR_blog\/wp-content\/uploads\/2021\/11\/211019-Brout-Vernet-06-fleur-dalhia-bourdons-768x768.jpg 768w\" sizes=\"(max-width: 800px) 100vw, 800px\" \/><\/figure><\/div>\n\n\n\n<p>\u2026<\/p>\n\n\n\n<p>\u2026<\/p>\n\n\n\n<div class=\"wp-block-image\"><figure class=\"aligncenter size-full\"><img decoding=\"async\" loading=\"lazy\" width=\"1024\" height=\"683\" src=\"https:\/\/activrando.org\/AR_blog\/wp-content\/uploads\/2021\/11\/211019-Brout-Vernet-07-groupe-pose.jpg\" alt=\"\" class=\"wp-image-3191\" srcset=\"https:\/\/activrando.org\/AR_blog\/wp-content\/uploads\/2021\/11\/211019-Brout-Vernet-07-groupe-pose.jpg 1024w, https:\/\/activrando.org\/AR_blog\/wp-content\/uploads\/2021\/11\/211019-Brout-Vernet-07-groupe-pose-300x200.jpg 300w, https:\/\/activrando.org\/AR_blog\/wp-content\/uploads\/2021\/11\/211019-Brout-Vernet-07-groupe-pose-768x512.jpg 768w\" sizes=\"(max-width: 1024px) 100vw, 1024px\" \/><figcaption>\u2026<\/figcaption><\/figure><\/div>\n\n\n\n<p>\u2026<\/p>\n\n\n\n<div class=\"wp-block-image\"><figure class=\"aligncenter size-full\"><img decoding=\"async\" loading=\"lazy\" width=\"700\" height=\"933\" src=\"https:\/\/activrando.org\/AR_blog\/wp-content\/uploads\/2021\/11\/211019-Brout-Vernet-08-eglise.jpg\" alt=\"\" class=\"wp-image-3192\" srcset=\"https:\/\/activrando.org\/AR_blog\/wp-content\/uploads\/2021\/11\/211019-Brout-Vernet-08-eglise.jpg 700w, https:\/\/activrando.org\/AR_blog\/wp-content\/uploads\/2021\/11\/211019-Brout-Vernet-08-eglise-225x300.jpg 225w\" sizes=\"(max-width: 700px) 100vw, 700px\" \/><figcaption><strong>En revenant par le village, on fait un petit d\u00e9tour pour visiter l&rsquo;\u00e9glise<\/strong><\/figcaption><\/figure><\/div>\n\n\n\n<p>\u2026<\/p>\n\n\n\n<p>\u2026<\/p>\n\n\n\n<div class=\"wp-block-image\"><figure class=\"aligncenter size-full\"><img decoding=\"async\" loading=\"lazy\" width=\"1024\" height=\"620\" src=\"https:\/\/activrando.org\/AR_blog\/wp-content\/uploads\/2021\/11\/211019-Brout-Vernet-09-eglise-chapiteaux.jpg\" alt=\"\" class=\"wp-image-3193\" srcset=\"https:\/\/activrando.org\/AR_blog\/wp-content\/uploads\/2021\/11\/211019-Brout-Vernet-09-eglise-chapiteaux.jpg 1024w, https:\/\/activrando.org\/AR_blog\/wp-content\/uploads\/2021\/11\/211019-Brout-Vernet-09-eglise-chapiteaux-300x182.jpg 300w, https:\/\/activrando.org\/AR_blog\/wp-content\/uploads\/2021\/11\/211019-Brout-Vernet-09-eglise-chapiteaux-768x465.jpg 768w\" sizes=\"(max-width: 1024px) 100vw, 1024px\" \/><figcaption><strong>Quelques-uns des chapiteaux sont int\u00e9ressants.<\/strong><\/figcaption><\/figure><\/div>\n\n\n\n<p>.<\/p>\n\n\n\n<p>.<\/p>\n\n\n\n<p class=\"has-text-align-center\"><strong><a href=\"https:\/\/activrando.org\/AR_blog\/2021\/08\/12\/chateau-gaillard-petite-rando-le-12-aout-2021-a-brugheas\/\" data-type=\"URL\" data-id=\"https:\/\/activrando.org\/AR_blog\/2021\/08\/12\/chateau-gaillard-petite-rando-le-12-aout-2021-a-brugheas\/\">&lt; &lt; &lt; ARTICLE PR\u00c9C\u00c9DENT<\/a> &#8212;&#8212;&#8212;&#8212;&#8212;&#8212;-  <a href=\"https:\/\/activrando.org\/AR_blog\/\">ACCUEIL DU BLOG<\/a> &#8212;&#8212;&#8212;&#8212;&#8212;&#8212;&#8212;-  <a href=\"https:\/\/activrando.org\/AR_blog\/2021\/10\/19\/balade-du-soir-mini-rando-semi-nocturne-a-seuillet-le-19-oct-2021\/\">ARTICLE SUIVANT &gt; &gt; &gt;<\/a><\/strong><\/p>\n\n\n\n<p>.<\/p>\n","protected":false},"excerpt":{"rendered":"<p>Mini Rando facile \u00e0 Brout-Vernet par un temps doux automnal : Alors le soleil est tr\u00e8s agr\u00e9able&#8230;<\/p>\n","protected":false},"author":2,"featured_media":3194,"comment_status":"closed","ping_status":"closed","sticky":false,"template":"","format":"standard","meta":[],"categories":[2],"tags":[24,22,23],"_links":{"self":[{"href":"https:\/\/activrando.org\/AR_blog\/wp-json\/wp\/v2\/posts\/3184"}],"collection":[{"href":"https:\/\/activrando.org\/AR_blog\/wp-json\/wp\/v2\/posts"}],"about":[{"href":"https:\/\/activrando.org\/AR_blog\/wp-json\/wp\/v2\/types\/post"}],"author":[{"embeddable":true,"href":"https:\/\/activrando.org\/AR_blog\/wp-json\/wp\/v2\/users\/2"}],"replies":[{"embeddable":true,"href":"https:\/\/activrando.org\/AR_blog\/wp-json\/wp\/v2\/comments?post=3184"}],"version-history":[{"count":6,"href":"https:\/\/activrando.org\/AR_blog\/wp-json\/wp\/v2\/posts\/3184\/revisions"}],"predecessor-version":[{"id":3675,"href":"https:\/\/activrando.org\/AR_blog\/wp-json\/wp\/v2\/posts\/3184\/revisions\/3675"}],"wp:featuredmedia":[{"embeddable":true,"href":"https:\/\/activrando.org\/AR_blog\/wp-json\/wp\/v2\/media\/3194"}],"wp:attachment":[{"href":"https:\/\/activrando.org\/AR_blog\/wp-json\/wp\/v2\/media?parent=3184"}],"wp:term":[{"taxonomy":"category","embeddable":true,"href":"https:\/\/activrando.org\/AR_blog\/wp-json\/wp\/v2\/categories?post=3184"},{"taxonomy":"post_tag","embeddable":true,"href":"https:\/\/activrando.org\/AR_blog\/wp-json\/wp\/v2\/tags?post=3184"}],"curies":[{"name":"wp","href":"https:\/\/api.w.org\/{rel}","templated":true}]}}