{"id":3177,"date":"2021-10-19T22:00:00","date_gmt":"2021-10-19T20:00:00","guid":{"rendered":"http:\/\/activrando.org\/AR_blog\/?p=3177"},"modified":"2021-12-09T08:47:59","modified_gmt":"2021-12-09T07:47:59","slug":"balade-du-soir-mini-rando-semi-nocturne-a-seuillet-le-19-oct-2021","status":"publish","type":"post","link":"https:\/\/activrando.org\/AR_blog\/2021\/10\/19\/balade-du-soir-mini-rando-semi-nocturne-a-seuillet-le-19-oct-2021\/","title":{"rendered":"\u00a0\u00bbBalade du soir\u00a0\u00bb : mini rando semi-nocturne \u00e0 Seuillet le 19 oct. 2021 (3 photos)"},"content":{"rendered":"\n<p>\u2026<\/p>\n\n\n\n<p>\u2026<\/p>\n\n\n\n<p class=\"has-text-align-center\"><strong><a href=\"https:\/\/activrando.org\/AR_blog\/2021\/10\/19\/balade-du-soir-mini-rando-semi-nocturne-a-seuillet-le-19-oct-2021\/\">&lt;<\/a><a href=\"https:\/\/activrando.org\/AR_blog\/2021\/10\/19\/les-saints-paul-rando-sante-a-brout-vernet-le-19-oct-2021\/\"> &lt; &lt; ARTICLE PR\u00c9C\u00c9DENT<\/a> &#8212;&#8212;&#8212;&#8212;&#8212;&#8212;-  <a href=\"https:\/\/activrando.org\/AR_blog\/\">ACCUEIL DU BLOG<\/a> &#8212;&#8212;&#8212;&#8212;&#8212;&#8212;&#8212;-  <a href=\"https:\/\/activrando.org\/AR_blog\/2021\/10\/21\/le-teillot-petite-rando-au-vernet-le-21-oct-2021\/\">ARTICLE SUIVANT &gt; &gt; &gt;<\/a><\/strong><\/p>\n\n\n\n<p>\u2026<\/p>\n\n\n\n<div class=\"wp-block-image\"><figure class=\"aligncenter size-full\"><img decoding=\"async\" loading=\"lazy\" width=\"1024\" height=\"436\" src=\"https:\/\/activrando.org\/AR_blog\/wp-content\/uploads\/2021\/11\/211019-Seuillet-01-lune-lever.jpg\" alt=\"\" class=\"wp-image-3178\" srcset=\"https:\/\/activrando.org\/AR_blog\/wp-content\/uploads\/2021\/11\/211019-Seuillet-01-lune-lever.jpg 1024w, https:\/\/activrando.org\/AR_blog\/wp-content\/uploads\/2021\/11\/211019-Seuillet-01-lune-lever-300x128.jpg 300w, https:\/\/activrando.org\/AR_blog\/wp-content\/uploads\/2021\/11\/211019-Seuillet-01-lune-lever-768x327.jpg 768w\" sizes=\"(max-width: 1024px) 100vw, 1024px\" \/><figcaption>Comme pr\u00e9vu, du fait du beau temps, on a pu voir un beau lever de lune&#8230;<\/figcaption><\/figure><\/div>\n\n\n\n<p>\u2026<\/p>\n\n\n\n<p>\u2026<\/p>\n\n\n\n<div class=\"wp-block-image\"><figure class=\"aligncenter size-full\"><img decoding=\"async\" loading=\"lazy\" width=\"1024\" height=\"576\" src=\"https:\/\/activrando.org\/AR_blog\/wp-content\/uploads\/2021\/11\/211019-Seuillet-02-ciel-du-soir.jpg\" alt=\"\" class=\"wp-image-3179\" srcset=\"https:\/\/activrando.org\/AR_blog\/wp-content\/uploads\/2021\/11\/211019-Seuillet-02-ciel-du-soir.jpg 1024w, https:\/\/activrando.org\/AR_blog\/wp-content\/uploads\/2021\/11\/211019-Seuillet-02-ciel-du-soir-300x169.jpg 300w, https:\/\/activrando.org\/AR_blog\/wp-content\/uploads\/2021\/11\/211019-Seuillet-02-ciel-du-soir-768x432.jpg 768w\" sizes=\"(max-width: 1024px) 100vw, 1024px\" \/><figcaption>&#8230; juste apr\u00e8s le coucher du soleil.<\/figcaption><\/figure><\/div>\n\n\n\n<p>\u2026<\/p>\n\n\n\n<p class=\"has-text-align-center\">\u2026<\/p>\n\n\n\n<div class=\"wp-block-image\"><figure class=\"aligncenter size-full\"><img decoding=\"async\" loading=\"lazy\" width=\"1024\" height=\"768\" src=\"https:\/\/activrando.org\/AR_blog\/wp-content\/uploads\/2021\/11\/211019-Seuillet-03-pierre-peinte-rose.jpg\" alt=\"\" class=\"wp-image-3180\" srcset=\"https:\/\/activrando.org\/AR_blog\/wp-content\/uploads\/2021\/11\/211019-Seuillet-03-pierre-peinte-rose.jpg 1024w, https:\/\/activrando.org\/AR_blog\/wp-content\/uploads\/2021\/11\/211019-Seuillet-03-pierre-peinte-rose-300x225.jpg 300w, https:\/\/activrando.org\/AR_blog\/wp-content\/uploads\/2021\/11\/211019-Seuillet-03-pierre-peinte-rose-768x576.jpg 768w\" sizes=\"(max-width: 1024px) 100vw, 1024px\" \/><figcaption>Doucement la nuit est tomb\u00e9e et la vision de toutes choses, bien s\u00fbr, a chang\u00e9&#8230; Alors, dans la lueur de quelques lampes, ce marquage au sol parait encore plus \u00e9nigmatique.<\/figcaption><\/figure><\/div>\n\n\n\n<p>\u2026<\/p>\n\n\n\n<p>\u2026<\/p>\n\n\n\n<p class=\"has-text-align-center\"><strong><a href=\"https:\/\/activrando.org\/AR_blog\/2021\/10\/19\/balade-du-soir-mini-rando-semi-nocturne-a-seuillet-le-19-oct-2021\/\">&lt;<\/a><a href=\"https:\/\/activrando.org\/AR_blog\/2021\/10\/19\/les-saints-paul-rando-sante-a-brout-vernet-le-19-oct-2021\/\"> &lt; &lt; ARTICLE PR\u00c9C\u00c9DENT<\/a> &#8212;&#8212;&#8212;&#8212;&#8212;&#8212;-  <a href=\"https:\/\/activrando.org\/AR_blog\/\">ACCUEIL DU BLOG<\/a> &#8212;&#8212;&#8212;&#8212;&#8212;&#8212;&#8212;-  <a href=\"https:\/\/activrando.org\/AR_blog\/2021\/10\/21\/le-teillot-petite-rando-au-vernet-le-21-oct-2021\/\">ARTICLE SUIVANT &gt; &gt; &gt;<\/a><\/strong><\/p>\n\n\n\n<p>\u2026<\/p>\n","protected":false},"excerpt":{"rendered":"<p>Une balade pour aller voir des \u00e9v\u00e9nements qui rythment notre quotidien, toute l&rsquo;ann\u00e9e durant, et que l&rsquo;on ne voit g\u00e9n\u00e9ralement pas. Un temps doux, des moments de calme, m\u00eame si le bruit de la circulation de la D907 nous a g\u00ean\u00e9 sur une partir du circuit, un moment de bien-\u00eatre pour finir cette journ\u00e9e en petit groupe.<\/p>\n","protected":false},"author":2,"featured_media":3181,"comment_status":"closed","ping_status":"closed","sticky":false,"template":"","format":"standard","meta":[],"categories":[2],"tags":[],"_links":{"self":[{"href":"https:\/\/activrando.org\/AR_blog\/wp-json\/wp\/v2\/posts\/3177"}],"collection":[{"href":"https:\/\/activrando.org\/AR_blog\/wp-json\/wp\/v2\/posts"}],"about":[{"href":"https:\/\/activrando.org\/AR_blog\/wp-json\/wp\/v2\/types\/post"}],"author":[{"embeddable":true,"href":"https:\/\/activrando.org\/AR_blog\/wp-json\/wp\/v2\/users\/2"}],"replies":[{"embeddable":true,"href":"https:\/\/activrando.org\/AR_blog\/wp-json\/wp\/v2\/comments?post=3177"}],"version-history":[{"count":4,"href":"https:\/\/activrando.org\/AR_blog\/wp-json\/wp\/v2\/posts\/3177\/revisions"}],"predecessor-version":[{"id":3674,"href":"https:\/\/activrando.org\/AR_blog\/wp-json\/wp\/v2\/posts\/3177\/revisions\/3674"}],"wp:featuredmedia":[{"embeddable":true,"href":"https:\/\/activrando.org\/AR_blog\/wp-json\/wp\/v2\/media\/3181"}],"wp:attachment":[{"href":"https:\/\/activrando.org\/AR_blog\/wp-json\/wp\/v2\/media?parent=3177"}],"wp:term":[{"taxonomy":"category","embeddable":true,"href":"https:\/\/activrando.org\/AR_blog\/wp-json\/wp\/v2\/categories?post=3177"},{"taxonomy":"post_tag","embeddable":true,"href":"https:\/\/activrando.org\/AR_blog\/wp-json\/wp\/v2\/tags?post=3177"}],"curies":[{"name":"wp","href":"https:\/\/api.w.org\/{rel}","templated":true}]}}