{"id":3164,"date":"2021-10-21T20:39:00","date_gmt":"2021-10-21T18:39:00","guid":{"rendered":"http:\/\/activrando.org\/AR_blog\/?p=3164"},"modified":"2021-12-09T08:46:18","modified_gmt":"2021-12-09T07:46:18","slug":"le-teillot-petite-rando-au-vernet-le-21-oct-2021","status":"publish","type":"post","link":"https:\/\/activrando.org\/AR_blog\/2021\/10\/21\/le-teillot-petite-rando-au-vernet-le-21-oct-2021\/","title":{"rendered":"\u00a0\u00bbLe Teillot\u00a0\u00bb : Petite rando au Vernet le 21 oct. 2021 (6 photos)"},"content":{"rendered":"\n<p>\u2026<\/p>\n\n\n\n<p>\u2026<\/p>\n\n\n\n<p class=\"has-text-align-center\"><strong><a href=\"https:\/\/activrando.org\/AR_blog\/2021\/10\/19\/balade-du-soir-mini-rando-semi-nocturne-a-seuillet-le-19-oct-2021\/\">&lt; &lt; &lt; ARTICLE PR\u00c9C\u00c9DENT<\/a> &#8212;&#8212;&#8212;&#8212;&#8212;&#8212;-  <a href=\"https:\/\/activrando.org\/AR_blog\/\">ACCUEIL DU BLOG<\/a> &#8212;&#8212;&#8212;&#8212;&#8212;&#8212;&#8212;-  <a href=\"https:\/\/activrando.org\/AR_blog\/2021\/10\/24\/24-octobre-2021-journee-rando-dans-les-volcans\/\">ARTICLE SUIVANT &gt; &gt; &gt;<\/a><\/strong><\/p>\n\n\n\n<div class=\"wp-block-image\"><figure class=\"aligncenter size-full\"><img decoding=\"async\" loading=\"lazy\" width=\"1024\" height=\"640\" src=\"https:\/\/activrando.org\/AR_blog\/wp-content\/uploads\/2021\/11\/211021-Vernet-01-groupe-marche.jpg\" alt=\"\" class=\"wp-image-3165\" srcset=\"https:\/\/activrando.org\/AR_blog\/wp-content\/uploads\/2021\/11\/211021-Vernet-01-groupe-marche.jpg 1024w, https:\/\/activrando.org\/AR_blog\/wp-content\/uploads\/2021\/11\/211021-Vernet-01-groupe-marche-300x188.jpg 300w, https:\/\/activrando.org\/AR_blog\/wp-content\/uploads\/2021\/11\/211021-Vernet-01-groupe-marche-768x480.jpg 768w\" sizes=\"(max-width: 1024px) 100vw, 1024px\" \/><figcaption>Sur les chemins des Bois Dieux&#8230;<\/figcaption><\/figure><\/div>\n\n\n\n<p>\u2026<\/p>\n\n\n\n<p>\u2026<\/p>\n\n\n\n<div class=\"wp-block-image\"><figure class=\"aligncenter size-full\"><img decoding=\"async\" loading=\"lazy\" width=\"1024\" height=\"768\" src=\"https:\/\/activrando.org\/AR_blog\/wp-content\/uploads\/2021\/11\/211021-Vernet-02-foret-groupe-marche.jpg\" alt=\"\" class=\"wp-image-3166\" srcset=\"https:\/\/activrando.org\/AR_blog\/wp-content\/uploads\/2021\/11\/211021-Vernet-02-foret-groupe-marche.jpg 1024w, https:\/\/activrando.org\/AR_blog\/wp-content\/uploads\/2021\/11\/211021-Vernet-02-foret-groupe-marche-300x225.jpg 300w, https:\/\/activrando.org\/AR_blog\/wp-content\/uploads\/2021\/11\/211021-Vernet-02-foret-groupe-marche-768x576.jpg 768w\" sizes=\"(max-width: 1024px) 100vw, 1024px\" \/><figcaption>\u2026<\/figcaption><\/figure><\/div>\n\n\n\n<p>\u2026<\/p>\n\n\n\n<div class=\"wp-block-image\"><figure class=\"aligncenter size-full\"><img decoding=\"async\" loading=\"lazy\" width=\"1024\" height=\"640\" src=\"https:\/\/activrando.org\/AR_blog\/wp-content\/uploads\/2021\/11\/211021-Vernet-03-riviere-Sichon.jpg\" alt=\"\" class=\"wp-image-3167\" srcset=\"https:\/\/activrando.org\/AR_blog\/wp-content\/uploads\/2021\/11\/211021-Vernet-03-riviere-Sichon.jpg 1024w, https:\/\/activrando.org\/AR_blog\/wp-content\/uploads\/2021\/11\/211021-Vernet-03-riviere-Sichon-300x188.jpg 300w, https:\/\/activrando.org\/AR_blog\/wp-content\/uploads\/2021\/11\/211021-Vernet-03-riviere-Sichon-768x480.jpg 768w\" sizes=\"(max-width: 1024px) 100vw, 1024px\" \/><figcaption>Apr\u00e8s \u00eatre redescendus jusqu&rsquo;au fond de sa vall\u00e9e, nous atteignons la rivi\u00e8re Sichon<\/figcaption><\/figure><\/div>\n\n\n\n<p class=\"has-text-align-center\">\u2026<\/p>\n\n\n\n<p class=\"has-text-align-center\">\u2026<\/p>\n\n\n\n<div class=\"wp-block-image\"><figure class=\"aligncenter size-full\"><img decoding=\"async\" loading=\"lazy\" width=\"1024\" height=\"768\" src=\"https:\/\/activrando.org\/AR_blog\/wp-content\/uploads\/2021\/11\/211021-Vernet-04-riviere-Sichon.jpg\" alt=\"\" class=\"wp-image-3168\" srcset=\"https:\/\/activrando.org\/AR_blog\/wp-content\/uploads\/2021\/11\/211021-Vernet-04-riviere-Sichon.jpg 1024w, https:\/\/activrando.org\/AR_blog\/wp-content\/uploads\/2021\/11\/211021-Vernet-04-riviere-Sichon-300x225.jpg 300w, https:\/\/activrando.org\/AR_blog\/wp-content\/uploads\/2021\/11\/211021-Vernet-04-riviere-Sichon-768x576.jpg 768w\" sizes=\"(max-width: 1024px) 100vw, 1024px\" \/><figcaption>\u2026<\/figcaption><\/figure><\/div>\n\n\n\n<p>\u2026<\/p>\n\n\n\n<div class=\"wp-block-image\"><figure class=\"aligncenter size-full\"><img decoding=\"async\" loading=\"lazy\" width=\"1024\" height=\"768\" src=\"https:\/\/activrando.org\/AR_blog\/wp-content\/uploads\/2021\/11\/211021-Vernet-05-groupe-pose.jpg\" alt=\"\" class=\"wp-image-3169\" srcset=\"https:\/\/activrando.org\/AR_blog\/wp-content\/uploads\/2021\/11\/211021-Vernet-05-groupe-pose.jpg 1024w, https:\/\/activrando.org\/AR_blog\/wp-content\/uploads\/2021\/11\/211021-Vernet-05-groupe-pose-300x225.jpg 300w, https:\/\/activrando.org\/AR_blog\/wp-content\/uploads\/2021\/11\/211021-Vernet-05-groupe-pose-768x576.jpg 768w\" sizes=\"(max-width: 1024px) 100vw, 1024px\" \/><figcaption>\u2026<\/figcaption><\/figure><\/div>\n\n\n\n<p>\u2026<\/p>\n\n\n\n<div class=\"wp-block-image\"><figure class=\"aligncenter size-full\"><img decoding=\"async\" loading=\"lazy\" width=\"700\" height=\"700\" src=\"https:\/\/activrando.org\/AR_blog\/wp-content\/uploads\/2021\/11\/211021-Vernet-06-groupe-marche.jpg\" alt=\"\" class=\"wp-image-3170\" srcset=\"https:\/\/activrando.org\/AR_blog\/wp-content\/uploads\/2021\/11\/211021-Vernet-06-groupe-marche.jpg 700w, https:\/\/activrando.org\/AR_blog\/wp-content\/uploads\/2021\/11\/211021-Vernet-06-groupe-marche-300x300.jpg 300w, https:\/\/activrando.org\/AR_blog\/wp-content\/uploads\/2021\/11\/211021-Vernet-06-groupe-marche-150x150.jpg 150w\" sizes=\"(max-width: 700px) 100vw, 700px\" \/><\/figure><\/div>\n\n\n\n<p>\u2026<\/p>\n\n\n\n<p>\u2026<\/p>\n\n\n\n<p class=\"has-text-align-center\"><strong><a href=\"https:\/\/activrando.org\/AR_blog\/2021\/10\/19\/balade-du-soir-mini-rando-semi-nocturne-a-seuillet-le-19-oct-2021\/\">&lt; &lt; &lt; ARTICLE PR\u00c9C\u00c9DENT<\/a> &#8212;&#8212;&#8212;&#8212;&#8212;&#8212;-  <a href=\"https:\/\/activrando.org\/AR_blog\/\">ACCUEIL DU BLOG<\/a> &#8212;&#8212;&#8212;&#8212;&#8212;&#8212;&#8212;-  <a href=\"https:\/\/activrando.org\/AR_blog\/2021\/10\/24\/24-octobre-2021-journee-rando-dans-les-volcans\/\">ARTICLE SUIVANT &gt; &gt; &gt;<\/a><\/strong><\/p>\n\n\n\n<p>\u2026<\/p>\n","protected":false},"excerpt":{"rendered":"<p>Une balade avec un s\u00e9rieux d\u00e9nivel\u00e9 : on monte en haut des Bois Dieux, on descend jusqu&rsquo;au Sichon, on remonte jusqu&rsquo;au Teillot puis on redescend jusqu&rsquo;au Sichon&#8230; avant de remonter jusqu&rsquo;au point de d\u00e9part : 510 m au compteur et le corps bien chaud !<\/p>\n","protected":false},"author":2,"featured_media":3171,"comment_status":"closed","ping_status":"closed","sticky":false,"template":"","format":"standard","meta":[],"categories":[2],"tags":[],"_links":{"self":[{"href":"https:\/\/activrando.org\/AR_blog\/wp-json\/wp\/v2\/posts\/3164"}],"collection":[{"href":"https:\/\/activrando.org\/AR_blog\/wp-json\/wp\/v2\/posts"}],"about":[{"href":"https:\/\/activrando.org\/AR_blog\/wp-json\/wp\/v2\/types\/post"}],"author":[{"embeddable":true,"href":"https:\/\/activrando.org\/AR_blog\/wp-json\/wp\/v2\/users\/2"}],"replies":[{"embeddable":true,"href":"https:\/\/activrando.org\/AR_blog\/wp-json\/wp\/v2\/comments?post=3164"}],"version-history":[{"count":5,"href":"https:\/\/activrando.org\/AR_blog\/wp-json\/wp\/v2\/posts\/3164\/revisions"}],"predecessor-version":[{"id":3673,"href":"https:\/\/activrando.org\/AR_blog\/wp-json\/wp\/v2\/posts\/3164\/revisions\/3673"}],"wp:featuredmedia":[{"embeddable":true,"href":"https:\/\/activrando.org\/AR_blog\/wp-json\/wp\/v2\/media\/3171"}],"wp:attachment":[{"href":"https:\/\/activrando.org\/AR_blog\/wp-json\/wp\/v2\/media?parent=3164"}],"wp:term":[{"taxonomy":"category","embeddable":true,"href":"https:\/\/activrando.org\/AR_blog\/wp-json\/wp\/v2\/categories?post=3164"},{"taxonomy":"post_tag","embeddable":true,"href":"https:\/\/activrando.org\/AR_blog\/wp-json\/wp\/v2\/tags?post=3164"}],"curies":[{"name":"wp","href":"https:\/\/api.w.org\/{rel}","templated":true}]}}