{"id":3141,"date":"2021-10-24T22:28:00","date_gmt":"2021-10-24T20:28:00","guid":{"rendered":"http:\/\/activrando.org\/AR_blog\/?p=3141"},"modified":"2021-12-09T08:45:45","modified_gmt":"2021-12-09T07:45:45","slug":"24-octobre-2021-journee-rando-dans-les-volcans","status":"publish","type":"post","link":"https:\/\/activrando.org\/AR_blog\/2021\/10\/24\/24-octobre-2021-journee-rando-dans-les-volcans\/","title":{"rendered":"\u00a0\u00bbVolcans\u00a0\u00bb : Journ\u00e9e rando dans les volcans du Puy-de-D\u00f4me le  24 oct. 2021 (16 photos)"},"content":{"rendered":"\n<p>.<\/p>\n\n\n\n<p><strong>Une journ\u00e9e de balade dans les volcans, pour profiter du beau temps automnal et de la douceur de l&rsquo;air. Au menu : le Pariou, puis le Puy de C\u00f4me, puis le Puy d D\u00f4me\u2026 Un circuit de 23 km, avec 1160 m de d\u00e9nivel\u00e9, mais surtout une succession d&rsquo;espaces -et donc de sensations- tr\u00e8s vari\u00e9s dans leur ouverture et leur densit\u00e9, mais tous assez exigeants d&rsquo;acc\u00e8s.<\/strong><\/p>\n\n\n\n<p>.<\/p>\n\n\n\n<p class=\"has-text-align-center\"><strong><a href=\"https:\/\/activrando.org\/AR_blog\/2021\/10\/21\/le-teillot-petite-rando-au-vernet-le-21-oct-2021\/\">&lt; &lt; &lt; ARTICLE PR\u00c9C\u00c9DENT<\/a> &#8212;&#8212;&#8212;&#8212;&#8212;&#8212;-  <a href=\"https:\/\/activrando.org\/AR_blog\/\">ACCUEIL DU BLOG<\/a> &#8212;&#8212;&#8212;&#8212;&#8212;&#8212;&#8212;-  <a href=\"https:\/\/activrando.org\/AR_blog\/2021\/10\/26\/bois-de-charmeil-rando-sante-a-bellerive-a-mardi-26-oct-2021-10-photos\/\" data-type=\"URL\" data-id=\"https:\/\/activrando.org\/AR_blog\/2021\/10\/26\/bois-de-charmeil-rando-sante-a-bellerive-a-mardi-26-oct-2021-10-photos\/\">ARTICLE SUIVANT &gt; &gt; &gt;<\/a><\/strong><\/p>\n\n\n\n<div class=\"wp-block-image\"><figure class=\"aligncenter size-full\"><img decoding=\"async\" loading=\"lazy\" width=\"1024\" height=\"576\" src=\"https:\/\/activrando.org\/AR_blog\/wp-content\/uploads\/2021\/11\/211024-Orcines-01-Pariou-groupe-pause.jpg\" alt=\"\" class=\"wp-image-3142\" srcset=\"https:\/\/activrando.org\/AR_blog\/wp-content\/uploads\/2021\/11\/211024-Orcines-01-Pariou-groupe-pause.jpg 1024w, https:\/\/activrando.org\/AR_blog\/wp-content\/uploads\/2021\/11\/211024-Orcines-01-Pariou-groupe-pause-300x169.jpg 300w, https:\/\/activrando.org\/AR_blog\/wp-content\/uploads\/2021\/11\/211024-Orcines-01-Pariou-groupe-pause-768x432.jpg 768w\" sizes=\"(max-width: 1024px) 100vw, 1024px\" \/><figcaption><strong>Au sommet du Pariou<\/strong><\/figcaption><\/figure><\/div>\n\n\n\n<p>\u2026<\/p>\n\n\n\n<p>\u2026<\/p>\n\n\n\n<div class=\"wp-block-image\"><figure class=\"aligncenter size-full\"><img decoding=\"async\" loading=\"lazy\" width=\"1024\" height=\"576\" src=\"https:\/\/activrando.org\/AR_blog\/wp-content\/uploads\/2021\/11\/211024-Orcines-02-volcans-foret.jpg\" alt=\"\" class=\"wp-image-3143\" srcset=\"https:\/\/activrando.org\/AR_blog\/wp-content\/uploads\/2021\/11\/211024-Orcines-02-volcans-foret.jpg 1024w, https:\/\/activrando.org\/AR_blog\/wp-content\/uploads\/2021\/11\/211024-Orcines-02-volcans-foret-300x169.jpg 300w, https:\/\/activrando.org\/AR_blog\/wp-content\/uploads\/2021\/11\/211024-Orcines-02-volcans-foret-768x432.jpg 768w\" sizes=\"(max-width: 1024px) 100vw, 1024px\" \/><figcaption><strong>Les volcans alentour, avec leur pull-over de for\u00eat, r\u00e9sineux et feuillus m\u00e9lang\u00e9s.<\/strong><\/figcaption><\/figure><\/div>\n\n\n\n<p>\u2026<\/p>\n\n\n\n<p>\u2026<\/p>\n\n\n\n<div class=\"wp-block-image\"><figure class=\"aligncenter size-full\"><img decoding=\"async\" loading=\"lazy\" width=\"1024\" height=\"768\" src=\"https:\/\/activrando.org\/AR_blog\/wp-content\/uploads\/2021\/11\/211024-Orcines-03-Pariou-groupe-pause.jpg\" alt=\"\" class=\"wp-image-3144\" srcset=\"https:\/\/activrando.org\/AR_blog\/wp-content\/uploads\/2021\/11\/211024-Orcines-03-Pariou-groupe-pause.jpg 1024w, https:\/\/activrando.org\/AR_blog\/wp-content\/uploads\/2021\/11\/211024-Orcines-03-Pariou-groupe-pause-300x225.jpg 300w, https:\/\/activrando.org\/AR_blog\/wp-content\/uploads\/2021\/11\/211024-Orcines-03-Pariou-groupe-pause-768x576.jpg 768w\" sizes=\"(max-width: 1024px) 100vw, 1024px\" \/><figcaption><strong>Petite pause contemplative au sommet du Pariou.<\/strong><\/figcaption><\/figure><\/div>\n\n\n\n<p>\u2026<\/p>\n\n\n\n<p>\u2026<\/p>\n\n\n\n<div class=\"wp-block-image\"><figure class=\"aligncenter size-full is-resized\"><img decoding=\"async\" loading=\"lazy\" src=\"https:\/\/activrando.org\/AR_blog\/wp-content\/uploads\/2021\/11\/211024-Orcines-04-Puy_de_Come.jpg\" alt=\"\" class=\"wp-image-3145\" width=\"840\" height=\"630\" srcset=\"https:\/\/activrando.org\/AR_blog\/wp-content\/uploads\/2021\/11\/211024-Orcines-04-Puy_de_Come.jpg 1024w, https:\/\/activrando.org\/AR_blog\/wp-content\/uploads\/2021\/11\/211024-Orcines-04-Puy_de_Come-300x225.jpg 300w, https:\/\/activrando.org\/AR_blog\/wp-content\/uploads\/2021\/11\/211024-Orcines-04-Puy_de_Come-768x576.jpg 768w\" sizes=\"(max-width: 840px) 100vw, 840px\" \/><figcaption><strong>Apr\u00e8s le Pariou, notre objectif du jour \u00e9tait le Puy de C\u00f4me. Nous voici au bord du crat\u00e8re : encore une grimpette et l&rsquo;on sera  en haut.<\/strong><\/figcaption><\/figure><\/div>\n\n\n\n<p>\u2026<\/p>\n\n\n\n<p>\u2026<\/p>\n\n\n\n<div class=\"wp-block-image\"><figure class=\"aligncenter size-full\"><img decoding=\"async\" loading=\"lazy\" width=\"1024\" height=\"576\" src=\"https:\/\/activrando.org\/AR_blog\/wp-content\/uploads\/2021\/11\/211024-Orcines-05-Puy_de_Come-groupe-pose.jpg\" alt=\"\" class=\"wp-image-3146\" srcset=\"https:\/\/activrando.org\/AR_blog\/wp-content\/uploads\/2021\/11\/211024-Orcines-05-Puy_de_Come-groupe-pose.jpg 1024w, https:\/\/activrando.org\/AR_blog\/wp-content\/uploads\/2021\/11\/211024-Orcines-05-Puy_de_Come-groupe-pose-300x169.jpg 300w, https:\/\/activrando.org\/AR_blog\/wp-content\/uploads\/2021\/11\/211024-Orcines-05-Puy_de_Come-groupe-pose-768x432.jpg 768w\" sizes=\"(max-width: 1024px) 100vw, 1024px\" \/><figcaption><strong>Au sommet du Puy de C\u00f4me<\/strong><\/figcaption><\/figure><\/div>\n\n\n\n<p>\u2026<\/p>\n\n\n\n<p>\u2026<\/p>\n\n\n\n<div class=\"wp-block-image\"><figure class=\"aligncenter size-full\"><img decoding=\"async\" loading=\"lazy\" width=\"1024\" height=\"512\" src=\"https:\/\/activrando.org\/AR_blog\/wp-content\/uploads\/2021\/11\/211024-Orcines-06-volcans.jpg\" alt=\"\" class=\"wp-image-3147\" srcset=\"https:\/\/activrando.org\/AR_blog\/wp-content\/uploads\/2021\/11\/211024-Orcines-06-volcans.jpg 1024w, https:\/\/activrando.org\/AR_blog\/wp-content\/uploads\/2021\/11\/211024-Orcines-06-volcans-300x150.jpg 300w, https:\/\/activrando.org\/AR_blog\/wp-content\/uploads\/2021\/11\/211024-Orcines-06-volcans-768x384.jpg 768w\" sizes=\"(max-width: 1024px) 100vw, 1024px\" \/><figcaption><strong>De l\u00e0, nous voyons bien le Puy-de-D\u00f4me, notre prochain sommet \u00e0 gravir.<\/strong><\/figcaption><\/figure><\/div>\n\n\n\n<p>\u2026<\/p>\n\n\n\n<p>\u2026<\/p>\n\n\n\n<div class=\"wp-block-image\"><figure class=\"aligncenter size-full\"><img decoding=\"async\" loading=\"lazy\" width=\"1024\" height=\"512\" src=\"https:\/\/activrando.org\/AR_blog\/wp-content\/uploads\/2021\/11\/211024-Orcines-07-Puy_de_Come-groupe-marche.jpg\" alt=\"\" class=\"wp-image-3148\" srcset=\"https:\/\/activrando.org\/AR_blog\/wp-content\/uploads\/2021\/11\/211024-Orcines-07-Puy_de_Come-groupe-marche.jpg 1024w, https:\/\/activrando.org\/AR_blog\/wp-content\/uploads\/2021\/11\/211024-Orcines-07-Puy_de_Come-groupe-marche-300x150.jpg 300w, https:\/\/activrando.org\/AR_blog\/wp-content\/uploads\/2021\/11\/211024-Orcines-07-Puy_de_Come-groupe-marche-768x384.jpg 768w\" sizes=\"(max-width: 1024px) 100vw, 1024px\" \/><figcaption><strong>Mais nous commen\u00e7ons par redescendre&#8230;<\/strong><\/figcaption><\/figure><\/div>\n\n\n\n<p>\u2026<\/p>\n\n\n\n<p>\u2026<\/p>\n\n\n\n<div class=\"wp-block-image\"><figure class=\"aligncenter size-full\"><img decoding=\"async\" loading=\"lazy\" width=\"1024\" height=\"512\" src=\"https:\/\/activrando.org\/AR_blog\/wp-content\/uploads\/2021\/11\/211024-Orcines-08-foret-groupe-marche.jpg\" alt=\"\" class=\"wp-image-3149\" srcset=\"https:\/\/activrando.org\/AR_blog\/wp-content\/uploads\/2021\/11\/211024-Orcines-08-foret-groupe-marche.jpg 1024w, https:\/\/activrando.org\/AR_blog\/wp-content\/uploads\/2021\/11\/211024-Orcines-08-foret-groupe-marche-300x150.jpg 300w, https:\/\/activrando.org\/AR_blog\/wp-content\/uploads\/2021\/11\/211024-Orcines-08-foret-groupe-marche-768x384.jpg 768w\" sizes=\"(max-width: 1024px) 100vw, 1024px\" \/><figcaption><strong>Apr\u00e8s le pique-nique dans une clairi\u00e8re ensoleill\u00e9e au pied du Puy de C\u00f4me, nous sommes repartis en direction du Puy-de-D\u00f4me&#8230;<\/strong><\/figcaption><\/figure><\/div>\n\n\n\n<p>\u2026<\/p>\n\n\n\n<p>\u2026<\/p>\n\n\n\n<div class=\"wp-block-image\"><figure class=\"aligncenter size-full\"><img decoding=\"async\" loading=\"lazy\" width=\"1024\" height=\"768\" src=\"https:\/\/activrando.org\/AR_blog\/wp-content\/uploads\/2021\/11\/211024-Orcines-09-groupe-marche.jpg\" alt=\"\" class=\"wp-image-3150\" srcset=\"https:\/\/activrando.org\/AR_blog\/wp-content\/uploads\/2021\/11\/211024-Orcines-09-groupe-marche.jpg 1024w, https:\/\/activrando.org\/AR_blog\/wp-content\/uploads\/2021\/11\/211024-Orcines-09-groupe-marche-300x225.jpg 300w, https:\/\/activrando.org\/AR_blog\/wp-content\/uploads\/2021\/11\/211024-Orcines-09-groupe-marche-768x576.jpg 768w\" sizes=\"(max-width: 1024px) 100vw, 1024px\" \/><figcaption>\u2026<\/figcaption><\/figure><\/div>\n\n\n\n<p>\u2026<\/p>\n\n\n\n<p>\u2026<\/p>\n\n\n\n<div class=\"wp-block-image\"><figure class=\"aligncenter size-full is-resized\"><img decoding=\"async\" loading=\"lazy\" src=\"https:\/\/activrando.org\/AR_blog\/wp-content\/uploads\/2021\/11\/211024-Orcines-09-tronc-champignons.jpg\" alt=\"\" class=\"wp-image-3151\" width=\"800\" height=\"800\" srcset=\"https:\/\/activrando.org\/AR_blog\/wp-content\/uploads\/2021\/11\/211024-Orcines-09-tronc-champignons.jpg 800w, https:\/\/activrando.org\/AR_blog\/wp-content\/uploads\/2021\/11\/211024-Orcines-09-tronc-champignons-300x300.jpg 300w, https:\/\/activrando.org\/AR_blog\/wp-content\/uploads\/2021\/11\/211024-Orcines-09-tronc-champignons-150x150.jpg 150w, https:\/\/activrando.org\/AR_blog\/wp-content\/uploads\/2021\/11\/211024-Orcines-09-tronc-champignons-768x768.jpg 768w\" sizes=\"(max-width: 800px) 100vw, 800px\" \/><figcaption>\u2026<\/figcaption><\/figure><\/div>\n\n\n\n<p>\u2026<\/p>\n\n\n\n<div class=\"wp-block-image\"><figure class=\"aligncenter size-full\"><img decoding=\"async\" loading=\"lazy\" width=\"800\" height=\"800\" src=\"https:\/\/activrando.org\/AR_blog\/wp-content\/uploads\/2021\/11\/211024-Orcines-10-groupe-marche.jpg\" alt=\"\" class=\"wp-image-3152\" srcset=\"https:\/\/activrando.org\/AR_blog\/wp-content\/uploads\/2021\/11\/211024-Orcines-10-groupe-marche.jpg 800w, https:\/\/activrando.org\/AR_blog\/wp-content\/uploads\/2021\/11\/211024-Orcines-10-groupe-marche-300x300.jpg 300w, https:\/\/activrando.org\/AR_blog\/wp-content\/uploads\/2021\/11\/211024-Orcines-10-groupe-marche-150x150.jpg 150w, https:\/\/activrando.org\/AR_blog\/wp-content\/uploads\/2021\/11\/211024-Orcines-10-groupe-marche-768x768.jpg 768w\" sizes=\"(max-width: 800px) 100vw, 800px\" \/><figcaption>\u2026<\/figcaption><\/figure><\/div>\n\n\n\n<p>\u2026<\/p>\n\n\n\n<div class=\"wp-block-image\"><figure class=\"aligncenter size-full\"><img decoding=\"async\" loading=\"lazy\" width=\"1024\" height=\"576\" src=\"https:\/\/activrando.org\/AR_blog\/wp-content\/uploads\/2021\/11\/211024-Orcines-11-groupe-marche.jpg\" alt=\"\" class=\"wp-image-3153\" srcset=\"https:\/\/activrando.org\/AR_blog\/wp-content\/uploads\/2021\/11\/211024-Orcines-11-groupe-marche.jpg 1024w, https:\/\/activrando.org\/AR_blog\/wp-content\/uploads\/2021\/11\/211024-Orcines-11-groupe-marche-300x169.jpg 300w, https:\/\/activrando.org\/AR_blog\/wp-content\/uploads\/2021\/11\/211024-Orcines-11-groupe-marche-768x432.jpg 768w\" sizes=\"(max-width: 1024px) 100vw, 1024px\" \/><figcaption><strong>Apr\u00e8s avoir gravi le Puy-de-D\u00f4me et fait le tour, nous redescendons par le chemin de ch\u00e8vres, mais pour cel\u00e0, d&rsquo;abord on longe la voie du tram&rsquo;. En arri\u00e8re-plan, la ville de Clermont-Ferrand.<\/strong><\/figcaption><\/figure><\/div>\n\n\n\n<p>\u2026<\/p>\n\n\n\n<p>\u2026<\/p>\n\n\n\n<div class=\"wp-block-image\"><figure class=\"aligncenter size-full\"><img decoding=\"async\" loading=\"lazy\" width=\"1024\" height=\"819\" src=\"https:\/\/activrando.org\/AR_blog\/wp-content\/uploads\/2021\/11\/211024-Orcines-12-groupe-marche.jpg\" alt=\"\" class=\"wp-image-3154\" srcset=\"https:\/\/activrando.org\/AR_blog\/wp-content\/uploads\/2021\/11\/211024-Orcines-12-groupe-marche.jpg 1024w, https:\/\/activrando.org\/AR_blog\/wp-content\/uploads\/2021\/11\/211024-Orcines-12-groupe-marche-300x240.jpg 300w, https:\/\/activrando.org\/AR_blog\/wp-content\/uploads\/2021\/11\/211024-Orcines-12-groupe-marche-768x614.jpg 768w\" sizes=\"(max-width: 1024px) 100vw, 1024px\" \/><figcaption><strong>Apr\u00e8s \u00eatre pass\u00e9 dans le plateau du Traversin, nous remontons une derni\u00e8re fois sur le Petit Suchet.<\/strong><\/figcaption><\/figure><\/div>\n\n\n\n<p>\u2026<\/p>\n\n\n\n<p>\u2026<\/p>\n\n\n\n<div class=\"wp-block-image\"><figure class=\"aligncenter size-full\"><img decoding=\"async\" loading=\"lazy\" width=\"1024\" height=\"576\" src=\"https:\/\/activrando.org\/AR_blog\/wp-content\/uploads\/2021\/11\/211024-Orcines-13-groupe-marche.jpg\" alt=\"\" class=\"wp-image-3155\" srcset=\"https:\/\/activrando.org\/AR_blog\/wp-content\/uploads\/2021\/11\/211024-Orcines-13-groupe-marche.jpg 1024w, https:\/\/activrando.org\/AR_blog\/wp-content\/uploads\/2021\/11\/211024-Orcines-13-groupe-marche-300x169.jpg 300w, https:\/\/activrando.org\/AR_blog\/wp-content\/uploads\/2021\/11\/211024-Orcines-13-groupe-marche-768x432.jpg 768w\" sizes=\"(max-width: 1024px) 100vw, 1024px\" \/><figcaption><strong>Et e l\u00e0 nous redescendons en direction du Pariou, que nous contournerons pour revenir au point de d\u00e9part&#8230;<\/strong><\/figcaption><\/figure><\/div>\n\n\n\n<p>\u2026<\/p>\n\n\n\n<p>\u2026<\/p>\n\n\n\n<div class=\"wp-block-image\"><figure class=\"aligncenter size-full\"><img decoding=\"async\" loading=\"lazy\" width=\"1024\" height=\"576\" src=\"https:\/\/activrando.org\/AR_blog\/wp-content\/uploads\/2021\/11\/211024-Orcines-14-foret.jpg\" alt=\"\" class=\"wp-image-3156\" srcset=\"https:\/\/activrando.org\/AR_blog\/wp-content\/uploads\/2021\/11\/211024-Orcines-14-foret.jpg 1024w, https:\/\/activrando.org\/AR_blog\/wp-content\/uploads\/2021\/11\/211024-Orcines-14-foret-300x169.jpg 300w, https:\/\/activrando.org\/AR_blog\/wp-content\/uploads\/2021\/11\/211024-Orcines-14-foret-768x432.jpg 768w\" sizes=\"(max-width: 1024px) 100vw, 1024px\" \/><figcaption><strong>Un des plaisirs du jour nous vint des riches couleurs automnales de la for\u00eat et ses sous-bois.<\/strong><\/figcaption><\/figure><\/div>\n\n\n\n<p>\u2026<\/p>\n\n\n\n<p>\u2026<\/p>\n\n\n\n<div class=\"wp-block-image\"><figure class=\"aligncenter size-full\"><img decoding=\"async\" loading=\"lazy\" width=\"800\" height=\"800\" src=\"https:\/\/activrando.org\/AR_blog\/wp-content\/uploads\/2021\/11\/211024-Orcines-15-groupe-marche.jpg\" alt=\"\" class=\"wp-image-3157\" srcset=\"https:\/\/activrando.org\/AR_blog\/wp-content\/uploads\/2021\/11\/211024-Orcines-15-groupe-marche.jpg 800w, https:\/\/activrando.org\/AR_blog\/wp-content\/uploads\/2021\/11\/211024-Orcines-15-groupe-marche-300x300.jpg 300w, https:\/\/activrando.org\/AR_blog\/wp-content\/uploads\/2021\/11\/211024-Orcines-15-groupe-marche-150x150.jpg 150w, https:\/\/activrando.org\/AR_blog\/wp-content\/uploads\/2021\/11\/211024-Orcines-15-groupe-marche-768x768.jpg 768w\" sizes=\"(max-width: 800px) 100vw, 800px\" \/><figcaption>\u2026<\/figcaption><\/figure><\/div>\n\n\n\n<p>\u2026<\/p>\n\n\n\n<p class=\"has-text-align-center\"><strong>Au final, nous aurons parcourus 23,5 km, pour 1160 m de d\u00e9nivel\u00e9+, dans une magnifique journ\u00e9e ensoleill\u00e9e.  \ud83d\ude09<\/strong><\/p>\n\n\n\n<p class=\"has-text-align-center\"><strong><a href=\"https:\/\/activrando.org\/AR_blog\/2021\/10\/21\/le-teillot-petite-rando-au-vernet-le-21-oct-2021\/\">&lt; &lt; &lt; ARTICLE PR\u00c9C\u00c9DENT<\/a> &#8212;&#8212;&#8212;&#8212;&#8212;&#8212;-  <a href=\"https:\/\/activrando.org\/AR_blog\/\">ACCUEIL DU BLOG<\/a> &#8212;&#8212;&#8212;&#8212;&#8212;&#8212;&#8212;-  <a href=\"https:\/\/activrando.org\/AR_blog\/2021\/10\/26\/bois-de-charmeil-rando-sante-a-bellerive-a-mardi-26-oct-2021-10-photos\/\">ARTICLE SUIVANT &gt; &gt; &gt;<\/a><\/strong><\/p>\n\n\n\n<p>\u2026<\/p>\n","protected":false},"excerpt":{"rendered":"<p>Une journ\u00e9e dans les volcans, pour profiter du beau temps automnal et de la douceur de l&rsquo;air. Au menu : le Pariou, puis le Puy de C\u00f4me, puis le Puy d D\u00f4me&#8230;<\/p>\n","protected":false},"author":2,"featured_media":3161,"comment_status":"closed","ping_status":"closed","sticky":false,"template":"","format":"standard","meta":[],"categories":[2],"tags":[11,21],"_links":{"self":[{"href":"https:\/\/activrando.org\/AR_blog\/wp-json\/wp\/v2\/posts\/3141"}],"collection":[{"href":"https:\/\/activrando.org\/AR_blog\/wp-json\/wp\/v2\/posts"}],"about":[{"href":"https:\/\/activrando.org\/AR_blog\/wp-json\/wp\/v2\/types\/post"}],"author":[{"embeddable":true,"href":"https:\/\/activrando.org\/AR_blog\/wp-json\/wp\/v2\/users\/2"}],"replies":[{"embeddable":true,"href":"https:\/\/activrando.org\/AR_blog\/wp-json\/wp\/v2\/comments?post=3141"}],"version-history":[{"count":13,"href":"https:\/\/activrando.org\/AR_blog\/wp-json\/wp\/v2\/posts\/3141\/revisions"}],"predecessor-version":[{"id":3672,"href":"https:\/\/activrando.org\/AR_blog\/wp-json\/wp\/v2\/posts\/3141\/revisions\/3672"}],"wp:featuredmedia":[{"embeddable":true,"href":"https:\/\/activrando.org\/AR_blog\/wp-json\/wp\/v2\/media\/3161"}],"wp:attachment":[{"href":"https:\/\/activrando.org\/AR_blog\/wp-json\/wp\/v2\/media?parent=3141"}],"wp:term":[{"taxonomy":"category","embeddable":true,"href":"https:\/\/activrando.org\/AR_blog\/wp-json\/wp\/v2\/categories?post=3141"},{"taxonomy":"post_tag","embeddable":true,"href":"https:\/\/activrando.org\/AR_blog\/wp-json\/wp\/v2\/tags?post=3141"}],"curies":[{"name":"wp","href":"https:\/\/api.w.org\/{rel}","templated":true}]}}