{"id":3111,"date":"2021-07-21T23:27:48","date_gmt":"2021-07-21T21:27:48","guid":{"rendered":"http:\/\/activrando.org\/AR_blog\/?p=3111"},"modified":"2021-08-11T23:46:32","modified_gmt":"2021-08-11T21:46:32","slug":"balade-du-soir-mercredi-21-juillet-a-cusset","status":"publish","type":"post","link":"https:\/\/activrando.org\/AR_blog\/2021\/07\/21\/balade-du-soir-mercredi-21-juillet-a-cusset\/","title":{"rendered":"\u00a0\u00bbBalade du soir\u00a0\u00bb, mercredi 21 juillet \u00e0 Cusset (3 photos)"},"content":{"rendered":"\n<p><strong>En \u00e9t\u00e9, le soir est un beau moment pour se promener, dans l&rsquo;ambiance apais\u00e9e du cr\u00e9puscule. Voir le coucher de soleil et si possible le lever de lune est un spectacle qu&rsquo;individuellement l&rsquo;on oublie trop souvent d&rsquo;aller admirer. Les collines autour de Vichy offrent des points de vue int\u00e9ressant pour voir le ciel changer graduellement de couleur et la ville s&rsquo;illuminer.<\/strong><\/p>\n\n\n\n<p style=\"text-align:center\"><strong><a href=\"https:\/\/activrando.org\/AR_blog\/2021\/07\/20\/foret-de-montpensier-rando-sante-a-serbannes-mardi-20-juillet-2021\/\">&lt; &lt; &lt; ARTICLE PR\u00c9C\u00c9DENT<\/a> &#8212;&#8212;&#8212;&#8212;&#8212;&#8212;-  <a href=\"https:\/\/activrando.org\/AR_blog\/\">ACCUEIL DU BLOG<\/a> &#8212;&#8212;&#8212;&#8212;&#8212;&#8212;&#8212;-  <a href=\"https:\/\/activrando.org\/AR_blog\/2021\/07\/25\/la-vallee-des-rouets-journee-rando-a-thiers-dim-25-juillet\/\">ARTICLE SUIVANT &gt; &gt; &gt;<\/a>\ufeff<\/strong><\/p>\n\n\n\n<div class=\"wp-block-image\"><figure class=\"aligncenter\"><img decoding=\"async\" loading=\"lazy\" width=\"886\" height=\"1024\" src=\"https:\/\/activrando.org\/AR_blog\/wp-content\/uploads\/2021\/08\/210721-Cusset-01-groupe-marche-886x1024.jpg\" alt=\"\" class=\"wp-image-3112\" srcset=\"https:\/\/activrando.org\/AR_blog\/wp-content\/uploads\/2021\/08\/210721-Cusset-01-groupe-marche-886x1024.jpg 886w, https:\/\/activrando.org\/AR_blog\/wp-content\/uploads\/2021\/08\/210721-Cusset-01-groupe-marche-259x300.jpg 259w, https:\/\/activrando.org\/AR_blog\/wp-content\/uploads\/2021\/08\/210721-Cusset-01-groupe-marche-768x888.jpg 768w, https:\/\/activrando.org\/AR_blog\/wp-content\/uploads\/2021\/08\/210721-Cusset-01-groupe-marche.jpg 1024w\" sizes=\"(max-width: 886px) 100vw, 886px\" \/><figcaption>\u2026<br><br>\u2026<\/figcaption><\/figure><\/div>\n\n\n\n<figure class=\"wp-block-image\"><img decoding=\"async\" loading=\"lazy\" width=\"1024\" height=\"576\" src=\"https:\/\/activrando.org\/AR_blog\/wp-content\/uploads\/2021\/08\/210721-Cusset-02-paysage-1024x576.jpg\" alt=\"\" class=\"wp-image-3113\" srcset=\"https:\/\/activrando.org\/AR_blog\/wp-content\/uploads\/2021\/08\/210721-Cusset-02-paysage.jpg 1024w, https:\/\/activrando.org\/AR_blog\/wp-content\/uploads\/2021\/08\/210721-Cusset-02-paysage-300x169.jpg 300w, https:\/\/activrando.org\/AR_blog\/wp-content\/uploads\/2021\/08\/210721-Cusset-02-paysage-768x432.jpg 768w\" sizes=\"(max-width: 1024px) 100vw, 1024px\" \/><figcaption>\u2026<br><br>\u2026<\/figcaption><\/figure>\n\n\n\n<figure class=\"wp-block-image\"><img decoding=\"async\" loading=\"lazy\" width=\"1024\" height=\"576\" src=\"https:\/\/activrando.org\/AR_blog\/wp-content\/uploads\/2021\/08\/210721-Cusset-03-paysage-nocturne-1024x576.jpg\" alt=\"\" class=\"wp-image-3114\" srcset=\"https:\/\/activrando.org\/AR_blog\/wp-content\/uploads\/2021\/08\/210721-Cusset-03-paysage-nocturne.jpg 1024w, https:\/\/activrando.org\/AR_blog\/wp-content\/uploads\/2021\/08\/210721-Cusset-03-paysage-nocturne-300x169.jpg 300w, https:\/\/activrando.org\/AR_blog\/wp-content\/uploads\/2021\/08\/210721-Cusset-03-paysage-nocturne-768x432.jpg 768w\" sizes=\"(max-width: 1024px) 100vw, 1024px\" \/><figcaption>La nuit descend doucement sur Cusset et Vichy&#8230;<br><br>\u2026<br><br>\u2026<\/figcaption><\/figure>\n\n\n\n<p style=\"text-align:center\"><strong><a href=\"https:\/\/activrando.org\/AR_blog\/2021\/07\/20\/foret-de-montpensier-rando-sante-a-serbannes-mardi-20-juillet-2021\/\">&lt; &lt; &lt; ARTICLE PR\u00c9C\u00c9DENT<\/a> &#8212;&#8212;&#8212;&#8212;&#8212;&#8212;-  <a href=\"https:\/\/activrando.org\/AR_blog\/\">ACCUEIL DU BLOG<\/a> &#8212;&#8212;&#8212;&#8212;&#8212;&#8212;&#8212;-  <a href=\"https:\/\/activrando.org\/AR_blog\/2021\/07\/25\/la-vallee-des-rouets-journee-rando-a-thiers-dim-25-juillet\/\">ARTICLE SUIVANT &gt; &gt; &gt;<\/a>\ufeff<\/strong><\/p>\n","protected":false},"excerpt":{"rendered":"<p>En \u00e9t\u00e9, le soir est un beau moment pour se promener, dans l&rsquo;ambiance apais\u00e9e du cr\u00e9puscule. Voir le coucher de soleil et si possible le lever de lune est un spectacle qu&rsquo;individuellement l&rsquo;on oublie trop souvent d&rsquo;aller admirer. Les collines autour de Vichy offrent des points de vue int\u00e9ressant pour&#8230;<\/p>\n","protected":false},"author":2,"featured_media":3129,"comment_status":"closed","ping_status":"closed","sticky":false,"template":"","format":"standard","meta":[],"categories":[2],"tags":[],"_links":{"self":[{"href":"https:\/\/activrando.org\/AR_blog\/wp-json\/wp\/v2\/posts\/3111"}],"collection":[{"href":"https:\/\/activrando.org\/AR_blog\/wp-json\/wp\/v2\/posts"}],"about":[{"href":"https:\/\/activrando.org\/AR_blog\/wp-json\/wp\/v2\/types\/post"}],"author":[{"embeddable":true,"href":"https:\/\/activrando.org\/AR_blog\/wp-json\/wp\/v2\/users\/2"}],"replies":[{"embeddable":true,"href":"https:\/\/activrando.org\/AR_blog\/wp-json\/wp\/v2\/comments?post=3111"}],"version-history":[{"count":5,"href":"https:\/\/activrando.org\/AR_blog\/wp-json\/wp\/v2\/posts\/3111\/revisions"}],"predecessor-version":[{"id":3137,"href":"https:\/\/activrando.org\/AR_blog\/wp-json\/wp\/v2\/posts\/3111\/revisions\/3137"}],"wp:featuredmedia":[{"embeddable":true,"href":"https:\/\/activrando.org\/AR_blog\/wp-json\/wp\/v2\/media\/3129"}],"wp:attachment":[{"href":"https:\/\/activrando.org\/AR_blog\/wp-json\/wp\/v2\/media?parent=3111"}],"wp:term":[{"taxonomy":"category","embeddable":true,"href":"https:\/\/activrando.org\/AR_blog\/wp-json\/wp\/v2\/categories?post=3111"},{"taxonomy":"post_tag","embeddable":true,"href":"https:\/\/activrando.org\/AR_blog\/wp-json\/wp\/v2\/tags?post=3111"}],"curies":[{"name":"wp","href":"https:\/\/api.w.org\/{rel}","templated":true}]}}