{"id":3077,"date":"2021-07-25T22:07:48","date_gmt":"2021-07-25T20:07:48","guid":{"rendered":"http:\/\/activrando.org\/AR_blog\/?p=3077"},"modified":"2021-12-09T08:55:35","modified_gmt":"2021-12-09T07:55:35","slug":"la-vallee-des-rouets-journee-rando-a-thiers-dim-25-juillet","status":"publish","type":"post","link":"https:\/\/activrando.org\/AR_blog\/2021\/07\/25\/la-vallee-des-rouets-journee-rando-a-thiers-dim-25-juillet\/","title":{"rendered":"\u00a0\u00bbLa vall\u00e9e des rouets\u00a0\u00bb, journ\u00e9e-rando \u00e0 Thiers, dim. 25 juillet (26 photos)"},"content":{"rendered":"\n<p><strong>Certains jours, tout est un peu compliqu\u00e9&#8230; Il faut alors faire preuve d&rsquo;adaptabilit\u00e9. Il y a des choses que l&rsquo;on peut changer, mais souvent la solution prioritaire et de se changer soi-m\u00eame, du moins ses projets&#8230; Cette journ\u00e9e \u00e0 Thiers a \u00e9t\u00e9 marqu\u00e9e par pas mal d&rsquo;impr\u00e9vus, mais au final ce fut quand m\u00eame une belle journ\u00e9e de randonn\u00e9e&#8230;<\/strong><\/p>\n\n\n\n<p class=\"has-text-align-center\"><strong><a href=\"https:\/\/activrando.org\/AR_blog\/2021\/07\/21\/balade-du-soir-mercredi-21-juillet-a-cusset\/\">&lt; &lt; &lt; ARTICLE PR\u00c9C\u00c9DENT<\/a> &#8212;&#8212;&#8212;&#8212;&#8212;&#8212;-  <a href=\"https:\/\/activrando.org\/AR_blog\/\">ACCUEIL DU BLOG<\/a> &#8212;&#8212;&#8212;&#8212;&#8212;&#8212;&#8212;-  <a href=\"https:\/\/activrando.org\/AR_blog\/2021\/07\/27\/verseilles-rando-sante-a-la-bruyere-mardi-27-juillet-8-photos\/\">ARTICLE SUIVANT &gt; &gt; &gt;<\/a><a href=\"https:\/\/activrando.org\/AR_blog\/2021\/07\/29\/chargueraud-petite-rando-a-chatel-montagne-jeudi-29-juillet\/\">\ufeff<\/a><\/strong><\/p>\n\n\n\n<p><\/p>\n\n\n\n<figure class=\"wp-block-image\"><img decoding=\"async\" loading=\"lazy\" width=\"1024\" height=\"575\" src=\"https:\/\/activrando.org\/AR_blog\/wp-content\/uploads\/2021\/08\/210725-Thiers-01-maisons-1024x575.jpg\" alt=\"\" class=\"wp-image-3078\" srcset=\"https:\/\/activrando.org\/AR_blog\/wp-content\/uploads\/2021\/08\/210725-Thiers-01-maisons.jpg 1024w, https:\/\/activrando.org\/AR_blog\/wp-content\/uploads\/2021\/08\/210725-Thiers-01-maisons-300x168.jpg 300w, https:\/\/activrando.org\/AR_blog\/wp-content\/uploads\/2021\/08\/210725-Thiers-01-maisons-768x431.jpg 768w\" sizes=\"(max-width: 1024px) 100vw, 1024px\" \/><figcaption><strong>D\u00e9part du centre de Thiers, pour visiter un peu la ville avant d&rsquo;aller s&rsquo;\u00e9gayer dans la verdure.<br>Une ville construite sur une forte pente et donc faite de niveau multiples, avec des effets de terrasses et reli\u00e9s par des escaliers et des rues assez pentues&#8230;<\/strong><br><br>\u2026<br><br>\u2026<\/figcaption><\/figure>\n\n\n\n<div class=\"wp-block-image\"><figure class=\"aligncenter\"><img decoding=\"async\" loading=\"lazy\" width=\"600\" height=\"954\" src=\"https:\/\/activrando.org\/AR_blog\/wp-content\/uploads\/2021\/08\/210725-Thiers-02-groupe-marche.jpg\" alt=\"\" class=\"wp-image-3079\" srcset=\"https:\/\/activrando.org\/AR_blog\/wp-content\/uploads\/2021\/08\/210725-Thiers-02-groupe-marche.jpg 600w, https:\/\/activrando.org\/AR_blog\/wp-content\/uploads\/2021\/08\/210725-Thiers-02-groupe-marche-189x300.jpg 189w\" sizes=\"(max-width: 600px) 100vw, 600px\" \/><figcaption><strong>Le circuit a donc \u00e9t\u00e9 trac\u00e9 pour nous promener d&rsquo;abord un peu dans ce qui ressemble un peu \u00e0 un d\u00e9dale de rues \u00e9troites,<\/strong><br><strong>avec des maisons anciennes, pour descendre progressivement mais pas trop vite vers le fond de vall\u00e9e.<\/strong><br><br>\u2026<br><br>\u2026<\/figcaption><\/figure><\/div>\n\n\n\n<div class=\"wp-block-image\"><figure class=\"aligncenter\"><img decoding=\"async\" loading=\"lazy\" width=\"600\" height=\"917\" src=\"https:\/\/activrando.org\/AR_blog\/wp-content\/uploads\/2021\/08\/210725-Thiers-03-maisons-rue.jpg\" alt=\"\" class=\"wp-image-3080\" srcset=\"https:\/\/activrando.org\/AR_blog\/wp-content\/uploads\/2021\/08\/210725-Thiers-03-maisons-rue.jpg 600w, https:\/\/activrando.org\/AR_blog\/wp-content\/uploads\/2021\/08\/210725-Thiers-03-maisons-rue-196x300.jpg 196w\" sizes=\"(max-width: 600px) 100vw, 600px\" \/><figcaption><strong>On le voit mal ici, mais ce ne sont l\u00e0 qu&rsquo;escaliers successifs.<\/strong><br><br>\u2026<br><br>\u2026<\/figcaption><\/figure><\/div>\n\n\n\n<div class=\"wp-block-image\"><figure class=\"aligncenter\"><img decoding=\"async\" loading=\"lazy\" width=\"600\" height=\"872\" src=\"https:\/\/activrando.org\/AR_blog\/wp-content\/uploads\/2021\/08\/210725-Thiers-04-facade-ancienne.jpg\" alt=\"\" class=\"wp-image-3081\" srcset=\"https:\/\/activrando.org\/AR_blog\/wp-content\/uploads\/2021\/08\/210725-Thiers-04-facade-ancienne.jpg 600w, https:\/\/activrando.org\/AR_blog\/wp-content\/uploads\/2021\/08\/210725-Thiers-04-facade-ancienne-206x300.jpg 206w\" sizes=\"(max-width: 600px) 100vw, 600px\" \/><figcaption>\u2026<br><br>\u2026<\/figcaption><\/figure><\/div>\n\n\n\n<div class=\"wp-block-image\"><figure class=\"aligncenter\"><img decoding=\"async\" loading=\"lazy\" width=\"600\" height=\"986\" src=\"https:\/\/activrando.org\/AR_blog\/wp-content\/uploads\/2021\/08\/210725-Thiers-05-groupe-marche.jpg\" alt=\"\" class=\"wp-image-3082\" srcset=\"https:\/\/activrando.org\/AR_blog\/wp-content\/uploads\/2021\/08\/210725-Thiers-05-groupe-marche.jpg 600w, https:\/\/activrando.org\/AR_blog\/wp-content\/uploads\/2021\/08\/210725-Thiers-05-groupe-marche-183x300.jpg 183w\" sizes=\"(max-width: 600px) 100vw, 600px\" \/><figcaption><strong>Par endroits aussi des passages en corniche&#8230;<\/strong><br><br>\u2026<br><br>\u2026<\/figcaption><\/figure><\/div>\n\n\n\n<div class=\"wp-block-image\"><figure class=\"aligncenter\"><img decoding=\"async\" loading=\"lazy\" width=\"600\" height=\"826\" src=\"https:\/\/activrando.org\/AR_blog\/wp-content\/uploads\/2021\/08\/210725-Thiers-06-eglise-porte.jpg\" alt=\"\" class=\"wp-image-3083\" srcset=\"https:\/\/activrando.org\/AR_blog\/wp-content\/uploads\/2021\/08\/210725-Thiers-06-eglise-porte.jpg 600w, https:\/\/activrando.org\/AR_blog\/wp-content\/uploads\/2021\/08\/210725-Thiers-06-eglise-porte-218x300.jpg 218w\" sizes=\"(max-width: 600px) 100vw, 600px\" \/><figcaption><strong>Porte sur le c\u00f4t\u00e9 nord de l&rsquo;\u00e9glise Saint-Jean. A noter les deux statues manquantes, de chaque c\u00f4t\u00e9 de l&rsquo;ouverture.<\/strong><br><br>\u2026<br><br>\u2026<\/figcaption><\/figure><\/div>\n\n\n\n<figure class=\"wp-block-image\"><img decoding=\"async\" loading=\"lazy\" width=\"1024\" height=\"576\" src=\"https:\/\/activrando.org\/AR_blog\/wp-content\/uploads\/2021\/08\/210725-Thiers-07-ateliers-riviere-1024x576.jpg\" alt=\"\" class=\"wp-image-3084\" srcset=\"https:\/\/activrando.org\/AR_blog\/wp-content\/uploads\/2021\/08\/210725-Thiers-07-ateliers-riviere.jpg 1024w, https:\/\/activrando.org\/AR_blog\/wp-content\/uploads\/2021\/08\/210725-Thiers-07-ateliers-riviere-300x169.jpg 300w, https:\/\/activrando.org\/AR_blog\/wp-content\/uploads\/2021\/08\/210725-Thiers-07-ateliers-riviere-768x432.jpg 768w\" sizes=\"(max-width: 1024px) 100vw, 1024px\" \/><figcaption><strong>Enfin, nous atteignons le fond&#8230; o\u00f9 se trouve ici ce qui fut l&rsquo;origine de toute richesse : la puissante, la vive, la torrentueuse <a href=\"https:\/\/fr.wikipedia.org\/wiki\/Durolle\">Durolle<\/a>,<\/strong><br><strong>dont l&rsquo;eau anima tant de moulins dont l&rsquo;\u00e9nergie \u00e9tait n\u00e9cessaire \u00e0 la fabrication des couteaux. <\/strong><br><br>\u2026<br><br>\u2026<\/figcaption><\/figure>\n\n\n\n<figure class=\"wp-block-image\"><img decoding=\"async\" loading=\"lazy\" width=\"1024\" height=\"683\" src=\"https:\/\/activrando.org\/AR_blog\/wp-content\/uploads\/2021\/08\/210725-Thiers-08-ateliers-riviere-1024x683.jpg\" alt=\"\" class=\"wp-image-3085\" srcset=\"https:\/\/activrando.org\/AR_blog\/wp-content\/uploads\/2021\/08\/210725-Thiers-08-ateliers-riviere.jpg 1024w, https:\/\/activrando.org\/AR_blog\/wp-content\/uploads\/2021\/08\/210725-Thiers-08-ateliers-riviere-300x200.jpg 300w, https:\/\/activrando.org\/AR_blog\/wp-content\/uploads\/2021\/08\/210725-Thiers-08-ateliers-riviere-768x512.jpg 768w\" sizes=\"(max-width: 1024px) 100vw, 1024px\" \/><figcaption><strong>La Durolle est toujours aussi imp\u00e9tueuse; les ateliers aussi sont ont toujours l\u00e0, mais eux sont vides et silencieux.<\/strong><br><br>\u2026<br><br>\u2026<\/figcaption><\/figure>\n\n\n\n<figure class=\"wp-block-image\"><img decoding=\"async\" loading=\"lazy\" width=\"1024\" height=\"576\" src=\"https:\/\/activrando.org\/AR_blog\/wp-content\/uploads\/2021\/08\/210725-Thiers-09-groupe-marche-1024x576.jpg\" alt=\"\" class=\"wp-image-3086\" srcset=\"https:\/\/activrando.org\/AR_blog\/wp-content\/uploads\/2021\/08\/210725-Thiers-09-groupe-marche.jpg 1024w, https:\/\/activrando.org\/AR_blog\/wp-content\/uploads\/2021\/08\/210725-Thiers-09-groupe-marche-300x169.jpg 300w, https:\/\/activrando.org\/AR_blog\/wp-content\/uploads\/2021\/08\/210725-Thiers-09-groupe-marche-768x432.jpg 768w\" sizes=\"(max-width: 1024px) 100vw, 1024px\" \/><figcaption><strong>Corniches, passages, recoins, muets, passerelles, impasses,&#8230;<\/strong><br><br>\u2026<br><br>\u2026<\/figcaption><\/figure>\n\n\n\n<figure class=\"wp-block-image\"><img decoding=\"async\" loading=\"lazy\" width=\"1024\" height=\"682\" src=\"https:\/\/activrando.org\/AR_blog\/wp-content\/uploads\/2021\/08\/210725-Thiers-10-roue-par_en_dessous-1024x682.jpg\" alt=\"\" class=\"wp-image-3087\" srcset=\"https:\/\/activrando.org\/AR_blog\/wp-content\/uploads\/2021\/08\/210725-Thiers-10-roue-par_en_dessous.jpg 1024w, https:\/\/activrando.org\/AR_blog\/wp-content\/uploads\/2021\/08\/210725-Thiers-10-roue-par_en_dessous-300x200.jpg 300w, https:\/\/activrando.org\/AR_blog\/wp-content\/uploads\/2021\/08\/210725-Thiers-10-roue-par_en_dessous-768x512.jpg 768w\" sizes=\"(max-width: 1024px) 100vw, 1024px\" \/><figcaption><strong>La \u00a0\u00bb<a href=\"http:\/\/hmf.enseeiht.fr\/travaux\/CD0102\/travaux\/2h\/tpld\/moulins\/sommaire\/fonct\/vertical.htm\">roue par en-dessous<\/a>\u00a0\u00bb, dont les pales trouvait toujours de l&rsquo;eau au fond du bief, m\u00eame quand le d\u00e9bit \u00e9tait faible,<\/strong><br><strong>alors qu&rsquo;un versement par dessus aurait pu \u00eatre insuffisant en \u00e9t\u00e9 lors des p\u00e9riodes d&rsquo;\u00e9tiage.<\/strong><br><br>\u2026<br><br>\u2026<\/figcaption><\/figure>\n\n\n\n<figure class=\"wp-block-image\"><img decoding=\"async\" loading=\"lazy\" width=\"1016\" height=\"631\" src=\"https:\/\/activrando.org\/AR_blog\/wp-content\/uploads\/2021\/08\/210725-Thiers-11-chateau-eglise.jpg\" alt=\"\" class=\"wp-image-3088\" srcset=\"https:\/\/activrando.org\/AR_blog\/wp-content\/uploads\/2021\/08\/210725-Thiers-11-chateau-eglise.jpg 1016w, https:\/\/activrando.org\/AR_blog\/wp-content\/uploads\/2021\/08\/210725-Thiers-11-chateau-eglise-300x186.jpg 300w, https:\/\/activrando.org\/AR_blog\/wp-content\/uploads\/2021\/08\/210725-Thiers-11-chateau-eglise-768x477.jpg 768w\" sizes=\"(max-width: 1016px) 100vw, 1016px\" \/><figcaption><strong>En bas de la ville, proche de la rivi\u00e8re, dans le quartier de l&rsquo;Orangerie, l&rsquo;\u00e9glise abbatiale de Saint-Symphorien du Moutier,<\/strong><br><strong>pr\u00e8s d&rsquo;un petit ch\u00e2teau, b\u00e2ti au XVIIIe si\u00e8cle sur ce qui subsistait du <a href=\"https:\/\/fr.wikipedia.org\/wiki\/Abbaye_du_Moutier\">Palais abbatial du Moutier<\/a>.<\/strong><br><br>\u2026<br><br>\u2026<\/figcaption><\/figure>\n\n\n\n<figure class=\"wp-block-image\"><img decoding=\"async\" loading=\"lazy\" width=\"1024\" height=\"683\" src=\"https:\/\/activrando.org\/AR_blog\/wp-content\/uploads\/2021\/08\/210725-Thiers-12-groupe-marche-1024x683.jpg\" alt=\"\" class=\"wp-image-3089\" srcset=\"https:\/\/activrando.org\/AR_blog\/wp-content\/uploads\/2021\/08\/210725-Thiers-12-groupe-marche.jpg 1024w, https:\/\/activrando.org\/AR_blog\/wp-content\/uploads\/2021\/08\/210725-Thiers-12-groupe-marche-300x200.jpg 300w, https:\/\/activrando.org\/AR_blog\/wp-content\/uploads\/2021\/08\/210725-Thiers-12-groupe-marche-768x512.jpg 768w\" sizes=\"(max-width: 1024px) 100vw, 1024px\" \/><figcaption><strong>C&rsquo;est pr\u00e8s de l\u00e0 que monte un petit chemin raide et, peu entretenu, assez ravag\u00e9 par les r\u00e9centes pluies abondantes&#8230; Les choses s\u00e9rieuses commencent.<\/strong><br><br>\u2026<br><br>\u2026<\/figcaption><\/figure>\n\n\n\n<figure class=\"wp-block-image\"><img decoding=\"async\" loading=\"lazy\" width=\"1024\" height=\"682\" src=\"https:\/\/activrando.org\/AR_blog\/wp-content\/uploads\/2021\/08\/210725-Thiers-13-groupe-marche-1024x682.jpg\" alt=\"\" class=\"wp-image-3090\" srcset=\"https:\/\/activrando.org\/AR_blog\/wp-content\/uploads\/2021\/08\/210725-Thiers-13-groupe-marche.jpg 1024w, https:\/\/activrando.org\/AR_blog\/wp-content\/uploads\/2021\/08\/210725-Thiers-13-groupe-marche-300x200.jpg 300w, https:\/\/activrando.org\/AR_blog\/wp-content\/uploads\/2021\/08\/210725-Thiers-13-groupe-marche-768x512.jpg 768w\" sizes=\"(max-width: 1024px) 100vw, 1024px\" \/><figcaption><strong>Sur le haut le chemin devient impraticable, mais faute d&rsquo;une alternative, nous le suivrons jusqu&rsquo;au bout.<\/strong><br><br>\u2026<br><br>\u2026<\/figcaption><\/figure>\n\n\n\n<figure class=\"wp-block-image\"><img decoding=\"async\" loading=\"lazy\" width=\"1024\" height=\"576\" src=\"https:\/\/activrando.org\/AR_blog\/wp-content\/uploads\/2021\/08\/210725-Thiers-14-groupe-marche-1024x576.jpg\" alt=\"\" class=\"wp-image-3091\" srcset=\"https:\/\/activrando.org\/AR_blog\/wp-content\/uploads\/2021\/08\/210725-Thiers-14-groupe-marche.jpg 1024w, https:\/\/activrando.org\/AR_blog\/wp-content\/uploads\/2021\/08\/210725-Thiers-14-groupe-marche-300x169.jpg 300w, https:\/\/activrando.org\/AR_blog\/wp-content\/uploads\/2021\/08\/210725-Thiers-14-groupe-marche-768x432.jpg 768w\" sizes=\"(max-width: 1024px) 100vw, 1024px\" \/><figcaption><strong>Ensuite, on atteint la \u00a0\u00bbmontagne\u00a0\u00bb o\u00f9 les chemins sont nombreux et tr\u00e8s vari\u00e9s dans leur style&#8230;<\/strong><br><br>\u2026<br><br>\u2026<\/figcaption><\/figure>\n\n\n\n<figure class=\"wp-block-image\"><img decoding=\"async\" loading=\"lazy\" width=\"1024\" height=\"576\" src=\"https:\/\/activrando.org\/AR_blog\/wp-content\/uploads\/2021\/08\/210725-Thiers-15-groupe-marche-1024x576.jpg\" alt=\"\" class=\"wp-image-3092\" srcset=\"https:\/\/activrando.org\/AR_blog\/wp-content\/uploads\/2021\/08\/210725-Thiers-15-groupe-marche.jpg 1024w, https:\/\/activrando.org\/AR_blog\/wp-content\/uploads\/2021\/08\/210725-Thiers-15-groupe-marche-300x169.jpg 300w, https:\/\/activrando.org\/AR_blog\/wp-content\/uploads\/2021\/08\/210725-Thiers-15-groupe-marche-768x432.jpg 768w\" sizes=\"(max-width: 1024px) 100vw, 1024px\" \/><figcaption>\u2026<br><br>\u2026<\/figcaption><\/figure>\n\n\n\n<p><br><\/p>\n\n\n\n<figure class=\"wp-block-image\"><img decoding=\"async\" loading=\"lazy\" width=\"1024\" height=\"576\" src=\"https:\/\/activrando.org\/AR_blog\/wp-content\/uploads\/2021\/08\/210725-Thiers-16-groupe-marche-1024x576.jpg\" alt=\"\" class=\"wp-image-3093\" srcset=\"https:\/\/activrando.org\/AR_blog\/wp-content\/uploads\/2021\/08\/210725-Thiers-16-groupe-marche.jpg 1024w, https:\/\/activrando.org\/AR_blog\/wp-content\/uploads\/2021\/08\/210725-Thiers-16-groupe-marche-300x169.jpg 300w, https:\/\/activrando.org\/AR_blog\/wp-content\/uploads\/2021\/08\/210725-Thiers-16-groupe-marche-768x432.jpg 768w\" sizes=\"(max-width: 1024px) 100vw, 1024px\" \/><figcaption><strong>\u2026 avec par endroits de s\u00e9rieuses pentes \u00e0 monter\u2026<\/strong><br><br>\u2026<br><br>\u2026<\/figcaption><\/figure>\n\n\n\n<figure class=\"wp-block-image\"><img decoding=\"async\" loading=\"lazy\" width=\"1024\" height=\"576\" src=\"https:\/\/activrando.org\/AR_blog\/wp-content\/uploads\/2021\/08\/210725-Thiers-17-groupe-marche-1024x576.jpg\" alt=\"\" class=\"wp-image-3094\" srcset=\"https:\/\/activrando.org\/AR_blog\/wp-content\/uploads\/2021\/08\/210725-Thiers-17-groupe-marche.jpg 1024w, https:\/\/activrando.org\/AR_blog\/wp-content\/uploads\/2021\/08\/210725-Thiers-17-groupe-marche-300x169.jpg 300w, https:\/\/activrando.org\/AR_blog\/wp-content\/uploads\/2021\/08\/210725-Thiers-17-groupe-marche-768x432.jpg 768w\" sizes=\"(max-width: 1024px) 100vw, 1024px\" \/><figcaption><strong>\u2026 ou \u00e0 descendre\u2026<\/strong><br><br>\u2026<br><br>\u2026<\/figcaption><\/figure>\n\n\n\n<figure class=\"wp-block-image\"><img decoding=\"async\" loading=\"lazy\" width=\"1024\" height=\"576\" src=\"https:\/\/activrando.org\/AR_blog\/wp-content\/uploads\/2021\/08\/210725-Thiers-18-champignons-antherus_archeri-1024x576.jpg\" alt=\"\" class=\"wp-image-3095\" srcset=\"https:\/\/activrando.org\/AR_blog\/wp-content\/uploads\/2021\/08\/210725-Thiers-18-champignons-antherus_archeri.jpg 1024w, https:\/\/activrando.org\/AR_blog\/wp-content\/uploads\/2021\/08\/210725-Thiers-18-champignons-antherus_archeri-300x169.jpg 300w, https:\/\/activrando.org\/AR_blog\/wp-content\/uploads\/2021\/08\/210725-Thiers-18-champignons-antherus_archeri-768x432.jpg 768w\" sizes=\"(max-width: 1024px) 100vw, 1024px\" \/><figcaption><strong>Un peu plus loin dans le couvert forestier, un champignon que l&rsquo;on commence \u00e0 voir dans un nombre toujours plus grands de lieux : <\/strong><a href=\"https:\/\/fr.wikipedia.org\/wiki\/Anthurus_d%27Archer\"><strong>Anthurus Archeri<\/strong><\/a><strong>.<\/strong><br><strong>Une bizarrerie venue des antipodes et qui semble appr\u00e9cier notre climat et nos sols. Pour en savoir plus, voir aussi <\/strong><a href=\"https:\/\/www.aujardin.info\/champignons\/clathrus-archeri.php\"><strong>cette page<\/strong><\/a><strong>, par exemple.<\/strong><br><br>\u2026<br><br>\u2026<\/figcaption><\/figure>\n\n\n\n<figure class=\"wp-block-image\"><img decoding=\"async\" loading=\"lazy\" width=\"1024\" height=\"682\" src=\"https:\/\/activrando.org\/AR_blog\/wp-content\/uploads\/2021\/08\/210725-Thiers-19-vache-ferrandaise-bregniee-1024x682.jpg\" alt=\"\" class=\"wp-image-3096\" srcset=\"https:\/\/activrando.org\/AR_blog\/wp-content\/uploads\/2021\/08\/210725-Thiers-19-vache-ferrandaise-bregniee.jpg 1024w, https:\/\/activrando.org\/AR_blog\/wp-content\/uploads\/2021\/08\/210725-Thiers-19-vache-ferrandaise-bregniee-300x200.jpg 300w, https:\/\/activrando.org\/AR_blog\/wp-content\/uploads\/2021\/08\/210725-Thiers-19-vache-ferrandaise-bregniee-768x512.jpg 768w\" sizes=\"(max-width: 1024px) 100vw, 1024px\" \/><figcaption><strong>Depuis la rando du 18 juillet \u00e0 St-Gen\u00e8s-Champanelle, nous savons reconna\u00eetre que cette vache est une <a href=\"https:\/\/fr.wikipedia.org\/wiki\/Ferrandaise\">ferrandaise<\/a> et plus particuli\u00e8rement de type \u00a0\u00bbbregni\u00e9e\u00a0\u00bb<\/strong><br><strong>(flancs color\u00e9s, bande blanche sur le dos, du nez \u00e0 la queue, mouchetures sur les joues et pr\u00e8s des yeux). Beau sp\u00e9cimen. ;-))<\/strong><br><br>\u2026<br><br>\u2026<\/figcaption><\/figure>\n\n\n\n<figure class=\"wp-block-image\"><img decoding=\"async\" loading=\"lazy\" width=\"1024\" height=\"683\" src=\"https:\/\/activrando.org\/AR_blog\/wp-content\/uploads\/2021\/08\/210725-Thiers-20-reflet-miroir-1024x683.jpg\" alt=\"\" class=\"wp-image-3097\" srcset=\"https:\/\/activrando.org\/AR_blog\/wp-content\/uploads\/2021\/08\/210725-Thiers-20-reflet-miroir.jpg 1024w, https:\/\/activrando.org\/AR_blog\/wp-content\/uploads\/2021\/08\/210725-Thiers-20-reflet-miroir-300x200.jpg 300w, https:\/\/activrando.org\/AR_blog\/wp-content\/uploads\/2021\/08\/210725-Thiers-20-reflet-miroir-768x512.jpg 768w\" sizes=\"(max-width: 1024px) 100vw, 1024px\" \/><figcaption>\u2026<br><br>\u2026<\/figcaption><\/figure>\n\n\n\n<figure class=\"wp-block-image\"><img decoding=\"async\" loading=\"lazy\" width=\"1024\" height=\"688\" src=\"https:\/\/activrando.org\/AR_blog\/wp-content\/uploads\/2021\/08\/210725-Thiers-21-facade-cadran_solaire-1024x688.jpg\" alt=\"\" class=\"wp-image-3098\" srcset=\"https:\/\/activrando.org\/AR_blog\/wp-content\/uploads\/2021\/08\/210725-Thiers-21-facade-cadran_solaire.jpg 1024w, https:\/\/activrando.org\/AR_blog\/wp-content\/uploads\/2021\/08\/210725-Thiers-21-facade-cadran_solaire-300x202.jpg 300w, https:\/\/activrando.org\/AR_blog\/wp-content\/uploads\/2021\/08\/210725-Thiers-21-facade-cadran_solaire-768x516.jpg 768w\" sizes=\"(max-width: 1024px) 100vw, 1024px\" \/><figcaption><strong>Fa\u00e7ade cadran solaire, une bonne publicit\u00e9 sur la maison d&rsquo;un <\/strong><a href=\"https:\/\/fr.wikipedia.org\/wiki\/Gnomoniste\"><strong>gnomoniste<\/strong><\/a><strong> <\/strong><a href=\"https:\/\/fr.wikipedia.org\/wiki\/Cadranier\"><strong>cadranier<\/strong><\/a><strong>.<\/strong><br><br>\u2026<br><br>\u2026<\/figcaption><\/figure>\n\n\n\n<figure class=\"wp-block-image\"><img decoding=\"async\" loading=\"lazy\" width=\"1024\" height=\"768\" src=\"https:\/\/activrando.org\/AR_blog\/wp-content\/uploads\/2021\/08\/210725-Thiers-22-pub-cadran_solaire-1024x768.jpg\" alt=\"\" class=\"wp-image-3099\" srcset=\"https:\/\/activrando.org\/AR_blog\/wp-content\/uploads\/2021\/08\/210725-Thiers-22-pub-cadran_solaire.jpg 1024w, https:\/\/activrando.org\/AR_blog\/wp-content\/uploads\/2021\/08\/210725-Thiers-22-pub-cadran_solaire-300x225.jpg 300w, https:\/\/activrando.org\/AR_blog\/wp-content\/uploads\/2021\/08\/210725-Thiers-22-pub-cadran_solaire-768x576.jpg 768w\" sizes=\"(max-width: 1024px) 100vw, 1024px\" \/><figcaption><strong>Si vous souhaitez installer un cadran solaire chez vous, voici une adresse&#8230;<\/strong><br><br>\u2026<br><br>\u2026<\/figcaption><\/figure>\n\n\n\n<figure class=\"wp-block-image\"><img decoding=\"async\" loading=\"lazy\" width=\"1024\" height=\"576\" src=\"https:\/\/activrando.org\/AR_blog\/wp-content\/uploads\/2021\/08\/210725-Thiers-23-ville-1024x576.jpg\" alt=\"\" class=\"wp-image-3100\" srcset=\"https:\/\/activrando.org\/AR_blog\/wp-content\/uploads\/2021\/08\/210725-Thiers-23-ville.jpg 1024w, https:\/\/activrando.org\/AR_blog\/wp-content\/uploads\/2021\/08\/210725-Thiers-23-ville-300x169.jpg 300w, https:\/\/activrando.org\/AR_blog\/wp-content\/uploads\/2021\/08\/210725-Thiers-23-ville-768x432.jpg 768w\" sizes=\"(max-width: 1024px) 100vw, 1024px\" \/><figcaption><strong>La vall\u00e9e des rouets \u00e9tant interdite \u00e0 la visite, on ne brava pas l&rsquo;interdiction et le parcours passa par la hauteur, nous donnant des vues sur la ville de Thiers<\/strong><br><strong>du c\u00f4t\u00e9 du pont de Seychalles.<\/strong><br><br>\u2026<br><br>\u2026<\/figcaption><\/figure>\n\n\n\n<figure class=\"wp-block-image\"><img decoding=\"async\" loading=\"lazy\" width=\"1024\" height=\"819\" src=\"https:\/\/activrando.org\/AR_blog\/wp-content\/uploads\/2021\/08\/210725-Thiers-24-facade-publicite-1024x819.jpg\" alt=\"\" class=\"wp-image-3101\" srcset=\"https:\/\/activrando.org\/AR_blog\/wp-content\/uploads\/2021\/08\/210725-Thiers-24-facade-publicite.jpg 1024w, https:\/\/activrando.org\/AR_blog\/wp-content\/uploads\/2021\/08\/210725-Thiers-24-facade-publicite-300x240.jpg 300w, https:\/\/activrando.org\/AR_blog\/wp-content\/uploads\/2021\/08\/210725-Thiers-24-facade-publicite-768x614.jpg 768w\" sizes=\"(max-width: 1024px) 100vw, 1024px\" \/><figcaption><strong>Une publicit\u00e9 murale qui doit dater d&rsquo;avant-guerre&#8230; On y voit l&rsquo;image d&rsquo;un couteau, \u00a0\u00bbl&rsquo;Alpin\u00a0\u00bb, qui ressemble fort \u00e0 l&rsquo;<\/strong><a href=\"https:\/\/www.opinel.com\/couteaux-poche?gclid=EAIaIQobChMIldP_w-qo8gIVEevtCh0NlATaEAAYAiAAEgKJzfD_BwE\"><strong>Opinel<\/strong><\/a><strong>.<\/strong><br><br>\u2026<br><br>\u2026<\/figcaption><\/figure>\n\n\n\n<figure class=\"wp-block-image\"><img decoding=\"async\" loading=\"lazy\" width=\"1024\" height=\"683\" src=\"https:\/\/activrando.org\/AR_blog\/wp-content\/uploads\/2021\/08\/210725-Thiers-25-ateliers-riviere-1024x683.jpg\" alt=\"\" class=\"wp-image-3102\" srcset=\"https:\/\/activrando.org\/AR_blog\/wp-content\/uploads\/2021\/08\/210725-Thiers-25-ateliers-riviere.jpg 1024w, https:\/\/activrando.org\/AR_blog\/wp-content\/uploads\/2021\/08\/210725-Thiers-25-ateliers-riviere-300x200.jpg 300w, https:\/\/activrando.org\/AR_blog\/wp-content\/uploads\/2021\/08\/210725-Thiers-25-ateliers-riviere-768x512.jpg 768w\" sizes=\"(max-width: 1024px) 100vw, 1024px\" \/><figcaption><strong>Du pont de Seychalles, on voit encore des b\u00e2timents qui rappellent la belle \u00e9poque industrielle et artisanale de la ville.<\/strong><br><br>\u2026<br><br>\u2026<\/figcaption><\/figure>\n\n\n\n<figure class=\"wp-block-image\"><img decoding=\"async\" loading=\"lazy\" width=\"1024\" height=\"515\" src=\"https:\/\/activrando.org\/AR_blog\/wp-content\/uploads\/2021\/08\/210725-Thiers-26-rue-pluie-1024x515.jpg\" alt=\"\" class=\"wp-image-3103\" srcset=\"https:\/\/activrando.org\/AR_blog\/wp-content\/uploads\/2021\/08\/210725-Thiers-26-rue-pluie.jpg 1024w, https:\/\/activrando.org\/AR_blog\/wp-content\/uploads\/2021\/08\/210725-Thiers-26-rue-pluie-300x151.jpg 300w, https:\/\/activrando.org\/AR_blog\/wp-content\/uploads\/2021\/08\/210725-Thiers-26-rue-pluie-768x386.jpg 768w\" sizes=\"(max-width: 1024px) 100vw, 1024px\" \/><figcaption><strong>A peine avions nous franchi le pont de Seychalles pour entrer dans la rue Durolle, qu&rsquo;une forte averse s&rsquo;abattit sur nous&#8230; Malgr\u00e9 les v\u00eatements de pluie,<\/strong><br><strong>l&rsquo;intensit\u00e9 de la douche nous fait prendre illico refuge dans les entr\u00e9es d&rsquo;immeuble et attendre l&#8217;embellie&#8230; qui ne tardit pas.<\/strong><br><br>\u2026<br><br>\u2026<\/figcaption><\/figure>\n\n\n\n<p class=\"has-text-align-center\"><strong><a href=\"https:\/\/activrando.org\/AR_blog\/2021\/07\/21\/balade-du-soir-mercredi-21-juillet-a-cusset\/\">&lt; &lt; &lt; ARTICLE PR\u00c9C\u00c9DENT<\/a> &#8212;&#8212;&#8212;&#8212;&#8212;&#8212;-  <a href=\"https:\/\/activrando.org\/AR_blog\/\">ACCUEIL DU BLOG<\/a> &#8212;&#8212;&#8212;&#8212;&#8212;&#8212;&#8212;-  <a href=\"https:\/\/activrando.org\/AR_blog\/2021\/07\/27\/verseilles-rando-sante-a-la-bruyere-mardi-27-juillet-8-photos\/\">ARTICLE SUIVANT &gt; &gt; &gt;<\/a><\/strong><\/p>\n\n\n\n<p>\u2026<\/p>\n\n\n\n<p>\u2026<\/p>\n","protected":false},"excerpt":{"rendered":"<p>Certains jours, tout est un peu compliqu\u00e9&#8230; Il faut alors faire preuve d&rsquo;adaptabilit\u00e9. Il y a des choses que l&rsquo;on peut changer, mais souvent la solution prioritaire et de se changer soi-m\u00eame, du moins ses projets&#8230; Cette journ\u00e9e \u00e0 Thiers a \u00e9t\u00e9 marqu\u00e9e par pas mal d&rsquo;impr\u00e9vus, mais au final&#8230;<\/p>\n","protected":false},"author":2,"featured_media":3104,"comment_status":"closed","ping_status":"closed","sticky":false,"template":"","format":"standard","meta":[],"categories":[2],"tags":[11,15],"_links":{"self":[{"href":"https:\/\/activrando.org\/AR_blog\/wp-json\/wp\/v2\/posts\/3077"}],"collection":[{"href":"https:\/\/activrando.org\/AR_blog\/wp-json\/wp\/v2\/posts"}],"about":[{"href":"https:\/\/activrando.org\/AR_blog\/wp-json\/wp\/v2\/types\/post"}],"author":[{"embeddable":true,"href":"https:\/\/activrando.org\/AR_blog\/wp-json\/wp\/v2\/users\/2"}],"replies":[{"embeddable":true,"href":"https:\/\/activrando.org\/AR_blog\/wp-json\/wp\/v2\/comments?post=3077"}],"version-history":[{"count":8,"href":"https:\/\/activrando.org\/AR_blog\/wp-json\/wp\/v2\/posts\/3077\/revisions"}],"predecessor-version":[{"id":3681,"href":"https:\/\/activrando.org\/AR_blog\/wp-json\/wp\/v2\/posts\/3077\/revisions\/3681"}],"wp:featuredmedia":[{"embeddable":true,"href":"https:\/\/activrando.org\/AR_blog\/wp-json\/wp\/v2\/media\/3104"}],"wp:attachment":[{"href":"https:\/\/activrando.org\/AR_blog\/wp-json\/wp\/v2\/media?parent=3077"}],"wp:term":[{"taxonomy":"category","embeddable":true,"href":"https:\/\/activrando.org\/AR_blog\/wp-json\/wp\/v2\/categories?post=3077"},{"taxonomy":"post_tag","embeddable":true,"href":"https:\/\/activrando.org\/AR_blog\/wp-json\/wp\/v2\/tags?post=3077"}],"curies":[{"name":"wp","href":"https:\/\/api.w.org\/{rel}","templated":true}]}}