{"id":306,"date":"2019-03-17T18:42:20","date_gmt":"2019-03-17T17:42:20","guid":{"rendered":"http:\/\/activrando.org\/AR_blog\/?p=306"},"modified":"2019-12-14T23:23:31","modified_gmt":"2019-12-14T22:23:31","slug":"autour-de-vichy-le-17-mars","status":"publish","type":"post","link":"https:\/\/activrando.org\/AR_blog\/2019\/03\/17\/autour-de-vichy-le-17-mars\/","title":{"rendered":"\u00a0\u00bbAutour de Vichy\u00a0\u00bb, le 17 mars 2019 (9 photos)"},"content":{"rendered":"\n<p><strong><a href=\"https:\/\/activrando.org\/AR_blog\/2019\/04\/28\/riom-gannat-le-28-avril\/\">&gt; &gt; &gt; ARTICLE SUIVANT<\/a><\/strong><\/p>\n\n\n\n<p><strong><a href=\"https:\/\/activrando.org\/AR_blog\/2019\/01\/08\/bois-de-celzat-rando-sante-a-cusset\/\">&gt; &gt; &gt; ARTICLE PR\u00c9CEDENT<\/a><\/strong><\/p>\n\n\n\n<p>Une boucle de 50 km avec 1000 m de d\u00e9nivel\u00e9+ pour marcher dans la campagne juste autour de l&rsquo;agglom\u00e9ration vichyssoise.<\/p>\n\n\n\n<div class=\"wp-block-image\"><figure class=\"aligncenter\"><img decoding=\"async\" loading=\"lazy\" width=\"520\" height=\"738\" src=\"https:\/\/activrando.org\/AR_blog\/wp-content\/uploads\/2019\/11\/2019-randonnee-Autour-de-Vichy-520.jpg\" alt=\"\" class=\"wp-image-308\" srcset=\"https:\/\/activrando.org\/AR_blog\/wp-content\/uploads\/2019\/11\/2019-randonnee-Autour-de-Vichy-520.jpg 520w, https:\/\/activrando.org\/AR_blog\/wp-content\/uploads\/2019\/11\/2019-randonnee-Autour-de-Vichy-520-211x300.jpg 211w\" sizes=\"(max-width: 520px) 100vw, 520px\" \/><figcaption>.   <br> .   <\/figcaption><\/figure><\/div>\n\n\n\n<p><\/p>\n\n\n\n<figure class=\"wp-block-image\"><img decoding=\"async\" loading=\"lazy\" width=\"1024\" height=\"680\" src=\"https:\/\/activrando.org\/AR_blog\/wp-content\/uploads\/2019\/11\/190317-AdV-01-groupe-pose-1024x680.jpg\" alt=\"\" class=\"wp-image-307\" srcset=\"https:\/\/activrando.org\/AR_blog\/wp-content\/uploads\/2019\/11\/190317-AdV-01-groupe-pose.jpg 1024w, https:\/\/activrando.org\/AR_blog\/wp-content\/uploads\/2019\/11\/190317-AdV-01-groupe-pose-300x199.jpg 300w, https:\/\/activrando.org\/AR_blog\/wp-content\/uploads\/2019\/11\/190317-AdV-01-groupe-pose-768x510.jpg 768w\" sizes=\"(max-width: 1024px) 100vw, 1024px\" \/><figcaption><strong>Petit groupe au d\u00e9part, par temps froid, \u00e0 la lev\u00e9e du jour, sur le parking du C.I.S.<\/strong><br><br>   .   <\/figcaption><\/figure>\n\n\n\n<figure class=\"wp-block-image\"><img decoding=\"async\" loading=\"lazy\" width=\"1024\" height=\"680\" src=\"https:\/\/activrando.org\/AR_blog\/wp-content\/uploads\/2019\/11\/190317-AdV-02-groupe-marche-1024x680.jpg\" alt=\"\" class=\"wp-image-309\" srcset=\"https:\/\/activrando.org\/AR_blog\/wp-content\/uploads\/2019\/11\/190317-AdV-02-groupe-marche.jpg 1024w, https:\/\/activrando.org\/AR_blog\/wp-content\/uploads\/2019\/11\/190317-AdV-02-groupe-marche-300x199.jpg 300w, https:\/\/activrando.org\/AR_blog\/wp-content\/uploads\/2019\/11\/190317-AdV-02-groupe-marche-768x510.jpg 768w\" sizes=\"(max-width: 1024px) 100vw, 1024px\" \/><figcaption><strong>Le parcours, en sens horaire, commence par la travers\u00e9e de l&rsquo;Allier, sur le pont de l&rsquo;Europe.<\/strong><br><br>   .   <\/figcaption><\/figure>\n\n\n\n<figure class=\"wp-block-image\"><img decoding=\"async\" loading=\"lazy\" width=\"1024\" height=\"680\" src=\"https:\/\/activrando.org\/AR_blog\/wp-content\/uploads\/2019\/11\/190317-AdV-03-groupe-marche-1024x680.jpg\" alt=\"\" class=\"wp-image-310\" srcset=\"https:\/\/activrando.org\/AR_blog\/wp-content\/uploads\/2019\/11\/190317-AdV-03-groupe-marche.jpg 1024w, https:\/\/activrando.org\/AR_blog\/wp-content\/uploads\/2019\/11\/190317-AdV-03-groupe-marche-300x199.jpg 300w, https:\/\/activrando.org\/AR_blog\/wp-content\/uploads\/2019\/11\/190317-AdV-03-groupe-marche-768x510.jpg 768w\" sizes=\"(max-width: 1024px) 100vw, 1024px\" \/><figcaption>.   <br> .   <\/figcaption><\/figure>\n\n\n\n<figure class=\"wp-block-image\"><img decoding=\"async\" loading=\"lazy\" width=\"1024\" height=\"680\" src=\"https:\/\/activrando.org\/AR_blog\/wp-content\/uploads\/2019\/11\/190317-AdV-04-groupe-jonction-1024x680.jpg\" alt=\"\" class=\"wp-image-311\" srcset=\"https:\/\/activrando.org\/AR_blog\/wp-content\/uploads\/2019\/11\/190317-AdV-04-groupe-jonction.jpg 1024w, https:\/\/activrando.org\/AR_blog\/wp-content\/uploads\/2019\/11\/190317-AdV-04-groupe-jonction-300x199.jpg 300w, https:\/\/activrando.org\/AR_blog\/wp-content\/uploads\/2019\/11\/190317-AdV-04-groupe-jonction-768x510.jpg 768w\" sizes=\"(max-width: 1024px) 100vw, 1024px\" \/><figcaption><strong>A Creuzier-le-neuf une \u00e9quipe de renfort est pr\u00eate \u00e0 se joindre au groupe.<\/strong><br><br>   .   <\/figcaption><\/figure>\n\n\n\n<figure class=\"wp-block-image\"><img decoding=\"async\" loading=\"lazy\" width=\"1024\" height=\"680\" src=\"https:\/\/activrando.org\/AR_blog\/wp-content\/uploads\/2019\/11\/190317-AdV-05-groupe-pause-1024x680.jpg\" alt=\"\" class=\"wp-image-312\" srcset=\"https:\/\/activrando.org\/AR_blog\/wp-content\/uploads\/2019\/11\/190317-AdV-05-groupe-pause.jpg 1024w, https:\/\/activrando.org\/AR_blog\/wp-content\/uploads\/2019\/11\/190317-AdV-05-groupe-pause-300x199.jpg 300w, https:\/\/activrando.org\/AR_blog\/wp-content\/uploads\/2019\/11\/190317-AdV-05-groupe-pause-768x510.jpg 768w\" sizes=\"(max-width: 1024px) 100vw, 1024px\" \/><figcaption><strong>Arr\u00eat boisson \u00e0 la chapelle de Chassignol, dans les hauts de Cusset.<\/strong><br><br>   .   <\/figcaption><\/figure>\n\n\n\n<figure class=\"wp-block-image\"><img decoding=\"async\" loading=\"lazy\" width=\"1024\" height=\"680\" src=\"https:\/\/activrando.org\/AR_blog\/wp-content\/uploads\/2019\/11\/190317-AdV-06-groupe-marche-1024x680.jpg\" alt=\"\" class=\"wp-image-313\" srcset=\"https:\/\/activrando.org\/AR_blog\/wp-content\/uploads\/2019\/11\/190317-AdV-06-groupe-marche.jpg 1024w, https:\/\/activrando.org\/AR_blog\/wp-content\/uploads\/2019\/11\/190317-AdV-06-groupe-marche-300x199.jpg 300w, https:\/\/activrando.org\/AR_blog\/wp-content\/uploads\/2019\/11\/190317-AdV-06-groupe-marche-768x510.jpg 768w\" sizes=\"(max-width: 1024px) 100vw, 1024px\" \/><figcaption>.   <br> .   <\/figcaption><\/figure>\n\n\n\n<figure class=\"wp-block-image\"><img decoding=\"async\" loading=\"lazy\" width=\"1024\" height=\"680\" src=\"https:\/\/activrando.org\/AR_blog\/wp-content\/uploads\/2019\/11\/190317-AdV-07-groupe-marche-1024x680.jpg\" alt=\"\" class=\"wp-image-314\" srcset=\"https:\/\/activrando.org\/AR_blog\/wp-content\/uploads\/2019\/11\/190317-AdV-07-groupe-marche.jpg 1024w, https:\/\/activrando.org\/AR_blog\/wp-content\/uploads\/2019\/11\/190317-AdV-07-groupe-marche-300x199.jpg 300w, https:\/\/activrando.org\/AR_blog\/wp-content\/uploads\/2019\/11\/190317-AdV-07-groupe-marche-768x510.jpg 768w\" sizes=\"(max-width: 1024px) 100vw, 1024px\" \/><figcaption><strong>Mont\u00e9e au Vernet depuis les Grivats.<\/strong><br><br>   .   <\/figcaption><\/figure>\n\n\n\n<figure class=\"wp-block-image\"><img decoding=\"async\" loading=\"lazy\" width=\"1024\" height=\"680\" src=\"https:\/\/activrando.org\/AR_blog\/wp-content\/uploads\/2019\/11\/190317-AdV-08-groupe-marche-1024x680.jpg\" alt=\"\" class=\"wp-image-315\" srcset=\"https:\/\/activrando.org\/AR_blog\/wp-content\/uploads\/2019\/11\/190317-AdV-08-groupe-marche.jpg 1024w, https:\/\/activrando.org\/AR_blog\/wp-content\/uploads\/2019\/11\/190317-AdV-08-groupe-marche-300x199.jpg 300w, https:\/\/activrando.org\/AR_blog\/wp-content\/uploads\/2019\/11\/190317-AdV-08-groupe-marche-768x510.jpg 768w\" sizes=\"(max-width: 1024px) 100vw, 1024px\" \/><figcaption>.   <br> .   <\/figcaption><\/figure>\n\n\n\n<figure class=\"wp-block-image\"><img decoding=\"async\" loading=\"lazy\" width=\"1024\" height=\"768\" src=\"https:\/\/activrando.org\/AR_blog\/wp-content\/uploads\/2019\/11\/190317-AdV-09-groupe-pause-1024x768.jpg\" alt=\"\" class=\"wp-image-316\" srcset=\"https:\/\/activrando.org\/AR_blog\/wp-content\/uploads\/2019\/11\/190317-AdV-09-groupe-pause.jpg 1024w, https:\/\/activrando.org\/AR_blog\/wp-content\/uploads\/2019\/11\/190317-AdV-09-groupe-pause-300x225.jpg 300w, https:\/\/activrando.org\/AR_blog\/wp-content\/uploads\/2019\/11\/190317-AdV-09-groupe-pause-768x576.jpg 768w\" sizes=\"(max-width: 1024px) 100vw, 1024px\" \/><figcaption><strong>Pause-boisson \u00e0 Bellerive, pr\u00e8s de l&rsquo;Espace Monzi\u00e8re.<\/strong><br><br>   .   <\/figcaption><\/figure>\n\n\n\n<p><strong><a href=\"https:\/\/activrando.org\/AR_blog\/2019\/04\/28\/riom-gannat-le-28-avril\/\">&gt; &gt; &gt; ARTICLE SUIVANT<\/a><\/strong><\/p>\n\n\n\n<p><strong><a href=\"https:\/\/activrando.org\/AR_blog\/\">&gt; &gt; &gt; ACCUEIL DU BLOG<\/a><\/strong><\/p>\n\n\n\n<p><strong><a href=\"https:\/\/activrando.org\/AR_blog\/2019\/01\/08\/bois-de-celzat-rando-sante-a-cusset\/\">&gt; &gt; &gt; ARTICLE PR\u00c9CEDENT<\/a><\/strong><\/p>\n","protected":false},"excerpt":{"rendered":"<p>&gt; &gt; &gt; ARTICLE SUIVANT &gt; &gt; &gt; ARTICLE PR\u00c9CEDENT Une boucle de 50 km avec 1000 m de d\u00e9nivel\u00e9+ pour marcher dans la campagne juste autour de l&rsquo;agglom\u00e9ration vichyssoise. &gt; &gt; &gt; ARTICLE SUIVANT &gt; &gt; &gt; ACCUEIL DU BLOG &gt; &gt; &gt; ARTICLE PR\u00c9CEDENT<\/p>\n","protected":false},"author":2,"featured_media":0,"comment_status":"closed","ping_status":"closed","sticky":false,"template":"","format":"standard","meta":[],"categories":[2],"tags":[],"_links":{"self":[{"href":"https:\/\/activrando.org\/AR_blog\/wp-json\/wp\/v2\/posts\/306"}],"collection":[{"href":"https:\/\/activrando.org\/AR_blog\/wp-json\/wp\/v2\/posts"}],"about":[{"href":"https:\/\/activrando.org\/AR_blog\/wp-json\/wp\/v2\/types\/post"}],"author":[{"embeddable":true,"href":"https:\/\/activrando.org\/AR_blog\/wp-json\/wp\/v2\/users\/2"}],"replies":[{"embeddable":true,"href":"https:\/\/activrando.org\/AR_blog\/wp-json\/wp\/v2\/comments?post=306"}],"version-history":[{"count":5,"href":"https:\/\/activrando.org\/AR_blog\/wp-json\/wp\/v2\/posts\/306\/revisions"}],"predecessor-version":[{"id":965,"href":"https:\/\/activrando.org\/AR_blog\/wp-json\/wp\/v2\/posts\/306\/revisions\/965"}],"wp:attachment":[{"href":"https:\/\/activrando.org\/AR_blog\/wp-json\/wp\/v2\/media?parent=306"}],"wp:term":[{"taxonomy":"category","embeddable":true,"href":"https:\/\/activrando.org\/AR_blog\/wp-json\/wp\/v2\/categories?post=306"},{"taxonomy":"post_tag","embeddable":true,"href":"https:\/\/activrando.org\/AR_blog\/wp-json\/wp\/v2\/tags?post=306"}],"curies":[{"name":"wp","href":"https:\/\/api.w.org\/{rel}","templated":true}]}}