{"id":2982,"date":"2021-08-01T22:42:16","date_gmt":"2021-08-01T20:42:16","guid":{"rendered":"http:\/\/activrando.org\/AR_blog\/?p=2982"},"modified":"2021-12-09T08:52:37","modified_gmt":"2021-12-09T07:52:37","slug":"sans-souci-journee-rando-le-1er-aout-2021-a-chatel-guyon","status":"publish","type":"post","link":"https:\/\/activrando.org\/AR_blog\/2021\/08\/01\/sans-souci-journee-rando-le-1er-aout-2021-a-chatel-guyon\/","title":{"rendered":"\u00a0\u00bbSans Souci\u00a0\u00bb : Journ\u00e9e Rando le 1er ao\u00fbt 2021 \u00e0 Ch\u00e2tel-Guyon (36 photos)"},"content":{"rendered":"\n<p><strong>Sans Souci, c&rsquo;est une vall\u00e9e&#8230; dans laquelle coule un ruisseau&#8230; Il descend de la montagne et s&rsquo;appelle Ruisseau de Romeuf&#8230; Il prend sa source \u00e0 moins d&rsquo;un kilom\u00e8tre de la Morge mais au lieu de partir vers le Nord comme elle, il file direct vers l&rsquo;Est&#8230; et il descend, descend dans son frais vallon&#8230; et apr\u00e8s 8 km, \u00e0 peine arriv\u00e9 \u00e0 Ch\u00e2tel-Guyon &#8211; quelle injustice ! &#8211; il se fait absorber par un autre ruisseau bien plus court en amont (2 km) : le Sardon&#8230;<\/strong><\/p>\n\n\n\n<p><strong>Nous avons suivi le Ruisseau de Romeuf, ce dimanche, mais pas que&#8230;<\/strong><\/p>\n\n\n\n<p>.<br>.<\/p>\n\n\n\n<p class=\"has-text-align-center\"><strong><a href=\"https:\/\/activrando.org\/AR_blog\/2021\/07\/29\/chargueraud-petite-rando-a-chatel-montagne-jeudi-29-juillet\/\">&lt; &lt; &lt; ARTICLE PR\u00c9C\u00c9DENT<\/a> &#8212;&#8212;&#8212;&#8212;&#8212;&#8212;-  <a href=\"https:\/\/activrando.org\/AR_blog\/\">ACCUEIL DU BLOG<\/a> &#8212;&#8212;&#8212;&#8212;&#8212;&#8212;&#8212;-  <a href=\"https:\/\/activrando.org\/AR_blog\/2021\/08\/12\/chateau-gaillard-petite-rando-le-12-aout-2021-a-brugheas\/\" data-type=\"URL\" data-id=\"https:\/\/activrando.org\/AR_blog\/2021\/08\/12\/chateau-gaillard-petite-rando-le-12-aout-2021-a-brugheas\/\">ARTICLE SUIVANT > > ><\/a><\/strong><\/p>\n\n\n\n<p>.<\/p>\n\n\n\n<p>.<\/p>\n\n\n\n<p><strong>D&rsquo;abord, nous avons quitt\u00e9 Vichy par un temps correct : gris mais pas de pluie = \u00e7a commence bien ! Nous \u00e9tions confiant.e.s&#8230; Mais au fur et \u00e0 mesure que nous avancions vers Ch\u00e2tel-Guyon, l&rsquo;Ouest \u00e9tait toujours plus bouch\u00e9, comme noy\u00e9 dans un \u00e9pais brouillard gris sombre&#8230; Une fois sur place, on a su que l&rsquo;on \u00e9tait peut-\u00eatre parti du mauvais c\u00f4t\u00e9&#8230; Mais c&rsquo;\u00e9tait le programme et finalement la journ\u00e9e ne fut pas si mauvaise&#8230;<\/strong><\/p>\n\n\n\n<figure class=\"wp-block-image\"><img decoding=\"async\" loading=\"lazy\" width=\"1024\" height=\"575\" src=\"https:\/\/activrando.org\/AR_blog\/wp-content\/uploads\/2021\/08\/210801-Chatel-Guyon-01-parcs-1024x575.jpg\" alt=\"\" class=\"wp-image-2983\" srcset=\"https:\/\/activrando.org\/AR_blog\/wp-content\/uploads\/2021\/08\/210801-Chatel-Guyon-01-parcs.jpg 1024w, https:\/\/activrando.org\/AR_blog\/wp-content\/uploads\/2021\/08\/210801-Chatel-Guyon-01-parcs-300x168.jpg 300w, https:\/\/activrando.org\/AR_blog\/wp-content\/uploads\/2021\/08\/210801-Chatel-Guyon-01-parcs-768x431.jpg 768w\" sizes=\"(max-width: 1024px) 100vw, 1024px\" \/><figcaption><strong>A 9h00 du matin et par temps de pluie, un dimanche matin les parcs de Ch\u00e2tel-Guyon sont tr\u00e8s <\/strong>c<strong>almes&#8230;<\/strong><br><br>\u2026<br><br>\u2026<\/figcaption><\/figure>\n\n\n\n<figure class=\"wp-block-image\"><img decoding=\"async\" loading=\"lazy\" width=\"1024\" height=\"575\" src=\"https:\/\/activrando.org\/AR_blog\/wp-content\/uploads\/2021\/08\/210801-Chatel-Guyon-02-groupe-marche-1024x575.jpg\" alt=\"\" class=\"wp-image-2984\" srcset=\"https:\/\/activrando.org\/AR_blog\/wp-content\/uploads\/2021\/08\/210801-Chatel-Guyon-02-groupe-marche.jpg 1024w, https:\/\/activrando.org\/AR_blog\/wp-content\/uploads\/2021\/08\/210801-Chatel-Guyon-02-groupe-marche-300x168.jpg 300w, https:\/\/activrando.org\/AR_blog\/wp-content\/uploads\/2021\/08\/210801-Chatel-Guyon-02-groupe-marche-768x431.jpg 768w\" sizes=\"(max-width: 1024px) 100vw, 1024px\" \/><figcaption><strong>On commence par monter sur le Mont Chalusset. Il n&rsquo;est pas bien grand, mais il jouxte la ville et c&rsquo;est un joli parc avec un beau chemin traversant un agr\u00e9able sous-bois.<\/strong><br><br>\u2026<br><br>\u2026<\/figcaption><\/figure>\n\n\n\n<figure class=\"wp-block-image\"><img decoding=\"async\" loading=\"lazy\" width=\"1024\" height=\"576\" src=\"https:\/\/activrando.org\/AR_blog\/wp-content\/uploads\/2021\/08\/210801-Chatel-Guyon-03-panorama-ville-1024x576.jpg\" alt=\"\" class=\"wp-image-2985\" srcset=\"https:\/\/activrando.org\/AR_blog\/wp-content\/uploads\/2021\/08\/210801-Chatel-Guyon-03-panorama-ville.jpg 1024w, https:\/\/activrando.org\/AR_blog\/wp-content\/uploads\/2021\/08\/210801-Chatel-Guyon-03-panorama-ville-300x169.jpg 300w, https:\/\/activrando.org\/AR_blog\/wp-content\/uploads\/2021\/08\/210801-Chatel-Guyon-03-panorama-ville-768x432.jpg 768w\" sizes=\"(max-width: 1024px) 100vw, 1024px\" \/><figcaption><strong>Dans un virage, point de vue sur la ville. Pas un rayon de soleil visible. D&rsquo;ailleurs il pleut encore. Il faudra bien une demi-heure de plus pour que cela s&rsquo;arr\u00eate.<\/strong><br><br>\u2026<br><br>\u2026<\/figcaption><\/figure>\n\n\n\n<figure class=\"wp-block-image\"><img decoding=\"async\" loading=\"lazy\" width=\"1024\" height=\"575\" src=\"https:\/\/activrando.org\/AR_blog\/wp-content\/uploads\/2021\/08\/210801-Chatel-Guyon-04-empreinte-sabot-chevreuil-1024x575.jpg\" alt=\"\" class=\"wp-image-2986\" srcset=\"https:\/\/activrando.org\/AR_blog\/wp-content\/uploads\/2021\/08\/210801-Chatel-Guyon-04-empreinte-sabot-chevreuil.jpg 1024w, https:\/\/activrando.org\/AR_blog\/wp-content\/uploads\/2021\/08\/210801-Chatel-Guyon-04-empreinte-sabot-chevreuil-300x168.jpg 300w, https:\/\/activrando.org\/AR_blog\/wp-content\/uploads\/2021\/08\/210801-Chatel-Guyon-04-empreinte-sabot-chevreuil-768x431.jpg 768w\" sizes=\"(max-width: 1024px) 100vw, 1024px\" \/><figcaption><strong>Un chevreuil est pass\u00e9 l\u00e0 peu de temps avant nous\u2026<\/strong><br>\u2026<br><br>\u2026<\/figcaption><\/figure>\n\n\n\n<figure class=\"wp-block-image\"><img decoding=\"async\" loading=\"lazy\" width=\"1022\" height=\"409\" src=\"https:\/\/activrando.org\/AR_blog\/wp-content\/uploads\/2021\/08\/210801-Chatel-Guyon-05-groupe-marche.jpg\" alt=\"\" class=\"wp-image-2987\" srcset=\"https:\/\/activrando.org\/AR_blog\/wp-content\/uploads\/2021\/08\/210801-Chatel-Guyon-05-groupe-marche.jpg 1022w, https:\/\/activrando.org\/AR_blog\/wp-content\/uploads\/2021\/08\/210801-Chatel-Guyon-05-groupe-marche-300x120.jpg 300w, https:\/\/activrando.org\/AR_blog\/wp-content\/uploads\/2021\/08\/210801-Chatel-Guyon-05-groupe-marche-768x307.jpg 768w\" sizes=\"(max-width: 1022px) 100vw, 1022px\" \/><figcaption>\u2026<br><br>\u2026<\/figcaption><\/figure>\n\n\n\n<figure class=\"wp-block-image\"><img decoding=\"async\" loading=\"lazy\" width=\"1024\" height=\"575\" src=\"https:\/\/activrando.org\/AR_blog\/wp-content\/uploads\/2021\/08\/210801-Chatel-Guyon-06-cactus-fleurs-1024x575.jpg\" alt=\"\" class=\"wp-image-2988\" srcset=\"https:\/\/activrando.org\/AR_blog\/wp-content\/uploads\/2021\/08\/210801-Chatel-Guyon-06-cactus-fleurs.jpg 1024w, https:\/\/activrando.org\/AR_blog\/wp-content\/uploads\/2021\/08\/210801-Chatel-Guyon-06-cactus-fleurs-300x168.jpg 300w, https:\/\/activrando.org\/AR_blog\/wp-content\/uploads\/2021\/08\/210801-Chatel-Guyon-06-cactus-fleurs-768x431.jpg 768w\" sizes=\"(max-width: 1024px) 100vw, 1024px\" \/><figcaption><strong>\u00c7a n&rsquo;a rien \u00e0 voir avec le sujet, d&rsquo;accord, mais c&rsquo;\u00e9tait au bord du chemin, dans une potiche, et c&rsquo;est beau&#8230;<\/strong><br><br>\u2026<br><br>\u2026<\/figcaption><\/figure>\n\n\n\n<figure class=\"wp-block-image\"><img decoding=\"async\" loading=\"lazy\" width=\"1024\" height=\"768\" src=\"https:\/\/activrando.org\/AR_blog\/wp-content\/uploads\/2021\/08\/210801-Chatel-Guyon-07-fleurs-1024x768.jpg\" alt=\"\" class=\"wp-image-2989\" srcset=\"https:\/\/activrando.org\/AR_blog\/wp-content\/uploads\/2021\/08\/210801-Chatel-Guyon-07-fleurs.jpg 1024w, https:\/\/activrando.org\/AR_blog\/wp-content\/uploads\/2021\/08\/210801-Chatel-Guyon-07-fleurs-300x225.jpg 300w, https:\/\/activrando.org\/AR_blog\/wp-content\/uploads\/2021\/08\/210801-Chatel-Guyon-07-fleurs-768x576.jpg 768w\" sizes=\"(max-width: 1024px) 100vw, 1024px\" \/><figcaption><strong>Itou : hors-sujet, mais&#8230; Voici les fleurs d&rsquo;un arbre purement ornemental et d&rsquo;origine exotique : l&rsquo;<\/strong><a href=\"https:\/\/fr.wikipedia.org\/wiki\/Albizia\"><strong>albizia<\/strong><\/a><strong> (cliquez le lien et vous pourrez tout savoir) ou arbre \u00e0 soie. Ses fleurs d\u00e9licates, sur l&rsquo;ensemble de l&rsquo;arbre, lui donne un aspect charmant.<\/strong><br><br>\u2026<br><br>\u2026<\/figcaption><\/figure>\n\n\n\n<figure class=\"wp-block-image\"><img decoding=\"async\" loading=\"lazy\" width=\"1024\" height=\"660\" src=\"https:\/\/activrando.org\/AR_blog\/wp-content\/uploads\/2021\/08\/210801-Chatel-Guyon-08-fontaine-1024x660.jpg\" alt=\"\" class=\"wp-image-2990\" srcset=\"https:\/\/activrando.org\/AR_blog\/wp-content\/uploads\/2021\/08\/210801-Chatel-Guyon-08-fontaine.jpg 1024w, https:\/\/activrando.org\/AR_blog\/wp-content\/uploads\/2021\/08\/210801-Chatel-Guyon-08-fontaine-300x193.jpg 300w, https:\/\/activrando.org\/AR_blog\/wp-content\/uploads\/2021\/08\/210801-Chatel-Guyon-08-fontaine-768x495.jpg 768w\" sizes=\"(max-width: 1024px) 100vw, 1024px\" \/><figcaption><strong>L\u00e0 nous sommes d\u00e9j\u00e0 \u00e0 Enval, afin de remonter la gorge de l&rsquo;Amb\u00e8ne. Cette fontaine, au bassin monolithe en pierre de lave est adoss\u00e9e au plus vieux pont du village :<\/strong><br><strong>en-dessous passe le ruisseau-torrent dont nous verrons l&rsquo;eau dans les prochaines photos.<\/strong><br><br>\u2026<br><br>\u2026<\/figcaption><\/figure>\n\n\n\n<figure class=\"wp-block-image\"><img decoding=\"async\" loading=\"lazy\" width=\"1024\" height=\"575\" src=\"https:\/\/activrando.org\/AR_blog\/wp-content\/uploads\/2021\/08\/210801-Chatel-Guyon-09-riviere-Ambene-1024x575.jpg\" alt=\"\" class=\"wp-image-2991\" srcset=\"https:\/\/activrando.org\/AR_blog\/wp-content\/uploads\/2021\/08\/210801-Chatel-Guyon-09-riviere-Ambene.jpg 1024w, https:\/\/activrando.org\/AR_blog\/wp-content\/uploads\/2021\/08\/210801-Chatel-Guyon-09-riviere-Ambene-300x168.jpg 300w, https:\/\/activrando.org\/AR_blog\/wp-content\/uploads\/2021\/08\/210801-Chatel-Guyon-09-riviere-Ambene-768x431.jpg 768w\" sizes=\"(max-width: 1024px) 100vw, 1024px\" \/><figcaption><strong>Et voil\u00e0 l&rsquo;Amb\u00e8ne, dont tout le cours, dans la gorge en amont d&rsquo;Enval, est encombr\u00e9 de roches moussues qui lui donnent un bel aspect de torrent.<\/strong><br><br>\u2026<br><br>\u2026<\/figcaption><\/figure>\n\n\n\n<figure class=\"wp-block-image\"><img decoding=\"async\" loading=\"lazy\" width=\"1024\" height=\"576\" src=\"https:\/\/activrando.org\/AR_blog\/wp-content\/uploads\/2021\/08\/210801-Chatel-Guyon-10-groupe-marche-1024x576.jpg\" alt=\"\" class=\"wp-image-2992\" srcset=\"https:\/\/activrando.org\/AR_blog\/wp-content\/uploads\/2021\/08\/210801-Chatel-Guyon-10-groupe-marche.jpg 1024w, https:\/\/activrando.org\/AR_blog\/wp-content\/uploads\/2021\/08\/210801-Chatel-Guyon-10-groupe-marche-300x169.jpg 300w, https:\/\/activrando.org\/AR_blog\/wp-content\/uploads\/2021\/08\/210801-Chatel-Guyon-10-groupe-marche-768x432.jpg 768w\" sizes=\"(max-width: 1024px) 100vw, 1024px\" \/><figcaption>\u2026<br><br>\u2026<\/figcaption><\/figure>\n\n\n\n<div class=\"wp-block-image\"><figure class=\"aligncenter\"><img decoding=\"async\" loading=\"lazy\" width=\"800\" height=\"966\" src=\"https:\/\/activrando.org\/AR_blog\/wp-content\/uploads\/2021\/08\/210801-Chatel-Guyon-11-cascade.jpg\" alt=\"\" class=\"wp-image-2994\" srcset=\"https:\/\/activrando.org\/AR_blog\/wp-content\/uploads\/2021\/08\/210801-Chatel-Guyon-11-cascade.jpg 800w, https:\/\/activrando.org\/AR_blog\/wp-content\/uploads\/2021\/08\/210801-Chatel-Guyon-11-cascade-248x300.jpg 248w, https:\/\/activrando.org\/AR_blog\/wp-content\/uploads\/2021\/08\/210801-Chatel-Guyon-11-cascade-768x927.jpg 768w\" sizes=\"(max-width: 800px) 100vw, 800px\" \/><figcaption><strong>L&rsquo;Amb\u00e8ne d\u00e9vale tr\u00e8s vite la pente gr\u00e2ce \u00e0 plusieurs cascades tr\u00e8s jolies.<\/strong><br><br>\u2026<br><br>\u2026<\/figcaption><\/figure><\/div>\n\n\n\n<figure class=\"wp-block-image\"><img decoding=\"async\" loading=\"lazy\" width=\"1024\" height=\"482\" src=\"https:\/\/activrando.org\/AR_blog\/wp-content\/uploads\/2021\/08\/210801-Chatel-Guyon-12-panorama-Enval-1024x482.jpg\" alt=\"\" class=\"wp-image-2995\" srcset=\"https:\/\/activrando.org\/AR_blog\/wp-content\/uploads\/2021\/08\/210801-Chatel-Guyon-12-panorama-Enval.jpg 1024w, https:\/\/activrando.org\/AR_blog\/wp-content\/uploads\/2021\/08\/210801-Chatel-Guyon-12-panorama-Enval-300x141.jpg 300w, https:\/\/activrando.org\/AR_blog\/wp-content\/uploads\/2021\/08\/210801-Chatel-Guyon-12-panorama-Enval-768x362.jpg 768w\" sizes=\"(max-width: 1024px) 100vw, 1024px\" \/><figcaption><strong>Une vue sur Enval et au-del\u00e0 vers la plaine de la Limagne.<\/strong><br><br>\u2026<br><br>\u2026<br><\/figcaption><\/figure>\n\n\n\n<figure class=\"wp-block-image\"><img decoding=\"async\" loading=\"lazy\" width=\"1024\" height=\"575\" src=\"https:\/\/activrando.org\/AR_blog\/wp-content\/uploads\/2021\/08\/210801-Chatel-Guyon-13-roches-falaises-1024x575.jpg\" alt=\"\" class=\"wp-image-2996\" srcset=\"https:\/\/activrando.org\/AR_blog\/wp-content\/uploads\/2021\/08\/210801-Chatel-Guyon-13-roches-falaises.jpg 1024w, https:\/\/activrando.org\/AR_blog\/wp-content\/uploads\/2021\/08\/210801-Chatel-Guyon-13-roches-falaises-300x168.jpg 300w, https:\/\/activrando.org\/AR_blog\/wp-content\/uploads\/2021\/08\/210801-Chatel-Guyon-13-roches-falaises-768x431.jpg 768w\" sizes=\"(max-width: 1024px) 100vw, 1024px\" \/><figcaption><strong>A cet endroit, on voit bien les falaises rocheuses qui bordent la gorge.<\/strong><br><br>\u2026<br><br>\u2026<\/figcaption><\/figure>\n\n\n\n<figure class=\"wp-block-image\"><img decoding=\"async\" loading=\"lazy\" width=\"1024\" height=\"573\" src=\"https:\/\/activrando.org\/AR_blog\/wp-content\/uploads\/2021\/08\/210801-Chatel-Guyon-14-table-orientation-1024x573.jpg\" alt=\"\" class=\"wp-image-2997\" srcset=\"https:\/\/activrando.org\/AR_blog\/wp-content\/uploads\/2021\/08\/210801-Chatel-Guyon-14-table-orientation.jpg 1024w, https:\/\/activrando.org\/AR_blog\/wp-content\/uploads\/2021\/08\/210801-Chatel-Guyon-14-table-orientation-300x168.jpg 300w, https:\/\/activrando.org\/AR_blog\/wp-content\/uploads\/2021\/08\/210801-Chatel-Guyon-14-table-orientation-768x430.jpg 768w\" sizes=\"(max-width: 1024px) 100vw, 1024px\" \/><figcaption>\u2026<br><br>\u2026<\/figcaption><\/figure>\n\n\n\n<figure class=\"wp-block-image\"><img decoding=\"async\" loading=\"lazy\" width=\"1024\" height=\"575\" src=\"https:\/\/activrando.org\/AR_blog\/wp-content\/uploads\/2021\/08\/210801-Chatel-Guyon-15-riviere-gorge-1024x575.jpg\" alt=\"\" class=\"wp-image-2998\" srcset=\"https:\/\/activrando.org\/AR_blog\/wp-content\/uploads\/2021\/08\/210801-Chatel-Guyon-15-riviere-gorge.jpg 1024w, https:\/\/activrando.org\/AR_blog\/wp-content\/uploads\/2021\/08\/210801-Chatel-Guyon-15-riviere-gorge-300x168.jpg 300w, https:\/\/activrando.org\/AR_blog\/wp-content\/uploads\/2021\/08\/210801-Chatel-Guyon-15-riviere-gorge-768x431.jpg 768w\" sizes=\"(max-width: 1024px) 100vw, 1024px\" \/><figcaption><strong>Le chemin suit de pr\u00e8s la rivi\u00e8re. Immersion totale dans le vert + hygrom\u00e9trie tr\u00e8s forte \u00e0 ce moment-l\u00e0.<\/strong><br><br>\u2026<br><br>\u2026<\/figcaption><\/figure>\n\n\n\n<figure class=\"wp-block-image\"><img decoding=\"async\" loading=\"lazy\" width=\"800\" height=\"881\" src=\"https:\/\/activrando.org\/AR_blog\/wp-content\/uploads\/2021\/08\/210801-Chatel-Guyon-16-cascade.jpg\" alt=\"\" class=\"wp-image-2999\" srcset=\"https:\/\/activrando.org\/AR_blog\/wp-content\/uploads\/2021\/08\/210801-Chatel-Guyon-16-cascade.jpg 800w, https:\/\/activrando.org\/AR_blog\/wp-content\/uploads\/2021\/08\/210801-Chatel-Guyon-16-cascade-272x300.jpg 272w, https:\/\/activrando.org\/AR_blog\/wp-content\/uploads\/2021\/08\/210801-Chatel-Guyon-16-cascade-768x846.jpg 768w\" sizes=\"(max-width: 800px) 100vw, 800px\" \/><figcaption>\u2026<br><br>\u2026<\/figcaption><\/figure>\n\n\n\n<figure class=\"wp-block-image\"><img decoding=\"async\" loading=\"lazy\" width=\"1024\" height=\"575\" src=\"https:\/\/activrando.org\/AR_blog\/wp-content\/uploads\/2021\/08\/210801-Chatel-Guyon-17-champignons-1024x575.jpg\" alt=\"\" class=\"wp-image-3000\" srcset=\"https:\/\/activrando.org\/AR_blog\/wp-content\/uploads\/2021\/08\/210801-Chatel-Guyon-17-champignons.jpg 1024w, https:\/\/activrando.org\/AR_blog\/wp-content\/uploads\/2021\/08\/210801-Chatel-Guyon-17-champignons-300x168.jpg 300w, https:\/\/activrando.org\/AR_blog\/wp-content\/uploads\/2021\/08\/210801-Chatel-Guyon-17-champignons-768x431.jpg 768w\" sizes=\"(max-width: 1024px) 100vw, 1024px\" \/><figcaption>\u2026<br><br>\u2026<\/figcaption><\/figure>\n\n\n\n<figure class=\"wp-block-image\"><img decoding=\"async\" loading=\"lazy\" width=\"1024\" height=\"575\" src=\"https:\/\/activrando.org\/AR_blog\/wp-content\/uploads\/2021\/08\/210801-Chatel-Guyon-18-groupe-marche-1024x575.jpg\" alt=\"\" class=\"wp-image-3001\" srcset=\"https:\/\/activrando.org\/AR_blog\/wp-content\/uploads\/2021\/08\/210801-Chatel-Guyon-18-groupe-marche.jpg 1024w, https:\/\/activrando.org\/AR_blog\/wp-content\/uploads\/2021\/08\/210801-Chatel-Guyon-18-groupe-marche-300x168.jpg 300w, https:\/\/activrando.org\/AR_blog\/wp-content\/uploads\/2021\/08\/210801-Chatel-Guyon-18-groupe-marche-768x431.jpg 768w\" sizes=\"(max-width: 1024px) 100vw, 1024px\" \/><figcaption><strong>Pr\u00e8s d&rsquo;une cascade, rupture dans la pente douce par un raidillon qui permet de remettre rapidement au niveau amont du cours d&rsquo;eau.<\/strong><br><br>\u2026<br><br>\u2026<\/figcaption><\/figure>\n\n\n\n<figure class=\"wp-block-image\"><img decoding=\"async\" loading=\"lazy\" width=\"1024\" height=\"575\" src=\"https:\/\/activrando.org\/AR_blog\/wp-content\/uploads\/2021\/08\/210801-Chatel-Guyon-19-riviere-1024x575.jpg\" alt=\"\" class=\"wp-image-3002\" srcset=\"https:\/\/activrando.org\/AR_blog\/wp-content\/uploads\/2021\/08\/210801-Chatel-Guyon-19-riviere.jpg 1024w, https:\/\/activrando.org\/AR_blog\/wp-content\/uploads\/2021\/08\/210801-Chatel-Guyon-19-riviere-300x168.jpg 300w, https:\/\/activrando.org\/AR_blog\/wp-content\/uploads\/2021\/08\/210801-Chatel-Guyon-19-riviere-768x431.jpg 768w\" sizes=\"(max-width: 1024px) 100vw, 1024px\" \/><figcaption>\u2026<br><br>\u2026<\/figcaption><\/figure>\n\n\n\n<figure class=\"wp-block-image\"><img decoding=\"async\" loading=\"lazy\" width=\"1024\" height=\"575\" src=\"https:\/\/activrando.org\/AR_blog\/wp-content\/uploads\/2021\/08\/210801-Chatel-Guyon-20-pont-monolithe-1024x575.jpg\" alt=\"\" class=\"wp-image-3003\" srcset=\"https:\/\/activrando.org\/AR_blog\/wp-content\/uploads\/2021\/08\/210801-Chatel-Guyon-20-pont-monolithe.jpg 1024w, https:\/\/activrando.org\/AR_blog\/wp-content\/uploads\/2021\/08\/210801-Chatel-Guyon-20-pont-monolithe-300x168.jpg 300w, https:\/\/activrando.org\/AR_blog\/wp-content\/uploads\/2021\/08\/210801-Chatel-Guyon-20-pont-monolithe-768x431.jpg 768w\" sizes=\"(max-width: 1024px) 100vw, 1024px\" \/><figcaption><strong>Pr\u00e8s de Facemeunier, un joli petit pont monolithe, comme ceux que l&rsquo;on trouve en Montagne Bourbonnaise, permet de franchir le ruisseau pour monter vers le village situ\u00e9 en rive droite.<\/strong><br><br>\u2026<br><br>\u2026<\/figcaption><\/figure>\n\n\n\n<figure class=\"wp-block-image\"><img decoding=\"async\" loading=\"lazy\" width=\"1024\" height=\"486\" src=\"https:\/\/activrando.org\/AR_blog\/wp-content\/uploads\/2021\/08\/210801-Chatel-Guyon-21-mur-pierres-1024x486.jpg\" alt=\"\" class=\"wp-image-3004\" srcset=\"https:\/\/activrando.org\/AR_blog\/wp-content\/uploads\/2021\/08\/210801-Chatel-Guyon-21-mur-pierres.jpg 1024w, https:\/\/activrando.org\/AR_blog\/wp-content\/uploads\/2021\/08\/210801-Chatel-Guyon-21-mur-pierres-300x142.jpg 300w, https:\/\/activrando.org\/AR_blog\/wp-content\/uploads\/2021\/08\/210801-Chatel-Guyon-21-mur-pierres-768x365.jpg 768w\" sizes=\"(max-width: 1024px) 100vw, 1024px\" \/><figcaption><strong>Un mur d&rsquo;assemblage assez grossier en pierres s\u00e8ches comme l&rsquo;on en voit aussi en Bretagne et qui est renforc\u00e9 par la pr\u00e9sence rythmique de grosses pierres verticales.<\/strong><br><br>\u2026<br><br>\u2026<\/figcaption><\/figure>\n\n\n\n<figure class=\"wp-block-image\"><img decoding=\"async\" loading=\"lazy\" width=\"1024\" height=\"768\" src=\"https:\/\/activrando.org\/AR_blog\/wp-content\/uploads\/2021\/08\/210801-Chatel-Guyon-22-eglise-groupe-marche-1024x768.jpg\" alt=\"\" class=\"wp-image-3005\" srcset=\"https:\/\/activrando.org\/AR_blog\/wp-content\/uploads\/2021\/08\/210801-Chatel-Guyon-22-eglise-groupe-marche.jpg 1024w, https:\/\/activrando.org\/AR_blog\/wp-content\/uploads\/2021\/08\/210801-Chatel-Guyon-22-eglise-groupe-marche-300x225.jpg 300w, https:\/\/activrando.org\/AR_blog\/wp-content\/uploads\/2021\/08\/210801-Chatel-Guyon-22-eglise-groupe-marche-768x576.jpg 768w\" sizes=\"(max-width: 1024px) 100vw, 1024px\" \/><figcaption><strong>La place centrale de Charbonni\u00e8res-les-Varennes, pr\u00e8s de l&rsquo;\u00e9glise. C&rsquo;est l\u00e0 que nous allons faire la pose d\u00e9jeuner, au soleil.<\/strong><br><strong>Le temps de notre pause un grand calme a r\u00e9gn\u00e9 l\u00e0, c&rsquo;\u00e9tait&#8230; confortable !<\/strong><br><br>\u2026<br><br>\u2026<\/figcaption><\/figure>\n\n\n\n<figure class=\"wp-block-image\"><img decoding=\"async\" loading=\"lazy\" width=\"1024\" height=\"575\" src=\"https:\/\/activrando.org\/AR_blog\/wp-content\/uploads\/2021\/08\/210801-Chatel-Guyon-23-eglise-1024x575.jpg\" alt=\"\" class=\"wp-image-3006\" srcset=\"https:\/\/activrando.org\/AR_blog\/wp-content\/uploads\/2021\/08\/210801-Chatel-Guyon-23-eglise.jpg 1024w, https:\/\/activrando.org\/AR_blog\/wp-content\/uploads\/2021\/08\/210801-Chatel-Guyon-23-eglise-300x168.jpg 300w, https:\/\/activrando.org\/AR_blog\/wp-content\/uploads\/2021\/08\/210801-Chatel-Guyon-23-eglise-768x431.jpg 768w\" sizes=\"(max-width: 1024px) 100vw, 1024px\" \/><figcaption>\u2026<br><br>\u2026<\/figcaption><\/figure>\n\n\n\n<figure class=\"wp-block-image\"><img decoding=\"async\" loading=\"lazy\" width=\"1024\" height=\"515\" src=\"https:\/\/activrando.org\/AR_blog\/wp-content\/uploads\/2021\/08\/210801-Chatel-Guyon-24-mur-pierres-seches-1024x515.jpg\" alt=\"\" class=\"wp-image-3007\" srcset=\"https:\/\/activrando.org\/AR_blog\/wp-content\/uploads\/2021\/08\/210801-Chatel-Guyon-24-mur-pierres-seches.jpg 1024w, https:\/\/activrando.org\/AR_blog\/wp-content\/uploads\/2021\/08\/210801-Chatel-Guyon-24-mur-pierres-seches-300x151.jpg 300w, https:\/\/activrando.org\/AR_blog\/wp-content\/uploads\/2021\/08\/210801-Chatel-Guyon-24-mur-pierres-seches-768x386.jpg 768w\" sizes=\"(max-width: 1024px) 100vw, 1024px\" \/><figcaption><strong>Un mur avec un parement de pierres fa\u00e7on \u00a0\u00bbpierres s\u00e8ches\u00a0\u00bb, donc sans ciment de scellement.<\/strong><br><br>\u2026<br><br>\u2026<\/figcaption><\/figure>\n\n\n\n<div class=\"wp-block-image\"><figure class=\"aligncenter\"><img decoding=\"async\" loading=\"lazy\" width=\"800\" height=\"659\" src=\"https:\/\/activrando.org\/AR_blog\/wp-content\/uploads\/2021\/08\/210801-Chatel-Guyon-25-mur-pierre-gravee.jpg\" alt=\"\" class=\"wp-image-3008\" srcset=\"https:\/\/activrando.org\/AR_blog\/wp-content\/uploads\/2021\/08\/210801-Chatel-Guyon-25-mur-pierre-gravee.jpg 800w, https:\/\/activrando.org\/AR_blog\/wp-content\/uploads\/2021\/08\/210801-Chatel-Guyon-25-mur-pierre-gravee-300x247.jpg 300w, https:\/\/activrando.org\/AR_blog\/wp-content\/uploads\/2021\/08\/210801-Chatel-Guyon-25-mur-pierre-gravee-768x633.jpg 768w\" sizes=\"(max-width: 800px) 100vw, 800px\" \/><figcaption><strong>R\u00e9utilisation ostensible d&rsquo;une pierre prise sur un autre \u00e9difice. Y avait-il un ch\u00e2teau autrefois, qui a disparu mais dont les pierres se trouvent dans les murs des maisons les plus anciennes ?<\/strong><br><br>\u2026<br><br>\u2026<\/figcaption><\/figure><\/div>\n\n\n\n<figure class=\"wp-block-image\"><img decoding=\"async\" loading=\"lazy\" width=\"1024\" height=\"412\" src=\"https:\/\/activrando.org\/AR_blog\/wp-content\/uploads\/2021\/08\/210801-Chatel-Guyon-26-fontaine-1024x412.jpg\" alt=\"\" class=\"wp-image-3009\" srcset=\"https:\/\/activrando.org\/AR_blog\/wp-content\/uploads\/2021\/08\/210801-Chatel-Guyon-26-fontaine.jpg 1024w, https:\/\/activrando.org\/AR_blog\/wp-content\/uploads\/2021\/08\/210801-Chatel-Guyon-26-fontaine-300x121.jpg 300w, https:\/\/activrando.org\/AR_blog\/wp-content\/uploads\/2021\/08\/210801-Chatel-Guyon-26-fontaine-768x309.jpg 768w\" sizes=\"(max-width: 1024px) 100vw, 1024px\" \/><figcaption>\u2026<br><br>\u2026<\/figcaption><\/figure>\n\n\n\n<figure class=\"wp-block-image\"><img decoding=\"async\" loading=\"lazy\" width=\"1024\" height=\"576\" src=\"https:\/\/activrando.org\/AR_blog\/wp-content\/uploads\/2021\/08\/210801-Chatel-Guyon-27-papillon-ecaille-chinee-1024x576.jpg\" alt=\"\" class=\"wp-image-3010\" srcset=\"https:\/\/activrando.org\/AR_blog\/wp-content\/uploads\/2021\/08\/210801-Chatel-Guyon-27-papillon-ecaille-chinee.jpg 1024w, https:\/\/activrando.org\/AR_blog\/wp-content\/uploads\/2021\/08\/210801-Chatel-Guyon-27-papillon-ecaille-chinee-300x169.jpg 300w, https:\/\/activrando.org\/AR_blog\/wp-content\/uploads\/2021\/08\/210801-Chatel-Guyon-27-papillon-ecaille-chinee-768x432.jpg 768w\" sizes=\"(max-width: 1024px) 100vw, 1024px\" \/><figcaption><strong>Ce papillon s&rsquo;appelle \u00a0\u00bb<a href=\"https:\/\/www.quelestcetanimal.com\/lepidopteres\/lecaille-chinee\/\">\u00e9caille chin\u00e9e<\/a>\u00a0\u00bb. Pour en savoir plus cliquez le lien\u2026<\/strong><br>\u2026<br><br>\u2026<\/figcaption><\/figure>\n\n\n\n<div class=\"wp-block-image\"><figure class=\"aligncenter\"><img decoding=\"async\" loading=\"lazy\" width=\"800\" height=\"449\" src=\"https:\/\/activrando.org\/AR_blog\/wp-content\/uploads\/2021\/08\/210801-Chatel-Guyon-28-lavoir.jpg\" alt=\"\" class=\"wp-image-3011\" srcset=\"https:\/\/activrando.org\/AR_blog\/wp-content\/uploads\/2021\/08\/210801-Chatel-Guyon-28-lavoir.jpg 800w, https:\/\/activrando.org\/AR_blog\/wp-content\/uploads\/2021\/08\/210801-Chatel-Guyon-28-lavoir-300x168.jpg 300w, https:\/\/activrando.org\/AR_blog\/wp-content\/uploads\/2021\/08\/210801-Chatel-Guyon-28-lavoir-768x431.jpg 768w\" sizes=\"(max-width: 800px) 100vw, 800px\" \/><figcaption>\u2026<br><br>\u2026<\/figcaption><\/figure><\/div>\n\n\n\n<figure class=\"wp-block-image\"><img decoding=\"async\" loading=\"lazy\" width=\"1024\" height=\"576\" src=\"https:\/\/activrando.org\/AR_blog\/wp-content\/uploads\/2021\/08\/210801-Chatel-Guyon-29-chateau-Chazeron-1024x576.jpg\" alt=\"\" class=\"wp-image-3012\" srcset=\"https:\/\/activrando.org\/AR_blog\/wp-content\/uploads\/2021\/08\/210801-Chatel-Guyon-29-chateau-Chazeron.jpg 1024w, https:\/\/activrando.org\/AR_blog\/wp-content\/uploads\/2021\/08\/210801-Chatel-Guyon-29-chateau-Chazeron-300x169.jpg 300w, https:\/\/activrando.org\/AR_blog\/wp-content\/uploads\/2021\/08\/210801-Chatel-Guyon-29-chateau-Chazeron-768x432.jpg 768w\" sizes=\"(max-width: 1024px) 100vw, 1024px\" \/><figcaption><strong>Le ch\u00e2teau de Chazeron. Ne se visite pas le dimanche. Mais nous ne savions pas et c&rsquo;\u00e9tait grand ouvert&#8230; nous sommes entr\u00e9s.<\/strong><br><strong>La propri\u00e9taire, plut\u00f4t gentille et compr\u00e9hensive ne s&rsquo;est pas f\u00e2ch\u00e9e, gr\u00e2ce \u00e0 quoi, voil\u00e0 ci-dessous quelques vues rapproch\u00e9es.<\/strong><br><br>\u2026<br><br>\u2026<\/figcaption><\/figure>\n\n\n\n<figure class=\"wp-block-image\"><img decoding=\"async\" loading=\"lazy\" width=\"1022\" height=\"524\" src=\"https:\/\/activrando.org\/AR_blog\/wp-content\/uploads\/2021\/08\/210801-Chatel-Guyon-30-chateau-Chazeron-portail-detail.jpg\" alt=\"\" class=\"wp-image-3013\" srcset=\"https:\/\/activrando.org\/AR_blog\/wp-content\/uploads\/2021\/08\/210801-Chatel-Guyon-30-chateau-Chazeron-portail-detail.jpg 1022w, https:\/\/activrando.org\/AR_blog\/wp-content\/uploads\/2021\/08\/210801-Chatel-Guyon-30-chateau-Chazeron-portail-detail-300x154.jpg 300w, https:\/\/activrando.org\/AR_blog\/wp-content\/uploads\/2021\/08\/210801-Chatel-Guyon-30-chateau-Chazeron-portail-detail-768x394.jpg 768w\" sizes=\"(max-width: 1022px) 100vw, 1022px\" \/><figcaption>\u2026<br><br>\u2026<\/figcaption><\/figure>\n\n\n\n<figure class=\"wp-block-image\"><img decoding=\"async\" loading=\"lazy\" width=\"1024\" height=\"575\" src=\"https:\/\/activrando.org\/AR_blog\/wp-content\/uploads\/2021\/08\/210801-Chatel-Guyon-31-chateau-Chazeron-1024x575.jpg\" alt=\"\" class=\"wp-image-3014\" srcset=\"https:\/\/activrando.org\/AR_blog\/wp-content\/uploads\/2021\/08\/210801-Chatel-Guyon-31-chateau-Chazeron.jpg 1024w, https:\/\/activrando.org\/AR_blog\/wp-content\/uploads\/2021\/08\/210801-Chatel-Guyon-31-chateau-Chazeron-300x168.jpg 300w, https:\/\/activrando.org\/AR_blog\/wp-content\/uploads\/2021\/08\/210801-Chatel-Guyon-31-chateau-Chazeron-768x431.jpg 768w\" sizes=\"(max-width: 1024px) 100vw, 1024px\" \/><figcaption>\u2026<br><br>\u2026<\/figcaption><\/figure>\n\n\n\n<figure class=\"wp-block-image\"><img decoding=\"async\" loading=\"lazy\" width=\"1024\" height=\"575\" src=\"https:\/\/activrando.org\/AR_blog\/wp-content\/uploads\/2021\/08\/210801-Chatel-Guyon-32-chateau-Chazeron-gargouille-1024x575.jpg\" alt=\"\" class=\"wp-image-3015\" srcset=\"https:\/\/activrando.org\/AR_blog\/wp-content\/uploads\/2021\/08\/210801-Chatel-Guyon-32-chateau-Chazeron-gargouille.jpg 1024w, https:\/\/activrando.org\/AR_blog\/wp-content\/uploads\/2021\/08\/210801-Chatel-Guyon-32-chateau-Chazeron-gargouille-300x168.jpg 300w, https:\/\/activrando.org\/AR_blog\/wp-content\/uploads\/2021\/08\/210801-Chatel-Guyon-32-chateau-Chazeron-gargouille-768x431.jpg 768w\" sizes=\"(max-width: 1024px) 100vw, 1024px\" \/><figcaption>\u2026<br><br>\u2026<\/figcaption><\/figure>\n\n\n\n<figure class=\"wp-block-image\"><img decoding=\"async\" loading=\"lazy\" width=\"1024\" height=\"768\" src=\"https:\/\/activrando.org\/AR_blog\/wp-content\/uploads\/2021\/08\/210801-Chatel-Guyon-33-chateau-Chazeron-salle-1024x768.jpg\" alt=\"\" class=\"wp-image-3016\" srcset=\"https:\/\/activrando.org\/AR_blog\/wp-content\/uploads\/2021\/08\/210801-Chatel-Guyon-33-chateau-Chazeron-salle.jpg 1024w, https:\/\/activrando.org\/AR_blog\/wp-content\/uploads\/2021\/08\/210801-Chatel-Guyon-33-chateau-Chazeron-salle-300x225.jpg 300w, https:\/\/activrando.org\/AR_blog\/wp-content\/uploads\/2021\/08\/210801-Chatel-Guyon-33-chateau-Chazeron-salle-768x576.jpg 768w\" sizes=\"(max-width: 1024px) 100vw, 1024px\" \/><figcaption>\u2026<br><br>\u2026<\/figcaption><\/figure>\n\n\n\n<div class=\"wp-block-image\"><figure class=\"aligncenter\"><img decoding=\"async\" loading=\"lazy\" width=\"600\" height=\"684\" src=\"https:\/\/activrando.org\/AR_blog\/wp-content\/uploads\/2021\/08\/210801-Chatel-Guyon-34-chateau-Chazeron-vitrail.jpg\" alt=\"\" class=\"wp-image-3017\" srcset=\"https:\/\/activrando.org\/AR_blog\/wp-content\/uploads\/2021\/08\/210801-Chatel-Guyon-34-chateau-Chazeron-vitrail.jpg 600w, https:\/\/activrando.org\/AR_blog\/wp-content\/uploads\/2021\/08\/210801-Chatel-Guyon-34-chateau-Chazeron-vitrail-263x300.jpg 263w\" sizes=\"(max-width: 600px) 100vw, 600px\" \/><figcaption><strong>Un petit vitrail moderne ferme d\u00e9sormais une niche \u00e9troite. Au temps des ch\u00e2teaux-forts, on ne maitrisait pas encore l&rsquo;art du vert plat &#8211; lequel nous parait aujourd&rsquo;hui si commun &#8211; et les fen\u00eatres \u00e9taient ferm\u00e9es par de fines peaux de b\u00eates tann\u00e9es, huil\u00e9es pour devenir translucides et tendues sur cadre de bois.<\/strong><br>\u2026<br><br>\u2026<\/figcaption><\/figure><\/div>\n\n\n\n<figure class=\"wp-block-image\"><img decoding=\"async\" loading=\"lazy\" width=\"1024\" height=\"521\" src=\"https:\/\/activrando.org\/AR_blog\/wp-content\/uploads\/2021\/08\/210801-Chatel-Guyon-35-groupe-pose-1024x521.jpg\" alt=\"\" class=\"wp-image-3018\" srcset=\"https:\/\/activrando.org\/AR_blog\/wp-content\/uploads\/2021\/08\/210801-Chatel-Guyon-35-groupe-pose.jpg 1024w, https:\/\/activrando.org\/AR_blog\/wp-content\/uploads\/2021\/08\/210801-Chatel-Guyon-35-groupe-pose-300x153.jpg 300w, https:\/\/activrando.org\/AR_blog\/wp-content\/uploads\/2021\/08\/210801-Chatel-Guyon-35-groupe-pose-768x391.jpg 768w\" sizes=\"(max-width: 1024px) 100vw, 1024px\" \/><figcaption><strong>Apr\u00e8s cela, nous avons termin\u00e9 le parcours en descendant la vall\u00e9e de Sans Souci pour revenir \u00e0 Ch\u00e2tel-Guyon.<\/strong><br><strong>Celle-ci parait singuli\u00e8rement facile \u00e0 suivre en comparaison de la Gorge d&rsquo;Enval et il vaut mieux les suivre dans cet ordre.<\/strong><br><br>\u2026<br><br>\u2026<\/figcaption><\/figure>\n\n\n\n<figure class=\"wp-block-image\"><img decoding=\"async\" loading=\"lazy\" width=\"1024\" height=\"607\" src=\"https:\/\/activrando.org\/AR_blog\/wp-content\/uploads\/2021\/08\/210801-Chatel-Guyon-36-Chatel-Guyon-source-1024x607.jpg\" alt=\"\" class=\"wp-image-3019\" srcset=\"https:\/\/activrando.org\/AR_blog\/wp-content\/uploads\/2021\/08\/210801-Chatel-Guyon-36-Chatel-Guyon-source.jpg 1024w, https:\/\/activrando.org\/AR_blog\/wp-content\/uploads\/2021\/08\/210801-Chatel-Guyon-36-Chatel-Guyon-source-300x178.jpg 300w, https:\/\/activrando.org\/AR_blog\/wp-content\/uploads\/2021\/08\/210801-Chatel-Guyon-36-Chatel-Guyon-source-768x455.jpg 768w\" sizes=\"(max-width: 1024px) 100vw, 1024px\" \/><figcaption><strong>\u00c0 Ch\u00e2tel-Guyon, le trop-plein de sources aux eaux fortement min\u00e9ralis\u00e9es se d\u00e9verse dans le ruisseau&#8230;<\/strong><br><strong>Au final, nous avons effectu\u00e9 un parcours de 22 km \/ 640 m de d\u00e9nivel\u00e9+\/ indice d&rsquo;effort IBP de 76.<\/strong><br><strong>Encore une de ces belles journ\u00e9es de rando qui commencent sous la pluie et finissent sous le soleil, apparu bien avant midi.<\/strong><br><br>\u2026<br><br>\u2026<\/figcaption><\/figure>\n\n\n\n<p class=\"has-text-align-center\"><strong><a href=\"https:\/\/activrando.org\/AR_blog\/2021\/07\/29\/chargueraud-petite-rando-a-chatel-montagne-jeudi-29-juillet\/\">&lt; &lt; &lt; ARTICLE PR\u00c9C\u00c9DENT<\/a> &#8212;&#8212;&#8212;&#8212;&#8212;&#8212;-  <a href=\"https:\/\/activrando.org\/AR_blog\/\">ACCUEIL DU BLOG<\/a> &#8212;&#8212;&#8212;&#8212;&#8212;&#8212;&#8212;-  <a href=\"https:\/\/activrando.org\/AR_blog\/2021\/08\/12\/chateau-gaillard-petite-rando-le-12-aout-2021-a-brugheas\/\" data-type=\"URL\" data-id=\"https:\/\/activrando.org\/AR_blog\/2021\/08\/12\/chateau-gaillard-petite-rando-le-12-aout-2021-a-brugheas\/\">ARTICLE SUIVANT &gt; &gt; &gt;<\/a><\/strong><\/p>\n\n\n\n<p>\u2026<\/p>\n\n\n\n<p>\u2026<\/p>\n","protected":false},"excerpt":{"rendered":"<p>Sans Souci, c&rsquo;est une vall\u00e9e&#8230; dans laquelle coule un ruisseau&#8230; Il descend de la montagne et s&rsquo;appelle Ruisseau de Romeuf&#8230; Il prend sa source \u00e0 moins d&rsquo;un kilom\u00e8tre de la Morge mais au lieu de partir vers le Nord comme elle, il file direct vers l&rsquo;Est&#8230; et il descend, descend&#8230;<\/p>\n","protected":false},"author":2,"featured_media":3027,"comment_status":"closed","ping_status":"closed","sticky":false,"template":"","format":"standard","meta":[],"categories":[2],"tags":[8,9],"_links":{"self":[{"href":"https:\/\/activrando.org\/AR_blog\/wp-json\/wp\/v2\/posts\/2982"}],"collection":[{"href":"https:\/\/activrando.org\/AR_blog\/wp-json\/wp\/v2\/posts"}],"about":[{"href":"https:\/\/activrando.org\/AR_blog\/wp-json\/wp\/v2\/types\/post"}],"author":[{"embeddable":true,"href":"https:\/\/activrando.org\/AR_blog\/wp-json\/wp\/v2\/users\/2"}],"replies":[{"embeddable":true,"href":"https:\/\/activrando.org\/AR_blog\/wp-json\/wp\/v2\/comments?post=2982"}],"version-history":[{"count":14,"href":"https:\/\/activrando.org\/AR_blog\/wp-json\/wp\/v2\/posts\/2982\/revisions"}],"predecessor-version":[{"id":3677,"href":"https:\/\/activrando.org\/AR_blog\/wp-json\/wp\/v2\/posts\/2982\/revisions\/3677"}],"wp:featuredmedia":[{"embeddable":true,"href":"https:\/\/activrando.org\/AR_blog\/wp-json\/wp\/v2\/media\/3027"}],"wp:attachment":[{"href":"https:\/\/activrando.org\/AR_blog\/wp-json\/wp\/v2\/media?parent=2982"}],"wp:term":[{"taxonomy":"category","embeddable":true,"href":"https:\/\/activrando.org\/AR_blog\/wp-json\/wp\/v2\/categories?post=2982"},{"taxonomy":"post_tag","embeddable":true,"href":"https:\/\/activrando.org\/AR_blog\/wp-json\/wp\/v2\/tags?post=2982"}],"curies":[{"name":"wp","href":"https:\/\/api.w.org\/{rel}","templated":true}]}}