{"id":297,"date":"2019-06-25T18:28:23","date_gmt":"2019-06-25T16:28:23","guid":{"rendered":"http:\/\/activrando.org\/AR_blog\/?p=297"},"modified":"2019-12-14T22:34:40","modified_gmt":"2019-12-14T21:34:40","slug":"foret-de-marcenat-le-25-06-a-st-didier-la-foret","status":"publish","type":"post","link":"https:\/\/activrando.org\/AR_blog\/2019\/06\/25\/foret-de-marcenat-le-25-06-a-st-didier-la-foret\/","title":{"rendered":"\u00a0\u00bbFor\u00eat de Marcenat\u00a0\u00bb, le 25 juin \u00e0 St-Didier-la-for\u00eat (7 photos)"},"content":{"rendered":"\n<p><strong><a href=\"https:\/\/activrando.org\/AR_blog\/2019\/07\/09\/brulefer-le-9-juillet-a-st-etienne-de-vic\/\">&gt; &gt; &gt; ARTICLE SUIVANT<\/a><\/strong><\/p>\n\n\n\n<p><strong><a href=\"https:\/\/activrando.org\/AR_blog\/2019\/05\/12\/gannat-lapeyrouse-le-12-mai\/\">&gt; &gt; &gt; ARTICLE PR\u00c9C\u00c9DENT<\/a><\/strong><\/p>\n\n\n\n<p>Rando Sant\u00e9 dans la relative fraicheur de la for\u00eat de Marcenat.<\/p>\n\n\n\n<figure class=\"wp-block-image\"><img decoding=\"async\" loading=\"lazy\" width=\"800\" height=\"600\" src=\"https:\/\/activrando.org\/AR_blog\/wp-content\/uploads\/2019\/11\/190625-St-Didier-01-groupe-marche.jpg\" alt=\"\" class=\"wp-image-298\" srcset=\"https:\/\/activrando.org\/AR_blog\/wp-content\/uploads\/2019\/11\/190625-St-Didier-01-groupe-marche.jpg 800w, https:\/\/activrando.org\/AR_blog\/wp-content\/uploads\/2019\/11\/190625-St-Didier-01-groupe-marche-300x225.jpg 300w, https:\/\/activrando.org\/AR_blog\/wp-content\/uploads\/2019\/11\/190625-St-Didier-01-groupe-marche-768x576.jpg 768w\" sizes=\"(max-width: 800px) 100vw, 800px\" \/><figcaption>   .   <br><br>   .   <\/figcaption><\/figure>\n\n\n\n<figure class=\"wp-block-image\"><img decoding=\"async\" loading=\"lazy\" width=\"800\" height=\"600\" src=\"https:\/\/activrando.org\/AR_blog\/wp-content\/uploads\/2019\/11\/190625-St-Didier-02-touffe-graminees.jpg\" alt=\"\" class=\"wp-image-299\" srcset=\"https:\/\/activrando.org\/AR_blog\/wp-content\/uploads\/2019\/11\/190625-St-Didier-02-touffe-graminees.jpg 800w, https:\/\/activrando.org\/AR_blog\/wp-content\/uploads\/2019\/11\/190625-St-Didier-02-touffe-graminees-300x225.jpg 300w, https:\/\/activrando.org\/AR_blog\/wp-content\/uploads\/2019\/11\/190625-St-Didier-02-touffe-graminees-768x576.jpg 768w\" sizes=\"(max-width: 800px) 100vw, 800px\" \/><figcaption>.   <br> .   <\/figcaption><\/figure>\n\n\n\n<figure class=\"wp-block-image\"><img decoding=\"async\" loading=\"lazy\" width=\"800\" height=\"600\" src=\"https:\/\/activrando.org\/AR_blog\/wp-content\/uploads\/2019\/11\/190625-St-Didier-03-campanule.jpg\" alt=\"\" class=\"wp-image-300\" srcset=\"https:\/\/activrando.org\/AR_blog\/wp-content\/uploads\/2019\/11\/190625-St-Didier-03-campanule.jpg 800w, https:\/\/activrando.org\/AR_blog\/wp-content\/uploads\/2019\/11\/190625-St-Didier-03-campanule-300x225.jpg 300w, https:\/\/activrando.org\/AR_blog\/wp-content\/uploads\/2019\/11\/190625-St-Didier-03-campanule-768x576.jpg 768w\" sizes=\"(max-width: 800px) 100vw, 800px\" \/><figcaption>Les campanules<br><br>   .   <\/figcaption><\/figure>\n\n\n\n<figure class=\"wp-block-image\"><img decoding=\"async\" loading=\"lazy\" width=\"800\" height=\"600\" src=\"https:\/\/activrando.org\/AR_blog\/wp-content\/uploads\/2019\/11\/190625-St-Didier-04-groupe-marche.jpg\" alt=\"\" class=\"wp-image-301\" srcset=\"https:\/\/activrando.org\/AR_blog\/wp-content\/uploads\/2019\/11\/190625-St-Didier-04-groupe-marche.jpg 800w, https:\/\/activrando.org\/AR_blog\/wp-content\/uploads\/2019\/11\/190625-St-Didier-04-groupe-marche-300x225.jpg 300w, https:\/\/activrando.org\/AR_blog\/wp-content\/uploads\/2019\/11\/190625-St-Didier-04-groupe-marche-768x576.jpg 768w\" sizes=\"(max-width: 800px) 100vw, 800px\" \/><figcaption>.   <br> .   <\/figcaption><\/figure>\n\n\n\n<figure class=\"wp-block-image\"><img decoding=\"async\" loading=\"lazy\" width=\"800\" height=\"600\" src=\"https:\/\/activrando.org\/AR_blog\/wp-content\/uploads\/2019\/11\/190625-St-Didier-05-champignon-Clathrus-Archeri.jpg\" alt=\"\" class=\"wp-image-302\" srcset=\"https:\/\/activrando.org\/AR_blog\/wp-content\/uploads\/2019\/11\/190625-St-Didier-05-champignon-Clathrus-Archeri.jpg 800w, https:\/\/activrando.org\/AR_blog\/wp-content\/uploads\/2019\/11\/190625-St-Didier-05-champignon-Clathrus-Archeri-300x225.jpg 300w, https:\/\/activrando.org\/AR_blog\/wp-content\/uploads\/2019\/11\/190625-St-Didier-05-champignon-Clathrus-Archeri-768x576.jpg 768w\" sizes=\"(max-width: 800px) 100vw, 800px\" \/><figcaption>Dans un passage de sous-bois assez dense, nous voyons un champignon bizarre : Clathrus Archeri. Un vari\u00e9t\u00e9 assez rare en France et qui proviendrait (fin du XIXe ou d\u00e9but du XXe si\u00e8cle ?) de Nouvelle Z\u00e9lande, suite \u00e0 l&rsquo;entr\u00e9e clandestine de spores dans la laine de mouton. Enfin, c&rsquo;est ce que l&rsquo;on peut lire comme info sur ses origines. C&rsquo;est un champignon non-comestible qui \u00e9met une odeur sp\u00e9ciale, d\u00e9sagr\u00e9able pour les humains mais qui attire les mouches. J&rsquo;en avait d\u00e9j\u00e0 vu, dix ans plus t\u00f4t du c\u00f4t\u00e9 de Barrais-Bussoles, sur le bas-c\u00f4t\u00e9 de bord de la route. Il apparait d&rsquo;abord sous la forme d&rsquo;une sorte d&rsquo;\u0153uf translucide bleut\u00e9, d&rsquo;o\u00f9 sortent ensuite ces esp\u00e8ces de tentacules rouge vif.<br><br>   .   <\/figcaption><\/figure>\n\n\n\n<figure class=\"wp-block-image\"><img decoding=\"async\" loading=\"lazy\" width=\"800\" height=\"600\" src=\"https:\/\/activrando.org\/AR_blog\/wp-content\/uploads\/2019\/11\/190625-St-Didier-06-gaillet.jpg\" alt=\"\" class=\"wp-image-303\" srcset=\"https:\/\/activrando.org\/AR_blog\/wp-content\/uploads\/2019\/11\/190625-St-Didier-06-gaillet.jpg 800w, https:\/\/activrando.org\/AR_blog\/wp-content\/uploads\/2019\/11\/190625-St-Didier-06-gaillet-300x225.jpg 300w, https:\/\/activrando.org\/AR_blog\/wp-content\/uploads\/2019\/11\/190625-St-Didier-06-gaillet-768x576.jpg 768w\" sizes=\"(max-width: 800px) 100vw, 800px\" \/><figcaption>Une belle surface de gaillet, au parfum discret de miel.<br><br>   .   <\/figcaption><\/figure>\n\n\n\n<figure class=\"wp-block-image\"><img decoding=\"async\" loading=\"lazy\" width=\"800\" height=\"533\" src=\"https:\/\/activrando.org\/AR_blog\/wp-content\/uploads\/2019\/11\/190625-St-Didier-07-groupe-pose.jpg\" alt=\"\" class=\"wp-image-304\" srcset=\"https:\/\/activrando.org\/AR_blog\/wp-content\/uploads\/2019\/11\/190625-St-Didier-07-groupe-pose.jpg 800w, https:\/\/activrando.org\/AR_blog\/wp-content\/uploads\/2019\/11\/190625-St-Didier-07-groupe-pose-300x200.jpg 300w, https:\/\/activrando.org\/AR_blog\/wp-content\/uploads\/2019\/11\/190625-St-Didier-07-groupe-pose-768x512.jpg 768w\" sizes=\"(max-width: 800px) 100vw, 800px\" \/><\/figure>\n\n\n\n<p><strong><a href=\"https:\/\/activrando.org\/AR_blog\/2019\/07\/09\/brulefer-le-9-juillet-a-st-etienne-de-vic\/\">&gt; &gt; &gt; ARTICLE SUIVANT<\/a><\/strong><\/p>\n\n\n\n<p><strong><a href=\"https:\/\/activrando.org\/AR_blog\/\">&gt; &gt; &gt; ACCUEIL DU BLOG<\/a><\/strong><\/p>\n\n\n\n<p><strong><a href=\"https:\/\/activrando.org\/AR_blog\/2019\/05\/12\/gannat-lapeyrouse-le-12-mai\/\">&gt; &gt; &gt; ARTICLE PR\u00c9C\u00c9DENT<\/a><\/strong><\/p>\n","protected":false},"excerpt":{"rendered":"<p>&gt; &gt; &gt; ARTICLE SUIVANT &gt; &gt; &gt; ARTICLE PR\u00c9C\u00c9DENT Rando Sant\u00e9 dans la relative fraicheur de la for\u00eat de Marcenat. &gt; &gt; &gt; ARTICLE SUIVANT &gt; &gt; &gt; ACCUEIL DU BLOG &gt; &gt; &gt; ARTICLE PR\u00c9C\u00c9DENT<\/p>\n","protected":false},"author":2,"featured_media":0,"comment_status":"closed","ping_status":"closed","sticky":false,"template":"","format":"standard","meta":[],"categories":[2],"tags":[],"_links":{"self":[{"href":"https:\/\/activrando.org\/AR_blog\/wp-json\/wp\/v2\/posts\/297"}],"collection":[{"href":"https:\/\/activrando.org\/AR_blog\/wp-json\/wp\/v2\/posts"}],"about":[{"href":"https:\/\/activrando.org\/AR_blog\/wp-json\/wp\/v2\/types\/post"}],"author":[{"embeddable":true,"href":"https:\/\/activrando.org\/AR_blog\/wp-json\/wp\/v2\/users\/2"}],"replies":[{"embeddable":true,"href":"https:\/\/activrando.org\/AR_blog\/wp-json\/wp\/v2\/comments?post=297"}],"version-history":[{"count":4,"href":"https:\/\/activrando.org\/AR_blog\/wp-json\/wp\/v2\/posts\/297\/revisions"}],"predecessor-version":[{"id":946,"href":"https:\/\/activrando.org\/AR_blog\/wp-json\/wp\/v2\/posts\/297\/revisions\/946"}],"wp:attachment":[{"href":"https:\/\/activrando.org\/AR_blog\/wp-json\/wp\/v2\/media?parent=297"}],"wp:term":[{"taxonomy":"category","embeddable":true,"href":"https:\/\/activrando.org\/AR_blog\/wp-json\/wp\/v2\/categories?post=297"},{"taxonomy":"post_tag","embeddable":true,"href":"https:\/\/activrando.org\/AR_blog\/wp-json\/wp\/v2\/tags?post=297"}],"curies":[{"name":"wp","href":"https:\/\/api.w.org\/{rel}","templated":true}]}}