{"id":2731,"date":"2021-04-29T19:41:03","date_gmt":"2021-04-29T17:41:03","guid":{"rendered":"http:\/\/activrando.org\/AR_blog\/?p=2731"},"modified":"2021-06-22T16:01:03","modified_gmt":"2021-06-22T14:01:03","slug":"celzat-petite-rando-le-29-avril-a-bost","status":"publish","type":"post","link":"https:\/\/activrando.org\/AR_blog\/2021\/04\/29\/celzat-petite-rando-le-29-avril-a-bost\/","title":{"rendered":"\u00a0\u00bbCelzat\u00a0\u00bb, petite rando le 29 avril, \u00e0 Bost (15 photos)"},"content":{"rendered":"\n<p>Une balade dans la plaine, du c\u00f4t\u00e9 de Saint-Etienne-de-Vicq et aux limites de Creuzier-le-neuf, pendant laquelle on circulera dans une alternance de pr\u00e8s et de champs, ponctu\u00e9s de nombreux \u00e9tangs. Le temps est incertain et la pluie \u00e9tant annonc\u00e9e, on a pris les \u00e9quipements adapt\u00e9s : capes, ponchos et parapluies.<\/p>\n\n\n\n<p style=\"text-align:center\"><strong><a href=\"https:\/\/activrando.org\/AR_blog\/2021\/04\/27\/le-mourgon-rando-sante-le-27-avril-a-creuzier-le-neuf\/\">&lt; &lt; &lt; ARTICLE PR\u00c9C\u00c9DENT<\/a> &#8212;&#8212;&#8212;&#8212;&#8212;&#8212;-  <a href=\"https:\/\/activrando.org\/AR_blog\/\">ACCUEIL DU BLOG<\/a> &#8212;&#8212;&#8212;&#8212;&#8212;&#8212;&#8212;-  <a href=\"https:\/\/activrando.org\/AR_blog\/2021\/05\/02\/cascade-de-la-pisserotte-journee-rando-le-2-mai-a-arfeuilles\/\">ARTICLE SUIVANT &gt; &gt; &gt;<\/a><a href=\"https:\/\/activrando.org\/AR_blog\/2021\/04\/29\/celzat-petite-rando-le-29-avril-a-bost\/\">\ufeff<\/a><\/strong><br><\/p>\n\n\n\n<figure class=\"wp-block-image\"><img decoding=\"async\" loading=\"lazy\" width=\"1024\" height=\"341\" src=\"https:\/\/activrando.org\/AR_blog\/wp-content\/uploads\/2021\/05\/210429-Bost-01-groupe-marche-1024x341.jpg\" alt=\"\" class=\"wp-image-2943\" srcset=\"https:\/\/activrando.org\/AR_blog\/wp-content\/uploads\/2021\/05\/210429-Bost-01-groupe-marche.jpg 1024w, https:\/\/activrando.org\/AR_blog\/wp-content\/uploads\/2021\/05\/210429-Bost-01-groupe-marche-300x100.jpg 300w, https:\/\/activrando.org\/AR_blog\/wp-content\/uploads\/2021\/05\/210429-Bost-01-groupe-marche-768x256.jpg 768w\" sizes=\"(max-width: 1024px) 100vw, 1024px\" \/><figcaption>\u2026<br><br>\u2026<\/figcaption><\/figure>\n\n\n\n<figure class=\"wp-block-image\"><img decoding=\"async\" loading=\"lazy\" width=\"1024\" height=\"341\" src=\"https:\/\/activrando.org\/AR_blog\/wp-content\/uploads\/2021\/05\/210429-Bost-02-groupe-marche-1024x341.jpg\" alt=\"\" class=\"wp-image-2944\" srcset=\"https:\/\/activrando.org\/AR_blog\/wp-content\/uploads\/2021\/05\/210429-Bost-02-groupe-marche.jpg 1024w, https:\/\/activrando.org\/AR_blog\/wp-content\/uploads\/2021\/05\/210429-Bost-02-groupe-marche-300x100.jpg 300w, https:\/\/activrando.org\/AR_blog\/wp-content\/uploads\/2021\/05\/210429-Bost-02-groupe-marche-768x256.jpg 768w\" sizes=\"(max-width: 1024px) 100vw, 1024px\" \/><figcaption>\u2026<br><br>\u2026<\/figcaption><\/figure>\n\n\n\n<figure class=\"wp-block-image\"><img decoding=\"async\" loading=\"lazy\" width=\"1024\" height=\"341\" src=\"https:\/\/activrando.org\/AR_blog\/wp-content\/uploads\/2021\/05\/210429-Bost-03-pres-fleurs-1024x341.jpg\" alt=\"\" class=\"wp-image-2945\" srcset=\"https:\/\/activrando.org\/AR_blog\/wp-content\/uploads\/2021\/05\/210429-Bost-03-pres-fleurs.jpg 1024w, https:\/\/activrando.org\/AR_blog\/wp-content\/uploads\/2021\/05\/210429-Bost-03-pres-fleurs-300x100.jpg 300w, https:\/\/activrando.org\/AR_blog\/wp-content\/uploads\/2021\/05\/210429-Bost-03-pres-fleurs-768x256.jpg 768w\" sizes=\"(max-width: 1024px) 100vw, 1024px\" \/><figcaption><strong>Certains pr\u00e9s sont devenus roses gr\u00e2ce \u00e0 une nouvelle floraison : les becs-de-grue.<\/strong><br><br>\u2026<br><br>\u2026<\/figcaption><\/figure>\n\n\n\n<figure class=\"wp-block-image\"><img decoding=\"async\" loading=\"lazy\" width=\"1024\" height=\"341\" src=\"https:\/\/activrando.org\/AR_blog\/wp-content\/uploads\/2021\/05\/210429-Bost-04-fleurs-bec_de_grue-1024x341.jpg\" alt=\"\" class=\"wp-image-2946\" srcset=\"https:\/\/activrando.org\/AR_blog\/wp-content\/uploads\/2021\/05\/210429-Bost-04-fleurs-bec_de_grue.jpg 1024w, https:\/\/activrando.org\/AR_blog\/wp-content\/uploads\/2021\/05\/210429-Bost-04-fleurs-bec_de_grue-300x100.jpg 300w, https:\/\/activrando.org\/AR_blog\/wp-content\/uploads\/2021\/05\/210429-Bost-04-fleurs-bec_de_grue-768x256.jpg 768w\" sizes=\"(max-width: 1024px) 100vw, 1024px\" \/><figcaption><strong>Les fleurs de bec-de-grue.<\/strong><br><br>\u2026<br><br>\u2026<\/figcaption><\/figure>\n\n\n\n<figure class=\"wp-block-image\"><img decoding=\"async\" loading=\"lazy\" width=\"1024\" height=\"541\" src=\"https:\/\/activrando.org\/AR_blog\/wp-content\/uploads\/2021\/05\/210429-Bost-05-arbre-mort-1024x541.jpg\" alt=\"\" class=\"wp-image-2947\" srcset=\"https:\/\/activrando.org\/AR_blog\/wp-content\/uploads\/2021\/05\/210429-Bost-05-arbre-mort.jpg 1024w, https:\/\/activrando.org\/AR_blog\/wp-content\/uploads\/2021\/05\/210429-Bost-05-arbre-mort-300x158.jpg 300w, https:\/\/activrando.org\/AR_blog\/wp-content\/uploads\/2021\/05\/210429-Bost-05-arbre-mort-768x406.jpg 768w\" sizes=\"(max-width: 1024px) 100vw, 1024px\" \/><figcaption><strong>Un arbre dont le tronc n&rsquo;est pas prot\u00e9g\u00e9 du frottement des animaux qui paissent dans le pr\u00e9 va perdre son \u00e9corce et mourir.<\/strong><br><br>\u2026<br><br>\u2026<\/figcaption><\/figure>\n\n\n\n<div class=\"wp-block-image\"><figure class=\"aligncenter\"><img decoding=\"async\" loading=\"lazy\" width=\"720\" height=\"720\" src=\"https:\/\/activrando.org\/AR_blog\/wp-content\/uploads\/2021\/05\/210429-Bost-06-groupe-marche.jpg\" alt=\"\" class=\"wp-image-2948\" srcset=\"https:\/\/activrando.org\/AR_blog\/wp-content\/uploads\/2021\/05\/210429-Bost-06-groupe-marche.jpg 720w, https:\/\/activrando.org\/AR_blog\/wp-content\/uploads\/2021\/05\/210429-Bost-06-groupe-marche-150x150.jpg 150w, https:\/\/activrando.org\/AR_blog\/wp-content\/uploads\/2021\/05\/210429-Bost-06-groupe-marche-300x300.jpg 300w\" sizes=\"(max-width: 720px) 100vw, 720px\" \/><figcaption><strong>Les pluies r\u00e9centes ont rendue la terre d\u00e9nud\u00e9e tr\u00e8s collante. Les chaussures s&rsquo;alourdissent.<\/strong><br><br>\u2026<br><br>\u2026<\/figcaption><\/figure><\/div>\n\n\n\n<figure class=\"wp-block-image\"><img decoding=\"async\" loading=\"lazy\" width=\"1024\" height=\"512\" src=\"https:\/\/activrando.org\/AR_blog\/wp-content\/uploads\/2021\/05\/210429-Bost-07-groupe-marche-1024x512.jpg\" alt=\"\" class=\"wp-image-2949\" srcset=\"https:\/\/activrando.org\/AR_blog\/wp-content\/uploads\/2021\/05\/210429-Bost-07-groupe-marche.jpg 1024w, https:\/\/activrando.org\/AR_blog\/wp-content\/uploads\/2021\/05\/210429-Bost-07-groupe-marche-300x150.jpg 300w, https:\/\/activrando.org\/AR_blog\/wp-content\/uploads\/2021\/05\/210429-Bost-07-groupe-marche-768x384.jpg 768w\" sizes=\"(max-width: 1024px) 100vw, 1024px\" \/><figcaption><strong>Le temps est mena\u00e7ant : les nuages sont nombreux et \u00e7a \u00a0\u00bbsentait l&rsquo;eau\u00a0\u00bb. Mais jusque-l\u00e0 pas de souci.<\/strong><br><br>\u2026<br><br>\u2026<\/figcaption><\/figure>\n\n\n\n<figure class=\"wp-block-image\"><img decoding=\"async\" loading=\"lazy\" width=\"1024\" height=\"341\" src=\"https:\/\/activrando.org\/AR_blog\/wp-content\/uploads\/2021\/05\/210429-Bost-08-etang-1024x341.jpg\" alt=\"\" class=\"wp-image-2950\" srcset=\"https:\/\/activrando.org\/AR_blog\/wp-content\/uploads\/2021\/05\/210429-Bost-08-etang.jpg 1024w, https:\/\/activrando.org\/AR_blog\/wp-content\/uploads\/2021\/05\/210429-Bost-08-etang-300x100.jpg 300w, https:\/\/activrando.org\/AR_blog\/wp-content\/uploads\/2021\/05\/210429-Bost-08-etang-768x256.jpg 768w\" sizes=\"(max-width: 1024px) 100vw, 1024px\" \/><figcaption><strong>Et voil\u00e0 la pluie qui commence \u00e0 tomber&#8230;<\/strong><br><br>\u2026<br><br>\u2026<\/figcaption><\/figure>\n\n\n\n<figure class=\"wp-block-image\"><img decoding=\"async\" loading=\"lazy\" width=\"1024\" height=\"635\" src=\"https:\/\/activrando.org\/AR_blog\/wp-content\/uploads\/2021\/05\/210429-Bost-09-bleuet-1024x635.jpg\" alt=\"\" class=\"wp-image-2951\" srcset=\"https:\/\/activrando.org\/AR_blog\/wp-content\/uploads\/2021\/05\/210429-Bost-09-bleuet.jpg 1024w, https:\/\/activrando.org\/AR_blog\/wp-content\/uploads\/2021\/05\/210429-Bost-09-bleuet-300x186.jpg 300w, https:\/\/activrando.org\/AR_blog\/wp-content\/uploads\/2021\/05\/210429-Bost-09-bleuet-768x476.jpg 768w\" sizes=\"(max-width: 1024px) 100vw, 1024px\" \/><figcaption>\u2026<br><br>\u2026<\/figcaption><\/figure>\n\n\n\n<figure class=\"wp-block-image\"><img decoding=\"async\" loading=\"lazy\" width=\"1024\" height=\"512\" src=\"https:\/\/activrando.org\/AR_blog\/wp-content\/uploads\/2021\/05\/210429-Bost-10-feuillage-saule-1024x512.jpg\" alt=\"\" class=\"wp-image-2952\" srcset=\"https:\/\/activrando.org\/AR_blog\/wp-content\/uploads\/2021\/05\/210429-Bost-10-feuillage-saule.jpg 1024w, https:\/\/activrando.org\/AR_blog\/wp-content\/uploads\/2021\/05\/210429-Bost-10-feuillage-saule-300x150.jpg 300w, https:\/\/activrando.org\/AR_blog\/wp-content\/uploads\/2021\/05\/210429-Bost-10-feuillage-saule-768x384.jpg 768w\" sizes=\"(max-width: 1024px) 100vw, 1024px\" \/><figcaption>\u2026<br><br>\u2026<\/figcaption><\/figure>\n\n\n\n<figure class=\"wp-block-image\"><img decoding=\"async\" loading=\"lazy\" width=\"1024\" height=\"512\" src=\"https:\/\/activrando.org\/AR_blog\/wp-content\/uploads\/2021\/05\/210429-Bost-11-groupe-marche-1024x512.jpg\" alt=\"\" class=\"wp-image-2953\" srcset=\"https:\/\/activrando.org\/AR_blog\/wp-content\/uploads\/2021\/05\/210429-Bost-11-groupe-marche.jpg 1024w, https:\/\/activrando.org\/AR_blog\/wp-content\/uploads\/2021\/05\/210429-Bost-11-groupe-marche-300x150.jpg 300w, https:\/\/activrando.org\/AR_blog\/wp-content\/uploads\/2021\/05\/210429-Bost-11-groupe-marche-768x384.jpg 768w\" sizes=\"(max-width: 1024px) 100vw, 1024px\" \/><figcaption>\u2026<br><br>\u2026<\/figcaption><\/figure>\n\n\n\n<figure class=\"wp-block-image\"><img decoding=\"async\" loading=\"lazy\" width=\"1024\" height=\"512\" src=\"https:\/\/activrando.org\/AR_blog\/wp-content\/uploads\/2021\/05\/210429-Bost-12-groupe-marche-1024x512.jpg\" alt=\"\" class=\"wp-image-2954\" srcset=\"https:\/\/activrando.org\/AR_blog\/wp-content\/uploads\/2021\/05\/210429-Bost-12-groupe-marche.jpg 1024w, https:\/\/activrando.org\/AR_blog\/wp-content\/uploads\/2021\/05\/210429-Bost-12-groupe-marche-300x150.jpg 300w, https:\/\/activrando.org\/AR_blog\/wp-content\/uploads\/2021\/05\/210429-Bost-12-groupe-marche-768x384.jpg 768w\" sizes=\"(max-width: 1024px) 100vw, 1024px\" \/><figcaption><strong>Le parapluies commencent \u00e0 se refermer et les capes vont \u00eatre retir\u00e9es. L&rsquo;averse est pass\u00e9e.<\/strong><br><br>\u2026<br><br>\u2026<\/figcaption><\/figure>\n\n\n\n<div class=\"wp-block-image\"><figure class=\"aligncenter\"><img decoding=\"async\" loading=\"lazy\" width=\"800\" height=\"655\" src=\"https:\/\/activrando.org\/AR_blog\/wp-content\/uploads\/2021\/05\/210429-Bost-13-lichen.jpg\" alt=\"\" class=\"wp-image-2955\" srcset=\"https:\/\/activrando.org\/AR_blog\/wp-content\/uploads\/2021\/05\/210429-Bost-13-lichen.jpg 800w, https:\/\/activrando.org\/AR_blog\/wp-content\/uploads\/2021\/05\/210429-Bost-13-lichen-300x246.jpg 300w, https:\/\/activrando.org\/AR_blog\/wp-content\/uploads\/2021\/05\/210429-Bost-13-lichen-768x629.jpg 768w\" sizes=\"(max-width: 800px) 100vw, 800px\" \/><figcaption>\u2026<br><br>\u2026<\/figcaption><\/figure><\/div>\n\n\n\n<figure class=\"wp-block-image\"><img decoding=\"async\" loading=\"lazy\" width=\"1024\" height=\"576\" src=\"https:\/\/activrando.org\/AR_blog\/wp-content\/uploads\/2021\/05\/210429-Bost-14-eglise-1024x576.jpg\" alt=\"\" class=\"wp-image-2956\" srcset=\"https:\/\/activrando.org\/AR_blog\/wp-content\/uploads\/2021\/05\/210429-Bost-14-eglise.jpg 1024w, https:\/\/activrando.org\/AR_blog\/wp-content\/uploads\/2021\/05\/210429-Bost-14-eglise-300x169.jpg 300w, https:\/\/activrando.org\/AR_blog\/wp-content\/uploads\/2021\/05\/210429-Bost-14-eglise-768x432.jpg 768w\" sizes=\"(max-width: 1024px) 100vw, 1024px\" \/><figcaption><strong>Nous sommes revenus au point de d\u00e9part.<\/strong><br><br>\u2026<br><br>\u2026<\/figcaption><\/figure>\n\n\n\n<figure class=\"wp-block-image\"><img decoding=\"async\" loading=\"lazy\" width=\"1024\" height=\"575\" src=\"https:\/\/activrando.org\/AR_blog\/wp-content\/uploads\/2021\/05\/210429-Bost-15-pissenlits-1024x575.jpg\" alt=\"\" class=\"wp-image-2957\" srcset=\"https:\/\/activrando.org\/AR_blog\/wp-content\/uploads\/2021\/05\/210429-Bost-15-pissenlits.jpg 1024w, https:\/\/activrando.org\/AR_blog\/wp-content\/uploads\/2021\/05\/210429-Bost-15-pissenlits-300x168.jpg 300w, https:\/\/activrando.org\/AR_blog\/wp-content\/uploads\/2021\/05\/210429-Bost-15-pissenlits-768x431.jpg 768w\" sizes=\"(max-width: 1024px) 100vw, 1024px\" \/><figcaption>\u2026<br><br>\u2026<\/figcaption><\/figure>\n\n\n\n<p style=\"text-align:center\"><strong><a href=\"https:\/\/activrando.org\/AR_blog\/2021\/04\/27\/le-mourgon-rando-sante-le-27-avril-a-creuzier-le-neuf\/\">&lt; &lt; &lt; ARTICLE PR\u00c9C\u00c9DENT<\/a> &#8212;&#8212;&#8212;&#8212;&#8212;&#8212;-  <a href=\"https:\/\/activrando.org\/AR_blog\/\">ACCUEIL DU BLOG<\/a> &#8212;&#8212;&#8212;&#8212;&#8212;&#8212;&#8212;-  <a href=\"https:\/\/activrando.org\/AR_blog\/2021\/05\/02\/cascade-de-la-pisserotte-journee-rando-le-2-mai-a-arfeuilles\/\">ARTICLE SUIVANT &gt; &gt; &gt;<\/a><\/strong><\/p>\n","protected":false},"excerpt":{"rendered":"<p>Une balade dans la plaine, du c\u00f4t\u00e9 de Saint-Etienne-de-Vicq et aux limites de Creuzier-le-neuf, pendant laquelle on circulera dans une alternance de pr\u00e8s et de champs, ponctu\u00e9s de nombreux \u00e9tangs. Le temps est incertain et la pluie \u00e9tant annonc\u00e9e, on a pris les \u00e9quipements adapt\u00e9s : capes, ponchos et parapluies&#8230;.<\/p>\n","protected":false},"author":2,"featured_media":2958,"comment_status":"closed","ping_status":"closed","sticky":false,"template":"","format":"standard","meta":[],"categories":[2],"tags":[],"_links":{"self":[{"href":"https:\/\/activrando.org\/AR_blog\/wp-json\/wp\/v2\/posts\/2731"}],"collection":[{"href":"https:\/\/activrando.org\/AR_blog\/wp-json\/wp\/v2\/posts"}],"about":[{"href":"https:\/\/activrando.org\/AR_blog\/wp-json\/wp\/v2\/types\/post"}],"author":[{"embeddable":true,"href":"https:\/\/activrando.org\/AR_blog\/wp-json\/wp\/v2\/users\/2"}],"replies":[{"embeddable":true,"href":"https:\/\/activrando.org\/AR_blog\/wp-json\/wp\/v2\/comments?post=2731"}],"version-history":[{"count":8,"href":"https:\/\/activrando.org\/AR_blog\/wp-json\/wp\/v2\/posts\/2731\/revisions"}],"predecessor-version":[{"id":2971,"href":"https:\/\/activrando.org\/AR_blog\/wp-json\/wp\/v2\/posts\/2731\/revisions\/2971"}],"wp:featuredmedia":[{"embeddable":true,"href":"https:\/\/activrando.org\/AR_blog\/wp-json\/wp\/v2\/media\/2958"}],"wp:attachment":[{"href":"https:\/\/activrando.org\/AR_blog\/wp-json\/wp\/v2\/media?parent=2731"}],"wp:term":[{"taxonomy":"category","embeddable":true,"href":"https:\/\/activrando.org\/AR_blog\/wp-json\/wp\/v2\/categories?post=2731"},{"taxonomy":"post_tag","embeddable":true,"href":"https:\/\/activrando.org\/AR_blog\/wp-json\/wp\/v2\/tags?post=2731"}],"curies":[{"name":"wp","href":"https:\/\/api.w.org\/{rel}","templated":true}]}}