{"id":2727,"date":"2021-04-25T21:29:17","date_gmt":"2021-04-25T19:29:17","guid":{"rendered":"http:\/\/activrando.org\/AR_blog\/?p=2727"},"modified":"2021-12-09T09:03:20","modified_gmt":"2021-12-09T08:03:20","slug":"beaumont-journee-rando-a-seuillet-le-25-avril-2021","status":"publish","type":"post","link":"https:\/\/activrando.org\/AR_blog\/2021\/04\/25\/beaumont-journee-rando-a-seuillet-le-25-avril-2021\/","title":{"rendered":"\u00a0\u00bbBeaumont\u00a0\u00bb, journ\u00e9e rando \u00e0 Seuillet, le 25 avril 2021 (26 photos)"},"content":{"rendered":"\n<p><strong>Au d\u00e9part de Seuillet, nous sillonnerons la plaine o\u00f9 serpente le Mourgon, en essayant -pour se donner du relief- d&rsquo;exploiter au mieux les hauteurs qui la bordent, dont celle qui porte le ch\u00e2teau de Beaumont, veillant sur l&rsquo;ensemble. Beau temps printanier, doux et paisible, pour ce circuit de 25 km.<\/strong><\/p>\n\n\n\n<p class=\"has-text-align-center\"><strong><a href=\"https:\/\/activrando.org\/AR_blog\/2021\/04\/22\/le-sentier-des-crocos-petite-rando-a-st-germain-des-f-le-22-avril\/\"> &lt; &lt; &lt; ARTICLE PR\u00c9C\u00c9DENT<\/a> &#8212;&#8212;&#8212;&#8212;&#8212;&#8212;-  <a href=\"https:\/\/activrando.org\/AR_blog\/\">ACCUEIL DU BLOG<\/a> &#8212;&#8212;&#8212;&#8212;&#8212;&#8212;&#8212;-  <a href=\"https:\/\/activrando.org\/AR_blog\/2021\/04\/27\/le-mourgon-rando-sante-le-27-avril-a-creuzier-le-neuf\/\">ARTICLE SUIVANT &gt; &gt; &gt;<\/a><\/strong><\/p>\n\n\n\n<figure class=\"wp-block-image\"><img decoding=\"async\" loading=\"lazy\" width=\"1024\" height=\"512\" src=\"https:\/\/activrando.org\/AR_blog\/wp-content\/uploads\/2021\/05\/210425-Seuillet-01-chemin-1024x512.jpg\" alt=\"\" class=\"wp-image-2897\" srcset=\"https:\/\/activrando.org\/AR_blog\/wp-content\/uploads\/2021\/05\/210425-Seuillet-01-chemin.jpg 1024w, https:\/\/activrando.org\/AR_blog\/wp-content\/uploads\/2021\/05\/210425-Seuillet-01-chemin-300x150.jpg 300w, https:\/\/activrando.org\/AR_blog\/wp-content\/uploads\/2021\/05\/210425-Seuillet-01-chemin-768x384.jpg 768w\" sizes=\"(max-width: 1024px) 100vw, 1024px\" \/><figcaption><strong>Nous commen\u00e7ons par un premier chemin qui, regarni de pierres et tuiles cass\u00e9es est actuellement incommode \u00e0 marcher.<\/strong><br><br>\u2026<br><br>\u2026<\/figcaption><\/figure>\n\n\n\n<figure class=\"wp-block-image\"><img decoding=\"async\" loading=\"lazy\" width=\"1024\" height=\"341\" src=\"https:\/\/activrando.org\/AR_blog\/wp-content\/uploads\/2021\/05\/210425-Seuillet-02-chemin-perdu-1024x341.jpg\" alt=\"\" class=\"wp-image-2901\" srcset=\"https:\/\/activrando.org\/AR_blog\/wp-content\/uploads\/2021\/05\/210425-Seuillet-02-chemin-perdu.jpg 1024w, https:\/\/activrando.org\/AR_blog\/wp-content\/uploads\/2021\/05\/210425-Seuillet-02-chemin-perdu-300x100.jpg 300w, https:\/\/activrando.org\/AR_blog\/wp-content\/uploads\/2021\/05\/210425-Seuillet-02-chemin-perdu-768x256.jpg 768w\" sizes=\"(max-width: 1024px) 100vw, 1024px\" \/><figcaption><strong>Cette haie infranchissable occupe l&rsquo;espace d&rsquo;un chemin qui menait \u00e0 cette ferme, l\u00e0-bas derri\u00e8re et plus loin encore. Il serait temps de le restaurer.<\/strong><br><br>\u2026<br><br>\u2026<\/figcaption><\/figure>\n\n\n\n<figure class=\"wp-block-image\"><img decoding=\"async\" loading=\"lazy\" width=\"1024\" height=\"341\" src=\"https:\/\/activrando.org\/AR_blog\/wp-content\/uploads\/2021\/05\/210425-Seuillet-03-moulin-ruine-1024x341.jpg\" alt=\"\" class=\"wp-image-2902\" srcset=\"https:\/\/activrando.org\/AR_blog\/wp-content\/uploads\/2021\/05\/210425-Seuillet-03-moulin-ruine.jpg 1024w, https:\/\/activrando.org\/AR_blog\/wp-content\/uploads\/2021\/05\/210425-Seuillet-03-moulin-ruine-300x100.jpg 300w, https:\/\/activrando.org\/AR_blog\/wp-content\/uploads\/2021\/05\/210425-Seuillet-03-moulin-ruine-768x256.jpg 768w\" sizes=\"(max-width: 1024px) 100vw, 1024px\" \/><figcaption><strong>Un ancien moulin, sans doute.<\/strong><br><br>\u2026<br><br>\u2026<\/figcaption><\/figure>\n\n\n\n<figure class=\"wp-block-image\"><img decoding=\"async\" loading=\"lazy\" width=\"1024\" height=\"402\" src=\"https:\/\/activrando.org\/AR_blog\/wp-content\/uploads\/2021\/05\/210425-Seuillet-04-riviere-Mourgon-1024x402.jpg\" alt=\"\" class=\"wp-image-2903\" srcset=\"https:\/\/activrando.org\/AR_blog\/wp-content\/uploads\/2021\/05\/210425-Seuillet-04-riviere-Mourgon.jpg 1024w, https:\/\/activrando.org\/AR_blog\/wp-content\/uploads\/2021\/05\/210425-Seuillet-04-riviere-Mourgon-300x118.jpg 300w, https:\/\/activrando.org\/AR_blog\/wp-content\/uploads\/2021\/05\/210425-Seuillet-04-riviere-Mourgon-768x302.jpg 768w\" sizes=\"(max-width: 1024px) 100vw, 1024px\" \/><figcaption><strong>Une premi\u00e8re fois nous approchons le Mourgon, axe liquide traversant si bien cette plaine que l&rsquo;on ne peut l&rsquo;\u00e9viter.<\/strong><br><br>\u2026<br><br>\u2026<\/figcaption><\/figure>\n\n\n\n<figure class=\"wp-block-image\"><img decoding=\"async\" loading=\"lazy\" width=\"1024\" height=\"341\" src=\"https:\/\/activrando.org\/AR_blog\/wp-content\/uploads\/2021\/05\/210425-Seuillet-05-groupe-marche-1024x341.jpg\" alt=\"\" class=\"wp-image-2904\" srcset=\"https:\/\/activrando.org\/AR_blog\/wp-content\/uploads\/2021\/05\/210425-Seuillet-05-groupe-marche.jpg 1024w, https:\/\/activrando.org\/AR_blog\/wp-content\/uploads\/2021\/05\/210425-Seuillet-05-groupe-marche-300x100.jpg 300w, https:\/\/activrando.org\/AR_blog\/wp-content\/uploads\/2021\/05\/210425-Seuillet-05-groupe-marche-768x256.jpg 768w\" sizes=\"(max-width: 1024px) 100vw, 1024px\" \/><figcaption>\u2026<br><br>\u2026<\/figcaption><\/figure>\n\n\n\n<figure class=\"wp-block-image\"><img decoding=\"async\" loading=\"lazy\" width=\"1024\" height=\"341\" src=\"https:\/\/activrando.org\/AR_blog\/wp-content\/uploads\/2021\/05\/210425-Seuillet-06-pissenlits-1024x341.jpg\" alt=\"\" class=\"wp-image-2905\" srcset=\"https:\/\/activrando.org\/AR_blog\/wp-content\/uploads\/2021\/05\/210425-Seuillet-06-pissenlits.jpg 1024w, https:\/\/activrando.org\/AR_blog\/wp-content\/uploads\/2021\/05\/210425-Seuillet-06-pissenlits-300x100.jpg 300w, https:\/\/activrando.org\/AR_blog\/wp-content\/uploads\/2021\/05\/210425-Seuillet-06-pissenlits-768x256.jpg 768w\" sizes=\"(max-width: 1024px) 100vw, 1024px\" \/><figcaption><strong>Des pissenlits par millions. Chacun portant un millier (?) de graines&#8230; Dans la nature bien des choses se comptent par milliards.<\/strong><br><br>\u2026<br><br>\u2026<\/figcaption><\/figure>\n\n\n\n<figure class=\"wp-block-image\"><img decoding=\"async\" loading=\"lazy\" width=\"1024\" height=\"512\" src=\"https:\/\/activrando.org\/AR_blog\/wp-content\/uploads\/2021\/05\/210425-Seuillet-07-foret-1024x512.jpg\" alt=\"\" class=\"wp-image-2906\" srcset=\"https:\/\/activrando.org\/AR_blog\/wp-content\/uploads\/2021\/05\/210425-Seuillet-07-foret.jpg 1024w, https:\/\/activrando.org\/AR_blog\/wp-content\/uploads\/2021\/05\/210425-Seuillet-07-foret-300x150.jpg 300w, https:\/\/activrando.org\/AR_blog\/wp-content\/uploads\/2021\/05\/210425-Seuillet-07-foret-768x384.jpg 768w\" sizes=\"(max-width: 1024px) 100vw, 1024px\" \/><figcaption><strong>Dans le Bois de Celzat, les jeunes feuilles s&rsquo;ouvrent \u00e0 peine.<\/strong><br><br>\u2026<br><br>\u2026<\/figcaption><\/figure>\n\n\n\n<figure class=\"wp-block-image\"><img decoding=\"async\" loading=\"lazy\" width=\"1024\" height=\"512\" src=\"https:\/\/activrando.org\/AR_blog\/wp-content\/uploads\/2021\/05\/210425-Seuillet-08-groupe-marche-1024x512.jpg\" alt=\"\" class=\"wp-image-2907\" srcset=\"https:\/\/activrando.org\/AR_blog\/wp-content\/uploads\/2021\/05\/210425-Seuillet-08-groupe-marche.jpg 1024w, https:\/\/activrando.org\/AR_blog\/wp-content\/uploads\/2021\/05\/210425-Seuillet-08-groupe-marche-300x150.jpg 300w, https:\/\/activrando.org\/AR_blog\/wp-content\/uploads\/2021\/05\/210425-Seuillet-08-groupe-marche-768x384.jpg 768w\" sizes=\"(max-width: 1024px) 100vw, 1024px\" \/><figcaption>\u2026<br><br>\u2026<\/figcaption><\/figure>\n\n\n\n<figure class=\"wp-block-image\"><img decoding=\"async\" loading=\"lazy\" width=\"1024\" height=\"512\" src=\"https:\/\/activrando.org\/AR_blog\/wp-content\/uploads\/2021\/05\/210425-Seuillet-09-groupe-marche-1024x512.jpg\" alt=\"\" class=\"wp-image-2908\" srcset=\"https:\/\/activrando.org\/AR_blog\/wp-content\/uploads\/2021\/05\/210425-Seuillet-09-groupe-marche.jpg 1024w, https:\/\/activrando.org\/AR_blog\/wp-content\/uploads\/2021\/05\/210425-Seuillet-09-groupe-marche-300x150.jpg 300w, https:\/\/activrando.org\/AR_blog\/wp-content\/uploads\/2021\/05\/210425-Seuillet-09-groupe-marche-768x384.jpg 768w\" sizes=\"(max-width: 1024px) 100vw, 1024px\" \/><figcaption>\u2026<br><br>\u2026<\/figcaption><\/figure>\n\n\n\n<figure class=\"wp-block-image\"><img decoding=\"async\" loading=\"lazy\" width=\"1024\" height=\"388\" src=\"https:\/\/activrando.org\/AR_blog\/wp-content\/uploads\/2021\/05\/210425-Seuillet-10-chateau-Baleyne-1024x388.jpg\" alt=\"\" class=\"wp-image-2909\" srcset=\"https:\/\/activrando.org\/AR_blog\/wp-content\/uploads\/2021\/05\/210425-Seuillet-10-chateau-Baleyne.jpg 1024w, https:\/\/activrando.org\/AR_blog\/wp-content\/uploads\/2021\/05\/210425-Seuillet-10-chateau-Baleyne-300x114.jpg 300w, https:\/\/activrando.org\/AR_blog\/wp-content\/uploads\/2021\/05\/210425-Seuillet-10-chateau-Baleyne-768x291.jpg 768w\" sizes=\"(max-width: 1024px) 100vw, 1024px\" \/><figcaption><strong>Le ch\u00e2teau de Baleyne<\/strong><br><br>\u2026<br><br>\u2026<\/figcaption><\/figure>\n\n\n\n<figure class=\"wp-block-image\"><img decoding=\"async\" loading=\"lazy\" width=\"1024\" height=\"575\" src=\"https:\/\/activrando.org\/AR_blog\/wp-content\/uploads\/2021\/05\/210425-Seuillet-11-chateau-Baleyne-1024x575.jpg\" alt=\"\" class=\"wp-image-2910\" srcset=\"https:\/\/activrando.org\/AR_blog\/wp-content\/uploads\/2021\/05\/210425-Seuillet-11-chateau-Baleyne.jpg 1024w, https:\/\/activrando.org\/AR_blog\/wp-content\/uploads\/2021\/05\/210425-Seuillet-11-chateau-Baleyne-300x168.jpg 300w, https:\/\/activrando.org\/AR_blog\/wp-content\/uploads\/2021\/05\/210425-Seuillet-11-chateau-Baleyne-768x431.jpg 768w\" sizes=\"(max-width: 1024px) 100vw, 1024px\" \/><figcaption>\u2026<br><br>\u2026<\/figcaption><\/figure>\n\n\n\n<figure class=\"wp-block-image\"><img decoding=\"async\" loading=\"lazy\" width=\"1024\" height=\"404\" src=\"https:\/\/activrando.org\/AR_blog\/wp-content\/uploads\/2021\/05\/210425-Seuillet-12-groupe-pause-1024x404.jpg\" alt=\"\" class=\"wp-image-2912\" srcset=\"https:\/\/activrando.org\/AR_blog\/wp-content\/uploads\/2021\/05\/210425-Seuillet-12-groupe-pause.jpg 1024w, https:\/\/activrando.org\/AR_blog\/wp-content\/uploads\/2021\/05\/210425-Seuillet-12-groupe-pause-300x118.jpg 300w, https:\/\/activrando.org\/AR_blog\/wp-content\/uploads\/2021\/05\/210425-Seuillet-12-groupe-pause-768x303.jpg 768w\" sizes=\"(max-width: 1024px) 100vw, 1024px\" \/><figcaption><strong>Voir le Mourgon, dont le lit de sable serpente dans les pr\u00e9s.<\/strong><br><br>\u2026<br><br>\u2026<\/figcaption><\/figure>\n\n\n\n<figure class=\"wp-block-image\"><img decoding=\"async\" loading=\"lazy\" width=\"1024\" height=\"499\" src=\"https:\/\/activrando.org\/AR_blog\/wp-content\/uploads\/2021\/05\/210425-Seuillet-13-jacinthe_des_bois-1024x499.jpg\" alt=\"\" class=\"wp-image-2913\" srcset=\"https:\/\/activrando.org\/AR_blog\/wp-content\/uploads\/2021\/05\/210425-Seuillet-13-jacinthe_des_bois.jpg 1024w, https:\/\/activrando.org\/AR_blog\/wp-content\/uploads\/2021\/05\/210425-Seuillet-13-jacinthe_des_bois-300x146.jpg 300w, https:\/\/activrando.org\/AR_blog\/wp-content\/uploads\/2021\/05\/210425-Seuillet-13-jacinthe_des_bois-768x374.jpg 768w\" sizes=\"(max-width: 1024px) 100vw, 1024px\" \/><figcaption><strong>Jacinthe des bois<\/strong><br><br>\u2026<br><br>\u2026<\/figcaption><\/figure>\n\n\n\n<figure class=\"wp-block-image\"><img decoding=\"async\" loading=\"lazy\" width=\"1024\" height=\"512\" src=\"https:\/\/activrando.org\/AR_blog\/wp-content\/uploads\/2021\/05\/210425-Seuillet-14-rochers-1024x512.jpg\" alt=\"\" class=\"wp-image-2914\" srcset=\"https:\/\/activrando.org\/AR_blog\/wp-content\/uploads\/2021\/05\/210425-Seuillet-14-rochers.jpg 1024w, https:\/\/activrando.org\/AR_blog\/wp-content\/uploads\/2021\/05\/210425-Seuillet-14-rochers-300x150.jpg 300w, https:\/\/activrando.org\/AR_blog\/wp-content\/uploads\/2021\/05\/210425-Seuillet-14-rochers-768x384.jpg 768w\" sizes=\"(max-width: 1024px) 100vw, 1024px\" \/><figcaption><strong>Fameux Mourgon, de ce rocher Napol\u00e9on III serait venu contempler la gorge dans laquelle tu passes avant de trouver la plaine o\u00f9 tu serpentes avant de te m\u00ealer \u00e0 l&rsquo;Allier. <\/strong><br><br>\u2026<br><br>\u2026<\/figcaption><\/figure>\n\n\n\n<figure class=\"wp-block-image\"><img decoding=\"async\" loading=\"lazy\" width=\"1024\" height=\"341\" src=\"https:\/\/activrando.org\/AR_blog\/wp-content\/uploads\/2021\/05\/210425-Seuillet-15-groupe-marche-1024x341.jpg\" alt=\"\" class=\"wp-image-2915\" srcset=\"https:\/\/activrando.org\/AR_blog\/wp-content\/uploads\/2021\/05\/210425-Seuillet-15-groupe-marche.jpg 1024w, https:\/\/activrando.org\/AR_blog\/wp-content\/uploads\/2021\/05\/210425-Seuillet-15-groupe-marche-300x100.jpg 300w, https:\/\/activrando.org\/AR_blog\/wp-content\/uploads\/2021\/05\/210425-Seuillet-15-groupe-marche-768x256.jpg 768w\" sizes=\"(max-width: 1024px) 100vw, 1024px\" \/><figcaption>\u2026<br><br>\u2026<\/figcaption><\/figure>\n\n\n\n<figure class=\"wp-block-image\"><img decoding=\"async\" loading=\"lazy\" width=\"1024\" height=\"512\" src=\"https:\/\/activrando.org\/AR_blog\/wp-content\/uploads\/2021\/05\/210425-Seuillet-17-groupe-pause-1024x512.jpg\" alt=\"\" class=\"wp-image-2917\" srcset=\"https:\/\/activrando.org\/AR_blog\/wp-content\/uploads\/2021\/05\/210425-Seuillet-17-groupe-pause.jpg 1024w, https:\/\/activrando.org\/AR_blog\/wp-content\/uploads\/2021\/05\/210425-Seuillet-17-groupe-pause-300x150.jpg 300w, https:\/\/activrando.org\/AR_blog\/wp-content\/uploads\/2021\/05\/210425-Seuillet-17-groupe-pause-768x384.jpg 768w\" sizes=\"(max-width: 1024px) 100vw, 1024px\" \/><figcaption><strong>Du haut du pont on voit la rivi\u00e8re, son eau toujours changeante, toujours pareille, la vie qui coule<\/strong><br>\u2026<br><br>\u2026<\/figcaption><\/figure>\n\n\n\n<figure class=\"wp-block-image\"><img decoding=\"async\" loading=\"lazy\" width=\"1024\" height=\"512\" src=\"https:\/\/activrando.org\/AR_blog\/wp-content\/uploads\/2021\/05\/210425-Seuillet-18-arbre-mort-1024x512.jpg\" alt=\"\" class=\"wp-image-2918\" srcset=\"https:\/\/activrando.org\/AR_blog\/wp-content\/uploads\/2021\/05\/210425-Seuillet-18-arbre-mort.jpg 1024w, https:\/\/activrando.org\/AR_blog\/wp-content\/uploads\/2021\/05\/210425-Seuillet-18-arbre-mort-300x150.jpg 300w, https:\/\/activrando.org\/AR_blog\/wp-content\/uploads\/2021\/05\/210425-Seuillet-18-arbre-mort-768x384.jpg 768w\" sizes=\"(max-width: 1024px) 100vw, 1024px\" \/><figcaption>\u2026<br><br>\u2026<\/figcaption><\/figure>\n\n\n\n<figure class=\"wp-block-image\"><img decoding=\"async\" loading=\"lazy\" width=\"1024\" height=\"512\" src=\"https:\/\/activrando.org\/AR_blog\/wp-content\/uploads\/2021\/05\/210425-Seuillet-19-arbre-lierre-1024x512.jpg\" alt=\"\" class=\"wp-image-2919\" srcset=\"https:\/\/activrando.org\/AR_blog\/wp-content\/uploads\/2021\/05\/210425-Seuillet-19-arbre-lierre.jpg 1024w, https:\/\/activrando.org\/AR_blog\/wp-content\/uploads\/2021\/05\/210425-Seuillet-19-arbre-lierre-300x150.jpg 300w, https:\/\/activrando.org\/AR_blog\/wp-content\/uploads\/2021\/05\/210425-Seuillet-19-arbre-lierre-768x384.jpg 768w\" sizes=\"(max-width: 1024px) 100vw, 1024px\" \/><figcaption>\u2026<br><br>\u2026<\/figcaption><\/figure>\n\n\n\n<figure class=\"wp-block-image\"><img decoding=\"async\" loading=\"lazy\" width=\"1024\" height=\"575\" src=\"https:\/\/activrando.org\/AR_blog\/wp-content\/uploads\/2021\/05\/210425-Seuillet-20-arbre-souche-1024x575.jpg\" alt=\"\" class=\"wp-image-2920\" srcset=\"https:\/\/activrando.org\/AR_blog\/wp-content\/uploads\/2021\/05\/210425-Seuillet-20-arbre-souche.jpg 1024w, https:\/\/activrando.org\/AR_blog\/wp-content\/uploads\/2021\/05\/210425-Seuillet-20-arbre-souche-300x168.jpg 300w, https:\/\/activrando.org\/AR_blog\/wp-content\/uploads\/2021\/05\/210425-Seuillet-20-arbre-souche-768x431.jpg 768w\" sizes=\"(max-width: 1024px) 100vw, 1024px\" \/><figcaption>\u2026<br><br>\u2026<\/figcaption><\/figure>\n\n\n\n<figure class=\"wp-block-image\"><img decoding=\"async\" loading=\"lazy\" width=\"1024\" height=\"341\" src=\"https:\/\/activrando.org\/AR_blog\/wp-content\/uploads\/2021\/05\/210425-Seuillet-21-chatons-1024x341.jpg\" alt=\"\" class=\"wp-image-2921\" srcset=\"https:\/\/activrando.org\/AR_blog\/wp-content\/uploads\/2021\/05\/210425-Seuillet-21-chatons.jpg 1024w, https:\/\/activrando.org\/AR_blog\/wp-content\/uploads\/2021\/05\/210425-Seuillet-21-chatons-300x100.jpg 300w, https:\/\/activrando.org\/AR_blog\/wp-content\/uploads\/2021\/05\/210425-Seuillet-21-chatons-768x256.jpg 768w\" sizes=\"(max-width: 1024px) 100vw, 1024px\" \/><figcaption><strong>Chatons de\u2026 saule ?<\/strong><br><br>\u2026<br><br>\u2026<\/figcaption><\/figure>\n\n\n\n<figure class=\"wp-block-image\"><img decoding=\"async\" loading=\"lazy\" width=\"1024\" height=\"512\" src=\"https:\/\/activrando.org\/AR_blog\/wp-content\/uploads\/2021\/05\/210425-Seuillet-22-groupe-marche-1024x512.jpg\" alt=\"\" class=\"wp-image-2922\" srcset=\"https:\/\/activrando.org\/AR_blog\/wp-content\/uploads\/2021\/05\/210425-Seuillet-22-groupe-marche.jpg 1024w, https:\/\/activrando.org\/AR_blog\/wp-content\/uploads\/2021\/05\/210425-Seuillet-22-groupe-marche-300x150.jpg 300w, https:\/\/activrando.org\/AR_blog\/wp-content\/uploads\/2021\/05\/210425-Seuillet-22-groupe-marche-768x384.jpg 768w\" sizes=\"(max-width: 1024px) 100vw, 1024px\" \/><figcaption><strong>Pour ne pas finir trop vite, nous avons mont\u00e9e la c\u00f4te qui m\u00e8ne \u00e0 Saint-F\u00e9lix\u2026 afin de la redescendre aussi sec\u2026<\/strong><br>\u2026<br><br>\u2026<\/figcaption><\/figure>\n\n\n\n<figure class=\"wp-block-image\"><img decoding=\"async\" loading=\"lazy\" width=\"1024\" height=\"341\" src=\"https:\/\/activrando.org\/AR_blog\/wp-content\/uploads\/2021\/05\/210425-Seuillet-23-groupe-pose-1024x341.jpg\" alt=\"\" class=\"wp-image-2923\" srcset=\"https:\/\/activrando.org\/AR_blog\/wp-content\/uploads\/2021\/05\/210425-Seuillet-23-groupe-pose.jpg 1024w, https:\/\/activrando.org\/AR_blog\/wp-content\/uploads\/2021\/05\/210425-Seuillet-23-groupe-pose-300x100.jpg 300w, https:\/\/activrando.org\/AR_blog\/wp-content\/uploads\/2021\/05\/210425-Seuillet-23-groupe-pose-768x256.jpg 768w\" sizes=\"(max-width: 1024px) 100vw, 1024px\" \/><figcaption>\u2026<br><br>\u2026<\/figcaption><\/figure>\n\n\n\n<figure class=\"wp-block-image\"><img decoding=\"async\" loading=\"lazy\" width=\"1024\" height=\"1024\" src=\"https:\/\/activrando.org\/AR_blog\/wp-content\/uploads\/2021\/05\/210425-Seuillet-24-panneau-infos.jpg\" alt=\"\" class=\"wp-image-2924\" srcset=\"https:\/\/activrando.org\/AR_blog\/wp-content\/uploads\/2021\/05\/210425-Seuillet-24-panneau-infos.jpg 1024w, https:\/\/activrando.org\/AR_blog\/wp-content\/uploads\/2021\/05\/210425-Seuillet-24-panneau-infos-150x150.jpg 150w, https:\/\/activrando.org\/AR_blog\/wp-content\/uploads\/2021\/05\/210425-Seuillet-24-panneau-infos-300x300.jpg 300w, https:\/\/activrando.org\/AR_blog\/wp-content\/uploads\/2021\/05\/210425-Seuillet-24-panneau-infos-768x768.jpg 768w\" sizes=\"(max-width: 1024px) 100vw, 1024px\" \/><figcaption>\u2026<br><br>\u2026<\/figcaption><\/figure>\n\n\n\n<figure class=\"wp-block-image\"><img decoding=\"async\" loading=\"lazy\" width=\"1024\" height=\"575\" src=\"https:\/\/activrando.org\/AR_blog\/wp-content\/uploads\/2021\/05\/210425-Seuillet-25-eglise-voute-1024x575.jpg\" alt=\"\" class=\"wp-image-2925\" srcset=\"https:\/\/activrando.org\/AR_blog\/wp-content\/uploads\/2021\/05\/210425-Seuillet-25-eglise-voute.jpg 1024w, https:\/\/activrando.org\/AR_blog\/wp-content\/uploads\/2021\/05\/210425-Seuillet-25-eglise-voute-300x168.jpg 300w, https:\/\/activrando.org\/AR_blog\/wp-content\/uploads\/2021\/05\/210425-Seuillet-25-eglise-voute-768x431.jpg 768w\" sizes=\"(max-width: 1024px) 100vw, 1024px\" \/><figcaption><strong>La voute de l&rsquo;\u00e9glise Saint-Martial<\/strong><br><br>\u2026<br><br>\u2026<\/figcaption><\/figure>\n\n\n\n<figure class=\"wp-block-image\"><img decoding=\"async\" loading=\"lazy\" width=\"1024\" height=\"292\" src=\"https:\/\/activrando.org\/AR_blog\/wp-content\/uploads\/2021\/05\/210425-Seuillet-26-vaches-1024x292.jpg\" alt=\"\" class=\"wp-image-2926\" srcset=\"https:\/\/activrando.org\/AR_blog\/wp-content\/uploads\/2021\/05\/210425-Seuillet-26-vaches.jpg 1024w, https:\/\/activrando.org\/AR_blog\/wp-content\/uploads\/2021\/05\/210425-Seuillet-26-vaches-300x86.jpg 300w, https:\/\/activrando.org\/AR_blog\/wp-content\/uploads\/2021\/05\/210425-Seuillet-26-vaches-768x219.jpg 768w\" sizes=\"(max-width: 1024px) 100vw, 1024px\" \/><figcaption>\u2026<br><br>\u2026<\/figcaption><\/figure>\n\n\n\n<p class=\"has-text-align-center\"><strong><a href=\"https:\/\/activrando.org\/AR_blog\/2021\/04\/22\/le-sentier-des-crocos-petite-rando-a-st-germain-des-f-le-22-avril\/\"> &lt; &lt; &lt; ARTICLE PR\u00c9C\u00c9DENT<\/a> &#8212;&#8212;&#8212;&#8212;&#8212;&#8212;-  <a href=\"https:\/\/activrando.org\/AR_blog\/\">ACCUEIL DU BLOG<\/a> &#8212;&#8212;&#8212;&#8212;&#8212;&#8212;&#8212;-  <a href=\"https:\/\/activrando.org\/AR_blog\/2021\/04\/27\/le-mourgon-rando-sante-le-27-avril-a-creuzier-le-neuf\/\">ARTICLE SUIVANT &gt; &gt; &gt;\ufeff<\/a><\/strong><\/p>\n","protected":false},"excerpt":{"rendered":"<p>Au d\u00e9part de Seuillet, nous sillonnerons la plaine o\u00f9 serpente le Mourgon, en essayant -pour se donner du relief- d&rsquo;exploiter au mieux les hauteurs qui la bordent, dont celle qui porte le ch\u00e2teau de Beaumont, veillant sur l&rsquo;ensemble. Beau temps printanier, doux et paisible, pour ce circuit de 25 km&#8230;.<\/p>\n","protected":false},"author":2,"featured_media":2969,"comment_status":"closed","ping_status":"closed","sticky":false,"template":"","format":"standard","meta":[],"categories":[2],"tags":[22,15],"_links":{"self":[{"href":"https:\/\/activrando.org\/AR_blog\/wp-json\/wp\/v2\/posts\/2727"}],"collection":[{"href":"https:\/\/activrando.org\/AR_blog\/wp-json\/wp\/v2\/posts"}],"about":[{"href":"https:\/\/activrando.org\/AR_blog\/wp-json\/wp\/v2\/types\/post"}],"author":[{"embeddable":true,"href":"https:\/\/activrando.org\/AR_blog\/wp-json\/wp\/v2\/users\/2"}],"replies":[{"embeddable":true,"href":"https:\/\/activrando.org\/AR_blog\/wp-json\/wp\/v2\/comments?post=2727"}],"version-history":[{"count":7,"href":"https:\/\/activrando.org\/AR_blog\/wp-json\/wp\/v2\/posts\/2727\/revisions"}],"predecessor-version":[{"id":3684,"href":"https:\/\/activrando.org\/AR_blog\/wp-json\/wp\/v2\/posts\/2727\/revisions\/3684"}],"wp:featuredmedia":[{"embeddable":true,"href":"https:\/\/activrando.org\/AR_blog\/wp-json\/wp\/v2\/media\/2969"}],"wp:attachment":[{"href":"https:\/\/activrando.org\/AR_blog\/wp-json\/wp\/v2\/media?parent=2727"}],"wp:term":[{"taxonomy":"category","embeddable":true,"href":"https:\/\/activrando.org\/AR_blog\/wp-json\/wp\/v2\/categories?post=2727"},{"taxonomy":"post_tag","embeddable":true,"href":"https:\/\/activrando.org\/AR_blog\/wp-json\/wp\/v2\/tags?post=2727"}],"curies":[{"name":"wp","href":"https:\/\/api.w.org\/{rel}","templated":true}]}}