{"id":2723,"date":"2021-04-18T22:22:38","date_gmt":"2021-04-18T20:22:38","guid":{"rendered":"http:\/\/activrando.org\/AR_blog\/?p=2723"},"modified":"2021-05-27T10:17:19","modified_gmt":"2021-05-27T08:17:19","slug":"allier-et-mourgon-journee-rando-a-st-germain-des-f-le-18-avril","status":"publish","type":"post","link":"https:\/\/activrando.org\/AR_blog\/2021\/04\/18\/allier-et-mourgon-journee-rando-a-st-germain-des-f-le-18-avril\/","title":{"rendered":"\u00a0\u00bbAllier et Mourgon\u00a0\u00bb Journ\u00e9e Rando \u00e0 St-Germain-des-f. le 18 avril (28 photos)"},"content":{"rendered":"\n<p><strong>Une journ\u00e9e Rando dans les environs de St-Germain-des-foss\u00e9s pour cause, encore, de confinement \u00e0 10 km maxi. L&rsquo;occasion de red\u00e9couvrir des lieux proches de chez nous et o\u00f9 l&rsquo;on n&rsquo;a jamais le temps d&rsquo;aller parce que c&rsquo;est s\u00fbrement mieux ailleurs. Ainsi, traversant le cimeti\u00e8re, on fit un d\u00e9tour pour voir la tombe d&rsquo;une c\u00e9l\u00e9brit\u00e9 locale&#8230; <\/strong><\/p>\n\n\n\n<p style=\"text-align:center\"><strong> <a href=\"https:\/\/activrando.org\/AR_blog\/2021\/04\/15\/balade-en-foret-petite-rando-a-marcenat-jeudi-15-avril-2021\/\">&lt; &lt; &lt; ARTICLE PR\u00c9C\u00c9DENT<\/a><a href=\"https:\/\/activrando.org\/AR_blog\/2021\/04\/11\/les-garennes-journee-rando-a-st-gerand-le-puy-dim-11-avril-2021\/\"> <\/a>&#8212;&#8212;&#8212;&#8212;&#8212;&#8212;-  <a href=\"https:\/\/activrando.org\/AR_blog\/\">ACCUEIL DU BLOG<\/a> &#8212;&#8212;&#8212;&#8212;&#8212;&#8212;&#8212;-  <a href=\"https:\/\/activrando.org\/AR_blog\/2021\/04\/22\/le-sentier-des-crocos-petite-rando-a-st-germain-des-f-le-22-avril\/\">ARTICLE SUIVANT > > ><\/a><a href=\"https:\/\/activrando.org\/AR_blog\/2021\/04\/18\/allier-et-mourgon-journee-rando-a-st-germain-des-f-le-18-avril\/\">\ufeff<\/a><\/strong><br><\/p>\n\n\n\n<figure class=\"wp-block-image\"><img decoding=\"async\" loading=\"lazy\" width=\"1024\" height=\"512\" src=\"https:\/\/activrando.org\/AR_blog\/wp-content\/uploads\/2021\/05\/210418-St-Germain-01-groupe-marche-1024x512.jpg\" alt=\"\" class=\"wp-image-2861\" srcset=\"https:\/\/activrando.org\/AR_blog\/wp-content\/uploads\/2021\/05\/210418-St-Germain-01-groupe-marche.jpg 1024w, https:\/\/activrando.org\/AR_blog\/wp-content\/uploads\/2021\/05\/210418-St-Germain-01-groupe-marche-300x150.jpg 300w, https:\/\/activrando.org\/AR_blog\/wp-content\/uploads\/2021\/05\/210418-St-Germain-01-groupe-marche-768x384.jpg 768w\" sizes=\"(max-width: 1024px) 100vw, 1024px\" \/><figcaption>\u2026<br><br>\u2026<\/figcaption><\/figure>\n\n\n\n<figure class=\"wp-block-image\"><img decoding=\"async\" loading=\"lazy\" width=\"1024\" height=\"512\" src=\"https:\/\/activrando.org\/AR_blog\/wp-content\/uploads\/2021\/05\/210418-St-Germain-02-riviere-Allier-1024x512.jpg\" alt=\"\" class=\"wp-image-2865\" srcset=\"https:\/\/activrando.org\/AR_blog\/wp-content\/uploads\/2021\/05\/210418-St-Germain-02-riviere-Allier.jpg 1024w, https:\/\/activrando.org\/AR_blog\/wp-content\/uploads\/2021\/05\/210418-St-Germain-02-riviere-Allier-300x150.jpg 300w, https:\/\/activrando.org\/AR_blog\/wp-content\/uploads\/2021\/05\/210418-St-Germain-02-riviere-Allier-768x384.jpg 768w\" sizes=\"(max-width: 1024px) 100vw, 1024px\" \/><figcaption><strong>\u00a0\u00bbAllier et Mourgon\u00a0\u00bb s&rsquo;appelle le circuit&#8230; nous commen\u00e7ons par l&rsquo;Allier, que nous longeons un moment sur la Voie verte.<\/strong><br><br>\u2026<br><br>\u2026<\/figcaption><\/figure>\n\n\n\n<figure class=\"wp-block-image\"><img decoding=\"async\" loading=\"lazy\" width=\"1024\" height=\"341\" src=\"https:\/\/activrando.org\/AR_blog\/wp-content\/uploads\/2021\/05\/210418-St-Germain-03-lilas-1024x341.jpg\" alt=\"\" class=\"wp-image-2866\" srcset=\"https:\/\/activrando.org\/AR_blog\/wp-content\/uploads\/2021\/05\/210418-St-Germain-03-lilas.jpg 1024w, https:\/\/activrando.org\/AR_blog\/wp-content\/uploads\/2021\/05\/210418-St-Germain-03-lilas-300x100.jpg 300w, https:\/\/activrando.org\/AR_blog\/wp-content\/uploads\/2021\/05\/210418-St-Germain-03-lilas-768x256.jpg 768w\" sizes=\"(max-width: 1024px) 100vw, 1024px\" \/><figcaption><strong>Ici les lilas sont d\u00e9j\u00e0 finissant (on en verra fleuris au mieux, un mois plus tard en petite montagne).<\/strong><br><br>\u2026<br><br>\u2026<\/figcaption><\/figure>\n\n\n\n<figure class=\"wp-block-image\"><img decoding=\"async\" loading=\"lazy\" width=\"1024\" height=\"396\" src=\"https:\/\/activrando.org\/AR_blog\/wp-content\/uploads\/2021\/05\/210418-St-Germain-04-prieure-1024x396.jpg\" alt=\"\" class=\"wp-image-2867\" srcset=\"https:\/\/activrando.org\/AR_blog\/wp-content\/uploads\/2021\/05\/210418-St-Germain-04-prieure.jpg 1024w, https:\/\/activrando.org\/AR_blog\/wp-content\/uploads\/2021\/05\/210418-St-Germain-04-prieure-300x116.jpg 300w, https:\/\/activrando.org\/AR_blog\/wp-content\/uploads\/2021\/05\/210418-St-Germain-04-prieure-768x297.jpg 768w\" sizes=\"(max-width: 1024px) 100vw, 1024px\" \/><figcaption><strong>Passage au Prieur\u00e9.<\/strong><br><br>\u2026<br><br>\u2026<\/figcaption><\/figure>\n\n\n\n<figure class=\"wp-block-image\"><img decoding=\"async\" loading=\"lazy\" width=\"1024\" height=\"444\" src=\"https:\/\/activrando.org\/AR_blog\/wp-content\/uploads\/2021\/05\/210418-St-Germain-05-prieure-plaque-infos-1024x444.jpg\" alt=\"\" class=\"wp-image-2868\" srcset=\"https:\/\/activrando.org\/AR_blog\/wp-content\/uploads\/2021\/05\/210418-St-Germain-05-prieure-plaque-infos.jpg 1024w, https:\/\/activrando.org\/AR_blog\/wp-content\/uploads\/2021\/05\/210418-St-Germain-05-prieure-plaque-infos-300x130.jpg 300w, https:\/\/activrando.org\/AR_blog\/wp-content\/uploads\/2021\/05\/210418-St-Germain-05-prieure-plaque-infos-768x333.jpg 768w\" sizes=\"(max-width: 1024px) 100vw, 1024px\" \/><figcaption>\u2026<br><br>\u2026<\/figcaption><\/figure>\n\n\n\n<figure class=\"wp-block-image\"><img decoding=\"async\" loading=\"lazy\" width=\"1024\" height=\"512\" src=\"https:\/\/activrando.org\/AR_blog\/wp-content\/uploads\/2021\/05\/210418-St-Germain-06-groupe-pause-1024x512.jpg\" alt=\"\" class=\"wp-image-2869\" srcset=\"https:\/\/activrando.org\/AR_blog\/wp-content\/uploads\/2021\/05\/210418-St-Germain-06-groupe-pause.jpg 1024w, https:\/\/activrando.org\/AR_blog\/wp-content\/uploads\/2021\/05\/210418-St-Germain-06-groupe-pause-300x150.jpg 300w, https:\/\/activrando.org\/AR_blog\/wp-content\/uploads\/2021\/05\/210418-St-Germain-06-groupe-pause-768x384.jpg 768w\" sizes=\"(max-width: 1024px) 100vw, 1024px\" \/><figcaption><strong>On doit chercher pour trouver la tombe de Fernand Raynaud. C&rsquo;est assez mal indiqu\u00e9. C&rsquo;est une tombe assez simple, \u00e0 l&rsquo;instar de celles qui l&rsquo;entourent.<\/strong><br><br>\u2026<br><br>\u2026<\/figcaption><\/figure>\n\n\n\n<div class=\"wp-block-image\"><figure class=\"aligncenter\"><img decoding=\"async\" loading=\"lazy\" width=\"772\" height=\"1024\" src=\"https:\/\/activrando.org\/AR_blog\/wp-content\/uploads\/2021\/05\/210418-St-Germain-07-plaque-Fernand-Raynaud-772x1024.jpg\" alt=\"\" class=\"wp-image-2870\" srcset=\"https:\/\/activrando.org\/AR_blog\/wp-content\/uploads\/2021\/05\/210418-St-Germain-07-plaque-Fernand-Raynaud-772x1024.jpg 772w, https:\/\/activrando.org\/AR_blog\/wp-content\/uploads\/2021\/05\/210418-St-Germain-07-plaque-Fernand-Raynaud-226x300.jpg 226w, https:\/\/activrando.org\/AR_blog\/wp-content\/uploads\/2021\/05\/210418-St-Germain-07-plaque-Fernand-Raynaud-768x1019.jpg 768w, https:\/\/activrando.org\/AR_blog\/wp-content\/uploads\/2021\/05\/210418-St-Germain-07-plaque-Fernand-Raynaud.jpg 800w\" sizes=\"(max-width: 772px) 100vw, 772px\" \/><figcaption><strong>Cette plaque bien informative est appos\u00e9e \u00e0 l&rsquo;entr\u00e9e du cimeti\u00e8re.<\/strong><br><br>\u2026<br><br>\u2026<\/figcaption><\/figure><\/div>\n\n\n\n<figure class=\"wp-block-image\"><img decoding=\"async\" loading=\"lazy\" width=\"1024\" height=\"512\" src=\"https:\/\/activrando.org\/AR_blog\/wp-content\/uploads\/2021\/05\/210418-St-Germain-08-groupe-pause-pont-1024x512.jpg\" alt=\"\" class=\"wp-image-2871\" srcset=\"https:\/\/activrando.org\/AR_blog\/wp-content\/uploads\/2021\/05\/210418-St-Germain-08-groupe-pause-pont.jpg 1024w, https:\/\/activrando.org\/AR_blog\/wp-content\/uploads\/2021\/05\/210418-St-Germain-08-groupe-pause-pont-300x150.jpg 300w, https:\/\/activrando.org\/AR_blog\/wp-content\/uploads\/2021\/05\/210418-St-Germain-08-groupe-pause-pont-768x384.jpg 768w\" sizes=\"(max-width: 1024px) 100vw, 1024px\" \/><figcaption><strong>Dans les limites Est de Saint-Germain, nous (re)franchissons le Mourgon.<\/strong><br><br>\u2026<br><br>\u2026<\/figcaption><\/figure>\n\n\n\n<figure class=\"wp-block-image\"><img decoding=\"async\" loading=\"lazy\" width=\"1024\" height=\"575\" src=\"https:\/\/activrando.org\/AR_blog\/wp-content\/uploads\/2021\/05\/210418-St-Germain-09-riviere-Mourgon-1024x575.jpg\" alt=\"\" class=\"wp-image-2872\" srcset=\"https:\/\/activrando.org\/AR_blog\/wp-content\/uploads\/2021\/05\/210418-St-Germain-09-riviere-Mourgon.jpg 1024w, https:\/\/activrando.org\/AR_blog\/wp-content\/uploads\/2021\/05\/210418-St-Germain-09-riviere-Mourgon-300x168.jpg 300w, https:\/\/activrando.org\/AR_blog\/wp-content\/uploads\/2021\/05\/210418-St-Germain-09-riviere-Mourgon-768x431.jpg 768w\" sizes=\"(max-width: 1024px) 100vw, 1024px\" \/><figcaption><strong>Un peu plus loin, en un lieux plus isol\u00e9, nous retrouvons le Mourgon, assez encombr\u00e9 d&rsquo;arbres tomb\u00e9s en travers.<\/strong><br><br>\u2026<br><br>\u2026<\/figcaption><\/figure>\n\n\n\n<figure class=\"wp-block-image\"><img decoding=\"async\" loading=\"lazy\" width=\"1024\" height=\"640\" src=\"https:\/\/activrando.org\/AR_blog\/wp-content\/uploads\/2021\/05\/210418-St-Germain-10-groupe-marche-1024x640.jpg\" alt=\"\" class=\"wp-image-2873\" srcset=\"https:\/\/activrando.org\/AR_blog\/wp-content\/uploads\/2021\/05\/210418-St-Germain-10-groupe-marche.jpg 1024w, https:\/\/activrando.org\/AR_blog\/wp-content\/uploads\/2021\/05\/210418-St-Germain-10-groupe-marche-300x188.jpg 300w, https:\/\/activrando.org\/AR_blog\/wp-content\/uploads\/2021\/05\/210418-St-Germain-10-groupe-marche-768x480.jpg 768w\" sizes=\"(max-width: 1024px) 100vw, 1024px\" \/><figcaption><strong>Passage au pied d&rsquo;un grand, tr\u00e8s grand, ch\u00e2taignier. Respect.<\/strong><br><br>\u2026<br><br>\u2026<\/figcaption><\/figure>\n\n\n\n<figure class=\"wp-block-image\"><img decoding=\"async\" loading=\"lazy\" width=\"1024\" height=\"576\" src=\"https:\/\/activrando.org\/AR_blog\/wp-content\/uploads\/2021\/05\/210418-St-Germain-11-dome-geodesique-1024x576.jpg\" alt=\"\" class=\"wp-image-2874\" srcset=\"https:\/\/activrando.org\/AR_blog\/wp-content\/uploads\/2021\/05\/210418-St-Germain-11-dome-geodesique.jpg 1024w, https:\/\/activrando.org\/AR_blog\/wp-content\/uploads\/2021\/05\/210418-St-Germain-11-dome-geodesique-300x169.jpg 300w, https:\/\/activrando.org\/AR_blog\/wp-content\/uploads\/2021\/05\/210418-St-Germain-11-dome-geodesique-768x432.jpg 768w\" sizes=\"(max-width: 1024px) 100vw, 1024px\" \/><figcaption><strong>Un <\/strong><a href=\"https:\/\/fr.wikipedia.org\/wiki\/D\u00f4me_g\u00e9od\u00e9sique\"><strong>d\u00f4me g\u00e9od\u00e9sique<\/strong><\/a><strong> utilis\u00e9 comme serre. Pour moins de 200 \u20ac on peut s&rsquo;acheter la structure par Internet et en mettre une dans son jardin, ou la bricoler soi-m\u00eame.<\/strong><br><br>\u2026<br><br>\u2026<\/figcaption><\/figure>\n\n\n\n<figure class=\"wp-block-image\"><img decoding=\"async\" loading=\"lazy\" width=\"1024\" height=\"341\" src=\"https:\/\/activrando.org\/AR_blog\/wp-content\/uploads\/2021\/05\/210418-St-Germain-12-groupe-marche-1024x341.jpg\" alt=\"\" class=\"wp-image-2875\" srcset=\"https:\/\/activrando.org\/AR_blog\/wp-content\/uploads\/2021\/05\/210418-St-Germain-12-groupe-marche.jpg 1024w, https:\/\/activrando.org\/AR_blog\/wp-content\/uploads\/2021\/05\/210418-St-Germain-12-groupe-marche-300x100.jpg 300w, https:\/\/activrando.org\/AR_blog\/wp-content\/uploads\/2021\/05\/210418-St-Germain-12-groupe-marche-768x256.jpg 768w\" sizes=\"(max-width: 1024px) 100vw, 1024px\" \/><figcaption><strong>On ne passe jamais dans ce chemin sans une pens\u00e9e reconnaissante pour la municipalit\u00e9 qui l&rsquo;a rouvert quelques ann\u00e9es auparavant, apr\u00e8s des d\u00e9cennies d&rsquo;oubli.<\/strong><br><br>\u2026<br><br>\u2026<\/figcaption><\/figure>\n\n\n\n<figure class=\"wp-block-image\"><img decoding=\"async\" loading=\"lazy\" width=\"1024\" height=\"341\" src=\"https:\/\/activrando.org\/AR_blog\/wp-content\/uploads\/2021\/05\/210418-St-Germain-13-paquerettes-1024x341.jpg\" alt=\"\" class=\"wp-image-2876\" srcset=\"https:\/\/activrando.org\/AR_blog\/wp-content\/uploads\/2021\/05\/210418-St-Germain-13-paquerettes.jpg 1024w, https:\/\/activrando.org\/AR_blog\/wp-content\/uploads\/2021\/05\/210418-St-Germain-13-paquerettes-300x100.jpg 300w, https:\/\/activrando.org\/AR_blog\/wp-content\/uploads\/2021\/05\/210418-St-Germain-13-paquerettes-768x256.jpg 768w\" sizes=\"(max-width: 1024px) 100vw, 1024px\" \/><figcaption>\u2026<br><br>\u2026<\/figcaption><\/figure>\n\n\n\n<figure class=\"wp-block-image\"><img decoding=\"async\" loading=\"lazy\" width=\"1024\" height=\"576\" src=\"https:\/\/activrando.org\/AR_blog\/wp-content\/uploads\/2021\/05\/210418-St-Germain-14-eglise-1024x576.jpg\" alt=\"\" class=\"wp-image-2877\" srcset=\"https:\/\/activrando.org\/AR_blog\/wp-content\/uploads\/2021\/05\/210418-St-Germain-14-eglise.jpg 1024w, https:\/\/activrando.org\/AR_blog\/wp-content\/uploads\/2021\/05\/210418-St-Germain-14-eglise-300x169.jpg 300w, https:\/\/activrando.org\/AR_blog\/wp-content\/uploads\/2021\/05\/210418-St-Germain-14-eglise-768x432.jpg 768w\" sizes=\"(max-width: 1024px) 100vw, 1024px\" \/><figcaption><strong>L&rsquo;\u00e9glise romane de Seuillet et son clocher de section octogonale.<\/strong><br><br>\u2026<br><br>\u2026<\/figcaption><\/figure>\n\n\n\n<figure class=\"wp-block-image\"><img decoding=\"async\" loading=\"lazy\" width=\"1024\" height=\"341\" src=\"https:\/\/activrando.org\/AR_blog\/wp-content\/uploads\/2021\/05\/210418-St-Germain-15-crassule-mousse-1024x341.jpg\" alt=\"\" class=\"wp-image-2878\" srcset=\"https:\/\/activrando.org\/AR_blog\/wp-content\/uploads\/2021\/05\/210418-St-Germain-15-crassule-mousse.jpg 1024w, https:\/\/activrando.org\/AR_blog\/wp-content\/uploads\/2021\/05\/210418-St-Germain-15-crassule-mousse-300x100.jpg 300w, https:\/\/activrando.org\/AR_blog\/wp-content\/uploads\/2021\/05\/210418-St-Germain-15-crassule-mousse-768x256.jpg 768w\" sizes=\"(max-width: 1024px) 100vw, 1024px\" \/><figcaption><strong>Avec l&rsquo;arriv\u00e9e du printemps, la <\/strong><a href=\"https:\/\/fr.wikipedia.org\/wiki\/Crassula_tillaea\"><strong>crassule mousse<\/strong><\/a><strong> (qui n&rsquo;a rien d&rsquo;une mousse, en fait) reprend de la vigueur et colore les graviers.<\/strong><br><br>\u2026<br><br>\u2026<\/figcaption><\/figure>\n\n\n\n<figure class=\"wp-block-image\"><img decoding=\"async\" loading=\"lazy\" width=\"1024\" height=\"512\" src=\"https:\/\/activrando.org\/AR_blog\/wp-content\/uploads\/2021\/05\/210418-St-Germain-16-petasite-1024x512.jpg\" alt=\"\" class=\"wp-image-2879\" srcset=\"https:\/\/activrando.org\/AR_blog\/wp-content\/uploads\/2021\/05\/210418-St-Germain-16-petasite.jpg 1024w, https:\/\/activrando.org\/AR_blog\/wp-content\/uploads\/2021\/05\/210418-St-Germain-16-petasite-300x150.jpg 300w, https:\/\/activrando.org\/AR_blog\/wp-content\/uploads\/2021\/05\/210418-St-Germain-16-petasite-768x384.jpg 768w\" sizes=\"(max-width: 1024px) 100vw, 1024px\" \/><figcaption><strong>Les feuilles du <a href=\"https:\/\/fr.wikipedia.org\/wiki\/P\u00e9tasite\">p\u00e9tasite<\/a> apparaissent et se d\u00e9veloppent apr\u00e8s floraison. On remarquera l&rsquo;\u00e9l\u00e9gant retour sur elle-m\u00eame de la base de la feuille, pour en faire une sorte de c\u00f4ne afin de garantir le bon \u00e9coulement de l&rsquo;eau de pluie vers le pied, cette plante \u00e9tant tr\u00e8s exigeante en eau.<\/strong><br>\u2026<br>\u2026 <\/figcaption><\/figure>\n\n\n\n<figure class=\"wp-block-image\"><img decoding=\"async\" loading=\"lazy\" width=\"1024\" height=\"512\" src=\"https:\/\/activrando.org\/AR_blog\/wp-content\/uploads\/2021\/05\/210418-St-Germain-17-petasite-fleur-1024x512.jpg\" alt=\"\" class=\"wp-image-2880\" srcset=\"https:\/\/activrando.org\/AR_blog\/wp-content\/uploads\/2021\/05\/210418-St-Germain-17-petasite-fleur.jpg 1024w, https:\/\/activrando.org\/AR_blog\/wp-content\/uploads\/2021\/05\/210418-St-Germain-17-petasite-fleur-300x150.jpg 300w, https:\/\/activrando.org\/AR_blog\/wp-content\/uploads\/2021\/05\/210418-St-Germain-17-petasite-fleur-768x384.jpg 768w\" sizes=\"(max-width: 1024px) 100vw, 1024px\" \/><figcaption><strong>La hampe florale (les fleurs sont fan\u00e9es) du p\u00e9tasite.<\/strong><br><br>\u2026<br><br>\u2026<\/figcaption><\/figure>\n\n\n\n<figure class=\"wp-block-image\"><img decoding=\"async\" loading=\"lazy\" width=\"1024\" height=\"512\" src=\"https:\/\/activrando.org\/AR_blog\/wp-content\/uploads\/2021\/05\/210418-St-Germain-18-pigeonnier-1024x512.jpg\" alt=\"\" class=\"wp-image-2881\" srcset=\"https:\/\/activrando.org\/AR_blog\/wp-content\/uploads\/2021\/05\/210418-St-Germain-18-pigeonnier.jpg 1024w, https:\/\/activrando.org\/AR_blog\/wp-content\/uploads\/2021\/05\/210418-St-Germain-18-pigeonnier-300x150.jpg 300w, https:\/\/activrando.org\/AR_blog\/wp-content\/uploads\/2021\/05\/210418-St-Germain-18-pigeonnier-768x384.jpg 768w\" sizes=\"(max-width: 1024px) 100vw, 1024px\" \/><figcaption><strong>\u00c9l\u00e9gant pavillon utilitaire (\u00e9curie autrefois ??) avec pigeonnier au ch\u00e2teau de Fougerat.<\/strong><br>\u2026<br><br>\u2026<\/figcaption><\/figure>\n\n\n\n<div class=\"wp-block-image\"><figure class=\"aligncenter\"><img decoding=\"async\" loading=\"lazy\" width=\"800\" height=\"488\" src=\"https:\/\/activrando.org\/AR_blog\/wp-content\/uploads\/2021\/05\/210418-St-Germain-19-plaque.jpg\" alt=\"\" class=\"wp-image-2882\" srcset=\"https:\/\/activrando.org\/AR_blog\/wp-content\/uploads\/2021\/05\/210418-St-Germain-19-plaque.jpg 800w, https:\/\/activrando.org\/AR_blog\/wp-content\/uploads\/2021\/05\/210418-St-Germain-19-plaque-300x183.jpg 300w, https:\/\/activrando.org\/AR_blog\/wp-content\/uploads\/2021\/05\/210418-St-Germain-19-plaque-768x468.jpg 768w\" sizes=\"(max-width: 800px) 100vw, 800px\" \/><figcaption><strong>Cette plaque, scell\u00e9e sur le socle d&rsquo;un calvaire, indiquant que \u00ab\u00a0Monseigneur DUBOURG a b\u00e9nie cette croix le 25 avril 1896 et accord\u00e9 40 jours d&rsquo;indulgence \u00e0 toute personne qui r\u00e9citera une pri\u00e8re en passant.\u00a0\u00bb nous avons pris le temps de faire chacun.e notre petite pri\u00e8re avant de repartir de l\u00e0&#8230; \ud83d\ude09<\/strong><br><br>\u2026<br><br>\u2026<\/figcaption><\/figure><\/div>\n\n\n\n<figure class=\"wp-block-image\"><img decoding=\"async\" loading=\"lazy\" width=\"1024\" height=\"576\" src=\"https:\/\/activrando.org\/AR_blog\/wp-content\/uploads\/2021\/05\/210418-St-Germain-20-Patricia-cheval-1024x576.jpg\" alt=\"\" class=\"wp-image-2883\" srcset=\"https:\/\/activrando.org\/AR_blog\/wp-content\/uploads\/2021\/05\/210418-St-Germain-20-Patricia-cheval.jpg 1024w, https:\/\/activrando.org\/AR_blog\/wp-content\/uploads\/2021\/05\/210418-St-Germain-20-Patricia-cheval-300x169.jpg 300w, https:\/\/activrando.org\/AR_blog\/wp-content\/uploads\/2021\/05\/210418-St-Germain-20-Patricia-cheval-768x432.jpg 768w\" sizes=\"(max-width: 1024px) 100vw, 1024px\" \/><figcaption><strong>Patricia sait parler aux chevaux, en tous cas leur gratouner la joue.<\/strong><br><br>\u2026<br><br>\u2026<\/figcaption><\/figure>\n\n\n\n<figure class=\"wp-block-image\"><img decoding=\"async\" loading=\"lazy\" width=\"1024\" height=\"341\" src=\"https:\/\/activrando.org\/AR_blog\/wp-content\/uploads\/2021\/05\/210418-St-Germain-21-groupe-chevaux-1024x341.jpg\" alt=\"\" class=\"wp-image-2884\" srcset=\"https:\/\/activrando.org\/AR_blog\/wp-content\/uploads\/2021\/05\/210418-St-Germain-21-groupe-chevaux.jpg 1024w, https:\/\/activrando.org\/AR_blog\/wp-content\/uploads\/2021\/05\/210418-St-Germain-21-groupe-chevaux-300x100.jpg 300w, https:\/\/activrando.org\/AR_blog\/wp-content\/uploads\/2021\/05\/210418-St-Germain-21-groupe-chevaux-768x256.jpg 768w\" sizes=\"(max-width: 1024px) 100vw, 1024px\" \/><figcaption><strong>Les caresses c&rsquo;est bien, mais quelques poign\u00e9es d&rsquo;herbe fraiche, aussi !<\/strong><br>\u2026<br><br>\u2026<\/figcaption><\/figure>\n\n\n\n<div class=\"wp-block-image\"><figure class=\"aligncenter\"><img decoding=\"async\" loading=\"lazy\" width=\"800\" height=\"449\" src=\"https:\/\/activrando.org\/AR_blog\/wp-content\/uploads\/2021\/05\/210418-St-Germain-22-signal-ferroviaire.jpg\" alt=\"\" class=\"wp-image-2885\" srcset=\"https:\/\/activrando.org\/AR_blog\/wp-content\/uploads\/2021\/05\/210418-St-Germain-22-signal-ferroviaire.jpg 800w, https:\/\/activrando.org\/AR_blog\/wp-content\/uploads\/2021\/05\/210418-St-Germain-22-signal-ferroviaire-300x168.jpg 300w, https:\/\/activrando.org\/AR_blog\/wp-content\/uploads\/2021\/05\/210418-St-Germain-22-signal-ferroviaire-768x431.jpg 768w\" sizes=\"(max-width: 800px) 100vw, 800px\" \/><figcaption><strong>Curieux signal ferroviaire.<\/strong><br><br>\u2026<br><br>\u2026<\/figcaption><\/figure><\/div>\n\n\n\n<figure class=\"wp-block-image\"><img decoding=\"async\" loading=\"lazy\" width=\"1024\" height=\"341\" src=\"https:\/\/activrando.org\/AR_blog\/wp-content\/uploads\/2021\/05\/210418-St-Germain-23-pont-ferroviaire-1024x341.jpg\" alt=\"\" class=\"wp-image-2886\" srcset=\"https:\/\/activrando.org\/AR_blog\/wp-content\/uploads\/2021\/05\/210418-St-Germain-23-pont-ferroviaire.jpg 1024w, https:\/\/activrando.org\/AR_blog\/wp-content\/uploads\/2021\/05\/210418-St-Germain-23-pont-ferroviaire-300x100.jpg 300w, https:\/\/activrando.org\/AR_blog\/wp-content\/uploads\/2021\/05\/210418-St-Germain-23-pont-ferroviaire-768x256.jpg 768w\" sizes=\"(max-width: 1024px) 100vw, 1024px\" \/><figcaption><strong>L&rsquo;in\u00e9vitable pont au-dessus des voies ferr\u00e9es, pour revenir pr\u00e8s de l&rsquo;Allier, avec sa belle rambarde en fonte<\/strong><br>\u2026<br><br>\u2026<\/figcaption><\/figure>\n\n\n\n<figure class=\"wp-block-image\"><img decoding=\"async\" loading=\"lazy\" width=\"1024\" height=\"512\" src=\"https:\/\/activrando.org\/AR_blog\/wp-content\/uploads\/2021\/05\/210418-St-Germain-24-groupe-marche-1024x512.jpg\" alt=\"\" class=\"wp-image-2887\" srcset=\"https:\/\/activrando.org\/AR_blog\/wp-content\/uploads\/2021\/05\/210418-St-Germain-24-groupe-marche.jpg 1024w, https:\/\/activrando.org\/AR_blog\/wp-content\/uploads\/2021\/05\/210418-St-Germain-24-groupe-marche-300x150.jpg 300w, https:\/\/activrando.org\/AR_blog\/wp-content\/uploads\/2021\/05\/210418-St-Germain-24-groupe-marche-768x384.jpg 768w\" sizes=\"(max-width: 1024px) 100vw, 1024px\" \/><figcaption>\u2026<br><br>\u2026<\/figcaption><\/figure>\n\n\n\n<div class=\"wp-block-image\"><figure class=\"aligncenter\"><img decoding=\"async\" loading=\"lazy\" width=\"1024\" height=\"575\" src=\"https:\/\/activrando.org\/AR_blog\/wp-content\/uploads\/2021\/05\/210418-St-Germain-25-tronc-coupe-castor-1024x575.jpg\" alt=\"\" class=\"wp-image-2888\" srcset=\"https:\/\/activrando.org\/AR_blog\/wp-content\/uploads\/2021\/05\/210418-St-Germain-25-tronc-coupe-castor.jpg 1024w, https:\/\/activrando.org\/AR_blog\/wp-content\/uploads\/2021\/05\/210418-St-Germain-25-tronc-coupe-castor-300x168.jpg 300w, https:\/\/activrando.org\/AR_blog\/wp-content\/uploads\/2021\/05\/210418-St-Germain-25-tronc-coupe-castor-768x431.jpg 768w\" sizes=\"(max-width: 1024px) 100vw, 1024px\" \/><figcaption><strong>La trace claire du passage d&rsquo;un castor.<\/strong><br><br>\u2026<br><br>\u2026<\/figcaption><\/figure><\/div>\n\n\n\n<figure class=\"wp-block-image\"><img decoding=\"async\" loading=\"lazy\" width=\"1024\" height=\"575\" src=\"https:\/\/activrando.org\/AR_blog\/wp-content\/uploads\/2021\/05\/210418-St-Germain-26-roseaux-1024x575.jpg\" alt=\"\" class=\"wp-image-2889\" srcset=\"https:\/\/activrando.org\/AR_blog\/wp-content\/uploads\/2021\/05\/210418-St-Germain-26-roseaux.jpg 1024w, https:\/\/activrando.org\/AR_blog\/wp-content\/uploads\/2021\/05\/210418-St-Germain-26-roseaux-300x168.jpg 300w, https:\/\/activrando.org\/AR_blog\/wp-content\/uploads\/2021\/05\/210418-St-Germain-26-roseaux-768x431.jpg 768w\" sizes=\"(max-width: 1024px) 100vw, 1024px\" \/><figcaption>\u2026<br><br>\u2026<\/figcaption><\/figure>\n\n\n\n<figure class=\"wp-block-image\"><img decoding=\"async\" loading=\"lazy\" width=\"1024\" height=\"341\" src=\"https:\/\/activrando.org\/AR_blog\/wp-content\/uploads\/2021\/05\/210418-St-Germain-27-reflets-1024x341.jpg\" alt=\"\" class=\"wp-image-2890\" srcset=\"https:\/\/activrando.org\/AR_blog\/wp-content\/uploads\/2021\/05\/210418-St-Germain-27-reflets.jpg 1024w, https:\/\/activrando.org\/AR_blog\/wp-content\/uploads\/2021\/05\/210418-St-Germain-27-reflets-300x100.jpg 300w, https:\/\/activrando.org\/AR_blog\/wp-content\/uploads\/2021\/05\/210418-St-Germain-27-reflets-768x256.jpg 768w\" sizes=\"(max-width: 1024px) 100vw, 1024px\" \/><figcaption>\u2026<br><br>\u2026<\/figcaption><\/figure>\n\n\n\n<figure class=\"wp-block-image\"><img decoding=\"async\" loading=\"lazy\" width=\"1024\" height=\"512\" src=\"https:\/\/activrando.org\/AR_blog\/wp-content\/uploads\/2021\/05\/210418-St-Germain-28-groupe-pose-1024x512.jpg\" alt=\"\" class=\"wp-image-2891\" srcset=\"https:\/\/activrando.org\/AR_blog\/wp-content\/uploads\/2021\/05\/210418-St-Germain-28-groupe-pose.jpg 1024w, https:\/\/activrando.org\/AR_blog\/wp-content\/uploads\/2021\/05\/210418-St-Germain-28-groupe-pose-300x150.jpg 300w, https:\/\/activrando.org\/AR_blog\/wp-content\/uploads\/2021\/05\/210418-St-Germain-28-groupe-pose-768x384.jpg 768w\" sizes=\"(max-width: 1024px) 100vw, 1024px\" \/><figcaption>\u2026<br><br>\u2026<\/figcaption><\/figure>\n\n\n\n<p style=\"text-align:center\"><strong><a href=\"https:\/\/activrando.org\/AR_blog\/2021\/04\/18\/allier-et-mourgon-journee-rando-a-st-germain-des-f-le-18-avril\/\"><\/a> <a href=\"https:\/\/activrando.org\/AR_blog\/2021\/04\/15\/balade-en-foret-petite-rando-a-marcenat-jeudi-15-avril-2021\/\">&lt; &lt; &lt; ARTICLE PR\u00c9C\u00c9DENT<\/a>&#8212;&#8212;&#8212;&#8212;&#8212;&#8212;-  <a href=\"https:\/\/activrando.org\/AR_blog\/\">ACCUEIL DU BLOG<\/a> &#8212;&#8212;&#8212;&#8212;&#8212;&#8212;&#8212;-  <a href=\"https:\/\/activrando.org\/AR_blog\/2021\/04\/22\/le-sentier-des-crocos-petite-rando-a-st-germain-des-f-le-22-avril\/\">ARTICLE SUIVANT > > ><\/a><\/strong><br>\u2026<\/p>\n\n\n\n<p>\u2026<\/p>\n","protected":false},"excerpt":{"rendered":"<p>Une journ\u00e9e Rando dans les environs de St-Germain-des-foss\u00e9s pour cause, encore, de confinement \u00e0 10 km maxi. L&rsquo;occasion de red\u00e9couvrir des lieux proches de chez nous et o\u00f9 l&rsquo;on n&rsquo;a jamais le temps d&rsquo;aller parce que c&rsquo;est s\u00fbrement mieux ailleurs. Ainsi, traversant le cimeti\u00e8re, on fit un d\u00e9tour pour voir&#8230;<\/p>\n","protected":false},"author":2,"featured_media":2893,"comment_status":"closed","ping_status":"closed","sticky":false,"template":"","format":"standard","meta":[],"categories":[2],"tags":[],"_links":{"self":[{"href":"https:\/\/activrando.org\/AR_blog\/wp-json\/wp\/v2\/posts\/2723"}],"collection":[{"href":"https:\/\/activrando.org\/AR_blog\/wp-json\/wp\/v2\/posts"}],"about":[{"href":"https:\/\/activrando.org\/AR_blog\/wp-json\/wp\/v2\/types\/post"}],"author":[{"embeddable":true,"href":"https:\/\/activrando.org\/AR_blog\/wp-json\/wp\/v2\/users\/2"}],"replies":[{"embeddable":true,"href":"https:\/\/activrando.org\/AR_blog\/wp-json\/wp\/v2\/comments?post=2723"}],"version-history":[{"count":7,"href":"https:\/\/activrando.org\/AR_blog\/wp-json\/wp\/v2\/posts\/2723\/revisions"}],"predecessor-version":[{"id":2896,"href":"https:\/\/activrando.org\/AR_blog\/wp-json\/wp\/v2\/posts\/2723\/revisions\/2896"}],"wp:featuredmedia":[{"embeddable":true,"href":"https:\/\/activrando.org\/AR_blog\/wp-json\/wp\/v2\/media\/2893"}],"wp:attachment":[{"href":"https:\/\/activrando.org\/AR_blog\/wp-json\/wp\/v2\/media?parent=2723"}],"wp:term":[{"taxonomy":"category","embeddable":true,"href":"https:\/\/activrando.org\/AR_blog\/wp-json\/wp\/v2\/categories?post=2723"},{"taxonomy":"post_tag","embeddable":true,"href":"https:\/\/activrando.org\/AR_blog\/wp-json\/wp\/v2\/tags?post=2723"}],"curies":[{"name":"wp","href":"https:\/\/api.w.org\/{rel}","templated":true}]}}