{"id":2669,"date":"2021-04-11T22:15:53","date_gmt":"2021-04-11T20:15:53","guid":{"rendered":"http:\/\/activrando.org\/AR_blog\/?p=2669"},"modified":"2021-12-09T09:04:48","modified_gmt":"2021-12-09T08:04:48","slug":"les-garennes-journee-rando-a-st-gerand-le-puy-dim-11-avril-2021","status":"publish","type":"post","link":"https:\/\/activrando.org\/AR_blog\/2021\/04\/11\/les-garennes-journee-rando-a-st-gerand-le-puy-dim-11-avril-2021\/","title":{"rendered":"\u00a0\u00bbLes garennes\u00a0\u00bb, journ\u00e9e-rando&rsquo; \u00e0 St-G\u00e9rand-le-Puy, dim. 11 avril 2021 (19 photos)"},"content":{"rendered":"\n<p><strong>Le temps annonc\u00e9 est tr\u00e8s m\u00e9diocre (et cela se confirmera : petite pluie fine et vent). Confinement \u00e0 10 km maxi oblige, nous sommes tr\u00e8s peu nombreux (6) pour ce parcours en plaine au d\u00e9part de St-G\u00e9rand-le-Puy et qui passera par P\u00e9rigny et la proximit\u00e9 de Montaigu-le-Blin.<\/strong><\/p>\n\n\n\n<p class=\"has-text-align-center\"><strong> <a href=\"https:\/\/activrando.org\/AR_blog\/2021\/04\/08\/la-cote-petite-rando-a-st-felix-jeudi-8-avril-2021\/\">&lt; &lt; &lt; ARTICLE PR\u00c9C\u00c9DENT <\/a>&#8212;&#8212;&#8212;&#8212;&#8212;&#8212;-  <a href=\"https:\/\/activrando.org\/AR_blog\/\">ACCUEIL DU BLOG<\/a> &#8212;&#8212;&#8212;&#8212;&#8212;&#8212;&#8212;-  <a href=\"https:\/\/activrando.org\/AR_blog\/2021\/04\/15\/balade-en-foret-petite-rando-a-marcenat-jeudi-15-avril-2021\/\">ARTICLE SUIVANT &gt; &gt; &gt;<\/a><\/strong><\/p>\n\n\n\n<div class=\"wp-block-image\"><figure class=\"aligncenter\"><img decoding=\"async\" loading=\"lazy\" width=\"600\" height=\"646\" src=\"https:\/\/activrando.org\/AR_blog\/wp-content\/uploads\/2021\/05\/210411-St-Gerand-01-publicite-murale.jpg\" alt=\"\" class=\"wp-image-2834\" srcset=\"https:\/\/activrando.org\/AR_blog\/wp-content\/uploads\/2021\/05\/210411-St-Gerand-01-publicite-murale.jpg 600w, https:\/\/activrando.org\/AR_blog\/wp-content\/uploads\/2021\/05\/210411-St-Gerand-01-publicite-murale-279x300.jpg 279w\" sizes=\"(max-width: 600px) 100vw, 600px\" \/><figcaption>\u2026<br><br>\u2026<\/figcaption><\/figure><\/div>\n\n\n\n<div class=\"wp-block-image\"><figure class=\"aligncenter\"><img decoding=\"async\" loading=\"lazy\" width=\"600\" height=\"798\" src=\"https:\/\/activrando.org\/AR_blog\/wp-content\/uploads\/2021\/05\/210411-St-Gerand-02-puits.jpg\" alt=\"\" class=\"wp-image-2835\" srcset=\"https:\/\/activrando.org\/AR_blog\/wp-content\/uploads\/2021\/05\/210411-St-Gerand-02-puits.jpg 600w, https:\/\/activrando.org\/AR_blog\/wp-content\/uploads\/2021\/05\/210411-St-Gerand-02-puits-226x300.jpg 226w\" sizes=\"(max-width: 600px) 100vw, 600px\" \/><figcaption>Dans une fa\u00e7ade de maison de St-G\u00e9rand, rue du Pied d&rsquo;Ane. Il y en a un autre au croisement des <strong>rues du Commerce et rue Pierdon, mais cach\u00e9 derri\u00e8re une petite porte m\u00e9tallique. Le confort excellent que nous procure \u00ab\u00a0l&rsquo;eau au robinet\u00a0\u00bb ou \u00ab\u00a0eau courante\u00a0\u00bb nous fait oublier qu&rsquo;il y a un si\u00e8cle ou deux encore, suivant les lieux, disposer d&rsquo;eau n&rsquo;\u00e9tait pas simple.<\/strong><br><br>\u2026<br><br>\u2026<\/figcaption><\/figure><\/div>\n\n\n\n<div class=\"wp-block-image\"><figure class=\"aligncenter\"><img decoding=\"async\" loading=\"lazy\" width=\"1024\" height=\"683\" src=\"https:\/\/activrando.org\/AR_blog\/wp-content\/uploads\/2021\/05\/210411-St-Gerand-03-groupe-marche-1024x683.jpg\" alt=\"\" class=\"wp-image-2836\" srcset=\"https:\/\/activrando.org\/AR_blog\/wp-content\/uploads\/2021\/05\/210411-St-Gerand-03-groupe-marche.jpg 1024w, https:\/\/activrando.org\/AR_blog\/wp-content\/uploads\/2021\/05\/210411-St-Gerand-03-groupe-marche-300x200.jpg 300w, https:\/\/activrando.org\/AR_blog\/wp-content\/uploads\/2021\/05\/210411-St-Gerand-03-groupe-marche-768x512.jpg 768w\" sizes=\"(max-width: 1024px) 100vw, 1024px\" \/><figcaption>\u2026<br><br>\u2026<\/figcaption><\/figure><\/div>\n\n\n\n<div class=\"wp-block-image\"><figure class=\"aligncenter\"><img decoding=\"async\" loading=\"lazy\" width=\"1024\" height=\"683\" src=\"https:\/\/activrando.org\/AR_blog\/wp-content\/uploads\/2021\/05\/210411-St-Gerand-04-arbre-1024x683.jpg\" alt=\"\" class=\"wp-image-2837\" srcset=\"https:\/\/activrando.org\/AR_blog\/wp-content\/uploads\/2021\/05\/210411-St-Gerand-04-arbre.jpg 1024w, https:\/\/activrando.org\/AR_blog\/wp-content\/uploads\/2021\/05\/210411-St-Gerand-04-arbre-300x200.jpg 300w, https:\/\/activrando.org\/AR_blog\/wp-content\/uploads\/2021\/05\/210411-St-Gerand-04-arbre-768x512.jpg 768w\" sizes=\"(max-width: 1024px) 100vw, 1024px\" \/><figcaption>\u2026<br><br>\u2026<\/figcaption><\/figure><\/div>\n\n\n\n<figure class=\"wp-block-image\"><img decoding=\"async\" loading=\"lazy\" width=\"1024\" height=\"576\" src=\"https:\/\/activrando.org\/AR_blog\/wp-content\/uploads\/2021\/05\/210411-St-Gerand-05-chemin-1024x576.jpg\" alt=\"\" class=\"wp-image-2838\" srcset=\"https:\/\/activrando.org\/AR_blog\/wp-content\/uploads\/2021\/05\/210411-St-Gerand-05-chemin.jpg 1024w, https:\/\/activrando.org\/AR_blog\/wp-content\/uploads\/2021\/05\/210411-St-Gerand-05-chemin-300x169.jpg 300w, https:\/\/activrando.org\/AR_blog\/wp-content\/uploads\/2021\/05\/210411-St-Gerand-05-chemin-768x432.jpg 768w\" sizes=\"(max-width: 1024px) 100vw, 1024px\" \/><figcaption>\u2026<br><br>\u2026<\/figcaption><\/figure>\n\n\n\n<figure class=\"wp-block-image\"><img decoding=\"async\" loading=\"lazy\" width=\"1024\" height=\"341\" src=\"https:\/\/activrando.org\/AR_blog\/wp-content\/uploads\/2021\/05\/210411-St-Gerand-06-vaches-1024x341.jpg\" alt=\"\" class=\"wp-image-2839\" srcset=\"https:\/\/activrando.org\/AR_blog\/wp-content\/uploads\/2021\/05\/210411-St-Gerand-06-vaches.jpg 1024w, https:\/\/activrando.org\/AR_blog\/wp-content\/uploads\/2021\/05\/210411-St-Gerand-06-vaches-300x100.jpg 300w, https:\/\/activrando.org\/AR_blog\/wp-content\/uploads\/2021\/05\/210411-St-Gerand-06-vaches-768x256.jpg 768w\" sizes=\"(max-width: 1024px) 100vw, 1024px\" \/><figcaption>\u2026<br><br>\u2026<\/figcaption><\/figure>\n\n\n\n<figure class=\"wp-block-image\"><img decoding=\"async\" loading=\"lazy\" width=\"1020\" height=\"510\" src=\"https:\/\/activrando.org\/AR_blog\/wp-content\/uploads\/2021\/05\/210411-St-Gerand-07-chateau-Bardiniere.jpg\" alt=\"\" class=\"wp-image-2840\" srcset=\"https:\/\/activrando.org\/AR_blog\/wp-content\/uploads\/2021\/05\/210411-St-Gerand-07-chateau-Bardiniere.jpg 1020w, https:\/\/activrando.org\/AR_blog\/wp-content\/uploads\/2021\/05\/210411-St-Gerand-07-chateau-Bardiniere-300x150.jpg 300w, https:\/\/activrando.org\/AR_blog\/wp-content\/uploads\/2021\/05\/210411-St-Gerand-07-chateau-Bardiniere-768x384.jpg 768w\" sizes=\"(max-width: 1020px) 100vw, 1020px\" \/><figcaption><strong>Ch\u00e2teau, au lieu-dit Bardini\u00e8re<\/strong><br><br>\u2026<br><br>\u2026<\/figcaption><\/figure>\n\n\n\n<figure class=\"wp-block-image is-resized\"><img decoding=\"async\" loading=\"lazy\" src=\"https:\/\/activrando.org\/AR_blog\/wp-content\/uploads\/2021\/05\/210411-St-Gerand-08-maison-ruine-mare-1024x512.jpg\" alt=\"\" class=\"wp-image-2841\" width=\"580\" height=\"290\" srcset=\"https:\/\/activrando.org\/AR_blog\/wp-content\/uploads\/2021\/05\/210411-St-Gerand-08-maison-ruine-mare.jpg 1024w, https:\/\/activrando.org\/AR_blog\/wp-content\/uploads\/2021\/05\/210411-St-Gerand-08-maison-ruine-mare-300x150.jpg 300w, https:\/\/activrando.org\/AR_blog\/wp-content\/uploads\/2021\/05\/210411-St-Gerand-08-maison-ruine-mare-768x384.jpg 768w\" sizes=\"(max-width: 580px) 100vw, 580px\" \/><figcaption>\u2026<br><br>\u2026<\/figcaption><\/figure>\n\n\n\n<div class=\"wp-block-image\"><figure class=\"aligncenter\"><img decoding=\"async\" loading=\"lazy\" width=\"600\" height=\"631\" src=\"https:\/\/activrando.org\/AR_blog\/wp-content\/uploads\/2021\/05\/210411-St-Gerand-09-panneau.jpg\" alt=\"\" class=\"wp-image-2843\" srcset=\"https:\/\/activrando.org\/AR_blog\/wp-content\/uploads\/2021\/05\/210411-St-Gerand-09-panneau.jpg 600w, https:\/\/activrando.org\/AR_blog\/wp-content\/uploads\/2021\/05\/210411-St-Gerand-09-panneau-285x300.jpg 285w\" sizes=\"(max-width: 600px) 100vw, 600px\" \/><figcaption><strong>Du mauvais balisage : le trait jaune indique d&rsquo;aller par l\u00e0, alors que la croix signifie que ce n&rsquo;est pas la bonne direction&#8230; Que faire ?? ;-)))<\/strong><br><br>\u2026<br><br>\u2026<\/figcaption><\/figure><\/div>\n\n\n\n<figure class=\"wp-block-image\"><img decoding=\"async\" loading=\"lazy\" width=\"1024\" height=\"512\" src=\"https:\/\/activrando.org\/AR_blog\/wp-content\/uploads\/2021\/05\/210411-St-Gerand-10-ferme-1024x512.jpg\" alt=\"\" class=\"wp-image-2844\" srcset=\"https:\/\/activrando.org\/AR_blog\/wp-content\/uploads\/2021\/05\/210411-St-Gerand-10-ferme.jpg 1024w, https:\/\/activrando.org\/AR_blog\/wp-content\/uploads\/2021\/05\/210411-St-Gerand-10-ferme-300x150.jpg 300w, https:\/\/activrando.org\/AR_blog\/wp-content\/uploads\/2021\/05\/210411-St-Gerand-10-ferme-768x384.jpg 768w\" sizes=\"(max-width: 1024px) 100vw, 1024px\" \/><figcaption>\u2026<br><br>\u2026<\/figcaption><\/figure>\n\n\n\n<figure class=\"wp-block-image\"><img decoding=\"async\" loading=\"lazy\" width=\"1024\" height=\"512\" src=\"https:\/\/activrando.org\/AR_blog\/wp-content\/uploads\/2021\/05\/210411-St-Gerand-11-groupe-marche-1024x512.jpg\" alt=\"\" class=\"wp-image-2845\" srcset=\"https:\/\/activrando.org\/AR_blog\/wp-content\/uploads\/2021\/05\/210411-St-Gerand-11-groupe-marche.jpg 1024w, https:\/\/activrando.org\/AR_blog\/wp-content\/uploads\/2021\/05\/210411-St-Gerand-11-groupe-marche-300x150.jpg 300w, https:\/\/activrando.org\/AR_blog\/wp-content\/uploads\/2021\/05\/210411-St-Gerand-11-groupe-marche-768x384.jpg 768w\" sizes=\"(max-width: 1024px) 100vw, 1024px\" \/><figcaption><strong>Nous approchons du lieu o\u00f9 nous nous r\u00e9fugierons un moment \u00e0 l&rsquo;abri sous un appentis pour d\u00e9jeuner dans un confort incertain\u2026<\/strong><br><br>\u2026<br><br>\u2026<\/figcaption><\/figure>\n\n\n\n<figure class=\"wp-block-image\"><img decoding=\"async\" loading=\"lazy\" width=\"1024\" height=\"512\" src=\"https:\/\/activrando.org\/AR_blog\/wp-content\/uploads\/2021\/05\/210411-St-Gerand-12-vaches-1024x512.jpg\" alt=\"\" class=\"wp-image-2846\" srcset=\"https:\/\/activrando.org\/AR_blog\/wp-content\/uploads\/2021\/05\/210411-St-Gerand-12-vaches.jpg 1024w, https:\/\/activrando.org\/AR_blog\/wp-content\/uploads\/2021\/05\/210411-St-Gerand-12-vaches-300x150.jpg 300w, https:\/\/activrando.org\/AR_blog\/wp-content\/uploads\/2021\/05\/210411-St-Gerand-12-vaches-768x384.jpg 768w\" sizes=\"(max-width: 1024px) 100vw, 1024px\" \/><figcaption>\u2026<br><br>\u2026<\/figcaption><\/figure>\n\n\n\n<figure class=\"wp-block-image\"><img decoding=\"async\" loading=\"lazy\" width=\"1024\" height=\"682\" src=\"https:\/\/activrando.org\/AR_blog\/wp-content\/uploads\/2021\/05\/210411-St-Gerand-13-escalier-1024x682.jpg\" alt=\"\" class=\"wp-image-2847\" srcset=\"https:\/\/activrando.org\/AR_blog\/wp-content\/uploads\/2021\/05\/210411-St-Gerand-13-escalier.jpg 1024w, https:\/\/activrando.org\/AR_blog\/wp-content\/uploads\/2021\/05\/210411-St-Gerand-13-escalier-300x200.jpg 300w, https:\/\/activrando.org\/AR_blog\/wp-content\/uploads\/2021\/05\/210411-St-Gerand-13-escalier-768x512.jpg 768w\" sizes=\"(max-width: 1024px) 100vw, 1024px\" \/><figcaption><strong>Un bel escalier fin, tenu par simple ancrage lat\u00e9ral dans le mur, gr\u00e2ce \u00e0 la dure et solide pierre de Volvic. Du tr\u00e8s tr\u00e8s bel ouvrage.<\/strong><br><br>\u2026<br><br>\u2026<\/figcaption><\/figure>\n\n\n\n<figure class=\"wp-block-image\"><img decoding=\"async\" loading=\"lazy\" width=\"1024\" height=\"512\" src=\"https:\/\/activrando.org\/AR_blog\/wp-content\/uploads\/2021\/05\/210411-St-Gerand-14-groupe-marche-1024x512.jpg\" alt=\"\" class=\"wp-image-2848\" srcset=\"https:\/\/activrando.org\/AR_blog\/wp-content\/uploads\/2021\/05\/210411-St-Gerand-14-groupe-marche.jpg 1024w, https:\/\/activrando.org\/AR_blog\/wp-content\/uploads\/2021\/05\/210411-St-Gerand-14-groupe-marche-300x150.jpg 300w, https:\/\/activrando.org\/AR_blog\/wp-content\/uploads\/2021\/05\/210411-St-Gerand-14-groupe-marche-768x384.jpg 768w\" sizes=\"(max-width: 1024px) 100vw, 1024px\" \/><figcaption>\u2026<br><br>\u2026<\/figcaption><\/figure>\n\n\n\n<div class=\"wp-block-image\"><figure class=\"aligncenter\"><img decoding=\"async\" loading=\"lazy\" width=\"800\" height=\"600\" src=\"https:\/\/activrando.org\/AR_blog\/wp-content\/uploads\/2021\/05\/210411-St-Gerand-15-pompe.jpg\" alt=\"\" class=\"wp-image-2849\" srcset=\"https:\/\/activrando.org\/AR_blog\/wp-content\/uploads\/2021\/05\/210411-St-Gerand-15-pompe.jpg 800w, https:\/\/activrando.org\/AR_blog\/wp-content\/uploads\/2021\/05\/210411-St-Gerand-15-pompe-300x225.jpg 300w, https:\/\/activrando.org\/AR_blog\/wp-content\/uploads\/2021\/05\/210411-St-Gerand-15-pompe-768x576.jpg 768w\" sizes=\"(max-width: 800px) 100vw, 800px\" \/><figcaption><strong>En y regardant bien, l&rsquo;on voit que la pompe de ce puits pouvait \u00eatre actionn\u00e9e par une courroie reli\u00e9e \u00e0 un moteur, par exemple celui d&rsquo;un tracteur. Ceci suppose des quantit\u00e9s d&rsquo;eau pr\u00e9lev\u00e9e importantes et donc un puits tr\u00e8s profond.<\/strong><br><br>\u2026<br><br>\u2026<\/figcaption><\/figure><\/div>\n\n\n\n<figure class=\"wp-block-image\"><img decoding=\"async\" loading=\"lazy\" width=\"1024\" height=\"341\" src=\"https:\/\/activrando.org\/AR_blog\/wp-content\/uploads\/2021\/05\/210411-St-Gerand-16-toit-1024x341.jpg\" alt=\"\" class=\"wp-image-2850\" srcset=\"https:\/\/activrando.org\/AR_blog\/wp-content\/uploads\/2021\/05\/210411-St-Gerand-16-toit.jpg 1024w, https:\/\/activrando.org\/AR_blog\/wp-content\/uploads\/2021\/05\/210411-St-Gerand-16-toit-300x100.jpg 300w, https:\/\/activrando.org\/AR_blog\/wp-content\/uploads\/2021\/05\/210411-St-Gerand-16-toit-768x256.jpg 768w\" sizes=\"(max-width: 1024px) 100vw, 1024px\" \/><figcaption><strong>Ainsi se d\u00e9font les toitures&#8230;<\/strong><br><br>\u2026<br><br>\u2026<\/figcaption><\/figure>\n\n\n\n<figure class=\"wp-block-image\"><img decoding=\"async\" loading=\"lazy\" width=\"1024\" height=\"512\" src=\"https:\/\/activrando.org\/AR_blog\/wp-content\/uploads\/2021\/05\/210411-St-Gerand-17-maison-longere-1024x512.jpg\" alt=\"\" class=\"wp-image-2851\" srcset=\"https:\/\/activrando.org\/AR_blog\/wp-content\/uploads\/2021\/05\/210411-St-Gerand-17-maison-longere.jpg 1024w, https:\/\/activrando.org\/AR_blog\/wp-content\/uploads\/2021\/05\/210411-St-Gerand-17-maison-longere-300x150.jpg 300w, https:\/\/activrando.org\/AR_blog\/wp-content\/uploads\/2021\/05\/210411-St-Gerand-17-maison-longere-768x384.jpg 768w\" sizes=\"(max-width: 1024px) 100vw, 1024px\" \/><figcaption><strong>Une jolie long\u00e8re, typique du pays, avec son escalier ext\u00e9rieur et le puits sur le c\u00f4t\u00e9.<\/strong><br><br>\u2026<br><br>\u2026<\/figcaption><\/figure>\n\n\n\n<figure class=\"wp-block-image\"><img decoding=\"async\" loading=\"lazy\" width=\"1024\" height=\"341\" src=\"https:\/\/activrando.org\/AR_blog\/wp-content\/uploads\/2021\/05\/210411-St-Gerand-18-route-ver_terre-1024x341.jpg\" alt=\"\" class=\"wp-image-2852\" srcset=\"https:\/\/activrando.org\/AR_blog\/wp-content\/uploads\/2021\/05\/210411-St-Gerand-18-route-ver_terre.jpg 1024w, https:\/\/activrando.org\/AR_blog\/wp-content\/uploads\/2021\/05\/210411-St-Gerand-18-route-ver_terre-300x100.jpg 300w, https:\/\/activrando.org\/AR_blog\/wp-content\/uploads\/2021\/05\/210411-St-Gerand-18-route-ver_terre-768x256.jpg 768w\" sizes=\"(max-width: 1024px) 100vw, 1024px\" \/><figcaption><strong>Le temps pluvieux est id\u00e9al pour un lombric qui veut savoir ce qu&rsquo;il y a de l&rsquo;autre c\u00f4t\u00e9 de la route&#8230;. En avant toute !<\/strong><br><br>\u2026<br><br>\u2026<\/figcaption><\/figure>\n\n\n\n<figure class=\"wp-block-image\"><img decoding=\"async\" loading=\"lazy\" width=\"1024\" height=\"512\" src=\"https:\/\/activrando.org\/AR_blog\/wp-content\/uploads\/2021\/05\/210411-St-Gerand-19-groupe-marche-1024x512.jpg\" alt=\"\" class=\"wp-image-2853\" srcset=\"https:\/\/activrando.org\/AR_blog\/wp-content\/uploads\/2021\/05\/210411-St-Gerand-19-groupe-marche.jpg 1024w, https:\/\/activrando.org\/AR_blog\/wp-content\/uploads\/2021\/05\/210411-St-Gerand-19-groupe-marche-300x150.jpg 300w, https:\/\/activrando.org\/AR_blog\/wp-content\/uploads\/2021\/05\/210411-St-Gerand-19-groupe-marche-768x384.jpg 768w\" sizes=\"(max-width: 1024px) 100vw, 1024px\" \/><figcaption><strong>Et puis retour vers Saint-G\u00e9rand, sous la pluie revenue apr\u00e8s une petite accalmie.<\/strong><br><br>\u2026<br><br>\u2026<\/figcaption><\/figure>\n\n\n\n<p class=\"has-text-align-center\"><strong> <a href=\"https:\/\/activrando.org\/AR_blog\/2021\/04\/08\/la-cote-petite-rando-a-st-felix-jeudi-8-avril-2021\/\">&lt; &lt; &lt; ARTICLE PR\u00c9C\u00c9DENT <\/a>&#8212;&#8212;&#8212;&#8212;&#8212;&#8212;-  <a href=\"https:\/\/activrando.org\/AR_blog\/\">ACCUEIL DU BLOG<\/a> &#8212;&#8212;&#8212;&#8212;&#8212;&#8212;&#8212;-  <a href=\"https:\/\/activrando.org\/AR_blog\/2021\/04\/15\/balade-en-foret-petite-rando-a-marcenat-jeudi-15-avril-2021\/\">ARTICLE SUIVANT &gt; &gt; &gt;<\/a><\/strong><\/p>\n","protected":false},"excerpt":{"rendered":"<p>Le temps annonc\u00e9 est tr\u00e8s m\u00e9diocre (et cela se confirmera : petite pluie fine et vent). Confinement \u00e0 10 km maxi oblige, nous sommes tr\u00e8s peu nombreux (6) pour ce parcours en plaine au d\u00e9part de St-G\u00e9rand-le-Puy et qui passera par P\u00e9rigny et la proximit\u00e9 de Montaigu-le-Blin. &lt; &lt; &lt;&#8230;<\/p>\n","protected":false},"author":2,"featured_media":2855,"comment_status":"closed","ping_status":"closed","sticky":false,"template":"","format":"standard","meta":[],"categories":[2],"tags":[15],"_links":{"self":[{"href":"https:\/\/activrando.org\/AR_blog\/wp-json\/wp\/v2\/posts\/2669"}],"collection":[{"href":"https:\/\/activrando.org\/AR_blog\/wp-json\/wp\/v2\/posts"}],"about":[{"href":"https:\/\/activrando.org\/AR_blog\/wp-json\/wp\/v2\/types\/post"}],"author":[{"embeddable":true,"href":"https:\/\/activrando.org\/AR_blog\/wp-json\/wp\/v2\/users\/2"}],"replies":[{"embeddable":true,"href":"https:\/\/activrando.org\/AR_blog\/wp-json\/wp\/v2\/comments?post=2669"}],"version-history":[{"count":6,"href":"https:\/\/activrando.org\/AR_blog\/wp-json\/wp\/v2\/posts\/2669\/revisions"}],"predecessor-version":[{"id":3685,"href":"https:\/\/activrando.org\/AR_blog\/wp-json\/wp\/v2\/posts\/2669\/revisions\/3685"}],"wp:featuredmedia":[{"embeddable":true,"href":"https:\/\/activrando.org\/AR_blog\/wp-json\/wp\/v2\/media\/2855"}],"wp:attachment":[{"href":"https:\/\/activrando.org\/AR_blog\/wp-json\/wp\/v2\/media?parent=2669"}],"wp:term":[{"taxonomy":"category","embeddable":true,"href":"https:\/\/activrando.org\/AR_blog\/wp-json\/wp\/v2\/categories?post=2669"},{"taxonomy":"post_tag","embeddable":true,"href":"https:\/\/activrando.org\/AR_blog\/wp-json\/wp\/v2\/tags?post=2669"}],"curies":[{"name":"wp","href":"https:\/\/api.w.org\/{rel}","templated":true}]}}