{"id":2462,"date":"2021-04-01T21:53:18","date_gmt":"2021-04-01T19:53:18","guid":{"rendered":"http:\/\/activrando.org\/AR_blog\/?p=2462"},"modified":"2021-12-09T09:06:21","modified_gmt":"2021-12-09T08:06:21","slug":"les-bessons-petite-rando-a-crechy-jeudi-1er-avril-2021","status":"publish","type":"post","link":"https:\/\/activrando.org\/AR_blog\/2021\/04\/01\/les-bessons-petite-rando-a-crechy-jeudi-1er-avril-2021\/","title":{"rendered":"\u00a0\u00bbLes Bessons\u00a0\u00bb, petite rando \u00e0 Cr\u00e9chy, jeudi 1er avril 2021 (17 photos)"},"content":{"rendered":"\n<p><strong>Le village de Cr\u00e9chy occupe une petite partie plate situ\u00e9e entre la rivi\u00e8re Allier \u00e0 l&rsquo;Ouest et \u00e0 l&rsquo;Est une c\u00f4te qui borde un plateau calcaire exploit\u00e9 par la cimenterie Vicat sous forme de carri\u00e8res \u00e0 ciel ouvert et peu profondes, dont on extrait la roche calcaire tr\u00e8s friable qui sert de mati\u00e8re premi\u00e8re \u00e0 la fabrication du <\/strong><a href=\"https:\/\/fr.wikipedia.org\/wiki\/Ciment\"><strong>ciment<\/strong><\/a><strong>. Le lieu est toutefois strat\u00e9gique car y passent et la route et la voie ferr\u00e9e qui, vers le Nord, m\u00e8nent \u00e0 Moulins, Nevers et Paris.<\/strong><\/p>\n\n\n\n<p class=\"has-text-align-center\"><strong><a href=\"https:\/\/activrando.org\/AR_blog\/2021\/03\/30\/les-mouilleres-rando-sante-a-saint-felix-mardi-30-mars-2021\/\">&lt; &lt; &lt; ARTICLE PR\u00c9C\u00c9DENT <\/a> &#8212;&#8212;&#8212;&#8212;&#8212;&#8212;-  <a href=\"https:\/\/activrando.org\/AR_blog\/\">ACCUEIL DU BLOG<\/a> &#8212;&#8212;&#8212;&#8212;&#8212;&#8212;&#8212;-  <a href=\"https:\/\/activrando.org\/AR_blog\/2021\/04\/08\/la-cote-petite-rando-a-st-felix-jeudi-8-avril-2021\/\">ARTICLE SUIVANT &gt; &gt; &gt;<\/a><\/strong><\/p>\n\n\n\n<figure class=\"wp-block-image\"><img decoding=\"async\" loading=\"lazy\" width=\"1024\" height=\"768\" src=\"https:\/\/activrando.org\/AR_blog\/wp-content\/uploads\/2021\/04\/210401-Crechy-02-chateau-sauvage-grille-1024x768.jpg\" alt=\"\" class=\"wp-image-2634\" srcset=\"https:\/\/activrando.org\/AR_blog\/wp-content\/uploads\/2021\/04\/210401-Crechy-02-chateau-sauvage-grille.jpg 1024w, https:\/\/activrando.org\/AR_blog\/wp-content\/uploads\/2021\/04\/210401-Crechy-02-chateau-sauvage-grille-300x225.jpg 300w, https:\/\/activrando.org\/AR_blog\/wp-content\/uploads\/2021\/04\/210401-Crechy-02-chateau-sauvage-grille-768x576.jpg 768w\" sizes=\"(max-width: 1024px) 100vw, 1024px\" \/><figcaption><strong>Partis de la mairie, nous montons d&rsquo;abord aux Bessons et pour cela passons devant le Ch\u00e2teau du Sauvage.<\/strong><br><br>\u2026<br><br>\u2026<\/figcaption><\/figure>\n\n\n\n<figure class=\"wp-block-image\"><img decoding=\"async\" loading=\"lazy\" width=\"1024\" height=\"768\" src=\"https:\/\/activrando.org\/AR_blog\/wp-content\/uploads\/2021\/04\/210401-Crechy-01-chateau-sauvage-1024x768.jpg\" alt=\"\" class=\"wp-image-2633\" srcset=\"https:\/\/activrando.org\/AR_blog\/wp-content\/uploads\/2021\/04\/210401-Crechy-01-chateau-sauvage.jpg 1024w, https:\/\/activrando.org\/AR_blog\/wp-content\/uploads\/2021\/04\/210401-Crechy-01-chateau-sauvage-300x225.jpg 300w, https:\/\/activrando.org\/AR_blog\/wp-content\/uploads\/2021\/04\/210401-Crechy-01-chateau-sauvage-768x576.jpg 768w\" sizes=\"(max-width: 1024px) 100vw, 1024px\" \/><figcaption><strong>Le Ch\u00e2teau du Sauvage<\/strong><br><br>\u2026<br><br>\u2026<\/figcaption><\/figure>\n\n\n\n<figure class=\"wp-block-image\"><img decoding=\"async\" loading=\"lazy\" width=\"1024\" height=\"683\" src=\"https:\/\/activrando.org\/AR_blog\/wp-content\/uploads\/2021\/04\/210401-Crechy-03-groupe-marche-1024x683.jpg\" alt=\"\" class=\"wp-image-2635\" srcset=\"https:\/\/activrando.org\/AR_blog\/wp-content\/uploads\/2021\/04\/210401-Crechy-03-groupe-marche.jpg 1024w, https:\/\/activrando.org\/AR_blog\/wp-content\/uploads\/2021\/04\/210401-Crechy-03-groupe-marche-300x200.jpg 300w, https:\/\/activrando.org\/AR_blog\/wp-content\/uploads\/2021\/04\/210401-Crechy-03-groupe-marche-768x512.jpg 768w\" sizes=\"(max-width: 1024px) 100vw, 1024px\" \/><figcaption>\u2026<br><br>\u2026<\/figcaption><\/figure>\n\n\n\n<figure class=\"wp-block-image\"><img decoding=\"async\" loading=\"lazy\" width=\"1024\" height=\"341\" src=\"https:\/\/activrando.org\/AR_blog\/wp-content\/uploads\/2021\/04\/210401-Crechy-04-chateau-Theillat-1024x341.jpg\" alt=\"\" class=\"wp-image-2636\" srcset=\"https:\/\/activrando.org\/AR_blog\/wp-content\/uploads\/2021\/04\/210401-Crechy-04-chateau-Theillat.jpg 1024w, https:\/\/activrando.org\/AR_blog\/wp-content\/uploads\/2021\/04\/210401-Crechy-04-chateau-Theillat-300x100.jpg 300w, https:\/\/activrando.org\/AR_blog\/wp-content\/uploads\/2021\/04\/210401-Crechy-04-chateau-Theillat-768x256.jpg 768w\" sizes=\"(max-width: 1024px) 100vw, 1024px\" \/><figcaption><strong>Nous approchons du ch\u00e2teau de Theillat, situ\u00e9  en bordure du territoire de Sanssat. \u00c0 gauche on voit le pavillon des gardiens pr\u00e8s de l&rsquo;entr\u00e9e du domaine, comme il se doit.<\/strong><br><br>\u2026<br><br>\u2026<\/figcaption><\/figure>\n\n\n\n<figure class=\"wp-block-image\"><img decoding=\"async\" loading=\"lazy\" width=\"1024\" height=\"768\" src=\"https:\/\/activrando.org\/AR_blog\/wp-content\/uploads\/2021\/04\/210401-Crechy-05-chateau-Theillat-grille-1024x768.jpg\" alt=\"\" class=\"wp-image-2637\" srcset=\"https:\/\/activrando.org\/AR_blog\/wp-content\/uploads\/2021\/04\/210401-Crechy-05-chateau-Theillat-grille.jpg 1024w, https:\/\/activrando.org\/AR_blog\/wp-content\/uploads\/2021\/04\/210401-Crechy-05-chateau-Theillat-grille-300x225.jpg 300w, https:\/\/activrando.org\/AR_blog\/wp-content\/uploads\/2021\/04\/210401-Crechy-05-chateau-Theillat-grille-768x576.jpg 768w\" sizes=\"(max-width: 1024px) 100vw, 1024px\" \/><figcaption><strong>La magnifique grille monumentale du ch\u00e2teau de Theillat.<\/strong><br><br>\u2026<br><br>\u2026<\/figcaption><\/figure>\n\n\n\n<figure class=\"wp-block-image\"><img decoding=\"async\" loading=\"lazy\" width=\"1024\" height=\"512\" src=\"https:\/\/activrando.org\/AR_blog\/wp-content\/uploads\/2021\/04\/210401-Crechy-06-groupe-pause-1024x512.jpg\" alt=\"\" class=\"wp-image-2638\" srcset=\"https:\/\/activrando.org\/AR_blog\/wp-content\/uploads\/2021\/04\/210401-Crechy-06-groupe-pause.jpg 1024w, https:\/\/activrando.org\/AR_blog\/wp-content\/uploads\/2021\/04\/210401-Crechy-06-groupe-pause-300x150.jpg 300w, https:\/\/activrando.org\/AR_blog\/wp-content\/uploads\/2021\/04\/210401-Crechy-06-groupe-pause-768x384.jpg 768w\" sizes=\"(max-width: 1024px) 100vw, 1024px\" \/><figcaption><strong>Il fait assez chaud aujourd&rsquo;hui pour que la fraicheur de l&rsquo;ombre soit agr\u00e9able le temps d&rsquo;une pause.<\/strong><br><br>\u2026<br><br>\u2026<\/figcaption><\/figure>\n\n\n\n<figure class=\"wp-block-image\"><img decoding=\"async\" loading=\"lazy\" width=\"1024\" height=\"512\" src=\"https:\/\/activrando.org\/AR_blog\/wp-content\/uploads\/2021\/04\/210401-Crechy-07-chateau-Theillat-1024x512.jpg\" alt=\"\" class=\"wp-image-2639\" srcset=\"https:\/\/activrando.org\/AR_blog\/wp-content\/uploads\/2021\/04\/210401-Crechy-07-chateau-Theillat.jpg 1024w, https:\/\/activrando.org\/AR_blog\/wp-content\/uploads\/2021\/04\/210401-Crechy-07-chateau-Theillat-300x150.jpg 300w, https:\/\/activrando.org\/AR_blog\/wp-content\/uploads\/2021\/04\/210401-Crechy-07-chateau-Theillat-768x384.jpg 768w\" sizes=\"(max-width: 1024px) 100vw, 1024px\" \/><figcaption><strong>&#8230; de l\u00e0, on a encore la vue sur le ch\u00e2teau de Theillat.<\/strong><br><br>\u2026<br><br>\u2026<br><\/figcaption><\/figure>\n\n\n\n<figure class=\"wp-block-image\"><img decoding=\"async\" loading=\"lazy\" width=\"1024\" height=\"622\" src=\"https:\/\/activrando.org\/AR_blog\/wp-content\/uploads\/2021\/04\/210401-Crechy-08-groupe-marche-1024x622.jpg\" alt=\"\" class=\"wp-image-2640\" srcset=\"https:\/\/activrando.org\/AR_blog\/wp-content\/uploads\/2021\/04\/210401-Crechy-08-groupe-marche.jpg 1024w, https:\/\/activrando.org\/AR_blog\/wp-content\/uploads\/2021\/04\/210401-Crechy-08-groupe-marche-300x182.jpg 300w, https:\/\/activrando.org\/AR_blog\/wp-content\/uploads\/2021\/04\/210401-Crechy-08-groupe-marche-768x467.jpg 768w\" sizes=\"(max-width: 1024px) 100vw, 1024px\" \/><figcaption>\u2026<br><br>\u2026<\/figcaption><\/figure>\n\n\n\n<figure class=\"wp-block-image\"><img decoding=\"async\" loading=\"lazy\" width=\"1024\" height=\"341\" src=\"https:\/\/activrando.org\/AR_blog\/wp-content\/uploads\/2021\/04\/210401-Crechy-09-paysage-champs-1024x341.jpg\" alt=\"\" class=\"wp-image-2641\" srcset=\"https:\/\/activrando.org\/AR_blog\/wp-content\/uploads\/2021\/04\/210401-Crechy-09-paysage-champs.jpg 1024w, https:\/\/activrando.org\/AR_blog\/wp-content\/uploads\/2021\/04\/210401-Crechy-09-paysage-champs-300x100.jpg 300w, https:\/\/activrando.org\/AR_blog\/wp-content\/uploads\/2021\/04\/210401-Crechy-09-paysage-champs-768x256.jpg 768w\" sizes=\"(max-width: 1024px) 100vw, 1024px\" \/><figcaption>\u2026<br><br>\u2026<\/figcaption><\/figure>\n\n\n\n<figure class=\"wp-block-image\"><img decoding=\"async\" loading=\"lazy\" width=\"1024\" height=\"682\" src=\"https:\/\/activrando.org\/AR_blog\/wp-content\/uploads\/2021\/04\/210401-Crechy-10-paysage-chemin-1024x682.jpg\" alt=\"\" class=\"wp-image-2643\" srcset=\"https:\/\/activrando.org\/AR_blog\/wp-content\/uploads\/2021\/04\/210401-Crechy-10-paysage-chemin.jpg 1024w, https:\/\/activrando.org\/AR_blog\/wp-content\/uploads\/2021\/04\/210401-Crechy-10-paysage-chemin-300x200.jpg 300w, https:\/\/activrando.org\/AR_blog\/wp-content\/uploads\/2021\/04\/210401-Crechy-10-paysage-chemin-768x512.jpg 768w\" sizes=\"(max-width: 1024px) 100vw, 1024px\" \/><figcaption>\u2026<br><br>\u2026<\/figcaption><\/figure>\n\n\n\n<figure class=\"wp-block-image\"><img decoding=\"async\" loading=\"lazy\" width=\"1024\" height=\"682\" src=\"https:\/\/activrando.org\/AR_blog\/wp-content\/uploads\/2021\/04\/210401-Crechy-11-groupe-pause-1024x682.jpg\" alt=\"\" class=\"wp-image-2644\" srcset=\"https:\/\/activrando.org\/AR_blog\/wp-content\/uploads\/2021\/04\/210401-Crechy-11-groupe-pause.jpg 1024w, https:\/\/activrando.org\/AR_blog\/wp-content\/uploads\/2021\/04\/210401-Crechy-11-groupe-pause-300x200.jpg 300w, https:\/\/activrando.org\/AR_blog\/wp-content\/uploads\/2021\/04\/210401-Crechy-11-groupe-pause-768x512.jpg 768w\" sizes=\"(max-width: 1024px) 100vw, 1024px\" \/><figcaption>\u2026<br><br>\u2026<\/figcaption><\/figure>\n\n\n\n<figure class=\"wp-block-image\"><img decoding=\"async\" loading=\"lazy\" width=\"1024\" height=\"512\" src=\"https:\/\/activrando.org\/AR_blog\/wp-content\/uploads\/2021\/04\/210401-Crechy-12-groupe-marche-1024x512.jpg\" alt=\"\" class=\"wp-image-2645\" srcset=\"https:\/\/activrando.org\/AR_blog\/wp-content\/uploads\/2021\/04\/210401-Crechy-12-groupe-marche.jpg 1024w, https:\/\/activrando.org\/AR_blog\/wp-content\/uploads\/2021\/04\/210401-Crechy-12-groupe-marche-300x150.jpg 300w, https:\/\/activrando.org\/AR_blog\/wp-content\/uploads\/2021\/04\/210401-Crechy-12-groupe-marche-768x384.jpg 768w\" sizes=\"(max-width: 1024px) 100vw, 1024px\" \/><figcaption>\u2026<br><br>\u2026<\/figcaption><\/figure>\n\n\n\n<figure class=\"wp-block-image\"><img decoding=\"async\" loading=\"lazy\" width=\"1024\" height=\"512\" src=\"https:\/\/activrando.org\/AR_blog\/wp-content\/uploads\/2021\/04\/210401-Crechy-10-paysage-chateau-Billy-1024x512.jpg\" alt=\"\" class=\"wp-image-2642\" srcset=\"https:\/\/activrando.org\/AR_blog\/wp-content\/uploads\/2021\/04\/210401-Crechy-10-paysage-chateau-Billy.jpg 1024w, https:\/\/activrando.org\/AR_blog\/wp-content\/uploads\/2021\/04\/210401-Crechy-10-paysage-chateau-Billy-300x150.jpg 300w, https:\/\/activrando.org\/AR_blog\/wp-content\/uploads\/2021\/04\/210401-Crechy-10-paysage-chateau-Billy-768x384.jpg 768w\" sizes=\"(max-width: 1024px) 100vw, 1024px\" \/><figcaption><strong>Vue depuis la cr\u00eate sur le village de Billy et son ch\u00e2teau.<\/strong><br><br>\u2026<br><br>\u2026<\/figcaption><\/figure>\n\n\n\n<figure class=\"wp-block-image\"><img decoding=\"async\" loading=\"lazy\" width=\"1024\" height=\"341\" src=\"https:\/\/activrando.org\/AR_blog\/wp-content\/uploads\/2021\/04\/210401-Crechy-13-paysage-cimenterie-1024x341.jpg\" alt=\"\" class=\"wp-image-2646\" srcset=\"https:\/\/activrando.org\/AR_blog\/wp-content\/uploads\/2021\/04\/210401-Crechy-13-paysage-cimenterie.jpg 1024w, https:\/\/activrando.org\/AR_blog\/wp-content\/uploads\/2021\/04\/210401-Crechy-13-paysage-cimenterie-300x100.jpg 300w, https:\/\/activrando.org\/AR_blog\/wp-content\/uploads\/2021\/04\/210401-Crechy-13-paysage-cimenterie-768x256.jpg 768w\" sizes=\"(max-width: 1024px) 100vw, 1024px\" \/><figcaption><strong>Comme un moderne ch\u00e2teau-fort concurrent de celui de Billy, tout proche&#8230; la cimenterie <a href=\"https:\/\/fr.wikipedia.org\/wiki\/Vicat_(entreprise)\">Vicat<\/a>.<\/strong><br><br>\u2026<br><br>\u2026<\/figcaption><\/figure>\n\n\n\n<figure class=\"wp-block-image\"><img decoding=\"async\" loading=\"lazy\" width=\"1024\" height=\"512\" src=\"https:\/\/activrando.org\/AR_blog\/wp-content\/uploads\/2021\/04\/210401-Crechy-14-paysage-chateau-Billy-1024x512.jpg\" alt=\"\" class=\"wp-image-2647\" srcset=\"https:\/\/activrando.org\/AR_blog\/wp-content\/uploads\/2021\/04\/210401-Crechy-14-paysage-chateau-Billy.jpg 1024w, https:\/\/activrando.org\/AR_blog\/wp-content\/uploads\/2021\/04\/210401-Crechy-14-paysage-chateau-Billy-300x150.jpg 300w, https:\/\/activrando.org\/AR_blog\/wp-content\/uploads\/2021\/04\/210401-Crechy-14-paysage-chateau-Billy-768x384.jpg 768w\" sizes=\"(max-width: 1024px) 100vw, 1024px\" \/><figcaption><strong>Vue sur le village de Billy, et son ch\u00e2teau, par le c\u00f4t\u00e9 Nord.<\/strong><br><br>\u2026<br><br>\u2026<\/figcaption><\/figure>\n\n\n\n<figure class=\"wp-block-image\"><img decoding=\"async\" loading=\"lazy\" width=\"1024\" height=\"683\" src=\"https:\/\/activrando.org\/AR_blog\/wp-content\/uploads\/2021\/04\/210401-Crechy-15-groupe-marche-1024x683.jpg\" alt=\"\" class=\"wp-image-2648\" srcset=\"https:\/\/activrando.org\/AR_blog\/wp-content\/uploads\/2021\/04\/210401-Crechy-15-groupe-marche.jpg 1024w, https:\/\/activrando.org\/AR_blog\/wp-content\/uploads\/2021\/04\/210401-Crechy-15-groupe-marche-300x200.jpg 300w, https:\/\/activrando.org\/AR_blog\/wp-content\/uploads\/2021\/04\/210401-Crechy-15-groupe-marche-768x512.jpg 768w\" sizes=\"(max-width: 1024px) 100vw, 1024px\" \/><figcaption><strong>Passage pr\u00e8s de la cimenterie Vicat.<\/strong><br><br>\u2026<br><br>\u2026<\/figcaption><\/figure>\n\n\n\n<figure class=\"wp-block-image\"><img decoding=\"async\" loading=\"lazy\" width=\"1024\" height=\"512\" src=\"https:\/\/activrando.org\/AR_blog\/wp-content\/uploads\/2021\/04\/210401-Crechy-16-eau-etang-1024x512.jpg\" alt=\"\" class=\"wp-image-2649\" srcset=\"https:\/\/activrando.org\/AR_blog\/wp-content\/uploads\/2021\/04\/210401-Crechy-16-eau-etang.jpg 1024w, https:\/\/activrando.org\/AR_blog\/wp-content\/uploads\/2021\/04\/210401-Crechy-16-eau-etang-300x150.jpg 300w, https:\/\/activrando.org\/AR_blog\/wp-content\/uploads\/2021\/04\/210401-Crechy-16-eau-etang-768x384.jpg 768w\" sizes=\"(max-width: 1024px) 100vw, 1024px\" \/><figcaption>\u2026<br><br>\u2026<\/figcaption><\/figure>\n\n\n\n<figure class=\"wp-block-image\"><img decoding=\"async\" loading=\"lazy\" width=\"1024\" height=\"512\" src=\"https:\/\/activrando.org\/AR_blog\/wp-content\/uploads\/2021\/04\/210401-Crechy-17-groupe-pose-1024x512.jpg\" alt=\"\" class=\"wp-image-2650\" srcset=\"https:\/\/activrando.org\/AR_blog\/wp-content\/uploads\/2021\/04\/210401-Crechy-17-groupe-pose.jpg 1024w, https:\/\/activrando.org\/AR_blog\/wp-content\/uploads\/2021\/04\/210401-Crechy-17-groupe-pose-300x150.jpg 300w, https:\/\/activrando.org\/AR_blog\/wp-content\/uploads\/2021\/04\/210401-Crechy-17-groupe-pose-768x384.jpg 768w\" sizes=\"(max-width: 1024px) 100vw, 1024px\" \/><figcaption>\u2026<br><br>\u2026<\/figcaption><\/figure>\n\n\n\n<p class=\"has-text-align-center\"><strong><a href=\"https:\/\/activrando.org\/AR_blog\/2021\/03\/30\/les-mouilleres-rando-sante-a-saint-felix-mardi-30-mars-2021\/\">&lt; &lt; &lt; ARTICLE PR\u00c9C\u00c9DENT <\/a> &#8212;&#8212;&#8212;&#8212;&#8212;&#8212;-  <a href=\"https:\/\/activrando.org\/AR_blog\/\">ACCUEIL DU BLOG<\/a> &#8212;&#8212;&#8212;&#8212;&#8212;&#8212;&#8212;-  <a href=\"https:\/\/activrando.org\/AR_blog\/2021\/04\/08\/la-cote-petite-rando-a-st-felix-jeudi-8-avril-2021\/\">ARTICLE SUIVANT &gt; &gt; &gt;<\/a><\/strong><\/p>\n","protected":false},"excerpt":{"rendered":"<p>Le village de Cr\u00e9chy occupe une petite partie plate situ\u00e9e entre la rivi\u00e8re Allier \u00e0 l&rsquo;Ouest et \u00e0 l&rsquo;Est une c\u00f4te qui borde un plateau calcaire exploit\u00e9 par la cimenterie Vicat sous forme de carri\u00e8res \u00e0 ciel ouvert et peu profondes, dont on extrait la roche calcaire tr\u00e8s friable qui&#8230;<\/p>\n","protected":false},"author":2,"featured_media":2652,"comment_status":"closed","ping_status":"closed","sticky":false,"template":"","format":"standard","meta":[],"categories":[2],"tags":[8],"_links":{"self":[{"href":"https:\/\/activrando.org\/AR_blog\/wp-json\/wp\/v2\/posts\/2462"}],"collection":[{"href":"https:\/\/activrando.org\/AR_blog\/wp-json\/wp\/v2\/posts"}],"about":[{"href":"https:\/\/activrando.org\/AR_blog\/wp-json\/wp\/v2\/types\/post"}],"author":[{"embeddable":true,"href":"https:\/\/activrando.org\/AR_blog\/wp-json\/wp\/v2\/users\/2"}],"replies":[{"embeddable":true,"href":"https:\/\/activrando.org\/AR_blog\/wp-json\/wp\/v2\/comments?post=2462"}],"version-history":[{"count":6,"href":"https:\/\/activrando.org\/AR_blog\/wp-json\/wp\/v2\/posts\/2462\/revisions"}],"predecessor-version":[{"id":3687,"href":"https:\/\/activrando.org\/AR_blog\/wp-json\/wp\/v2\/posts\/2462\/revisions\/3687"}],"wp:featuredmedia":[{"embeddable":true,"href":"https:\/\/activrando.org\/AR_blog\/wp-json\/wp\/v2\/media\/2652"}],"wp:attachment":[{"href":"https:\/\/activrando.org\/AR_blog\/wp-json\/wp\/v2\/media?parent=2462"}],"wp:term":[{"taxonomy":"category","embeddable":true,"href":"https:\/\/activrando.org\/AR_blog\/wp-json\/wp\/v2\/categories?post=2462"},{"taxonomy":"post_tag","embeddable":true,"href":"https:\/\/activrando.org\/AR_blog\/wp-json\/wp\/v2\/tags?post=2462"}],"curies":[{"name":"wp","href":"https:\/\/api.w.org\/{rel}","templated":true}]}}