{"id":2460,"date":"2021-03-30T22:50:52","date_gmt":"2021-03-30T20:50:52","guid":{"rendered":"http:\/\/activrando.org\/AR_blog\/?p=2460"},"modified":"2021-12-09T09:07:15","modified_gmt":"2021-12-09T08:07:15","slug":"les-mouilleres-rando-sante-a-saint-felix-mardi-30-mars-2021","status":"publish","type":"post","link":"https:\/\/activrando.org\/AR_blog\/2021\/03\/30\/les-mouilleres-rando-sante-a-saint-felix-mardi-30-mars-2021\/","title":{"rendered":"\u00a0\u00bbLes Mouill\u00e8res\u00a0\u00bb, Rando Sant\u00e9\u00ae \u00e0 Saint-F\u00e9lix, mardi 30 mars 2021 (13 photos)"},"content":{"rendered":"\n<p><strong>Le grand beau temps est particuli\u00e8rement bienvenu pour cette marche sur la c\u00f4te de Saint-F\u00e9lix car nous b\u00e9n\u00e9ficierons de magnifiques points de vue sur toute la r\u00e9gion Sud, jusqu&rsquo;au Sancy. la flore commence son apparition et colore les bords des chemins de jaune \u00e9clatant, de pourpre, de bleu et de blanc.<\/strong><\/p>\n\n\n\n<p class=\"has-text-align-center\"><strong><a href=\"https:\/\/activrando.org\/AR_blog\/2021\/03\/28\/boublon-et-bouble-journee-rando-a-chantelle-dim-28-mars-2021\/\">&lt; &lt; &lt; ARTICLE PR\u00c9C\u00c9DENT <\/a> &#8212;&#8212;&#8212;&#8212;&#8212;&#8212;-  <a href=\"https:\/\/activrando.org\/AR_blog\/\">ACCUEIL DU BLOG<\/a> &#8212;&#8212;&#8212;&#8212;&#8212;&#8212;&#8212;-  <a href=\"https:\/\/activrando.org\/AR_blog\/2021\/04\/01\/les-bessons-petite-rando-a-crechy-jeudi-1er-avril-2021\/\">ARTICLE SUIVANT &gt; &gt; &gt;<\/a><\/strong><\/p>\n\n\n\n<figure class=\"wp-block-image\"><img decoding=\"async\" loading=\"lazy\" width=\"1024\" height=\"512\" src=\"https:\/\/activrando.org\/AR_blog\/wp-content\/uploads\/2021\/04\/210330-St-Felix-01-groupe-marche-1024x512.jpg\" alt=\"\" class=\"wp-image-2617\" srcset=\"https:\/\/activrando.org\/AR_blog\/wp-content\/uploads\/2021\/04\/210330-St-Felix-01-groupe-marche.jpg 1024w, https:\/\/activrando.org\/AR_blog\/wp-content\/uploads\/2021\/04\/210330-St-Felix-01-groupe-marche-300x150.jpg 300w, https:\/\/activrando.org\/AR_blog\/wp-content\/uploads\/2021\/04\/210330-St-Felix-01-groupe-marche-768x384.jpg 768w\" sizes=\"(max-width: 1024px) 100vw, 1024px\" \/><figcaption>\u2026<br><br>\u2026<\/figcaption><\/figure>\n\n\n\n<figure class=\"wp-block-image\"><img decoding=\"async\" loading=\"lazy\" width=\"1024\" height=\"512\" src=\"https:\/\/activrando.org\/AR_blog\/wp-content\/uploads\/2021\/04\/210330-St-Felix-02-champs-1024x512.jpg\" alt=\"\" class=\"wp-image-2618\" srcset=\"https:\/\/activrando.org\/AR_blog\/wp-content\/uploads\/2021\/04\/210330-St-Felix-02-champs.jpg 1024w, https:\/\/activrando.org\/AR_blog\/wp-content\/uploads\/2021\/04\/210330-St-Felix-02-champs-300x150.jpg 300w, https:\/\/activrando.org\/AR_blog\/wp-content\/uploads\/2021\/04\/210330-St-Felix-02-champs-768x384.jpg 768w\" sizes=\"(max-width: 1024px) 100vw, 1024px\" \/><figcaption><strong>L&rsquo;aspect encore d\u00e9nud\u00e9 de la c\u00f4te de Saint-F\u00e9lix.<\/strong><br><br>\u2026<br><br>\u2026<\/figcaption><\/figure>\n\n\n\n<figure class=\"wp-block-image\"><img decoding=\"async\" loading=\"lazy\" width=\"1024\" height=\"576\" src=\"https:\/\/activrando.org\/AR_blog\/wp-content\/uploads\/2021\/04\/210330-St-Felix-03-petasite-1024x576.jpg\" alt=\"\" class=\"wp-image-2619\" srcset=\"https:\/\/activrando.org\/AR_blog\/wp-content\/uploads\/2021\/04\/210330-St-Felix-03-petasite.jpg 1024w, https:\/\/activrando.org\/AR_blog\/wp-content\/uploads\/2021\/04\/210330-St-Felix-03-petasite-300x169.jpg 300w, https:\/\/activrando.org\/AR_blog\/wp-content\/uploads\/2021\/04\/210330-St-Felix-03-petasite-768x432.jpg 768w\" sizes=\"(max-width: 1024px) 100vw, 1024px\" \/><figcaption>Aux Mouill\u00e8res, le <a href=\"https:\/\/fr.wikipedia.org\/wiki\/P\u00e9tasite\">p\u00e9tasite<\/a> finit sa floraison et d\u00e9ploie maintenant ses larges feuilles.<br><br>\u2026<br><br>\u2026<\/figcaption><\/figure>\n\n\n\n<figure class=\"wp-block-image\"><img decoding=\"async\" loading=\"lazy\" width=\"1024\" height=\"341\" src=\"https:\/\/activrando.org\/AR_blog\/wp-content\/uploads\/2021\/04\/210330-St-Felix-04-chateau-de-la-roche-1024x341.jpg\" alt=\"\" class=\"wp-image-2620\" srcset=\"https:\/\/activrando.org\/AR_blog\/wp-content\/uploads\/2021\/04\/210330-St-Felix-04-chateau-de-la-roche.jpg 1024w, https:\/\/activrando.org\/AR_blog\/wp-content\/uploads\/2021\/04\/210330-St-Felix-04-chateau-de-la-roche-300x100.jpg 300w, https:\/\/activrando.org\/AR_blog\/wp-content\/uploads\/2021\/04\/210330-St-Felix-04-chateau-de-la-roche-768x256.jpg 768w\" sizes=\"(max-width: 1024px) 100vw, 1024px\" \/><figcaption><strong>Le Ch\u00e2teau de la Roche<\/strong><br><br>\u2026<br><br>\u2026<\/figcaption><\/figure>\n\n\n\n<figure class=\"wp-block-image\"><img decoding=\"async\" loading=\"lazy\" width=\"1024\" height=\"341\" src=\"https:\/\/activrando.org\/AR_blog\/wp-content\/uploads\/2021\/04\/210330-St-Felix-05-groupe-marche-1024x341.jpg\" alt=\"\" class=\"wp-image-2621\" srcset=\"https:\/\/activrando.org\/AR_blog\/wp-content\/uploads\/2021\/04\/210330-St-Felix-05-groupe-marche.jpg 1024w, https:\/\/activrando.org\/AR_blog\/wp-content\/uploads\/2021\/04\/210330-St-Felix-05-groupe-marche-300x100.jpg 300w, https:\/\/activrando.org\/AR_blog\/wp-content\/uploads\/2021\/04\/210330-St-Felix-05-groupe-marche-768x256.jpg 768w\" sizes=\"(max-width: 1024px) 100vw, 1024px\" \/><figcaption>\u2026<br><br>\u2026<\/figcaption><\/figure>\n\n\n\n<figure class=\"wp-block-image\"><img decoding=\"async\" loading=\"lazy\" width=\"1024\" height=\"341\" src=\"https:\/\/activrando.org\/AR_blog\/wp-content\/uploads\/2021\/04\/210330-St-Felix-06-panorama-1024x341.jpg\" alt=\"\" class=\"wp-image-2622\" srcset=\"https:\/\/activrando.org\/AR_blog\/wp-content\/uploads\/2021\/04\/210330-St-Felix-06-panorama.jpg 1024w, https:\/\/activrando.org\/AR_blog\/wp-content\/uploads\/2021\/04\/210330-St-Felix-06-panorama-300x100.jpg 300w, https:\/\/activrando.org\/AR_blog\/wp-content\/uploads\/2021\/04\/210330-St-Felix-06-panorama-768x256.jpg 768w\" sizes=\"(max-width: 1024px) 100vw, 1024px\" \/><figcaption><strong>Panorama int\u00e9ressant sur Saint-Germain-des-foss\u00e9s au premier plan et sur la cha\u00eene des volcans au lointain, avec le Sancy encore enneig\u00e9 en arri\u00e8re-plan \u00e0 gauche.<\/strong><br><br>\u2026<br><br>\u2026<\/figcaption><\/figure>\n\n\n\n<figure class=\"wp-block-image\"><img decoding=\"async\" loading=\"lazy\" width=\"1024\" height=\"512\" src=\"https:\/\/activrando.org\/AR_blog\/wp-content\/uploads\/2021\/04\/210330-St-Felix-07-arbres-fleurs-1024x512.jpg\" alt=\"\" class=\"wp-image-2623\" srcset=\"https:\/\/activrando.org\/AR_blog\/wp-content\/uploads\/2021\/04\/210330-St-Felix-07-arbres-fleurs.jpg 1024w, https:\/\/activrando.org\/AR_blog\/wp-content\/uploads\/2021\/04\/210330-St-Felix-07-arbres-fleurs-300x150.jpg 300w, https:\/\/activrando.org\/AR_blog\/wp-content\/uploads\/2021\/04\/210330-St-Felix-07-arbres-fleurs-768x384.jpg 768w\" sizes=\"(max-width: 1024px) 100vw, 1024px\" \/><figcaption>\u2026<br><br>\u2026<\/figcaption><\/figure>\n\n\n\n<figure class=\"wp-block-image\"><img decoding=\"async\" loading=\"lazy\" width=\"1024\" height=\"576\" src=\"https:\/\/activrando.org\/AR_blog\/wp-content\/uploads\/2021\/04\/210330-St-Felix-08-groupe-pose-1024x576.jpg\" alt=\"\" class=\"wp-image-2624\" srcset=\"https:\/\/activrando.org\/AR_blog\/wp-content\/uploads\/2021\/04\/210330-St-Felix-08-groupe-pose.jpg 1024w, https:\/\/activrando.org\/AR_blog\/wp-content\/uploads\/2021\/04\/210330-St-Felix-08-groupe-pose-300x169.jpg 300w, https:\/\/activrando.org\/AR_blog\/wp-content\/uploads\/2021\/04\/210330-St-Felix-08-groupe-pose-768x432.jpg 768w\" sizes=\"(max-width: 1024px) 100vw, 1024px\" \/><figcaption>\u2026<br><br>\u2026<\/figcaption><\/figure>\n\n\n\n<figure class=\"wp-block-image\"><img decoding=\"async\" loading=\"lazy\" width=\"1024\" height=\"576\" src=\"https:\/\/activrando.org\/AR_blog\/wp-content\/uploads\/2021\/04\/210330-St-Felix-09-chateau-1024x576.jpg\" alt=\"\" class=\"wp-image-2625\" srcset=\"https:\/\/activrando.org\/AR_blog\/wp-content\/uploads\/2021\/04\/210330-St-Felix-09-chateau.jpg 1024w, https:\/\/activrando.org\/AR_blog\/wp-content\/uploads\/2021\/04\/210330-St-Felix-09-chateau-300x169.jpg 300w, https:\/\/activrando.org\/AR_blog\/wp-content\/uploads\/2021\/04\/210330-St-Felix-09-chateau-768x432.jpg 768w\" sizes=\"(max-width: 1024px) 100vw, 1024px\" \/><figcaption><strong>Joli petit ch\u00e2teau \u00a0\u00bb\u00e0 la bourbonnaise\u00a0\u00bb sur le plateau de Saint-F\u00e9lix.<\/strong><br><br>\u2026<br><br>\u2026<\/figcaption><\/figure>\n\n\n\n<figure class=\"wp-block-image\"><img decoding=\"async\" loading=\"lazy\" width=\"1024\" height=\"375\" src=\"https:\/\/activrando.org\/AR_blog\/wp-content\/uploads\/2021\/04\/210330-St-Felix-10-groupe-marche-tracteur-1024x375.jpg\" alt=\"\" class=\"wp-image-2626\" srcset=\"https:\/\/activrando.org\/AR_blog\/wp-content\/uploads\/2021\/04\/210330-St-Felix-10-groupe-marche-tracteur.jpg 1024w, https:\/\/activrando.org\/AR_blog\/wp-content\/uploads\/2021\/04\/210330-St-Felix-10-groupe-marche-tracteur-300x110.jpg 300w, https:\/\/activrando.org\/AR_blog\/wp-content\/uploads\/2021\/04\/210330-St-Felix-10-groupe-marche-tracteur-768x281.jpg 768w\" sizes=\"(max-width: 1024px) 100vw, 1024px\" \/><figcaption><strong>Rencontre impr\u00e9vue avec un engin de largeur XXL&#8230;<\/strong><br><br>\u2026<br><br>\u2026<\/figcaption><\/figure>\n\n\n\n<figure class=\"wp-block-image\"><img decoding=\"async\" loading=\"lazy\" width=\"1024\" height=\"341\" src=\"https:\/\/activrando.org\/AR_blog\/wp-content\/uploads\/2021\/04\/210330-St-Felix-11-groupe-marche-1024x341.jpg\" alt=\"\" class=\"wp-image-2627\" srcset=\"https:\/\/activrando.org\/AR_blog\/wp-content\/uploads\/2021\/04\/210330-St-Felix-11-groupe-marche.jpg 1024w, https:\/\/activrando.org\/AR_blog\/wp-content\/uploads\/2021\/04\/210330-St-Felix-11-groupe-marche-300x100.jpg 300w, https:\/\/activrando.org\/AR_blog\/wp-content\/uploads\/2021\/04\/210330-St-Felix-11-groupe-marche-768x256.jpg 768w\" sizes=\"(max-width: 1024px) 100vw, 1024px\" \/><figcaption>\u2026<br><br>\u2026<\/figcaption><\/figure>\n\n\n\n<figure class=\"wp-block-image\"><img decoding=\"async\" loading=\"lazy\" width=\"1024\" height=\"512\" src=\"https:\/\/activrando.org\/AR_blog\/wp-content\/uploads\/2021\/04\/210330-St-Felix-12-fleurs-1024x512.jpg\" alt=\"\" class=\"wp-image-2628\" srcset=\"https:\/\/activrando.org\/AR_blog\/wp-content\/uploads\/2021\/04\/210330-St-Felix-12-fleurs.jpg 1024w, https:\/\/activrando.org\/AR_blog\/wp-content\/uploads\/2021\/04\/210330-St-Felix-12-fleurs-300x150.jpg 300w, https:\/\/activrando.org\/AR_blog\/wp-content\/uploads\/2021\/04\/210330-St-Felix-12-fleurs-768x384.jpg 768w\" sizes=\"(max-width: 1024px) 100vw, 1024px\" \/><figcaption><strong>S\u00e9ne\u00e7on, lamier pourpre, euphorbe, pissenlit, v\u00e9ronique,&#8230; avec l&rsquo;arriv\u00e9e du printemps et des beaux jours la biodiversit\u00e9 v\u00e9g\u00e9tale s&rsquo;\u00e9panouit \u00e0 nouveau \u00e0 fond au raz du sol ! !<\/strong><br><br>\u2026<br><br>\u2026<\/figcaption><\/figure>\n\n\n\n<figure class=\"wp-block-image\"><img decoding=\"async\" loading=\"lazy\" width=\"1024\" height=\"341\" src=\"https:\/\/activrando.org\/AR_blog\/wp-content\/uploads\/2021\/04\/210330-St-Felix-13-groupe-marche-1024x341.jpg\" alt=\"\" class=\"wp-image-2629\" srcset=\"https:\/\/activrando.org\/AR_blog\/wp-content\/uploads\/2021\/04\/210330-St-Felix-13-groupe-marche.jpg 1024w, https:\/\/activrando.org\/AR_blog\/wp-content\/uploads\/2021\/04\/210330-St-Felix-13-groupe-marche-300x100.jpg 300w, https:\/\/activrando.org\/AR_blog\/wp-content\/uploads\/2021\/04\/210330-St-Felix-13-groupe-marche-768x256.jpg 768w\" sizes=\"(max-width: 1024px) 100vw, 1024px\" \/><figcaption>\u2026<br><br>\u2026<\/figcaption><\/figure>\n\n\n\n<p class=\"has-text-align-center\"><strong><a href=\"https:\/\/activrando.org\/AR_blog\/2021\/03\/28\/boublon-et-bouble-journee-rando-a-chantelle-dim-28-mars-2021\/\">&lt; &lt; &lt; ARTICLE PR\u00c9C\u00c9DENT <\/a> &#8212;&#8212;&#8212;&#8212;&#8212;&#8212;-  <a href=\"https:\/\/activrando.org\/AR_blog\/\">ACCUEIL DU BLOG<\/a> &#8212;&#8212;&#8212;&#8212;&#8212;&#8212;&#8212;-  <a href=\"https:\/\/activrando.org\/AR_blog\/2021\/04\/01\/les-bessons-petite-rando-a-crechy-jeudi-1er-avril-2021\/\">ARTICLE SUIVANT &gt; &gt; &gt;<\/a><\/strong><\/p>\n","protected":false},"excerpt":{"rendered":"<p>Le grand beau temps est particuli\u00e8rement bienvenu pour cette marche sur la c\u00f4te de Saint-F\u00e9lix car nous b\u00e9n\u00e9ficierons de magnifiques points de vue sur toute la r\u00e9gion Sud, jusqu&rsquo;au Sancy. la flore commence son apparition et colore les bords des chemins de jaune \u00e9clatant, de pourpre, de bleu et de&#8230;<\/p>\n","protected":false},"author":2,"featured_media":2630,"comment_status":"closed","ping_status":"closed","sticky":false,"template":"","format":"standard","meta":[],"categories":[5,2],"tags":[],"_links":{"self":[{"href":"https:\/\/activrando.org\/AR_blog\/wp-json\/wp\/v2\/posts\/2460"}],"collection":[{"href":"https:\/\/activrando.org\/AR_blog\/wp-json\/wp\/v2\/posts"}],"about":[{"href":"https:\/\/activrando.org\/AR_blog\/wp-json\/wp\/v2\/types\/post"}],"author":[{"embeddable":true,"href":"https:\/\/activrando.org\/AR_blog\/wp-json\/wp\/v2\/users\/2"}],"replies":[{"embeddable":true,"href":"https:\/\/activrando.org\/AR_blog\/wp-json\/wp\/v2\/comments?post=2460"}],"version-history":[{"count":6,"href":"https:\/\/activrando.org\/AR_blog\/wp-json\/wp\/v2\/posts\/2460\/revisions"}],"predecessor-version":[{"id":3688,"href":"https:\/\/activrando.org\/AR_blog\/wp-json\/wp\/v2\/posts\/2460\/revisions\/3688"}],"wp:featuredmedia":[{"embeddable":true,"href":"https:\/\/activrando.org\/AR_blog\/wp-json\/wp\/v2\/media\/2630"}],"wp:attachment":[{"href":"https:\/\/activrando.org\/AR_blog\/wp-json\/wp\/v2\/media?parent=2460"}],"wp:term":[{"taxonomy":"category","embeddable":true,"href":"https:\/\/activrando.org\/AR_blog\/wp-json\/wp\/v2\/categories?post=2460"},{"taxonomy":"post_tag","embeddable":true,"href":"https:\/\/activrando.org\/AR_blog\/wp-json\/wp\/v2\/tags?post=2460"}],"curies":[{"name":"wp","href":"https:\/\/api.w.org\/{rel}","templated":true}]}}