{"id":2458,"date":"2021-03-28T21:48:08","date_gmt":"2021-03-28T19:48:08","guid":{"rendered":"http:\/\/activrando.org\/AR_blog\/?p=2458"},"modified":"2021-12-09T09:09:32","modified_gmt":"2021-12-09T08:09:32","slug":"boublon-et-bouble-journee-rando-a-chantelle-dim-28-mars-2021","status":"publish","type":"post","link":"https:\/\/activrando.org\/AR_blog\/2021\/03\/28\/boublon-et-bouble-journee-rando-a-chantelle-dim-28-mars-2021\/","title":{"rendered":"\u00a0\u00bbBoublon et Bouble\u00a0\u00bb, journ\u00e9e rando \u00e0 Chantelle, dim. 28 mars 2021 (45 photos)"},"content":{"rendered":"\n<p><strong>Le d\u00e9partement de l&rsquo;Allier est travers\u00e9 \/ irrigu\u00e9 par de nombreuses rivi\u00e8res dont la Bouble et son affluent le Boublon. Ces deux cours d&rsquo;eau seront notre th\u00e9matique du jour, car suivre les cours d&rsquo;eau est toujours agr\u00e9able, particuli\u00e8rement lorsqu&rsquo;ils traversent de belles gorges comme le fait la Bouble \u00e0 proximit\u00e9 du village de Chantelle. Beau temps froid : il a gel\u00e9 cette nuit encore car pas un nuage en vue, ce qui rendra cette journ\u00e9e encore plus agr\u00e9able&#8230;<\/strong><\/p>\n\n\n\n<p class=\"has-text-align-center\"><strong><a href=\"https:\/\/activrando.org\/AR_blog\/2021\/03\/18\/les-gots-petite-rando-a-espinasse-vozelle-jeudi-18-mars-2021\/\">&lt; &lt; &lt; ARTICLE PR\u00c9C\u00c9DENT<\/a>  &#8212;&#8212;&#8212;&#8212;&#8212;&#8212;-  <a href=\"https:\/\/activrando.org\/AR_blog\/\">ACCUEIL DU BLOG<\/a> &#8212;&#8212;&#8212;&#8212;&#8212;&#8212;&#8212;-  <a href=\"https:\/\/activrando.org\/AR_blog\/2021\/03\/30\/les-mouilleres-rando-sante-a-saint-felix-mardi-30-mars-2021\/\">ARTICLE SUIVANT &gt; &gt; &gt;<\/a><\/strong><\/p>\n\n\n\n<figure class=\"wp-block-image\"><img decoding=\"async\" loading=\"lazy\" width=\"1024\" height=\"575\" src=\"https:\/\/activrando.org\/AR_blog\/wp-content\/uploads\/2021\/04\/210328-Chantelle-01-groupe-marche-1024x575.jpg\" alt=\"\" class=\"wp-image-2561\" srcset=\"https:\/\/activrando.org\/AR_blog\/wp-content\/uploads\/2021\/04\/210328-Chantelle-01-groupe-marche.jpg 1024w, https:\/\/activrando.org\/AR_blog\/wp-content\/uploads\/2021\/04\/210328-Chantelle-01-groupe-marche-300x168.jpg 300w, https:\/\/activrando.org\/AR_blog\/wp-content\/uploads\/2021\/04\/210328-Chantelle-01-groupe-marche-768x431.jpg 768w\" sizes=\"(max-width: 1024px) 100vw, 1024px\" \/><figcaption><strong>Notre circuit part de <\/strong><a href=\"http:\/\/arvernie.free.fr\/spip.php?article54\"><strong>Chantelle-la-vieille<\/strong><\/a><strong>, village situ\u00e9 \u00e0 quelques kilom\u00e8tres \u00e0 l&rsquo;Ouest de Chantelle et -c&rsquo;est symbolique- nous commen\u00e7ons d&rsquo;abord par franchir le pont qui enjambe la Bouble.<\/strong><br><br>\u2026<br><br>\u2026<\/figcaption><\/figure>\n\n\n\n<figure class=\"wp-block-image\"><img decoding=\"async\" loading=\"lazy\" width=\"1024\" height=\"575\" src=\"https:\/\/activrando.org\/AR_blog\/wp-content\/uploads\/2021\/04\/210328-Chantelle-02-riviere-1024x575.jpg\" alt=\"\" class=\"wp-image-2562\" srcset=\"https:\/\/activrando.org\/AR_blog\/wp-content\/uploads\/2021\/04\/210328-Chantelle-02-riviere.jpg 1024w, https:\/\/activrando.org\/AR_blog\/wp-content\/uploads\/2021\/04\/210328-Chantelle-02-riviere-300x168.jpg 300w, https:\/\/activrando.org\/AR_blog\/wp-content\/uploads\/2021\/04\/210328-Chantelle-02-riviere-768x431.jpg 768w\" sizes=\"(max-width: 1024px) 100vw, 1024px\" \/><figcaption><strong>Entre les arches du pont s&rsquo;est form\u00e9e une \u00eele, en partie visible ici.<\/strong><br><br>\u2026<br><br>\u2026<\/figcaption><\/figure>\n\n\n\n<figure class=\"wp-block-image\"><img decoding=\"async\" loading=\"lazy\" width=\"1024\" height=\"576\" src=\"https:\/\/activrando.org\/AR_blog\/wp-content\/uploads\/2021\/04\/210328-Chantelle-03-maison-1024x576.jpg\" alt=\"\" class=\"wp-image-2563\" srcset=\"https:\/\/activrando.org\/AR_blog\/wp-content\/uploads\/2021\/04\/210328-Chantelle-03-maison.jpg 1024w, https:\/\/activrando.org\/AR_blog\/wp-content\/uploads\/2021\/04\/210328-Chantelle-03-maison-300x169.jpg 300w, https:\/\/activrando.org\/AR_blog\/wp-content\/uploads\/2021\/04\/210328-Chantelle-03-maison-768x432.jpg 768w\" sizes=\"(max-width: 1024px) 100vw, 1024px\" \/><figcaption><strong>Une fa\u00e7ade, qui n&rsquo;a sans doute pas beaucoup chang\u00e9 depuis un si\u00e8cle. A gauche, pr\u00e8s de la conduite de descente de goutti\u00e8re, on voit la plaque de bois qui portait une <a href=\"https:\/\/fr.wikipedia.org\/wiki\/Pompe_\u00e0_bras\">pompe \u00e0 bras<\/a>, sans doute reli\u00e9e \u00e0 un puits situ\u00e9 sous la maison. Avant le miracle de l&rsquo;eau courante distribu\u00e9e \u00e0 l&rsquo;\u00e9vier par un robinet, c&rsquo;\u00e9tait certainement l\u00e0 pour les familles locales le point d\u2019approvisionnement pour les besoins m\u00e9nagers et domestiques.<\/strong><br><br>\u2026<br><br>\u2026<\/figcaption><\/figure>\n\n\n\n<figure class=\"wp-block-image\"><img decoding=\"async\" loading=\"lazy\" width=\"1024\" height=\"529\" src=\"https:\/\/activrando.org\/AR_blog\/wp-content\/uploads\/2021\/04\/210328-Chantelle-04-plaque-routiere-1024x529.jpg\" alt=\"\" class=\"wp-image-2565\" srcset=\"https:\/\/activrando.org\/AR_blog\/wp-content\/uploads\/2021\/04\/210328-Chantelle-04-plaque-routiere.jpg 1024w, https:\/\/activrando.org\/AR_blog\/wp-content\/uploads\/2021\/04\/210328-Chantelle-04-plaque-routiere-300x155.jpg 300w, https:\/\/activrando.org\/AR_blog\/wp-content\/uploads\/2021\/04\/210328-Chantelle-04-plaque-routiere-768x397.jpg 768w\" sizes=\"(max-width: 1024px) 100vw, 1024px\" \/><figcaption>\u2026<br><br>\u2026<\/figcaption><\/figure>\n\n\n\n<figure class=\"wp-block-image\"><img decoding=\"async\" loading=\"lazy\" width=\"1024\" height=\"341\" src=\"https:\/\/activrando.org\/AR_blog\/wp-content\/uploads\/2021\/04\/210328-Chantelle-05-pigeonnier-1024x341.jpg\" alt=\"\" class=\"wp-image-2566\" srcset=\"https:\/\/activrando.org\/AR_blog\/wp-content\/uploads\/2021\/04\/210328-Chantelle-05-pigeonnier.jpg 1024w, https:\/\/activrando.org\/AR_blog\/wp-content\/uploads\/2021\/04\/210328-Chantelle-05-pigeonnier-300x100.jpg 300w, https:\/\/activrando.org\/AR_blog\/wp-content\/uploads\/2021\/04\/210328-Chantelle-05-pigeonnier-768x256.jpg 768w\" sizes=\"(max-width: 1024px) 100vw, 1024px\" \/><figcaption><strong>L&rsquo;herbe des pr\u00e8s est couverte de givre.<\/strong><br><br>\u2026<br><br>\u2026<\/figcaption><\/figure>\n\n\n\n<figure class=\"wp-block-image\"><img decoding=\"async\" loading=\"lazy\" width=\"1024\" height=\"341\" src=\"https:\/\/activrando.org\/AR_blog\/wp-content\/uploads\/2021\/04\/210328-Chantelle-06-groupe-marche-1024x341.jpg\" alt=\"\" class=\"wp-image-2567\" srcset=\"https:\/\/activrando.org\/AR_blog\/wp-content\/uploads\/2021\/04\/210328-Chantelle-06-groupe-marche.jpg 1024w, https:\/\/activrando.org\/AR_blog\/wp-content\/uploads\/2021\/04\/210328-Chantelle-06-groupe-marche-300x100.jpg 300w, https:\/\/activrando.org\/AR_blog\/wp-content\/uploads\/2021\/04\/210328-Chantelle-06-groupe-marche-768x256.jpg 768w\" sizes=\"(max-width: 1024px) 100vw, 1024px\" \/><figcaption>\u2026<br><br>\u2026<\/figcaption><\/figure>\n\n\n\n<figure class=\"wp-block-image\"><img decoding=\"async\" loading=\"lazy\" width=\"1024\" height=\"551\" src=\"https:\/\/activrando.org\/AR_blog\/wp-content\/uploads\/2021\/04\/210328-Chantelle-07-chardon-1024x551.jpg\" alt=\"\" class=\"wp-image-2568\" srcset=\"https:\/\/activrando.org\/AR_blog\/wp-content\/uploads\/2021\/04\/210328-Chantelle-07-chardon.jpg 1024w, https:\/\/activrando.org\/AR_blog\/wp-content\/uploads\/2021\/04\/210328-Chantelle-07-chardon-300x161.jpg 300w, https:\/\/activrando.org\/AR_blog\/wp-content\/uploads\/2021\/04\/210328-Chantelle-07-chardon-768x413.jpg 768w\" sizes=\"(max-width: 1024px) 100vw, 1024px\" \/><figcaption><strong>Comme l&rsquo;herbe environnante, le chardon est couvert de givre.<\/strong><br>\u2026<br><br>\u2026<\/figcaption><\/figure>\n\n\n\n<figure class=\"wp-block-image\"><img decoding=\"async\" loading=\"lazy\" width=\"1024\" height=\"341\" src=\"https:\/\/activrando.org\/AR_blog\/wp-content\/uploads\/2021\/04\/210328-Chantelle-08-groupe-marche-1024x341.jpg\" alt=\"\" class=\"wp-image-2569\" srcset=\"https:\/\/activrando.org\/AR_blog\/wp-content\/uploads\/2021\/04\/210328-Chantelle-08-groupe-marche.jpg 1024w, https:\/\/activrando.org\/AR_blog\/wp-content\/uploads\/2021\/04\/210328-Chantelle-08-groupe-marche-300x100.jpg 300w, https:\/\/activrando.org\/AR_blog\/wp-content\/uploads\/2021\/04\/210328-Chantelle-08-groupe-marche-768x256.jpg 768w\" sizes=\"(max-width: 1024px) 100vw, 1024px\" \/><figcaption>\u2026<br><br>\u2026<\/figcaption><\/figure>\n\n\n\n<figure class=\"wp-block-image\"><img decoding=\"async\" loading=\"lazy\" width=\"1024\" height=\"512\" src=\"https:\/\/activrando.org\/AR_blog\/wp-content\/uploads\/2021\/04\/210328-Chantelle-09-route-chateau-1024x512.jpg\" alt=\"\" class=\"wp-image-2570\" srcset=\"https:\/\/activrando.org\/AR_blog\/wp-content\/uploads\/2021\/04\/210328-Chantelle-09-route-chateau.jpg 1024w, https:\/\/activrando.org\/AR_blog\/wp-content\/uploads\/2021\/04\/210328-Chantelle-09-route-chateau-300x150.jpg 300w, https:\/\/activrando.org\/AR_blog\/wp-content\/uploads\/2021\/04\/210328-Chantelle-09-route-chateau-768x384.jpg 768w\" sizes=\"(max-width: 1024px) 100vw, 1024px\" \/><figcaption><strong>Nous passons au lieu-dit Buchepot, o\u00f9 se trouve un ancien ch\u00e2teau.<\/strong><br><br>\u2026<br><br>\u2026<\/figcaption><\/figure>\n\n\n\n<figure class=\"wp-block-image\"><img decoding=\"async\" loading=\"lazy\" width=\"1024\" height=\"512\" src=\"https:\/\/activrando.org\/AR_blog\/wp-content\/uploads\/2021\/04\/210328-Chantelle-10-groupe-marche-1024x512.jpg\" alt=\"\" class=\"wp-image-2571\" srcset=\"https:\/\/activrando.org\/AR_blog\/wp-content\/uploads\/2021\/04\/210328-Chantelle-10-groupe-marche.jpg 1024w, https:\/\/activrando.org\/AR_blog\/wp-content\/uploads\/2021\/04\/210328-Chantelle-10-groupe-marche-300x150.jpg 300w, https:\/\/activrando.org\/AR_blog\/wp-content\/uploads\/2021\/04\/210328-Chantelle-10-groupe-marche-768x384.jpg 768w\" sizes=\"(max-width: 1024px) 100vw, 1024px\" \/><figcaption>\u2026<br><br>\u2026<\/figcaption><\/figure>\n\n\n\n<figure class=\"wp-block-image\"><img decoding=\"async\" loading=\"lazy\" width=\"1024\" height=\"512\" src=\"https:\/\/activrando.org\/AR_blog\/wp-content\/uploads\/2021\/04\/210328-Chantelle-11-riviere-Boublon-1024x512.jpg\" alt=\"\" class=\"wp-image-2572\" srcset=\"https:\/\/activrando.org\/AR_blog\/wp-content\/uploads\/2021\/04\/210328-Chantelle-11-riviere-Boublon.jpg 1024w, https:\/\/activrando.org\/AR_blog\/wp-content\/uploads\/2021\/04\/210328-Chantelle-11-riviere-Boublon-300x150.jpg 300w, https:\/\/activrando.org\/AR_blog\/wp-content\/uploads\/2021\/04\/210328-Chantelle-11-riviere-Boublon-768x384.jpg 768w\" sizes=\"(max-width: 1024px) 100vw, 1024px\" \/><figcaption><strong>Nous atteignons enfin le <a href=\"https:\/\/fr.wikipedia.org\/wiki\/Boublon\">Boublon<\/a>, que nous allons suivre -de plus ou moins proche- un moment, presque jusqu&rsquo;au lieu de sa confluence avec la Bouble.<\/strong><br><br>\u2026<br><br>\u2026<\/figcaption><\/figure>\n\n\n\n<figure class=\"wp-block-image\"><img decoding=\"async\" loading=\"lazy\" width=\"1024\" height=\"512\" src=\"https:\/\/activrando.org\/AR_blog\/wp-content\/uploads\/2021\/04\/210328-Chantelle-12-eau-structure-1024x512.jpg\" alt=\"\" class=\"wp-image-2573\" srcset=\"https:\/\/activrando.org\/AR_blog\/wp-content\/uploads\/2021\/04\/210328-Chantelle-12-eau-structure.jpg 1024w, https:\/\/activrando.org\/AR_blog\/wp-content\/uploads\/2021\/04\/210328-Chantelle-12-eau-structure-300x150.jpg 300w, https:\/\/activrando.org\/AR_blog\/wp-content\/uploads\/2021\/04\/210328-Chantelle-12-eau-structure-768x384.jpg 768w\" sizes=\"(max-width: 1024px) 100vw, 1024px\" \/><figcaption>\u2026<br><br>\u2026<\/figcaption><\/figure>\n\n\n\n<figure class=\"wp-block-image\"><img decoding=\"async\" loading=\"lazy\" width=\"1024\" height=\"457\" src=\"https:\/\/activrando.org\/AR_blog\/wp-content\/uploads\/2021\/04\/210328-Chantelle-13-groupe-marche-1024x457.jpg\" alt=\"\" class=\"wp-image-2574\" srcset=\"https:\/\/activrando.org\/AR_blog\/wp-content\/uploads\/2021\/04\/210328-Chantelle-13-groupe-marche.jpg 1024w, https:\/\/activrando.org\/AR_blog\/wp-content\/uploads\/2021\/04\/210328-Chantelle-13-groupe-marche-300x134.jpg 300w, https:\/\/activrando.org\/AR_blog\/wp-content\/uploads\/2021\/04\/210328-Chantelle-13-groupe-marche-768x343.jpg 768w\" sizes=\"(max-width: 1024px) 100vw, 1024px\" \/><figcaption>\u2026<br><br>\u2026<\/figcaption><\/figure>\n\n\n\n<figure class=\"wp-block-image\"><img decoding=\"async\" loading=\"lazy\" width=\"1024\" height=\"495\" src=\"https:\/\/activrando.org\/AR_blog\/wp-content\/uploads\/2021\/04\/210328-Chantelle-14-paysage-champs-1024x495.jpg\" alt=\"\" class=\"wp-image-2575\" srcset=\"https:\/\/activrando.org\/AR_blog\/wp-content\/uploads\/2021\/04\/210328-Chantelle-14-paysage-champs.jpg 1024w, https:\/\/activrando.org\/AR_blog\/wp-content\/uploads\/2021\/04\/210328-Chantelle-14-paysage-champs-300x145.jpg 300w, https:\/\/activrando.org\/AR_blog\/wp-content\/uploads\/2021\/04\/210328-Chantelle-14-paysage-champs-768x371.jpg 768w\" sizes=\"(max-width: 1024px) 100vw, 1024px\" \/><figcaption>\u2026<br><br>\u2026<\/figcaption><\/figure>\n\n\n\n<figure class=\"wp-block-image\"><img decoding=\"async\" loading=\"lazy\" width=\"1024\" height=\"512\" src=\"https:\/\/activrando.org\/AR_blog\/wp-content\/uploads\/2021\/04\/210328-Chantelle-15-gare-Loriges-1024x512.jpg\" alt=\"\" class=\"wp-image-2576\" srcset=\"https:\/\/activrando.org\/AR_blog\/wp-content\/uploads\/2021\/04\/210328-Chantelle-15-gare-Loriges.jpg 1024w, https:\/\/activrando.org\/AR_blog\/wp-content\/uploads\/2021\/04\/210328-Chantelle-15-gare-Loriges-300x150.jpg 300w, https:\/\/activrando.org\/AR_blog\/wp-content\/uploads\/2021\/04\/210328-Chantelle-15-gare-Loriges-768x384.jpg 768w\" sizes=\"(max-width: 1024px) 100vw, 1024px\" \/><figcaption><strong>L&rsquo;ancienne gare de <a href=\"https:\/\/fr.wikipedia.org\/wiki\/Fourilles\">Fourilles<\/a>. L\u00e0 passait un tacot&#8230;<\/strong><br><br>\u2026<br><br>\u2026<\/figcaption><\/figure>\n\n\n\n<figure class=\"wp-block-image\"><img decoding=\"async\" loading=\"lazy\" width=\"1024\" height=\"512\" src=\"https:\/\/activrando.org\/AR_blog\/wp-content\/uploads\/2021\/04\/210328-Chantelle-16-chateau-1024x512.jpg\" alt=\"\" class=\"wp-image-2577\" srcset=\"https:\/\/activrando.org\/AR_blog\/wp-content\/uploads\/2021\/04\/210328-Chantelle-16-chateau.jpg 1024w, https:\/\/activrando.org\/AR_blog\/wp-content\/uploads\/2021\/04\/210328-Chantelle-16-chateau-300x150.jpg 300w, https:\/\/activrando.org\/AR_blog\/wp-content\/uploads\/2021\/04\/210328-Chantelle-16-chateau-768x384.jpg 768w\" sizes=\"(max-width: 1024px) 100vw, 1024px\" \/><figcaption><strong>Le ch\u00e2teau de Fourilles, un peu \u00e0 l&rsquo;\u00e9cart du village.<\/strong><br><br>\u2026<br><br>\u2026<\/figcaption><\/figure>\n\n\n\n<figure class=\"wp-block-image\"><img decoding=\"async\" loading=\"lazy\" width=\"1024\" height=\"494\" src=\"https:\/\/activrando.org\/AR_blog\/wp-content\/uploads\/2021\/04\/210328-Chantelle-17-groupe-marche-1024x494.jpg\" alt=\"\" class=\"wp-image-2578\" srcset=\"https:\/\/activrando.org\/AR_blog\/wp-content\/uploads\/2021\/04\/210328-Chantelle-17-groupe-marche.jpg 1024w, https:\/\/activrando.org\/AR_blog\/wp-content\/uploads\/2021\/04\/210328-Chantelle-17-groupe-marche-300x145.jpg 300w, https:\/\/activrando.org\/AR_blog\/wp-content\/uploads\/2021\/04\/210328-Chantelle-17-groupe-marche-768x371.jpg 768w\" sizes=\"(max-width: 1024px) 100vw, 1024px\" \/><figcaption>\u2026<br><br>\u2026<\/figcaption><\/figure>\n\n\n\n<div class=\"wp-block-image\"><figure class=\"aligncenter\"><img decoding=\"async\" loading=\"lazy\" width=\"800\" height=\"402\" src=\"https:\/\/activrando.org\/AR_blog\/wp-content\/uploads\/2021\/04\/210328-Chantelle-18-graine.jpg\" alt=\"\" class=\"wp-image-2579\" srcset=\"https:\/\/activrando.org\/AR_blog\/wp-content\/uploads\/2021\/04\/210328-Chantelle-18-graine.jpg 800w, https:\/\/activrando.org\/AR_blog\/wp-content\/uploads\/2021\/04\/210328-Chantelle-18-graine-300x151.jpg 300w, https:\/\/activrando.org\/AR_blog\/wp-content\/uploads\/2021\/04\/210328-Chantelle-18-graine-768x386.jpg 768w\" sizes=\"(max-width: 800px) 100vw, 800px\" \/><figcaption><strong>Une graine de ?? tomb\u00e9e sur la route.<\/strong><br><br>\u2026<br><br>\u2026<\/figcaption><\/figure><\/div>\n\n\n\n<figure class=\"wp-block-image\"><img decoding=\"async\" loading=\"lazy\" width=\"1024\" height=\"576\" src=\"https:\/\/activrando.org\/AR_blog\/wp-content\/uploads\/2021\/04\/210328-Chantelle-19-groupe-marche-1024x576.jpg\" alt=\"\" class=\"wp-image-2580\" srcset=\"https:\/\/activrando.org\/AR_blog\/wp-content\/uploads\/2021\/04\/210328-Chantelle-19-groupe-marche.jpg 1024w, https:\/\/activrando.org\/AR_blog\/wp-content\/uploads\/2021\/04\/210328-Chantelle-19-groupe-marche-300x169.jpg 300w, https:\/\/activrando.org\/AR_blog\/wp-content\/uploads\/2021\/04\/210328-Chantelle-19-groupe-marche-768x432.jpg 768w\" sizes=\"(max-width: 1024px) 100vw, 1024px\" \/><figcaption><strong>Nous atteignons le lieu-dit Le Colombier.<\/strong><br><br>\u2026<br><br>\u2026<\/figcaption><\/figure>\n\n\n\n<figure class=\"wp-block-image\"><img decoding=\"async\" loading=\"lazy\" width=\"1024\" height=\"341\" src=\"https:\/\/activrando.org\/AR_blog\/wp-content\/uploads\/2021\/04\/210328-Chantelle-20-lezard-1024x341.jpg\" alt=\"\" class=\"wp-image-2581\" srcset=\"https:\/\/activrando.org\/AR_blog\/wp-content\/uploads\/2021\/04\/210328-Chantelle-20-lezard.jpg 1024w, https:\/\/activrando.org\/AR_blog\/wp-content\/uploads\/2021\/04\/210328-Chantelle-20-lezard-300x100.jpg 300w, https:\/\/activrando.org\/AR_blog\/wp-content\/uploads\/2021\/04\/210328-Chantelle-20-lezard-768x256.jpg 768w\" sizes=\"(max-width: 1024px) 100vw, 1024px\" \/><figcaption><strong>Mais pourquoi \u00eatre VERT ? ! Sans doute simplement pour \u00eatre de la m\u00eame couleur que les feuillages environnants.<\/strong><br><br>\u2026<br><br>\u2026<\/figcaption><\/figure>\n\n\n\n<figure class=\"wp-block-image\"><img decoding=\"async\" loading=\"lazy\" width=\"1024\" height=\"683\" src=\"https:\/\/activrando.org\/AR_blog\/wp-content\/uploads\/2021\/04\/210328-Chantelle-21-riviere-Bouble-1024x683.jpg\" alt=\"\" class=\"wp-image-2582\" srcset=\"https:\/\/activrando.org\/AR_blog\/wp-content\/uploads\/2021\/04\/210328-Chantelle-21-riviere-Bouble.jpg 1024w, https:\/\/activrando.org\/AR_blog\/wp-content\/uploads\/2021\/04\/210328-Chantelle-21-riviere-Bouble-300x200.jpg 300w, https:\/\/activrando.org\/AR_blog\/wp-content\/uploads\/2021\/04\/210328-Chantelle-21-riviere-Bouble-768x512.jpg 768w\" sizes=\"(max-width: 1024px) 100vw, 1024px\" \/><figcaption><strong>La <a href=\"https:\/\/fr.wikipedia.org\/wiki\/Bouble\">Bouble<\/a><\/strong><br><br>\u2026<br><br>\u2026<\/figcaption><\/figure>\n\n\n\n<figure class=\"wp-block-image\"><img decoding=\"async\" loading=\"lazy\" width=\"1024\" height=\"512\" src=\"https:\/\/activrando.org\/AR_blog\/wp-content\/uploads\/2021\/04\/210328-Chantelle-22-riviere-ecume-1024x512.jpg\" alt=\"\" class=\"wp-image-2583\" srcset=\"https:\/\/activrando.org\/AR_blog\/wp-content\/uploads\/2021\/04\/210328-Chantelle-22-riviere-ecume.jpg 1024w, https:\/\/activrando.org\/AR_blog\/wp-content\/uploads\/2021\/04\/210328-Chantelle-22-riviere-ecume-300x150.jpg 300w, https:\/\/activrando.org\/AR_blog\/wp-content\/uploads\/2021\/04\/210328-Chantelle-22-riviere-ecume-768x384.jpg 768w\" sizes=\"(max-width: 1024px) 100vw, 1024px\" \/><figcaption><strong>Motif d&rsquo;\u00e9cume, issu des remous et sans cesse changeant&#8230;<\/strong><br>\u2026<br><br>\u2026<\/figcaption><\/figure>\n\n\n\n<figure class=\"wp-block-image\"><img decoding=\"async\" loading=\"lazy\" width=\"1024\" height=\"512\" src=\"https:\/\/activrando.org\/AR_blog\/wp-content\/uploads\/2021\/04\/210328-Chantelle-23-groupe-pose-1024x512.jpg\" alt=\"\" class=\"wp-image-2584\" srcset=\"https:\/\/activrando.org\/AR_blog\/wp-content\/uploads\/2021\/04\/210328-Chantelle-23-groupe-pose.jpg 1024w, https:\/\/activrando.org\/AR_blog\/wp-content\/uploads\/2021\/04\/210328-Chantelle-23-groupe-pose-300x150.jpg 300w, https:\/\/activrando.org\/AR_blog\/wp-content\/uploads\/2021\/04\/210328-Chantelle-23-groupe-pose-768x384.jpg 768w\" sizes=\"(max-width: 1024px) 100vw, 1024px\" \/><figcaption><strong>La pause pique-nique au bord de la rivi\u00e8re \u00e9tant termin\u00e9e, nous sommes pr\u00eats \u00e0 repartir.<\/strong><br>\u2026<br><br>\u2026<\/figcaption><\/figure>\n\n\n\n<figure class=\"wp-block-image\"><img decoding=\"async\" loading=\"lazy\" width=\"1024\" height=\"512\" src=\"https:\/\/activrando.org\/AR_blog\/wp-content\/uploads\/2021\/04\/210328-Chantelle-24-groupe-pose-1024x512.jpg\" alt=\"\" class=\"wp-image-2585\" srcset=\"https:\/\/activrando.org\/AR_blog\/wp-content\/uploads\/2021\/04\/210328-Chantelle-24-groupe-pose.jpg 1024w, https:\/\/activrando.org\/AR_blog\/wp-content\/uploads\/2021\/04\/210328-Chantelle-24-groupe-pose-300x150.jpg 300w, https:\/\/activrando.org\/AR_blog\/wp-content\/uploads\/2021\/04\/210328-Chantelle-24-groupe-pose-768x384.jpg 768w\" sizes=\"(max-width: 1024px) 100vw, 1024px\" \/><figcaption><strong>Ayant refranchie la Bouble, cette fois sur une ancienne passerelle, nous faisons une petite pause, occasion d&rsquo;une petite pose&#8230; photo.<\/strong><br>\u2026<br><br>\u2026<\/figcaption><\/figure>\n\n\n\n<figure class=\"wp-block-image\"><img decoding=\"async\" loading=\"lazy\" width=\"1024\" height=\"512\" src=\"https:\/\/activrando.org\/AR_blog\/wp-content\/uploads\/2021\/04\/210328-Chantelle-25-sac-chien-1024x512.jpg\" alt=\"\" class=\"wp-image-2586\" srcset=\"https:\/\/activrando.org\/AR_blog\/wp-content\/uploads\/2021\/04\/210328-Chantelle-25-sac-chien.jpg 1024w, https:\/\/activrando.org\/AR_blog\/wp-content\/uploads\/2021\/04\/210328-Chantelle-25-sac-chien-300x150.jpg 300w, https:\/\/activrando.org\/AR_blog\/wp-content\/uploads\/2021\/04\/210328-Chantelle-25-sac-chien-768x384.jpg 768w\" sizes=\"(max-width: 1024px) 100vw, 1024px\" \/><figcaption>\u2026<br><br>\u2026<\/figcaption><\/figure>\n\n\n\n<figure class=\"wp-block-image\"><img decoding=\"async\" loading=\"lazy\" width=\"1024\" height=\"512\" src=\"https:\/\/activrando.org\/AR_blog\/wp-content\/uploads\/2021\/04\/210328-Chantelle-26-groupe-marche-1024x512.jpg\" alt=\"\" class=\"wp-image-2587\" srcset=\"https:\/\/activrando.org\/AR_blog\/wp-content\/uploads\/2021\/04\/210328-Chantelle-26-groupe-marche.jpg 1024w, https:\/\/activrando.org\/AR_blog\/wp-content\/uploads\/2021\/04\/210328-Chantelle-26-groupe-marche-300x150.jpg 300w, https:\/\/activrando.org\/AR_blog\/wp-content\/uploads\/2021\/04\/210328-Chantelle-26-groupe-marche-768x384.jpg 768w\" sizes=\"(max-width: 1024px) 100vw, 1024px\" \/><figcaption>\u2026<br><br>\u2026<\/figcaption><\/figure>\n\n\n\n<figure class=\"wp-block-image\"><img decoding=\"async\" loading=\"lazy\" width=\"1024\" height=\"341\" src=\"https:\/\/activrando.org\/AR_blog\/wp-content\/uploads\/2021\/04\/210328-Chantelle-27-pont-1024x341.jpg\" alt=\"\" class=\"wp-image-2588\" srcset=\"https:\/\/activrando.org\/AR_blog\/wp-content\/uploads\/2021\/04\/210328-Chantelle-27-pont.jpg 1024w, https:\/\/activrando.org\/AR_blog\/wp-content\/uploads\/2021\/04\/210328-Chantelle-27-pont-300x100.jpg 300w, https:\/\/activrando.org\/AR_blog\/wp-content\/uploads\/2021\/04\/210328-Chantelle-27-pont-768x256.jpg 768w\" sizes=\"(max-width: 1024px) 100vw, 1024px\" \/><figcaption><strong>Il est \u00e0 noter que le pont qui enjambe actuellement la Bouble \u00e0 l&rsquo;Est de Chantelle et porte la route allant \u00e0 Saint-Pour\u00e7ain est dot\u00e9 de trois arches, tout comme le fut le <\/strong><a href=\"https:\/\/fr.wikipedia.org\/wiki\/Pont_romain_(Chantelle)\"><strong>pont romain<\/strong><\/a><strong> qui, bien longtemps auparavant, le pr\u00e9c\u00e9da et est encore visible \u00e0 quelques centaines de m\u00e8tres de l\u00e0.<\/strong><br><br>\u2026<br><br>\u2026<br><\/figcaption><\/figure>\n\n\n\n<figure class=\"wp-block-image\"><img decoding=\"async\" loading=\"lazy\" width=\"1024\" height=\"633\" src=\"https:\/\/activrando.org\/AR_blog\/wp-content\/uploads\/2021\/04\/210328-Chantelle-28-groupe-marche-1024x633.jpg\" alt=\"\" class=\"wp-image-2589\" srcset=\"https:\/\/activrando.org\/AR_blog\/wp-content\/uploads\/2021\/04\/210328-Chantelle-28-groupe-marche.jpg 1024w, https:\/\/activrando.org\/AR_blog\/wp-content\/uploads\/2021\/04\/210328-Chantelle-28-groupe-marche-300x185.jpg 300w, https:\/\/activrando.org\/AR_blog\/wp-content\/uploads\/2021\/04\/210328-Chantelle-28-groupe-marche-768x475.jpg 768w\" sizes=\"(max-width: 1024px) 100vw, 1024px\" \/><figcaption>\u2026<br><br>\u2026<\/figcaption><\/figure>\n\n\n\n<figure class=\"wp-block-image\"><img decoding=\"async\" loading=\"lazy\" width=\"1024\" height=\"512\" src=\"https:\/\/activrando.org\/AR_blog\/wp-content\/uploads\/2021\/04\/210328-Chantelle-29-groupe-marche-riviere-1024x512.jpg\" alt=\"\" class=\"wp-image-2590\" srcset=\"https:\/\/activrando.org\/AR_blog\/wp-content\/uploads\/2021\/04\/210328-Chantelle-29-groupe-marche-riviere.jpg 1024w, https:\/\/activrando.org\/AR_blog\/wp-content\/uploads\/2021\/04\/210328-Chantelle-29-groupe-marche-riviere-300x150.jpg 300w, https:\/\/activrando.org\/AR_blog\/wp-content\/uploads\/2021\/04\/210328-Chantelle-29-groupe-marche-riviere-768x384.jpg 768w\" sizes=\"(max-width: 1024px) 100vw, 1024px\" \/><figcaption><strong>Nous avons enfin le plaisir de parcourir ce beau chemin le long de la rivi\u00e8re, au fond de la gorge.<\/strong><br><br><strong>\u2026<br><br>\u2026<\/strong><\/figcaption><\/figure>\n\n\n\n<figure class=\"wp-block-image\"><img decoding=\"async\" loading=\"lazy\" width=\"1024\" height=\"512\" src=\"https:\/\/activrando.org\/AR_blog\/wp-content\/uploads\/2021\/04\/210328-Chantelle-30-roches-branches-1024x512.jpg\" alt=\"\" class=\"wp-image-2591\" srcset=\"https:\/\/activrando.org\/AR_blog\/wp-content\/uploads\/2021\/04\/210328-Chantelle-30-roches-branches.jpg 1024w, https:\/\/activrando.org\/AR_blog\/wp-content\/uploads\/2021\/04\/210328-Chantelle-30-roches-branches-300x150.jpg 300w, https:\/\/activrando.org\/AR_blog\/wp-content\/uploads\/2021\/04\/210328-Chantelle-30-roches-branches-768x384.jpg 768w\" sizes=\"(max-width: 1024px) 100vw, 1024px\" \/><figcaption><strong>Sur la parois de la gorge expos\u00e9e au soleil, il y a par endroits les vestiges de terrasses construites autrefois pour des cultures vivri\u00e8res. Mais en certains lieux, il n&rsquo;y a que roches chaotiques et enchev\u00eatrements d&rsquo;arbustes couverts de mousse.<\/strong><br><br>\u2026<br><br>\u2026<\/figcaption><\/figure>\n\n\n\n<figure class=\"wp-block-image\"><img decoding=\"async\" loading=\"lazy\" width=\"998\" height=\"499\" src=\"https:\/\/activrando.org\/AR_blog\/wp-content\/uploads\/2021\/04\/210328-Chantelle-31-groupe-marche.jpg\" alt=\"\" class=\"wp-image-2592\" srcset=\"https:\/\/activrando.org\/AR_blog\/wp-content\/uploads\/2021\/04\/210328-Chantelle-31-groupe-marche.jpg 998w, https:\/\/activrando.org\/AR_blog\/wp-content\/uploads\/2021\/04\/210328-Chantelle-31-groupe-marche-300x150.jpg 300w, https:\/\/activrando.org\/AR_blog\/wp-content\/uploads\/2021\/04\/210328-Chantelle-31-groupe-marche-768x384.jpg 768w\" sizes=\"(max-width: 998px) 100vw, 998px\" \/><figcaption><strong>En quelques endroits nous devons remonter pour franchir par dessus un rocher qui borde de fa\u00e7on abrupte le cours d&rsquo;eau.<\/strong><br><br>\u2026<br><br>\u2026<\/figcaption><\/figure>\n\n\n\n<figure class=\"wp-block-image\"><img decoding=\"async\" loading=\"lazy\" width=\"1024\" height=\"512\" src=\"https:\/\/activrando.org\/AR_blog\/wp-content\/uploads\/2021\/04\/210328-Chantelle-32-roche-plantes-1024x512.jpg\" alt=\"\" class=\"wp-image-2594\" srcset=\"https:\/\/activrando.org\/AR_blog\/wp-content\/uploads\/2021\/04\/210328-Chantelle-32-roche-plantes.jpg 1024w, https:\/\/activrando.org\/AR_blog\/wp-content\/uploads\/2021\/04\/210328-Chantelle-32-roche-plantes-300x150.jpg 300w, https:\/\/activrando.org\/AR_blog\/wp-content\/uploads\/2021\/04\/210328-Chantelle-32-roche-plantes-768x384.jpg 768w\" sizes=\"(max-width: 1024px) 100vw, 1024px\" \/><figcaption><strong>Des plantes s&rsquo;accrochent au rochers en glissant leurs racines dans leurs moindres anfractuosit\u00e9s&#8230; C&rsquo;est une des sp\u00e9cialit\u00e9 du <\/strong><a href=\"https:\/\/fr.wikipedia.org\/wiki\/Umbilicus_rupestris\"><strong>nombril de V\u00e9nus<\/strong><\/a><strong> dont les feuilles rondes sont ici bien visibles. Comestible. <\/strong><br><br><strong>\u2026<br><br>\u2026<\/strong><\/figcaption><\/figure>\n\n\n\n<figure class=\"wp-block-image\"><img decoding=\"async\" loading=\"lazy\" width=\"1024\" height=\"512\" src=\"https:\/\/activrando.org\/AR_blog\/wp-content\/uploads\/2021\/04\/210328-Chantelle-33-pervenches-1024x512.jpg\" alt=\"\" class=\"wp-image-2595\" srcset=\"https:\/\/activrando.org\/AR_blog\/wp-content\/uploads\/2021\/04\/210328-Chantelle-33-pervenches.jpg 1024w, https:\/\/activrando.org\/AR_blog\/wp-content\/uploads\/2021\/04\/210328-Chantelle-33-pervenches-300x150.jpg 300w, https:\/\/activrando.org\/AR_blog\/wp-content\/uploads\/2021\/04\/210328-Chantelle-33-pervenches-768x384.jpg 768w\" sizes=\"(max-width: 1024px) 100vw, 1024px\" \/><figcaption>Superbe tapis de pervenches.<br><br>\u2026<br><br>\u2026<\/figcaption><\/figure>\n\n\n\n<div class=\"wp-block-image\"><figure class=\"aligncenter\"><img decoding=\"async\" loading=\"lazy\" width=\"546\" height=\"896\" src=\"https:\/\/activrando.org\/AR_blog\/wp-content\/uploads\/2021\/04\/210328-Chantelle-34-arbres.jpg\" alt=\"\" class=\"wp-image-2596\" srcset=\"https:\/\/activrando.org\/AR_blog\/wp-content\/uploads\/2021\/04\/210328-Chantelle-34-arbres.jpg 546w, https:\/\/activrando.org\/AR_blog\/wp-content\/uploads\/2021\/04\/210328-Chantelle-34-arbres-183x300.jpg 183w\" sizes=\"(max-width: 546px) 100vw, 546px\" \/><figcaption>\u2026<br><br>\u2026<\/figcaption><\/figure><\/div>\n\n\n\n<figure class=\"wp-block-image\"><img decoding=\"async\" loading=\"lazy\" width=\"1024\" height=\"575\" src=\"https:\/\/activrando.org\/AR_blog\/wp-content\/uploads\/2021\/04\/210328-Chantelle-35-groupe-marche-1024x575.jpg\" alt=\"\" class=\"wp-image-2597\" srcset=\"https:\/\/activrando.org\/AR_blog\/wp-content\/uploads\/2021\/04\/210328-Chantelle-35-groupe-marche.jpg 1024w, https:\/\/activrando.org\/AR_blog\/wp-content\/uploads\/2021\/04\/210328-Chantelle-35-groupe-marche-300x168.jpg 300w, https:\/\/activrando.org\/AR_blog\/wp-content\/uploads\/2021\/04\/210328-Chantelle-35-groupe-marche-768x431.jpg 768w\" sizes=\"(max-width: 1024px) 100vw, 1024px\" \/><figcaption><strong>Nous franchissons un passage \u00e9troit d\u00e9licat au pied d&rsquo;un rocher inaccessible lors de hautes eaux.<\/strong><br><br>\u2026<br><br>\u2026<\/figcaption><\/figure>\n\n\n\n<figure class=\"wp-block-image\"><img decoding=\"async\" loading=\"lazy\" width=\"1024\" height=\"512\" src=\"https:\/\/activrando.org\/AR_blog\/wp-content\/uploads\/2021\/04\/210328-Chantelle-36-embacle-1024x512.jpg\" alt=\"\" class=\"wp-image-2598\" srcset=\"https:\/\/activrando.org\/AR_blog\/wp-content\/uploads\/2021\/04\/210328-Chantelle-36-embacle.jpg 1024w, https:\/\/activrando.org\/AR_blog\/wp-content\/uploads\/2021\/04\/210328-Chantelle-36-embacle-300x150.jpg 300w, https:\/\/activrando.org\/AR_blog\/wp-content\/uploads\/2021\/04\/210328-Chantelle-36-embacle-768x384.jpg 768w\" sizes=\"(max-width: 1024px) 100vw, 1024px\" \/><figcaption><strong>Des troncs couch\u00e9s en travers de la rivi\u00e8re peuvent causer la formation d&rsquo;un <\/strong><a href=\"https:\/\/fr.wikipedia.org\/wiki\/Emb\u00e2cle_naturel\"><strong>emb\u00e2cle<\/strong><\/a><strong>.<\/strong><br><br>\u2026<br><br>\u2026<\/figcaption><\/figure>\n\n\n\n<figure class=\"wp-block-image\"><img decoding=\"async\" loading=\"lazy\" width=\"1024\" height=\"512\" src=\"https:\/\/activrando.org\/AR_blog\/wp-content\/uploads\/2021\/04\/210328-Chantelle-37-chateau-1024x512.jpg\" alt=\"\" class=\"wp-image-2599\" srcset=\"https:\/\/activrando.org\/AR_blog\/wp-content\/uploads\/2021\/04\/210328-Chantelle-37-chateau.jpg 1024w, https:\/\/activrando.org\/AR_blog\/wp-content\/uploads\/2021\/04\/210328-Chantelle-37-chateau-300x150.jpg 300w, https:\/\/activrando.org\/AR_blog\/wp-content\/uploads\/2021\/04\/210328-Chantelle-37-chateau-768x384.jpg 768w\" sizes=\"(max-width: 1024px) 100vw, 1024px\" \/><figcaption><strong>L&rsquo;abbaye vue depuis la rive de la Bouble.<\/strong><br><br>\u2026<br><br>\u2026<\/figcaption><\/figure>\n\n\n\n<figure class=\"wp-block-image\"><img decoding=\"async\" loading=\"lazy\" width=\"1024\" height=\"341\" src=\"https:\/\/activrando.org\/AR_blog\/wp-content\/uploads\/2021\/04\/210328-Chantelle-38-passerelle-1024x341.jpg\" alt=\"\" class=\"wp-image-2600\" srcset=\"https:\/\/activrando.org\/AR_blog\/wp-content\/uploads\/2021\/04\/210328-Chantelle-38-passerelle.jpg 1024w, https:\/\/activrando.org\/AR_blog\/wp-content\/uploads\/2021\/04\/210328-Chantelle-38-passerelle-300x100.jpg 300w, https:\/\/activrando.org\/AR_blog\/wp-content\/uploads\/2021\/04\/210328-Chantelle-38-passerelle-768x256.jpg 768w\" sizes=\"(max-width: 1024px) 100vw, 1024px\" \/><figcaption><strong>La passerelle construite suivant la m\u00e9thode du d\u00e9but du XXe si\u00e8cle, c-\u00e0-d avec des <a href=\"https:\/\/fr.wikipedia.org\/wiki\/Rivetage\">plaques d&rsquo;acier rivet\u00e9es<\/a> \u00e0 chaud (ainsi construisait-on les paquebots et d&rsquo;autres ouvrages de grande taille tels que&#8230; la Tour Eiffel) est toujours en place, au pied du chemin en lacets qui remonte \u00e0 l&rsquo;abbaye.<\/strong><br><br>\u2026<br><br>\u2026<\/figcaption><\/figure>\n\n\n\n<figure class=\"wp-block-image\"><img decoding=\"async\" loading=\"lazy\" width=\"1024\" height=\"512\" src=\"https:\/\/activrando.org\/AR_blog\/wp-content\/uploads\/2021\/04\/210328-Chantelle-39-groupe-pause-1024x512.jpg\" alt=\"\" class=\"wp-image-2601\" srcset=\"https:\/\/activrando.org\/AR_blog\/wp-content\/uploads\/2021\/04\/210328-Chantelle-39-groupe-pause.jpg 1024w, https:\/\/activrando.org\/AR_blog\/wp-content\/uploads\/2021\/04\/210328-Chantelle-39-groupe-pause-300x150.jpg 300w, https:\/\/activrando.org\/AR_blog\/wp-content\/uploads\/2021\/04\/210328-Chantelle-39-groupe-pause-768x384.jpg 768w\" sizes=\"(max-width: 1024px) 100vw, 1024px\" \/><figcaption>\u2026<br><br>\u2026<\/figcaption><\/figure>\n\n\n\n<figure class=\"wp-block-image\"><img decoding=\"async\" loading=\"lazy\" width=\"1024\" height=\"890\" src=\"https:\/\/activrando.org\/AR_blog\/wp-content\/uploads\/2021\/04\/210328-Chantelle-40-groupe-marche-1024x890.jpg\" alt=\"\" class=\"wp-image-2602\" srcset=\"https:\/\/activrando.org\/AR_blog\/wp-content\/uploads\/2021\/04\/210328-Chantelle-40-groupe-marche.jpg 1024w, https:\/\/activrando.org\/AR_blog\/wp-content\/uploads\/2021\/04\/210328-Chantelle-40-groupe-marche-300x261.jpg 300w, https:\/\/activrando.org\/AR_blog\/wp-content\/uploads\/2021\/04\/210328-Chantelle-40-groupe-marche-768x668.jpg 768w\" sizes=\"(max-width: 1024px) 100vw, 1024px\" \/><figcaption><strong>Par endroits, le franchissement des rochers formant une gorge \u00e9troite demande de remonter par un passage escarp\u00e9.<\/strong><br><br>\u2026<br><br>\u2026<\/figcaption><\/figure>\n\n\n\n<figure class=\"wp-block-image\"><img decoding=\"async\" loading=\"lazy\" width=\"1024\" height=\"572\" src=\"https:\/\/activrando.org\/AR_blog\/wp-content\/uploads\/2021\/04\/210328-Chantelle-41-riviere-chateau-1024x572.jpg\" alt=\"\" class=\"wp-image-2604\" srcset=\"https:\/\/activrando.org\/AR_blog\/wp-content\/uploads\/2021\/04\/210328-Chantelle-41-riviere-chateau.jpg 1024w, https:\/\/activrando.org\/AR_blog\/wp-content\/uploads\/2021\/04\/210328-Chantelle-41-riviere-chateau-300x168.jpg 300w, https:\/\/activrando.org\/AR_blog\/wp-content\/uploads\/2021\/04\/210328-Chantelle-41-riviere-chateau-768x429.jpg 768w\" sizes=\"(max-width: 1024px) 100vw, 1024px\" \/><figcaption><strong>L&rsquo;abbaye vue depuis le fond du vallon.<\/strong><br><br>\u2026<br><br>\u2026<\/figcaption><\/figure>\n\n\n\n<figure class=\"wp-block-image\"><img decoding=\"async\" loading=\"lazy\" width=\"1024\" height=\"341\" src=\"https:\/\/activrando.org\/AR_blog\/wp-content\/uploads\/2021\/04\/210328-Chantelle-41-abbaye-1024x341.jpg\" alt=\"\" class=\"wp-image-2603\" srcset=\"https:\/\/activrando.org\/AR_blog\/wp-content\/uploads\/2021\/04\/210328-Chantelle-41-abbaye.jpg 1024w, https:\/\/activrando.org\/AR_blog\/wp-content\/uploads\/2021\/04\/210328-Chantelle-41-abbaye-300x100.jpg 300w, https:\/\/activrando.org\/AR_blog\/wp-content\/uploads\/2021\/04\/210328-Chantelle-41-abbaye-768x256.jpg 768w\" sizes=\"(max-width: 1024px) 100vw, 1024px\" \/><figcaption><strong>Une fois remont\u00e9 du c\u00f4t\u00e9 de Deneuille-les-Chantelle, on a une autre vue sur l&rsquo;abbaye&#8230;<\/strong><br><br>\u2026<br><br>\u2026<\/figcaption><\/figure>\n\n\n\n<figure class=\"wp-block-image\"><img decoding=\"async\" loading=\"lazy\" width=\"1024\" height=\"341\" src=\"https:\/\/activrando.org\/AR_blog\/wp-content\/uploads\/2021\/04\/210328-Chantelle-42-bourg-1024x341.jpg\" alt=\"\" class=\"wp-image-2605\" srcset=\"https:\/\/activrando.org\/AR_blog\/wp-content\/uploads\/2021\/04\/210328-Chantelle-42-bourg.jpg 1024w, https:\/\/activrando.org\/AR_blog\/wp-content\/uploads\/2021\/04\/210328-Chantelle-42-bourg-300x100.jpg 300w, https:\/\/activrando.org\/AR_blog\/wp-content\/uploads\/2021\/04\/210328-Chantelle-42-bourg-768x256.jpg 768w\" sizes=\"(max-width: 1024px) 100vw, 1024px\" \/><figcaption><strong>&#8230; et sur le bourg.<\/strong><br><br>\u2026<br><br>\u2026<\/figcaption><\/figure>\n\n\n\n<figure class=\"wp-block-image\"><img decoding=\"async\" loading=\"lazy\" width=\"1024\" height=\"478\" src=\"https:\/\/activrando.org\/AR_blog\/wp-content\/uploads\/2021\/04\/210328-Chantelle-43-Fabien-1024x478.jpg\" alt=\"\" class=\"wp-image-2606\" srcset=\"https:\/\/activrando.org\/AR_blog\/wp-content\/uploads\/2021\/04\/210328-Chantelle-43-Fabien.jpg 1024w, https:\/\/activrando.org\/AR_blog\/wp-content\/uploads\/2021\/04\/210328-Chantelle-43-Fabien-300x140.jpg 300w, https:\/\/activrando.org\/AR_blog\/wp-content\/uploads\/2021\/04\/210328-Chantelle-43-Fabien-768x359.jpg 768w\" sizes=\"(max-width: 1024px) 100vw, 1024px\" \/><figcaption><strong>Fabien est artisan coutelier. L&rsquo;acier, le bois, la corne&#8230; il aime cs mat\u00e9riaux, qu&rsquo;il travaille pour les lames ou les manches&#8230; Il a trouv\u00e9 au bord de la rivi\u00e8re un morceau de bois flott\u00e9 dont la forme lui a plu et, bien que ce soit un peu lourd, il le porte d\u00e9j\u00e0 depuis un long moment (et il ira jusqu&rsquo;au bout avec !).<\/strong><br><br>\u2026<br><br>\u2026<\/figcaption><\/figure>\n\n\n\n<figure class=\"wp-block-image\"><img decoding=\"async\" loading=\"lazy\" width=\"1024\" height=\"512\" src=\"https:\/\/activrando.org\/AR_blog\/wp-content\/uploads\/2021\/04\/210328-Chantelle-44-pont-ancien-1024x512.jpg\" alt=\"\" class=\"wp-image-2607\" srcset=\"https:\/\/activrando.org\/AR_blog\/wp-content\/uploads\/2021\/04\/210328-Chantelle-44-pont-ancien.jpg 1024w, https:\/\/activrando.org\/AR_blog\/wp-content\/uploads\/2021\/04\/210328-Chantelle-44-pont-ancien-300x150.jpg 300w, https:\/\/activrando.org\/AR_blog\/wp-content\/uploads\/2021\/04\/210328-Chantelle-44-pont-ancien-768x384.jpg 768w\" sizes=\"(max-width: 1024px) 100vw, 1024px\" \/><figcaption><strong>Petit pont ancien sur le Muzan, r\u00e9cemment restaur\u00e9, au point d&rsquo;en para\u00eetre irr\u00e9el vu de pr\u00e8s. Le rev\u00eatement du pont est fait d&rsquo;une <\/strong><a href=\"https:\/\/fr.wikipedia.org\/wiki\/Calade\"><strong>calade<\/strong><\/a><strong> de galets.<\/strong><br><br>\u2026<br><br>\u2026<\/figcaption><\/figure>\n\n\n\n<figure class=\"wp-block-image\"><img decoding=\"async\" loading=\"lazy\" width=\"1024\" height=\"341\" src=\"https:\/\/activrando.org\/AR_blog\/wp-content\/uploads\/2021\/04\/210328-Chantelle-45-groupe-pause-1024x341.jpg\" alt=\"\" class=\"wp-image-2608\" srcset=\"https:\/\/activrando.org\/AR_blog\/wp-content\/uploads\/2021\/04\/210328-Chantelle-45-groupe-pause.jpg 1024w, https:\/\/activrando.org\/AR_blog\/wp-content\/uploads\/2021\/04\/210328-Chantelle-45-groupe-pause-300x100.jpg 300w, https:\/\/activrando.org\/AR_blog\/wp-content\/uploads\/2021\/04\/210328-Chantelle-45-groupe-pause-768x256.jpg 768w\" sizes=\"(max-width: 1024px) 100vw, 1024px\" \/><figcaption><strong>Et voil\u00e0, franchi le petit pont, nous sommes presque arriv\u00e9s au terme de ce circuit de 23,5 km.<\/strong><br><br>\u2026<br><br>\u2026<\/figcaption><\/figure>\n\n\n\n<p class=\"has-text-align-center\"><strong><a href=\"https:\/\/activrando.org\/AR_blog\/2021\/03\/18\/les-gots-petite-rando-a-espinasse-vozelle-jeudi-18-mars-2021\/\">&lt; &lt; &lt; ARTICLE PR\u00c9C\u00c9DENT<\/a>  &#8212;&#8212;&#8212;&#8212;&#8212;&#8212;-  <a href=\"https:\/\/activrando.org\/AR_blog\/\">ACCUEIL DU BLOG<\/a> &#8212;&#8212;&#8212;&#8212;&#8212;&#8212;&#8212;-  <a href=\"https:\/\/activrando.org\/AR_blog\/2021\/03\/30\/les-mouilleres-rando-sante-a-saint-felix-mardi-30-mars-2021\/\">ARTICLE SUIVANT &gt; &gt; &gt;<\/a><\/strong><\/p>\n","protected":false},"excerpt":{"rendered":"<p>Le d\u00e9partement de l&rsquo;Allier est travers\u00e9 \/ irrigu\u00e9 par de nombreuses rivi\u00e8res dont la Bouble et son affluent le Boublon. Ces deux cours d&rsquo;eau seront notre th\u00e9matique du jour, car suivre les cours d&rsquo;eau est toujours agr\u00e9able, particuli\u00e8rement lorsqu&rsquo;ils traversent de belles gorges comme le fait la Bouble \u00e0 proximit\u00e9&#8230;<\/p>\n","protected":false},"author":2,"featured_media":2616,"comment_status":"closed","ping_status":"closed","sticky":false,"template":"","format":"standard","meta":[],"categories":[2],"tags":[8,15,20],"_links":{"self":[{"href":"https:\/\/activrando.org\/AR_blog\/wp-json\/wp\/v2\/posts\/2458"}],"collection":[{"href":"https:\/\/activrando.org\/AR_blog\/wp-json\/wp\/v2\/posts"}],"about":[{"href":"https:\/\/activrando.org\/AR_blog\/wp-json\/wp\/v2\/types\/post"}],"author":[{"embeddable":true,"href":"https:\/\/activrando.org\/AR_blog\/wp-json\/wp\/v2\/users\/2"}],"replies":[{"embeddable":true,"href":"https:\/\/activrando.org\/AR_blog\/wp-json\/wp\/v2\/comments?post=2458"}],"version-history":[{"count":12,"href":"https:\/\/activrando.org\/AR_blog\/wp-json\/wp\/v2\/posts\/2458\/revisions"}],"predecessor-version":[{"id":3690,"href":"https:\/\/activrando.org\/AR_blog\/wp-json\/wp\/v2\/posts\/2458\/revisions\/3690"}],"wp:featuredmedia":[{"embeddable":true,"href":"https:\/\/activrando.org\/AR_blog\/wp-json\/wp\/v2\/media\/2616"}],"wp:attachment":[{"href":"https:\/\/activrando.org\/AR_blog\/wp-json\/wp\/v2\/media?parent=2458"}],"wp:term":[{"taxonomy":"category","embeddable":true,"href":"https:\/\/activrando.org\/AR_blog\/wp-json\/wp\/v2\/categories?post=2458"},{"taxonomy":"post_tag","embeddable":true,"href":"https:\/\/activrando.org\/AR_blog\/wp-json\/wp\/v2\/tags?post=2458"}],"curies":[{"name":"wp","href":"https:\/\/api.w.org\/{rel}","templated":true}]}}