{"id":2310,"date":"2021-03-07T23:31:07","date_gmt":"2021-03-07T22:31:07","guid":{"rendered":"http:\/\/activrando.org\/AR_blog\/?p=2310"},"modified":"2021-06-22T16:04:11","modified_gmt":"2021-06-22T14:04:11","slug":"montee-a-la-verrerie-journee-rando-a-st-clement-dim-7-mars-2021","status":"publish","type":"post","link":"https:\/\/activrando.org\/AR_blog\/2021\/03\/07\/montee-a-la-verrerie-journee-rando-a-st-clement-dim-7-mars-2021\/","title":{"rendered":"\u00a0\u00bbMont\u00e9e \u00e0 la Verrerie\u00a0\u00bb, journ\u00e9e rando&rsquo; \u00e0 St-Cl\u00e9ment, dim. 7 mars 2021"},"content":{"rendered":"\n<p>A faire&#8230;<\/p>\n\n\n\n<p><strong>&#8212;&#8212;&#8212;&#8212;&#8212;&#8212;&#8212;&#8212;&#8212;&#8212;&#8212;&#8212;&#8212;&#8212;&#8212;&#8212;&#8212;&#8212;&#8212;&#8212;&#8212;&#8212;&#8212;&#8212;&#8212;&#8212;&#8212;&#8212;&#8212;&#8212;&#8212;&#8212;&#8212;&#8212;&#8212;&#8211;<\/strong><\/p>\n\n\n\n<p style=\"text-align:center\"><strong><a href=\"https:\/\/activrando.org\/AR_blog\/2021\/02\/28\/puy-de-verne-journee-rando-a-charroux-dim-28-fev-2021\/\">&lt; &lt; &lt; ARTICLE PR\u00c9C\u00c9DENT<\/a> &#8212;&#8212;&#8212;&#8212;&#8212;&#8212;-  <a href=\"https:\/\/activrando.org\/AR_blog\/\">ACCUEIL DU BLOG<\/a> &#8212;&#8212;&#8212;&#8212;&#8212;&#8212;&#8212;-  <a href=\"https:\/\/activrando.org\/AR_blog\/2021\/03\/09\/bois-de-celzat-rando-sante-a-cusset-mardi-9-fev-2021\/\">ARTICLE SUIVANT &gt; &gt; &gt;<\/a><\/strong><\/p>\n\n\n\n<p style=\"text-align:center\"><strong><a href=\"https:\/\/activrando.org\/AR_blog\/2021\/02\/28\/puy-de-verne-journee-rando-a-charroux-dim-28-fev-2021\/\">&lt; &lt; &lt; ARTICLE PR\u00c9C\u00c9DENT<\/a> &#8212;&#8212;&#8212;&#8212;&#8212;&#8212;-  <a href=\"https:\/\/activrando.org\/AR_blog\/\">ACCUEIL DU BLOG<\/a> &#8212;&#8212;&#8212;&#8212;&#8212;&#8212;&#8212;-  <a href=\"https:\/\/activrando.org\/AR_blog\/2021\/03\/09\/bois-de-celzat-rando-sante-a-cusset-mardi-9-fev-2021\/\">ARTICLE SUIVANT &gt; &gt; &gt;<\/a><\/strong><\/p>\n","protected":false},"excerpt":{"rendered":"<p>A faire&#8230; &#8212;&#8212;&#8212;&#8212;&#8212;&#8212;&#8212;&#8212;&#8212;&#8212;&#8212;&#8212;&#8212;&#8212;&#8212;&#8212;&#8212;&#8212;&#8212;&#8212;&#8212;&#8212;&#8212;&#8212;&#8212;&#8212;&#8212;&#8212;&#8212;&#8212;&#8212;&#8212;&#8212;&#8212;&#8212;&#8211; &lt; &lt; &lt; ARTICLE PR\u00c9C\u00c9DENT &#8212;&#8212;&#8212;&#8212;&#8212;&#8212;- ACCUEIL DU BLOG &#8212;&#8212;&#8212;&#8212;&#8212;&#8212;&#8212;- ARTICLE SUIVANT &gt; &gt; &gt; &lt; &lt; &lt; ARTICLE PR\u00c9C\u00c9DENT &#8212;&#8212;&#8212;&#8212;&#8212;&#8212;- ACCUEIL DU BLOG &#8212;&#8212;&#8212;&#8212;&#8212;&#8212;&#8212;- ARTICLE SUIVANT &gt; &gt; &gt;<\/p>\n","protected":false},"author":2,"featured_media":0,"comment_status":"closed","ping_status":"closed","sticky":false,"template":"","format":"standard","meta":[],"categories":[2],"tags":[],"_links":{"self":[{"href":"https:\/\/activrando.org\/AR_blog\/wp-json\/wp\/v2\/posts\/2310"}],"collection":[{"href":"https:\/\/activrando.org\/AR_blog\/wp-json\/wp\/v2\/posts"}],"about":[{"href":"https:\/\/activrando.org\/AR_blog\/wp-json\/wp\/v2\/types\/post"}],"author":[{"embeddable":true,"href":"https:\/\/activrando.org\/AR_blog\/wp-json\/wp\/v2\/users\/2"}],"replies":[{"embeddable":true,"href":"https:\/\/activrando.org\/AR_blog\/wp-json\/wp\/v2\/comments?post=2310"}],"version-history":[{"count":4,"href":"https:\/\/activrando.org\/AR_blog\/wp-json\/wp\/v2\/posts\/2310\/revisions"}],"predecessor-version":[{"id":2398,"href":"https:\/\/activrando.org\/AR_blog\/wp-json\/wp\/v2\/posts\/2310\/revisions\/2398"}],"wp:attachment":[{"href":"https:\/\/activrando.org\/AR_blog\/wp-json\/wp\/v2\/media?parent=2310"}],"wp:term":[{"taxonomy":"category","embeddable":true,"href":"https:\/\/activrando.org\/AR_blog\/wp-json\/wp\/v2\/categories?post=2310"},{"taxonomy":"post_tag","embeddable":true,"href":"https:\/\/activrando.org\/AR_blog\/wp-json\/wp\/v2\/tags?post=2310"}],"curies":[{"name":"wp","href":"https:\/\/api.w.org\/{rel}","templated":true}]}}