{"id":2308,"date":"2021-02-28T21:27:34","date_gmt":"2021-02-28T20:27:34","guid":{"rendered":"http:\/\/activrando.org\/AR_blog\/?p=2308"},"modified":"2021-12-09T09:19:06","modified_gmt":"2021-12-09T08:19:06","slug":"puy-de-verne-journee-rando-a-charroux-dim-28-fev-2021","status":"publish","type":"post","link":"https:\/\/activrando.org\/AR_blog\/2021\/02\/28\/puy-de-verne-journee-rando-a-charroux-dim-28-fev-2021\/","title":{"rendered":"\u00a0\u00bbPuy de Verne\u00a0\u00bb, journ\u00e9e rando \u00e0 Charroux, dim. 28 f\u00e9v. 2021 (47 photos)"},"content":{"rendered":"\n<p><strong>C&rsquo;est un parcours de plaine de pr\u00e8s de 25 km que nous effectuons ce dimanche au d\u00e9part de Charroux, avec beaucoup de vues au loin et donc une sensation certaine d&rsquo;ouverture et d&rsquo;espace, alors que la v\u00e9g\u00e9tation est encore rase, fin d&rsquo;hiver oblige. Mais cet espace est ponctu\u00e9 d&rsquo;une belle collection de ch\u00e2teaux, \u00e9glises anciennes et autres vieilles pierres&#8230;<\/strong><\/p>\n\n\n\n<p class=\"has-text-align-center\"><strong><a href=\"https:\/\/activrando.org\/AR_blog\/2021\/02\/26\/de-lallier-au-sichon-a-r-petite-rando-a-abrest-jeudi-26-fev-2021\/\">&lt; &lt; &lt; ARTICLE PR\u00c9C\u00c9DENT<\/a> &#8212;&#8212;&#8212;&#8212;&#8212;&#8212;-  <a href=\"https:\/\/activrando.org\/AR_blog\/\">ACCUEIL DU BLOG<\/a> &#8212;&#8212;&#8212;&#8212;&#8212;&#8212;&#8212;-  <a href=\"https:\/\/activrando.org\/AR_blog\/2021\/03\/07\/montee-a-la-verrerie-journee-rando-a-st-clement-dim-7-mars-2021\/\">ARTICLE SUIVANT &gt; &gt; &gt;<\/a><\/strong><\/p>\n\n\n\n<figure class=\"wp-block-image\"><img decoding=\"async\" loading=\"lazy\" width=\"1024\" height=\"640\" src=\"https:\/\/activrando.org\/AR_blog\/wp-content\/uploads\/2021\/03\/210228-Charroux-01-eglise-1024x640.jpg\" alt=\"\" class=\"wp-image-2324\" srcset=\"https:\/\/activrando.org\/AR_blog\/wp-content\/uploads\/2021\/03\/210228-Charroux-01-eglise.jpg 1024w, https:\/\/activrando.org\/AR_blog\/wp-content\/uploads\/2021\/03\/210228-Charroux-01-eglise-300x188.jpg 300w, https:\/\/activrando.org\/AR_blog\/wp-content\/uploads\/2021\/03\/210228-Charroux-01-eglise-768x480.jpg 768w\" sizes=\"(max-width: 1024px) 100vw, 1024px\" \/><figcaption><strong>Le circuit commence par la travers\u00e9e du tr\u00e8s beau village ancien de Charroux, en passant notamment pr\u00e8s de l&rsquo;\u00e9glise romane.<\/strong><br><br>\u2026<br><br>\u2026<\/figcaption><\/figure>\n\n\n\n<figure class=\"wp-block-image\"><img decoding=\"async\" loading=\"lazy\" width=\"1024\" height=\"512\" src=\"https:\/\/activrando.org\/AR_blog\/wp-content\/uploads\/2021\/03\/210228-Charroux-02-groupe-marche-1024x512.jpg\" alt=\"\" class=\"wp-image-2325\" srcset=\"https:\/\/activrando.org\/AR_blog\/wp-content\/uploads\/2021\/03\/210228-Charroux-02-groupe-marche.jpg 1024w, https:\/\/activrando.org\/AR_blog\/wp-content\/uploads\/2021\/03\/210228-Charroux-02-groupe-marche-300x150.jpg 300w, https:\/\/activrando.org\/AR_blog\/wp-content\/uploads\/2021\/03\/210228-Charroux-02-groupe-marche-768x384.jpg 768w\" sizes=\"(max-width: 1024px) 100vw, 1024px\" \/><figcaption><strong>Nous empruntons les rues anciennes et pittoresques, inclue la Cour des Dames, et passons par la Porte d&rsquo;Orient pour aller vers le Belv\u00e9d\u00e8re&#8230;<\/strong><br><br>\u2026<br><br>\u2026<\/figcaption><\/figure>\n\n\n\n<figure class=\"wp-block-image\"><img decoding=\"async\" loading=\"lazy\" width=\"1024\" height=\"512\" src=\"https:\/\/activrando.org\/AR_blog\/wp-content\/uploads\/2021\/03\/210228-Charroux-03-groupe-pose-belvedere-1024x512.jpg\" alt=\"\" class=\"wp-image-2326\" srcset=\"https:\/\/activrando.org\/AR_blog\/wp-content\/uploads\/2021\/03\/210228-Charroux-03-groupe-pose-belvedere.jpg 1024w, https:\/\/activrando.org\/AR_blog\/wp-content\/uploads\/2021\/03\/210228-Charroux-03-groupe-pose-belvedere-300x150.jpg 300w, https:\/\/activrando.org\/AR_blog\/wp-content\/uploads\/2021\/03\/210228-Charroux-03-groupe-pose-belvedere-768x384.jpg 768w\" sizes=\"(max-width: 1024px) 100vw, 1024px\" \/><figcaption><strong>Petite pause contemplative au Belv\u00e9d\u00e8re, d&rsquo;o\u00f9 l&rsquo;on a une belle vue vers le Nord et notamment vers le bourg de Chantelle.<\/strong><br><br>\u2026<br><br>\u2026<\/figcaption><\/figure>\n\n\n\n<figure class=\"wp-block-image\"><img decoding=\"async\" loading=\"lazy\" width=\"1024\" height=\"576\" src=\"https:\/\/activrando.org\/AR_blog\/wp-content\/uploads\/2021\/03\/210228-Charroux-04-lavoir-1024x576.jpg\" alt=\"\" class=\"wp-image-2327\" srcset=\"https:\/\/activrando.org\/AR_blog\/wp-content\/uploads\/2021\/03\/210228-Charroux-04-lavoir.jpg 1024w, https:\/\/activrando.org\/AR_blog\/wp-content\/uploads\/2021\/03\/210228-Charroux-04-lavoir-300x169.jpg 300w, https:\/\/activrando.org\/AR_blog\/wp-content\/uploads\/2021\/03\/210228-Charroux-04-lavoir-768x432.jpg 768w\" sizes=\"(max-width: 1024px) 100vw, 1024px\" \/><figcaption><strong>En contrebas du village, un ancien lavoir \u00e0 ciel ouvert, sans doute construit l\u00e0 autrefois pour s&rsquo;alimenter d&rsquo;une simple source.<\/strong><br><br>\u2026<br><br>\u2026<\/figcaption><\/figure>\n\n\n\n<figure class=\"wp-block-image\"><img decoding=\"async\" loading=\"lazy\" width=\"1024\" height=\"341\" src=\"https:\/\/activrando.org\/AR_blog\/wp-content\/uploads\/2021\/03\/210228-Charroux-05-campagne-1024x341.jpg\" alt=\"\" class=\"wp-image-2328\" srcset=\"https:\/\/activrando.org\/AR_blog\/wp-content\/uploads\/2021\/03\/210228-Charroux-05-campagne.jpg 1024w, https:\/\/activrando.org\/AR_blog\/wp-content\/uploads\/2021\/03\/210228-Charroux-05-campagne-300x100.jpg 300w, https:\/\/activrando.org\/AR_blog\/wp-content\/uploads\/2021\/03\/210228-Charroux-05-campagne-768x256.jpg 768w\" sizes=\"(max-width: 1024px) 100vw, 1024px\" \/><figcaption><strong>C&rsquo;est une campagne paisible comme celle-ci dans laquelle nous \u00e9voluerons aujourd&rsquo;hui.<\/strong><br><br>\u2026<br><br>\u2026<\/figcaption><\/figure>\n\n\n\n<figure class=\"wp-block-image\"><img decoding=\"async\" loading=\"lazy\" width=\"1024\" height=\"341\" src=\"https:\/\/activrando.org\/AR_blog\/wp-content\/uploads\/2021\/03\/210228-Charroux-06-silhouette-village-1024x341.jpg\" alt=\"\" class=\"wp-image-2329\" srcset=\"https:\/\/activrando.org\/AR_blog\/wp-content\/uploads\/2021\/03\/210228-Charroux-06-silhouette-village.jpg 1024w, https:\/\/activrando.org\/AR_blog\/wp-content\/uploads\/2021\/03\/210228-Charroux-06-silhouette-village-300x100.jpg 300w, https:\/\/activrando.org\/AR_blog\/wp-content\/uploads\/2021\/03\/210228-Charroux-06-silhouette-village-768x256.jpg 768w\" sizes=\"(max-width: 1024px) 100vw, 1024px\" \/><figcaption><strong>Charroux, sur son promontoire et vu \u00e0 contre-jour, devient une silhouette o\u00f9 se d\u00e9tachent \u00e0 gauche le clocher tronqu\u00e9 et la pointe ajour\u00e9e de la toiture du beffroi.<\/strong><br><br>\u2026<br><br>\u2026<\/figcaption><\/figure>\n\n\n\n<figure class=\"wp-block-image\"><img decoding=\"async\" loading=\"lazy\" width=\"1024\" height=\"512\" src=\"https:\/\/activrando.org\/AR_blog\/wp-content\/uploads\/2021\/03\/210228-Charroux-07-groupe-marche-1024x512.jpg\" alt=\"\" class=\"wp-image-2330\" srcset=\"https:\/\/activrando.org\/AR_blog\/wp-content\/uploads\/2021\/03\/210228-Charroux-07-groupe-marche.jpg 1024w, https:\/\/activrando.org\/AR_blog\/wp-content\/uploads\/2021\/03\/210228-Charroux-07-groupe-marche-300x150.jpg 300w, https:\/\/activrando.org\/AR_blog\/wp-content\/uploads\/2021\/03\/210228-Charroux-07-groupe-marche-768x384.jpg 768w\" sizes=\"(max-width: 1024px) 100vw, 1024px\" \/><figcaption><strong>Nous redescendons la colline en direction de Taxat-Senat&#8230; o\u00f9 nous ne passerons qu&rsquo;apr\u00e8s un long d\u00e9tour pour visiter la plaine environnante.<\/strong><br><br>\u2026<br><br>\u2026<\/figcaption><\/figure>\n\n\n\n<figure class=\"wp-block-image\"><img decoding=\"async\" loading=\"lazy\" width=\"1024\" height=\"236\" src=\"https:\/\/activrando.org\/AR_blog\/wp-content\/uploads\/2021\/03\/210228-Charroux-08-herbe-givree-1024x236.jpg\" alt=\"\" class=\"wp-image-2331\" srcset=\"https:\/\/activrando.org\/AR_blog\/wp-content\/uploads\/2021\/03\/210228-Charroux-08-herbe-givree.jpg 1024w, https:\/\/activrando.org\/AR_blog\/wp-content\/uploads\/2021\/03\/210228-Charroux-08-herbe-givree-300x69.jpg 300w, https:\/\/activrando.org\/AR_blog\/wp-content\/uploads\/2021\/03\/210228-Charroux-08-herbe-givree-768x177.jpg 768w\" sizes=\"(max-width: 1024px) 100vw, 1024px\" \/><figcaption><strong>Il a fait encore froid durant cette nuit claire, et l\u00e0 o\u00f9 les rayons du soleil n&rsquo;ont pas encore atteint le sol, l&rsquo;herbe est encore couverte de givre.<\/strong><br><br>\u2026<br><br>\u2026<\/figcaption><\/figure>\n\n\n\n<figure class=\"wp-block-image\"><img decoding=\"async\" loading=\"lazy\" width=\"1024\" height=\"512\" src=\"https:\/\/activrando.org\/AR_blog\/wp-content\/uploads\/2021\/03\/210228-Charroux-09-Taxat-toitures-1024x512.jpg\" alt=\"\" class=\"wp-image-2332\" srcset=\"https:\/\/activrando.org\/AR_blog\/wp-content\/uploads\/2021\/03\/210228-Charroux-09-Taxat-toitures.jpg 1024w, https:\/\/activrando.org\/AR_blog\/wp-content\/uploads\/2021\/03\/210228-Charroux-09-Taxat-toitures-300x150.jpg 300w, https:\/\/activrando.org\/AR_blog\/wp-content\/uploads\/2021\/03\/210228-Charroux-09-Taxat-toitures-768x384.jpg 768w\" sizes=\"(max-width: 1024px) 100vw, 1024px\" \/><figcaption><strong>Nous arrivons au hameau de Taxat.<\/strong><br><strong><br>Il faut savoir que dans les environs proches, outre le village de Taxat-Senat, il y a deux hameaux nomm\u00e9s Taxat (dont celui-ci)&#8230; source possible de confusion en cas de rendez-vous&#8230; <\/strong><br><br>\u2026<br><br>\u2026<\/figcaption><\/figure>\n\n\n\n<figure class=\"wp-block-image\"><img decoding=\"async\" loading=\"lazy\" width=\"1024\" height=\"512\" src=\"https:\/\/activrando.org\/AR_blog\/wp-content\/uploads\/2021\/03\/210228-Charroux-10-Taxat-eglise-1024x512.jpg\" alt=\"\" class=\"wp-image-2333\" srcset=\"https:\/\/activrando.org\/AR_blog\/wp-content\/uploads\/2021\/03\/210228-Charroux-10-Taxat-eglise.jpg 1024w, https:\/\/activrando.org\/AR_blog\/wp-content\/uploads\/2021\/03\/210228-Charroux-10-Taxat-eglise-300x150.jpg 300w, https:\/\/activrando.org\/AR_blog\/wp-content\/uploads\/2021\/03\/210228-Charroux-10-Taxat-eglise-768x384.jpg 768w\" sizes=\"(max-width: 1024px) 100vw, 1024px\" \/><figcaption><strong>L&rsquo;\u00e9glise de Taxat. Elle est d\u00e9sacralis\u00e9e et faillit tomber d\u00e9finitivement en ruine. Mais voil\u00e0 d\u00e9j\u00e0 quelques d\u00e9cennies, un groupe de passionn\u00e9s du patrimoine l&rsquo;a rachet\u00e9e pour en assurer le maintient et l&rsquo;entretien.<\/strong><br><br>\u2026<br>\u2026<br><\/figcaption><\/figure>\n\n\n\n<figure class=\"wp-block-image\"><img decoding=\"async\" loading=\"lazy\" width=\"1024\" height=\"275\" src=\"https:\/\/activrando.org\/AR_blog\/wp-content\/uploads\/2021\/03\/210228-Charroux-11-groupe-pose-1024x275.jpg\" alt=\"\" class=\"wp-image-2334\" srcset=\"https:\/\/activrando.org\/AR_blog\/wp-content\/uploads\/2021\/03\/210228-Charroux-11-groupe-pose.jpg 1024w, https:\/\/activrando.org\/AR_blog\/wp-content\/uploads\/2021\/03\/210228-Charroux-11-groupe-pose-300x81.jpg 300w, https:\/\/activrando.org\/AR_blog\/wp-content\/uploads\/2021\/03\/210228-Charroux-11-groupe-pose-768x206.jpg 768w\" sizes=\"(max-width: 1024px) 100vw, 1024px\" \/><figcaption><strong>Tout le monde fait un break, dans ce lieu paisible et \u00e9l\u00e9gant.<\/strong><br><br>`\u2026<br><br>\u2026<\/figcaption><\/figure>\n\n\n\n<figure class=\"wp-block-image\"><img decoding=\"async\" loading=\"lazy\" width=\"1024\" height=\"576\" src=\"https:\/\/activrando.org\/AR_blog\/wp-content\/uploads\/2021\/03\/210228-Charroux-12-Marie-puits-1024x576.jpg\" alt=\"\" class=\"wp-image-2335\" srcset=\"https:\/\/activrando.org\/AR_blog\/wp-content\/uploads\/2021\/03\/210228-Charroux-12-Marie-puits.jpg 1024w, https:\/\/activrando.org\/AR_blog\/wp-content\/uploads\/2021\/03\/210228-Charroux-12-Marie-puits-300x169.jpg 300w, https:\/\/activrando.org\/AR_blog\/wp-content\/uploads\/2021\/03\/210228-Charroux-12-Marie-puits-768x432.jpg 768w\" sizes=\"(max-width: 1024px) 100vw, 1024px\" \/><figcaption><strong>Tout le monde ? Nooon ! La fac\u00e9tieuse Marie explore m\u00eame&#8230; l&rsquo;invisible !<\/strong><br><br>\u2026<br><br>\u2026<\/figcaption><\/figure>\n\n\n\n<figure class=\"wp-block-image\"><img decoding=\"async\" loading=\"lazy\" width=\"1024\" height=\"576\" src=\"https:\/\/activrando.org\/AR_blog\/wp-content\/uploads\/2021\/03\/210228-Charroux-13-ruisseau-1024x576.jpg\" alt=\"\" class=\"wp-image-2336\" srcset=\"https:\/\/activrando.org\/AR_blog\/wp-content\/uploads\/2021\/03\/210228-Charroux-13-ruisseau.jpg 1024w, https:\/\/activrando.org\/AR_blog\/wp-content\/uploads\/2021\/03\/210228-Charroux-13-ruisseau-300x169.jpg 300w, https:\/\/activrando.org\/AR_blog\/wp-content\/uploads\/2021\/03\/210228-Charroux-13-ruisseau-768x432.jpg 768w\" sizes=\"(max-width: 1024px) 100vw, 1024px\" \/><figcaption><strong>Ruisseau nomm\u00e9 Le Bray et qui se jette un peu plus loin dans le Boublon.<\/strong><br><br>\u2026<br><br>\u2026<\/figcaption><\/figure>\n\n\n\n<figure class=\"wp-block-image\"><img decoding=\"async\" loading=\"lazy\" width=\"1024\" height=\"341\" src=\"https:\/\/activrando.org\/AR_blog\/wp-content\/uploads\/2021\/03\/210228-Charroux-14-chateau-1024x341.jpg\" alt=\"\" class=\"wp-image-2337\" srcset=\"https:\/\/activrando.org\/AR_blog\/wp-content\/uploads\/2021\/03\/210228-Charroux-14-chateau.jpg 1024w, https:\/\/activrando.org\/AR_blog\/wp-content\/uploads\/2021\/03\/210228-Charroux-14-chateau-300x100.jpg 300w, https:\/\/activrando.org\/AR_blog\/wp-content\/uploads\/2021\/03\/210228-Charroux-14-chateau-768x256.jpg 768w\" sizes=\"(max-width: 1024px) 100vw, 1024px\" \/><figcaption><strong>Le domaine des Granges, isol\u00e9 au milieu des champs. Juste derri\u00e8re passe le Boublon.<\/strong><br><br>\u2026<br><br>\u2026<\/figcaption><\/figure>\n\n\n\n<figure class=\"wp-block-image\"><img decoding=\"async\" loading=\"lazy\" width=\"1024\" height=\"342\" src=\"https:\/\/activrando.org\/AR_blog\/wp-content\/uploads\/2021\/03\/210228-Charroux-15-groupe-marche-1024x342.jpg\" alt=\"\" class=\"wp-image-2338\" srcset=\"https:\/\/activrando.org\/AR_blog\/wp-content\/uploads\/2021\/03\/210228-Charroux-15-groupe-marche.jpg 1024w, https:\/\/activrando.org\/AR_blog\/wp-content\/uploads\/2021\/03\/210228-Charroux-15-groupe-marche-300x100.jpg 300w, https:\/\/activrando.org\/AR_blog\/wp-content\/uploads\/2021\/03\/210228-Charroux-15-groupe-marche-768x257.jpg 768w\" sizes=\"(max-width: 1024px) 100vw, 1024px\" \/><figcaption>\u2026<br><br>\u2026<br><br>\u2026<\/figcaption><\/figure>\n\n\n\n<figure class=\"wp-block-image\"><img decoding=\"async\" loading=\"lazy\" width=\"1024\" height=\"512\" src=\"https:\/\/activrando.org\/AR_blog\/wp-content\/uploads\/2021\/03\/210228-Charroux-16-chateau-1024x512.jpg\" alt=\"\" class=\"wp-image-2339\" srcset=\"https:\/\/activrando.org\/AR_blog\/wp-content\/uploads\/2021\/03\/210228-Charroux-16-chateau.jpg 1024w, https:\/\/activrando.org\/AR_blog\/wp-content\/uploads\/2021\/03\/210228-Charroux-16-chateau-300x150.jpg 300w, https:\/\/activrando.org\/AR_blog\/wp-content\/uploads\/2021\/03\/210228-Charroux-16-chateau-768x384.jpg 768w\" sizes=\"(max-width: 1024px) 100vw, 1024px\" \/><figcaption><strong>Le ch\u00e2teau de Mont<\/strong><br><br>\u2026<br><br>\u2026<\/figcaption><\/figure>\n\n\n\n<figure class=\"wp-block-image\"><img decoding=\"async\" loading=\"lazy\" width=\"1024\" height=\"341\" src=\"https:\/\/activrando.org\/AR_blog\/wp-content\/uploads\/2021\/03\/210228-Charroux-17-groupe-marche-1024x341.jpg\" alt=\"\" class=\"wp-image-2340\" srcset=\"https:\/\/activrando.org\/AR_blog\/wp-content\/uploads\/2021\/03\/210228-Charroux-17-groupe-marche.jpg 1024w, https:\/\/activrando.org\/AR_blog\/wp-content\/uploads\/2021\/03\/210228-Charroux-17-groupe-marche-300x100.jpg 300w, https:\/\/activrando.org\/AR_blog\/wp-content\/uploads\/2021\/03\/210228-Charroux-17-groupe-marche-768x256.jpg 768w\" sizes=\"(max-width: 1024px) 100vw, 1024px\" \/><figcaption>\u2026<br>\u2026<br><br>\u2026<\/figcaption><\/figure>\n\n\n\n<figure class=\"wp-block-image\"><img decoding=\"async\" loading=\"lazy\" width=\"1024\" height=\"341\" src=\"https:\/\/activrando.org\/AR_blog\/wp-content\/uploads\/2021\/03\/210228-Charroux-18-chevreuils-1024x341.jpg\" alt=\"\" class=\"wp-image-2341\" srcset=\"https:\/\/activrando.org\/AR_blog\/wp-content\/uploads\/2021\/03\/210228-Charroux-18-chevreuils.jpg 1024w, https:\/\/activrando.org\/AR_blog\/wp-content\/uploads\/2021\/03\/210228-Charroux-18-chevreuils-300x100.jpg 300w, https:\/\/activrando.org\/AR_blog\/wp-content\/uploads\/2021\/03\/210228-Charroux-18-chevreuils-768x256.jpg 768w\" sizes=\"(max-width: 1024px) 100vw, 1024px\" \/><figcaption><strong>Soudain nous voyons un groupe de chevreuils fuir sur la cr\u00eate, en face, puis un deuxi\u00e8me groupe qui le suivra. C&rsquo;est toujours un moment magique de les voir courir&#8230;<\/strong><br><br>\u2026<br><br>\u2026<\/figcaption><\/figure>\n\n\n\n<figure class=\"wp-block-image\"><img decoding=\"async\" loading=\"lazy\" width=\"1024\" height=\"576\" src=\"https:\/\/activrando.org\/AR_blog\/wp-content\/uploads\/2021\/03\/210228-Charroux-19-curieuses-1024x576.jpg\" alt=\"\" class=\"wp-image-2342\" srcset=\"https:\/\/activrando.org\/AR_blog\/wp-content\/uploads\/2021\/03\/210228-Charroux-19-curieuses.jpg 1024w, https:\/\/activrando.org\/AR_blog\/wp-content\/uploads\/2021\/03\/210228-Charroux-19-curieuses-300x169.jpg 300w, https:\/\/activrando.org\/AR_blog\/wp-content\/uploads\/2021\/03\/210228-Charroux-19-curieuses-768x432.jpg 768w\" sizes=\"(max-width: 1024px) 100vw, 1024px\" \/><figcaption><strong>Oh les petites curieuses !<\/strong><br><br>\u2026<br><br>\u2026<\/figcaption><\/figure>\n\n\n\n<figure class=\"wp-block-image\"><img decoding=\"async\" loading=\"lazy\" width=\"1024\" height=\"535\" src=\"https:\/\/activrando.org\/AR_blog\/wp-content\/uploads\/2021\/03\/210228-Charroux-20-groupe-pose-1024x535.jpg\" alt=\"\" class=\"wp-image-2343\" srcset=\"https:\/\/activrando.org\/AR_blog\/wp-content\/uploads\/2021\/03\/210228-Charroux-20-groupe-pose.jpg 1024w, https:\/\/activrando.org\/AR_blog\/wp-content\/uploads\/2021\/03\/210228-Charroux-20-groupe-pose-300x157.jpg 300w, https:\/\/activrando.org\/AR_blog\/wp-content\/uploads\/2021\/03\/210228-Charroux-20-groupe-pose-768x401.jpg 768w, https:\/\/activrando.org\/AR_blog\/wp-content\/uploads\/2021\/03\/210228-Charroux-20-groupe-pose-538x280.jpg 538w\" sizes=\"(max-width: 1024px) 100vw, 1024px\" \/><figcaption><strong>Au lieu-dit Puy de Verne, nous faisons par MMS un Bonjour! amical \u00e0 Daniel qui devait originellement guider cette rando (mais n&rsquo;a pu venir) et lui avait donn\u00e9 ce nom.<\/strong><br><br>\u2026<br><br>\u2026<\/figcaption><\/figure>\n\n\n\n<figure class=\"wp-block-image\"><img decoding=\"async\" loading=\"lazy\" width=\"1024\" height=\"341\" src=\"https:\/\/activrando.org\/AR_blog\/wp-content\/uploads\/2021\/03\/210228-Charroux-21-groupe-marche-1024x341.jpg\" alt=\"\" class=\"wp-image-2344\" srcset=\"https:\/\/activrando.org\/AR_blog\/wp-content\/uploads\/2021\/03\/210228-Charroux-21-groupe-marche.jpg 1024w, https:\/\/activrando.org\/AR_blog\/wp-content\/uploads\/2021\/03\/210228-Charroux-21-groupe-marche-300x100.jpg 300w, https:\/\/activrando.org\/AR_blog\/wp-content\/uploads\/2021\/03\/210228-Charroux-21-groupe-marche-768x256.jpg 768w\" sizes=\"(max-width: 1024px) 100vw, 1024px\" \/><figcaption><strong>Nous redescendons versTaxat-Senat<\/strong><br><br>\u2026<br><br>\u2026<\/figcaption><\/figure>\n\n\n\n<figure class=\"wp-block-image\"><img decoding=\"async\" loading=\"lazy\" width=\"1024\" height=\"371\" src=\"https:\/\/activrando.org\/AR_blog\/wp-content\/uploads\/2021\/03\/210228-Charroux-22-ponts-1024x371.jpg\" alt=\"\" class=\"wp-image-2345\" srcset=\"https:\/\/activrando.org\/AR_blog\/wp-content\/uploads\/2021\/03\/210228-Charroux-22-ponts.jpg 1024w, https:\/\/activrando.org\/AR_blog\/wp-content\/uploads\/2021\/03\/210228-Charroux-22-ponts-300x109.jpg 300w, https:\/\/activrando.org\/AR_blog\/wp-content\/uploads\/2021\/03\/210228-Charroux-22-ponts-768x278.jpg 768w\" sizes=\"(max-width: 1024px) 100vw, 1024px\" \/><figcaption><strong>Un pont moderne, large et s\u00e9curis\u00e9, a remplac\u00e9 le vieux pont&#8230; mais celui-ci est encore franchissable, alors nous l&#8217;emprunt\u00e2mes, pour passer dans les traces des anciens.<\/strong><br><br>\u2026<br><br>\u2026<\/figcaption><\/figure>\n\n\n\n<figure class=\"wp-block-image\"><img decoding=\"async\" loading=\"lazy\" width=\"1024\" height=\"341\" src=\"https:\/\/activrando.org\/AR_blog\/wp-content\/uploads\/2021\/03\/210228-Charroux-23-route-cimetiere-1024x341.jpg\" alt=\"\" class=\"wp-image-2346\" srcset=\"https:\/\/activrando.org\/AR_blog\/wp-content\/uploads\/2021\/03\/210228-Charroux-23-route-cimetiere.jpg 1024w, https:\/\/activrando.org\/AR_blog\/wp-content\/uploads\/2021\/03\/210228-Charroux-23-route-cimetiere-300x100.jpg 300w, https:\/\/activrando.org\/AR_blog\/wp-content\/uploads\/2021\/03\/210228-Charroux-23-route-cimetiere-768x256.jpg 768w\" sizes=\"(max-width: 1024px) 100vw, 1024px\" \/><figcaption><strong>Le cimeti\u00e8re de Taxat-Senat est \u00e0 l&rsquo;\u00e9cart du village<\/strong><br><br>\u2026<br><br>\u2026<\/figcaption><\/figure>\n\n\n\n<figure class=\"wp-block-image\"><img decoding=\"async\" loading=\"lazy\" width=\"1024\" height=\"512\" src=\"https:\/\/activrando.org\/AR_blog\/wp-content\/uploads\/2021\/03\/210228-Charroux-24-mur-velo-1024x512.jpg\" alt=\"\" class=\"wp-image-2347\" srcset=\"https:\/\/activrando.org\/AR_blog\/wp-content\/uploads\/2021\/03\/210228-Charroux-24-mur-velo.jpg 1024w, https:\/\/activrando.org\/AR_blog\/wp-content\/uploads\/2021\/03\/210228-Charroux-24-mur-velo-300x150.jpg 300w, https:\/\/activrando.org\/AR_blog\/wp-content\/uploads\/2021\/03\/210228-Charroux-24-mur-velo-768x384.jpg 768w\" sizes=\"(max-width: 1024px) 100vw, 1024px\" \/><figcaption><strong>Une&#8230; singularit\u00e9, \u00e0 l&rsquo;entr\u00e9e de Taxat-Senat<\/strong><br><br>\u2026<br><br>\u2026<\/figcaption><\/figure>\n\n\n\n<figure class=\"wp-block-image\"><img decoding=\"async\" loading=\"lazy\" width=\"1024\" height=\"640\" src=\"https:\/\/activrando.org\/AR_blog\/wp-content\/uploads\/2021\/03\/210228-Charroux-25-Taxat-Senat-eglise-1024x640.jpg\" alt=\"\" class=\"wp-image-2348\" srcset=\"https:\/\/activrando.org\/AR_blog\/wp-content\/uploads\/2021\/03\/210228-Charroux-25-Taxat-Senat-eglise.jpg 1024w, https:\/\/activrando.org\/AR_blog\/wp-content\/uploads\/2021\/03\/210228-Charroux-25-Taxat-Senat-eglise-300x188.jpg 300w, https:\/\/activrando.org\/AR_blog\/wp-content\/uploads\/2021\/03\/210228-Charroux-25-Taxat-Senat-eglise-768x480.jpg 768w\" sizes=\"(max-width: 1024px) 100vw, 1024px\" \/><figcaption><strong>L&rsquo;\u00e9glise deTaxat-Senat<\/strong><br><br>\u2026<br><br>\u2026<\/figcaption><\/figure>\n\n\n\n<figure class=\"wp-block-image\"><img decoding=\"async\" loading=\"lazy\" width=\"1024\" height=\"341\" src=\"https:\/\/activrando.org\/AR_blog\/wp-content\/uploads\/2021\/03\/210228-Charroux-26-Taxat-Senat-chateau-1024x341.jpg\" alt=\"\" class=\"wp-image-2349\" srcset=\"https:\/\/activrando.org\/AR_blog\/wp-content\/uploads\/2021\/03\/210228-Charroux-26-Taxat-Senat-chateau.jpg 1024w, https:\/\/activrando.org\/AR_blog\/wp-content\/uploads\/2021\/03\/210228-Charroux-26-Taxat-Senat-chateau-300x100.jpg 300w, https:\/\/activrando.org\/AR_blog\/wp-content\/uploads\/2021\/03\/210228-Charroux-26-Taxat-Senat-chateau-768x256.jpg 768w\" sizes=\"(max-width: 1024px) 100vw, 1024px\" \/><figcaption><strong>Ch\u00e2teau \u00e0 Taxat-Senat<\/strong><br><br>\u2026<br><br>\u2026<\/figcaption><\/figure>\n\n\n\n<figure class=\"wp-block-image\"><img decoding=\"async\" loading=\"lazy\" width=\"1024\" height=\"512\" src=\"https:\/\/activrando.org\/AR_blog\/wp-content\/uploads\/2021\/03\/210228-Charroux-27-groupe-marche-1024x512.jpg\" alt=\"\" class=\"wp-image-2350\" srcset=\"https:\/\/activrando.org\/AR_blog\/wp-content\/uploads\/2021\/03\/210228-Charroux-27-groupe-marche.jpg 1024w, https:\/\/activrando.org\/AR_blog\/wp-content\/uploads\/2021\/03\/210228-Charroux-27-groupe-marche-300x150.jpg 300w, https:\/\/activrando.org\/AR_blog\/wp-content\/uploads\/2021\/03\/210228-Charroux-27-groupe-marche-768x384.jpg 768w\" sizes=\"(max-width: 1024px) 100vw, 1024px\" \/><figcaption>\u2026<br><br>\u2026<br><br>\u2026<\/figcaption><\/figure>\n\n\n\n<figure class=\"wp-block-image\"><img decoding=\"async\" loading=\"lazy\" width=\"1024\" height=\"576\" src=\"https:\/\/activrando.org\/AR_blog\/wp-content\/uploads\/2021\/03\/210228-Charroux-28-groupe-marche-1024x576.jpg\" alt=\"\" class=\"wp-image-2351\" srcset=\"https:\/\/activrando.org\/AR_blog\/wp-content\/uploads\/2021\/03\/210228-Charroux-28-groupe-marche.jpg 1024w, https:\/\/activrando.org\/AR_blog\/wp-content\/uploads\/2021\/03\/210228-Charroux-28-groupe-marche-300x169.jpg 300w, https:\/\/activrando.org\/AR_blog\/wp-content\/uploads\/2021\/03\/210228-Charroux-28-groupe-marche-768x432.jpg 768w\" sizes=\"(max-width: 1024px) 100vw, 1024px\" \/><figcaption>\u2026<br><br>\u2026<br><br>\u2026<\/figcaption><\/figure>\n\n\n\n<figure class=\"wp-block-image\"><img decoding=\"async\" loading=\"lazy\" width=\"1024\" height=\"341\" src=\"https:\/\/activrando.org\/AR_blog\/wp-content\/uploads\/2021\/03\/210228-Charroux-29-groupe-marche-1024x341.jpg\" alt=\"\" class=\"wp-image-2352\" srcset=\"https:\/\/activrando.org\/AR_blog\/wp-content\/uploads\/2021\/03\/210228-Charroux-29-groupe-marche.jpg 1024w, https:\/\/activrando.org\/AR_blog\/wp-content\/uploads\/2021\/03\/210228-Charroux-29-groupe-marche-300x100.jpg 300w, https:\/\/activrando.org\/AR_blog\/wp-content\/uploads\/2021\/03\/210228-Charroux-29-groupe-marche-768x256.jpg 768w\" sizes=\"(max-width: 1024px) 100vw, 1024px\" \/><figcaption><strong>On voit au loin le village de Naves, qui de sa butte domine les environs&#8230; C&rsquo;est l\u00e0 que nous devons \u00eatre dans 3\/4 d&rsquo;heure pour retrouver le petit groupe<\/strong><br><strong>qui nous y attend pour faire avec nous les 10 derniers km. On arrivera quasiment \u00e0 l&rsquo;heure, pour le casse-cro\u00fbte tous ensemble.<\/strong><br><br>\u2026<br><br>\u2026<\/figcaption><\/figure>\n\n\n\n<figure class=\"wp-block-image\"><img decoding=\"async\" loading=\"lazy\" width=\"1024\" height=\"341\" src=\"https:\/\/activrando.org\/AR_blog\/wp-content\/uploads\/2021\/03\/210228-Charroux-30-groupe-marche-1024x341.jpg\" alt=\"\" class=\"wp-image-2353\" srcset=\"https:\/\/activrando.org\/AR_blog\/wp-content\/uploads\/2021\/03\/210228-Charroux-30-groupe-marche.jpg 1024w, https:\/\/activrando.org\/AR_blog\/wp-content\/uploads\/2021\/03\/210228-Charroux-30-groupe-marche-300x100.jpg 300w, https:\/\/activrando.org\/AR_blog\/wp-content\/uploads\/2021\/03\/210228-Charroux-30-groupe-marche-768x256.jpg 768w\" sizes=\"(max-width: 1024px) 100vw, 1024px\" \/><figcaption>\u2026<br><br>\u2026<br><br>\u2026<\/figcaption><\/figure>\n\n\n\n<figure class=\"wp-block-image\"><img decoding=\"async\" loading=\"lazy\" width=\"1024\" height=\"341\" src=\"https:\/\/activrando.org\/AR_blog\/wp-content\/uploads\/2021\/03\/210228-Charroux-31-groupe-marche-1024x341.jpg\" alt=\"\" class=\"wp-image-2354\" srcset=\"https:\/\/activrando.org\/AR_blog\/wp-content\/uploads\/2021\/03\/210228-Charroux-31-groupe-marche.jpg 1024w, https:\/\/activrando.org\/AR_blog\/wp-content\/uploads\/2021\/03\/210228-Charroux-31-groupe-marche-300x100.jpg 300w, https:\/\/activrando.org\/AR_blog\/wp-content\/uploads\/2021\/03\/210228-Charroux-31-groupe-marche-768x256.jpg 768w\" sizes=\"(max-width: 1024px) 100vw, 1024px\" \/><figcaption><strong>Une derni\u00e8re mont\u00e9e pour atteindre notre lieu de pique-nique, pr\u00e8s de l&rsquo;\u00e9glise de Naves&#8230;<\/strong><br><br>\u2026<br><br>\u2026<\/figcaption><\/figure>\n\n\n\n<figure class=\"wp-block-image\"><img decoding=\"async\" loading=\"lazy\" width=\"1024\" height=\"576\" src=\"https:\/\/activrando.org\/AR_blog\/wp-content\/uploads\/2021\/03\/210228-Charroux-32-croix-panorama-1024x576.jpg\" alt=\"\" class=\"wp-image-2355\" srcset=\"https:\/\/activrando.org\/AR_blog\/wp-content\/uploads\/2021\/03\/210228-Charroux-32-croix-panorama.jpg 1024w, https:\/\/activrando.org\/AR_blog\/wp-content\/uploads\/2021\/03\/210228-Charroux-32-croix-panorama-300x169.jpg 300w, https:\/\/activrando.org\/AR_blog\/wp-content\/uploads\/2021\/03\/210228-Charroux-32-croix-panorama-768x432.jpg 768w\" sizes=\"(max-width: 1024px) 100vw, 1024px\" \/><figcaption>\u2026<br><br>\u2026<br><br>\u2026<\/figcaption><\/figure>\n\n\n\n<figure class=\"wp-block-image\"><img decoding=\"async\" loading=\"lazy\" width=\"1024\" height=\"576\" src=\"https:\/\/activrando.org\/AR_blog\/wp-content\/uploads\/2021\/03\/210228-Charroux-33-Naves-cimetiere-1024x576.jpg\" alt=\"\" class=\"wp-image-2356\" srcset=\"https:\/\/activrando.org\/AR_blog\/wp-content\/uploads\/2021\/03\/210228-Charroux-33-Naves-cimetiere.jpg 1024w, https:\/\/activrando.org\/AR_blog\/wp-content\/uploads\/2021\/03\/210228-Charroux-33-Naves-cimetiere-300x169.jpg 300w, https:\/\/activrando.org\/AR_blog\/wp-content\/uploads\/2021\/03\/210228-Charroux-33-Naves-cimetiere-768x432.jpg 768w\" sizes=\"(max-width: 1024px) 100vw, 1024px\" \/><figcaption><strong>Apr\u00e8s le pique-nique sur la pelouse c\u00f4t\u00e9 Sud de l&rsquo;\u00e9glise (donc au soleil et \u00e0 l&rsquo;abri du vent) et avant de repartir gambader, une visite du cimeti\u00e8re jouxtant l&rsquo;\u00e9glise s&rsquo;impose !<\/strong><br><strong>s<\/strong><\/figcaption><\/figure>\n\n\n\n<figure class=\"wp-block-image\"><img decoding=\"async\" loading=\"lazy\" width=\"1024\" height=\"341\" src=\"https:\/\/activrando.org\/AR_blog\/wp-content\/uploads\/2021\/03\/210228-Charroux-34-Naves-panorama-1024x341.jpg\" alt=\"\" class=\"wp-image-2357\" srcset=\"https:\/\/activrando.org\/AR_blog\/wp-content\/uploads\/2021\/03\/210228-Charroux-34-Naves-panorama.jpg 1024w, https:\/\/activrando.org\/AR_blog\/wp-content\/uploads\/2021\/03\/210228-Charroux-34-Naves-panorama-300x100.jpg 300w, https:\/\/activrando.org\/AR_blog\/wp-content\/uploads\/2021\/03\/210228-Charroux-34-Naves-panorama-768x256.jpg 768w\" sizes=\"(max-width: 1024px) 100vw, 1024px\" \/><figcaption><strong>Le point de vue vers le Nord que l&rsquo;on a \u00e0 l&rsquo;extr\u00e9mit\u00e9 du cimeti\u00e8re, avec table d&rsquo;orientation !<\/strong><br><br>\u2026<br><br>\u2026<\/figcaption><\/figure>\n\n\n\n<figure class=\"wp-block-image\"><img decoding=\"async\" loading=\"lazy\" width=\"1024\" height=\"576\" src=\"https:\/\/activrando.org\/AR_blog\/wp-content\/uploads\/2021\/03\/210228-Charroux-35-Naves-lavoir-1024x576.jpg\" alt=\"\" class=\"wp-image-2358\" srcset=\"https:\/\/activrando.org\/AR_blog\/wp-content\/uploads\/2021\/03\/210228-Charroux-35-Naves-lavoir.jpg 1024w, https:\/\/activrando.org\/AR_blog\/wp-content\/uploads\/2021\/03\/210228-Charroux-35-Naves-lavoir-300x169.jpg 300w, https:\/\/activrando.org\/AR_blog\/wp-content\/uploads\/2021\/03\/210228-Charroux-35-Naves-lavoir-768x432.jpg 768w\" sizes=\"(max-width: 1024px) 100vw, 1024px\" \/><figcaption><strong>Un peu \u00e0 l&rsquo;\u00e9cart du village de Naves, un lavoir aliment\u00e9 par une source.<\/strong><br><br>\u2026<br><br>\u2026<\/figcaption><\/figure>\n\n\n\n<figure class=\"wp-block-image\"><img decoding=\"async\" loading=\"lazy\" width=\"1024\" height=\"341\" src=\"https:\/\/activrando.org\/AR_blog\/wp-content\/uploads\/2021\/03\/210228-Charroux-36-groupe-marche-1024x341.jpg\" alt=\"\" class=\"wp-image-2359\" srcset=\"https:\/\/activrando.org\/AR_blog\/wp-content\/uploads\/2021\/03\/210228-Charroux-36-groupe-marche.jpg 1024w, https:\/\/activrando.org\/AR_blog\/wp-content\/uploads\/2021\/03\/210228-Charroux-36-groupe-marche-300x100.jpg 300w, https:\/\/activrando.org\/AR_blog\/wp-content\/uploads\/2021\/03\/210228-Charroux-36-groupe-marche-768x256.jpg 768w\" sizes=\"(max-width: 1024px) 100vw, 1024px\" \/><figcaption>\u2026<br><br>\u2026<br><br>\u2026<\/figcaption><\/figure>\n\n\n\n<figure class=\"wp-block-image\"><img decoding=\"async\" loading=\"lazy\" width=\"1024\" height=\"341\" src=\"https:\/\/activrando.org\/AR_blog\/wp-content\/uploads\/2021\/03\/210228-Charroux-37-groupe-marche-1024x341.jpg\" alt=\"\" class=\"wp-image-2360\" srcset=\"https:\/\/activrando.org\/AR_blog\/wp-content\/uploads\/2021\/03\/210228-Charroux-37-groupe-marche.jpg 1024w, https:\/\/activrando.org\/AR_blog\/wp-content\/uploads\/2021\/03\/210228-Charroux-37-groupe-marche-300x100.jpg 300w, https:\/\/activrando.org\/AR_blog\/wp-content\/uploads\/2021\/03\/210228-Charroux-37-groupe-marche-768x256.jpg 768w\" sizes=\"(max-width: 1024px) 100vw, 1024px\" \/><figcaption><strong>Nous approchons le bord du plateau&#8230;<\/strong><br><br>\u2026<br><br>\u2026<\/figcaption><\/figure>\n\n\n\n<figure class=\"wp-block-image\"><img decoding=\"async\" loading=\"lazy\" width=\"1024\" height=\"341\" src=\"https:\/\/activrando.org\/AR_blog\/wp-content\/uploads\/2021\/03\/210228-Charroux-38-groupe-marche-1024x341.jpg\" alt=\"\" class=\"wp-image-2361\" srcset=\"https:\/\/activrando.org\/AR_blog\/wp-content\/uploads\/2021\/03\/210228-Charroux-38-groupe-marche.jpg 1024w, https:\/\/activrando.org\/AR_blog\/wp-content\/uploads\/2021\/03\/210228-Charroux-38-groupe-marche-300x100.jpg 300w, https:\/\/activrando.org\/AR_blog\/wp-content\/uploads\/2021\/03\/210228-Charroux-38-groupe-marche-768x256.jpg 768w\" sizes=\"(max-width: 1024px) 100vw, 1024px\" \/><figcaption>\u2026<br><br>\u2026<br><br>\u2026<\/figcaption><\/figure>\n\n\n\n<figure class=\"wp-block-image\"><img decoding=\"async\" loading=\"lazy\" width=\"1024\" height=\"341\" src=\"https:\/\/activrando.org\/AR_blog\/wp-content\/uploads\/2021\/03\/210228-Charroux-39-groupe-pause-1024x341.jpg\" alt=\"\" class=\"wp-image-2362\" srcset=\"https:\/\/activrando.org\/AR_blog\/wp-content\/uploads\/2021\/03\/210228-Charroux-39-groupe-pause.jpg 1024w, https:\/\/activrando.org\/AR_blog\/wp-content\/uploads\/2021\/03\/210228-Charroux-39-groupe-pause-300x100.jpg 300w, https:\/\/activrando.org\/AR_blog\/wp-content\/uploads\/2021\/03\/210228-Charroux-39-groupe-pause-768x256.jpg 768w\" sizes=\"(max-width: 1024px) 100vw, 1024px\" \/><figcaption>\u2026<br><br>\u2026<br><br>\u2026<\/figcaption><\/figure>\n\n\n\n<figure class=\"wp-block-image\"><img decoding=\"async\" loading=\"lazy\" width=\"1024\" height=\"441\" src=\"https:\/\/activrando.org\/AR_blog\/wp-content\/uploads\/2021\/03\/210228-Charroux-40-groupe-marche-1024x441.jpg\" alt=\"\" class=\"wp-image-2363\" srcset=\"https:\/\/activrando.org\/AR_blog\/wp-content\/uploads\/2021\/03\/210228-Charroux-40-groupe-marche.jpg 1024w, https:\/\/activrando.org\/AR_blog\/wp-content\/uploads\/2021\/03\/210228-Charroux-40-groupe-marche-300x129.jpg 300w, https:\/\/activrando.org\/AR_blog\/wp-content\/uploads\/2021\/03\/210228-Charroux-40-groupe-marche-768x331.jpg 768w\" sizes=\"(max-width: 1024px) 100vw, 1024px\" \/><figcaption>\u2026<br><br>\u2026<br><br>\u2026<\/figcaption><\/figure>\n\n\n\n<figure class=\"wp-block-image\"><img decoding=\"async\" loading=\"lazy\" width=\"1024\" height=\"576\" src=\"https:\/\/activrando.org\/AR_blog\/wp-content\/uploads\/2021\/03\/210228-Charroux-41-peupliers-1024x576.jpg\" alt=\"\" class=\"wp-image-2364\" srcset=\"https:\/\/activrando.org\/AR_blog\/wp-content\/uploads\/2021\/03\/210228-Charroux-41-peupliers.jpg 1024w, https:\/\/activrando.org\/AR_blog\/wp-content\/uploads\/2021\/03\/210228-Charroux-41-peupliers-300x169.jpg 300w, https:\/\/activrando.org\/AR_blog\/wp-content\/uploads\/2021\/03\/210228-Charroux-41-peupliers-768x432.jpg 768w\" sizes=\"(max-width: 1024px) 100vw, 1024px\" \/><figcaption><strong>Ces peupliers dansent, mais \u00e0 un rythme si lent (se compte en mois, en ann\u00e9es) que nous les voyons justes \u00a0\u00bbpench\u00e9s\u00a0\u00bb.<\/strong><br><br>\u2026<br><br>\u2026\u221e<\/figcaption><\/figure>\n\n\n\n<figure class=\"wp-block-image\"><img decoding=\"async\" loading=\"lazy\" width=\"1024\" height=\"362\" src=\"https:\/\/activrando.org\/AR_blog\/wp-content\/uploads\/2021\/03\/210228-Charroux-42-ruisseau-plantes-1024x362.jpg\" alt=\"\" class=\"wp-image-2365\" srcset=\"https:\/\/activrando.org\/AR_blog\/wp-content\/uploads\/2021\/03\/210228-Charroux-42-ruisseau-plantes.jpg 1024w, https:\/\/activrando.org\/AR_blog\/wp-content\/uploads\/2021\/03\/210228-Charroux-42-ruisseau-plantes-300x106.jpg 300w, https:\/\/activrando.org\/AR_blog\/wp-content\/uploads\/2021\/03\/210228-Charroux-42-ruisseau-plantes-768x272.jpg 768w\" sizes=\"(max-width: 1024px) 100vw, 1024px\" \/><figcaption><strong>En face, les plantes nouvelles repoussent dans le ruisseau : iris sauvages, cresson,&#8230;<\/strong><br><br>\u2026<br><br>\u2026<\/figcaption><\/figure>\n\n\n\n<figure class=\"wp-block-image\"><img decoding=\"async\" loading=\"lazy\" width=\"1024\" height=\"540\" src=\"https:\/\/activrando.org\/AR_blog\/wp-content\/uploads\/2021\/03\/210228-Charroux-43-groupe-marche-1024x540.jpg\" alt=\"\" class=\"wp-image-2366\" srcset=\"https:\/\/activrando.org\/AR_blog\/wp-content\/uploads\/2021\/03\/210228-Charroux-43-groupe-marche.jpg 1024w, https:\/\/activrando.org\/AR_blog\/wp-content\/uploads\/2021\/03\/210228-Charroux-43-groupe-marche-300x158.jpg 300w, https:\/\/activrando.org\/AR_blog\/wp-content\/uploads\/2021\/03\/210228-Charroux-43-groupe-marche-768x405.jpg 768w\" sizes=\"(max-width: 1024px) 100vw, 1024px\" \/><figcaption>\u2026<br><br>\u2026<br><br>\u2026<\/figcaption><\/figure>\n\n\n\n<figure class=\"wp-block-image\"><img decoding=\"async\" loading=\"lazy\" width=\"1024\" height=\"573\" src=\"https:\/\/activrando.org\/AR_blog\/wp-content\/uploads\/2021\/03\/210228-Charroux-44-chateau-Ruilliers-1024x573.jpg\" alt=\"\" class=\"wp-image-2367\" srcset=\"https:\/\/activrando.org\/AR_blog\/wp-content\/uploads\/2021\/03\/210228-Charroux-44-chateau-Ruilliers.jpg 1024w, https:\/\/activrando.org\/AR_blog\/wp-content\/uploads\/2021\/03\/210228-Charroux-44-chateau-Ruilliers-300x168.jpg 300w, https:\/\/activrando.org\/AR_blog\/wp-content\/uploads\/2021\/03\/210228-Charroux-44-chateau-Ruilliers-768x430.jpg 768w\" sizes=\"(max-width: 1024px) 100vw, 1024px\" \/><figcaption><strong>Nous passons pr\u00e8s du ch\u00e2teau des Ruilliers<\/strong><br><br>\u2026<br><br>\u2026<\/figcaption><\/figure>\n\n\n\n<figure class=\"wp-block-image\"><img decoding=\"async\" loading=\"lazy\" width=\"1024\" height=\"445\" src=\"https:\/\/activrando.org\/AR_blog\/wp-content\/uploads\/2021\/03\/210228-Charroux-45-groupe-marche-1024x445.jpg\" alt=\"\" class=\"wp-image-2368\" srcset=\"https:\/\/activrando.org\/AR_blog\/wp-content\/uploads\/2021\/03\/210228-Charroux-45-groupe-marche.jpg 1024w, https:\/\/activrando.org\/AR_blog\/wp-content\/uploads\/2021\/03\/210228-Charroux-45-groupe-marche-300x130.jpg 300w, https:\/\/activrando.org\/AR_blog\/wp-content\/uploads\/2021\/03\/210228-Charroux-45-groupe-marche-768x334.jpg 768w\" sizes=\"(max-width: 1024px) 100vw, 1024px\" \/><figcaption>\u2026<br><br>\u2026<br><br>\u2026<\/figcaption><\/figure>\n\n\n\n<figure class=\"wp-block-image\"><img decoding=\"async\" loading=\"lazy\" width=\"1024\" height=\"512\" src=\"https:\/\/activrando.org\/AR_blog\/wp-content\/uploads\/2021\/03\/210228-Charroux-46-groupe-marche-1024x512.jpg\" alt=\"\" class=\"wp-image-2369\" srcset=\"https:\/\/activrando.org\/AR_blog\/wp-content\/uploads\/2021\/03\/210228-Charroux-46-groupe-marche.jpg 1024w, https:\/\/activrando.org\/AR_blog\/wp-content\/uploads\/2021\/03\/210228-Charroux-46-groupe-marche-300x150.jpg 300w, https:\/\/activrando.org\/AR_blog\/wp-content\/uploads\/2021\/03\/210228-Charroux-46-groupe-marche-768x384.jpg 768w\" sizes=\"(max-width: 1024px) 100vw, 1024px\" \/><figcaption><strong>Et voil\u00e0, plus qu&rsquo;\u00e0 monter cette derni\u00e8re longue c\u00f4te et l&rsquo;on sera arriv\u00e9s !<\/strong><br><br>\u2026<br><br>\u2026<\/figcaption><\/figure>\n\n\n\n<figure class=\"wp-block-image\"><img decoding=\"async\" loading=\"lazy\" width=\"1024\" height=\"512\" src=\"https:\/\/activrando.org\/AR_blog\/wp-content\/uploads\/2021\/03\/210228-Charroux-47-groupe-pose-1024x512.jpg\" alt=\"\" class=\"wp-image-2370\" srcset=\"https:\/\/activrando.org\/AR_blog\/wp-content\/uploads\/2021\/03\/210228-Charroux-47-groupe-pose.jpg 1024w, https:\/\/activrando.org\/AR_blog\/wp-content\/uploads\/2021\/03\/210228-Charroux-47-groupe-pose-300x150.jpg 300w, https:\/\/activrando.org\/AR_blog\/wp-content\/uploads\/2021\/03\/210228-Charroux-47-groupe-pose-768x384.jpg 768w\" sizes=\"(max-width: 1024px) 100vw, 1024px\" \/><figcaption>\u2026<br><br>\u2026<br><br>\u2026<\/figcaption><\/figure>\n\n\n\n<p class=\"has-text-align-center\"><strong><a href=\"https:\/\/activrando.org\/AR_blog\/2021\/02\/26\/de-lallier-au-sichon-a-r-petite-rando-a-abrest-jeudi-26-fev-2021\/\">&lt; &lt; &lt; ARTICLE PR\u00c9C\u00c9DENT<\/a> &#8212;&#8212;&#8212;&#8212;&#8212;&#8212;-  <a href=\"https:\/\/activrando.org\/AR_blog\/\">ACCUEIL DU BLOG<\/a> &#8212;&#8212;&#8212;&#8212;&#8212;&#8212;&#8212;-  <a href=\"https:\/\/activrando.org\/AR_blog\/2021\/03\/07\/montee-a-la-verrerie-journee-rando-a-st-clement-dim-7-mars-2021\/\">ARTICLE SUIVANT &gt; &gt; &gt;<\/a><\/strong><\/p>\n","protected":false},"excerpt":{"rendered":"<p>C&rsquo;est un parcours de plaine de pr\u00e8s de 25 km que nous effectuons ce dimanche au d\u00e9part de Charroux, avec beaucoup de vues au loin et donc une sensation certaine d&rsquo;ouverture et d&rsquo;espace, alors que la v\u00e9g\u00e9tation est encore rase, fin d&rsquo;hiver oblige. Mais cet espace est ponctu\u00e9 d&rsquo;une belle&#8230;<\/p>\n","protected":false},"author":2,"featured_media":2371,"comment_status":"closed","ping_status":"closed","sticky":false,"template":"","format":"standard","meta":[],"categories":[2],"tags":[8,22,9],"_links":{"self":[{"href":"https:\/\/activrando.org\/AR_blog\/wp-json\/wp\/v2\/posts\/2308"}],"collection":[{"href":"https:\/\/activrando.org\/AR_blog\/wp-json\/wp\/v2\/posts"}],"about":[{"href":"https:\/\/activrando.org\/AR_blog\/wp-json\/wp\/v2\/types\/post"}],"author":[{"embeddable":true,"href":"https:\/\/activrando.org\/AR_blog\/wp-json\/wp\/v2\/users\/2"}],"replies":[{"embeddable":true,"href":"https:\/\/activrando.org\/AR_blog\/wp-json\/wp\/v2\/comments?post=2308"}],"version-history":[{"count":12,"href":"https:\/\/activrando.org\/AR_blog\/wp-json\/wp\/v2\/posts\/2308\/revisions"}],"predecessor-version":[{"id":3696,"href":"https:\/\/activrando.org\/AR_blog\/wp-json\/wp\/v2\/posts\/2308\/revisions\/3696"}],"wp:featuredmedia":[{"embeddable":true,"href":"https:\/\/activrando.org\/AR_blog\/wp-json\/wp\/v2\/media\/2371"}],"wp:attachment":[{"href":"https:\/\/activrando.org\/AR_blog\/wp-json\/wp\/v2\/media?parent=2308"}],"wp:term":[{"taxonomy":"category","embeddable":true,"href":"https:\/\/activrando.org\/AR_blog\/wp-json\/wp\/v2\/categories?post=2308"},{"taxonomy":"post_tag","embeddable":true,"href":"https:\/\/activrando.org\/AR_blog\/wp-json\/wp\/v2\/tags?post=2308"}],"curies":[{"name":"wp","href":"https:\/\/api.w.org\/{rel}","templated":true}]}}