{"id":2306,"date":"2021-02-26T20:25:55","date_gmt":"2021-02-26T19:25:55","guid":{"rendered":"http:\/\/activrando.org\/AR_blog\/?p=2306"},"modified":"2021-06-22T16:04:41","modified_gmt":"2021-06-22T14:04:41","slug":"de-lallier-au-sichon-a-r-petite-rando-a-abrest-jeudi-26-fev-2021","status":"publish","type":"post","link":"https:\/\/activrando.org\/AR_blog\/2021\/02\/26\/de-lallier-au-sichon-a-r-petite-rando-a-abrest-jeudi-26-fev-2021\/","title":{"rendered":"\u00a0\u00bbDe l&rsquo;Allier au Sichon A-R\u00a0\u00bb, petite rando \u00e0 Abrest, jeudi 26 f\u00e9v. 2021 (14 photos)"},"content":{"rendered":"\n<p><strong>Entre l&rsquo;Allier \u00e0 Abrest et le Sichon \u00e0 Cusset \/ Les Grivats, il n&rsquo;y a que 3 km \u00e0 vol d&rsquo;oiseau et un espace id\u00e9al avec beaucoup de chemins int\u00e9ressants pour tracer un circuit de demie-journ\u00e9e offrant une bonne dose de d\u00e9nivel\u00e9 proportionnellement \u00e0 sa longueur car l&rsquo;Allier passe l\u00e0 \u00e0 250 m d&rsquo;altitude et le Sichon \u00e0 290 m, avec entre les deux la colline du Vernet qui culmine \u00e0 440 m. Encore fallait-il y penser. C&rsquo;est fait et act\u00e9. Merci Activ Rando, les autres suivront, peut-\u00eatre.<\/strong><\/p>\n\n\n\n<p style=\"text-align:center\"><strong><a href=\"https:\/\/activrando.org\/AR_blog\/2021\/02\/23\/le-chalon-rando-sante-a-saint-pont-mardi-23-fev-2021\/\">&lt; &lt; &lt; ARTICLE PR\u00c9C\u00c9DENT<\/a> &#8212;&#8212;&#8212;&#8212;&#8212;&#8212;-  <a href=\"https:\/\/activrando.org\/AR_blog\/\">ACCUEIL DU BLOG<\/a> &#8212;&#8212;&#8212;&#8212;&#8212;&#8212;&#8212;-  <a href=\"https:\/\/activrando.org\/AR_blog\/2021\/02\/28\/puy-de-verne-journee-rando-a-charroux-dim-28-fev-2021\/\">ARTICLE SUIVANT &gt; &gt; &gt;<\/a><a href=\"https:\/\/activrando.org\/AR_blog\/2021\/03\/07\/montee-a-la-verrerie-journee-rando-a-st-clement-dim-7-mars-2021\/\">\ufeff<\/a><\/strong><\/p>\n\n\n\n<figure class=\"wp-block-image\"><img decoding=\"async\" loading=\"lazy\" width=\"1024\" height=\"640\" src=\"https:\/\/activrando.org\/AR_blog\/wp-content\/uploads\/2021\/03\/210225-Abrest-01-groupe-marche-1024x640.jpg\" alt=\"\" class=\"wp-image-2379\" srcset=\"https:\/\/activrando.org\/AR_blog\/wp-content\/uploads\/2021\/03\/210225-Abrest-01-groupe-marche.jpg 1024w, https:\/\/activrando.org\/AR_blog\/wp-content\/uploads\/2021\/03\/210225-Abrest-01-groupe-marche-300x188.jpg 300w, https:\/\/activrando.org\/AR_blog\/wp-content\/uploads\/2021\/03\/210225-Abrest-01-groupe-marche-768x480.jpg 768w\" sizes=\"(max-width: 1024px) 100vw, 1024px\" \/><figcaption>C&rsquo;est parti&#8230; sur le plat le long de l&rsquo;Allier, pour un circuit qui va offrir une bonne dose de d\u00e9nivel\u00e9.<br><br>\u2026<br><br>\u2026<\/figcaption><\/figure>\n\n\n\n<figure class=\"wp-block-image\"><img decoding=\"async\" loading=\"lazy\" width=\"1024\" height=\"576\" src=\"https:\/\/activrando.org\/AR_blog\/wp-content\/uploads\/2021\/03\/210225-Abrest-02-groupe-marche-1024x576.jpg\" alt=\"\" class=\"wp-image-2380\" srcset=\"https:\/\/activrando.org\/AR_blog\/wp-content\/uploads\/2021\/03\/210225-Abrest-02-groupe-marche.jpg 1024w, https:\/\/activrando.org\/AR_blog\/wp-content\/uploads\/2021\/03\/210225-Abrest-02-groupe-marche-300x169.jpg 300w, https:\/\/activrando.org\/AR_blog\/wp-content\/uploads\/2021\/03\/210225-Abrest-02-groupe-marche-768x432.jpg 768w\" sizes=\"(max-width: 1024px) 100vw, 1024px\" \/><figcaption>\u00c0 l&rsquo;arri\u00e8re du groupe&#8230;<br><br>\u2026<br><br>\u2026<\/figcaption><\/figure>\n\n\n\n<figure class=\"wp-block-image\"><img decoding=\"async\" loading=\"lazy\" width=\"1024\" height=\"512\" src=\"https:\/\/activrando.org\/AR_blog\/wp-content\/uploads\/2021\/03\/210225-Abrest-03-riviere-Allier-1024x512.jpg\" alt=\"\" class=\"wp-image-2382\" srcset=\"https:\/\/activrando.org\/AR_blog\/wp-content\/uploads\/2021\/03\/210225-Abrest-03-riviere-Allier.jpg 1024w, https:\/\/activrando.org\/AR_blog\/wp-content\/uploads\/2021\/03\/210225-Abrest-03-riviere-Allier-300x150.jpg 300w, https:\/\/activrando.org\/AR_blog\/wp-content\/uploads\/2021\/03\/210225-Abrest-03-riviere-Allier-768x384.jpg 768w\" sizes=\"(max-width: 1024px) 100vw, 1024px\" \/><figcaption><strong>L&rsquo;Allier en son lit, redevenue paisible apr\u00e8s les crues des semaines pass\u00e9es et montrant \u00e0 nouveau les bancs de sable qui encombrent ses fonds.<\/strong><br><br>\u2026<br><br>\u2026<\/figcaption><\/figure>\n\n\n\n<figure class=\"wp-block-image\"><img decoding=\"async\" loading=\"lazy\" width=\"1024\" height=\"512\" src=\"https:\/\/activrando.org\/AR_blog\/wp-content\/uploads\/2021\/03\/210225-Abrest-04-riviere-Allier-sable-1024x512.jpg\" alt=\"\" class=\"wp-image-2383\" srcset=\"https:\/\/activrando.org\/AR_blog\/wp-content\/uploads\/2021\/03\/210225-Abrest-04-riviere-Allier-sable.jpg 1024w, https:\/\/activrando.org\/AR_blog\/wp-content\/uploads\/2021\/03\/210225-Abrest-04-riviere-Allier-sable-300x150.jpg 300w, https:\/\/activrando.org\/AR_blog\/wp-content\/uploads\/2021\/03\/210225-Abrest-04-riviere-Allier-sable-768x384.jpg 768w\" sizes=\"(max-width: 1024px) 100vw, 1024px\" \/><figcaption><strong>Les lignes successives dans le limon de la berge nous montrent comment la d\u00e9crue s&rsquo;est faite par paliers apr\u00e8s les hautes eaux dues aux pluies et fonte des neiges, en janvier et d\u00e9but f\u00e9vrier.<\/strong><br><br>\u2026<br><br>\u2026<\/figcaption><\/figure>\n\n\n\n<figure class=\"wp-block-image\"><img decoding=\"async\" loading=\"lazy\" width=\"1024\" height=\"640\" src=\"https:\/\/activrando.org\/AR_blog\/wp-content\/uploads\/2021\/03\/210225-Abrest-03-groupe-marche-1024x640.jpg\" alt=\"\" class=\"wp-image-2381\" srcset=\"https:\/\/activrando.org\/AR_blog\/wp-content\/uploads\/2021\/03\/210225-Abrest-03-groupe-marche.jpg 1024w, https:\/\/activrando.org\/AR_blog\/wp-content\/uploads\/2021\/03\/210225-Abrest-03-groupe-marche-300x188.jpg 300w, https:\/\/activrando.org\/AR_blog\/wp-content\/uploads\/2021\/03\/210225-Abrest-03-groupe-marche-768x480.jpg 768w\" sizes=\"(max-width: 1024px) 100vw, 1024px\" \/><figcaption><strong>La mont\u00e9e de la C\u00f4te Saint-Amand est s\u00e9lective et diff\u00e9rencie les niveaux de forme des participants par l&rsquo;\u00e9cart qui se creuse entre eux.<\/strong><br><br>\u2026<br><br>\u2026<\/figcaption><\/figure>\n\n\n\n<figure class=\"wp-block-image\"><img decoding=\"async\" loading=\"lazy\" width=\"1024\" height=\"576\" src=\"https:\/\/activrando.org\/AR_blog\/wp-content\/uploads\/2021\/03\/210225-Abrest-05-panorama-Quinssat-1024x576.jpg\" alt=\"\" class=\"wp-image-2384\" srcset=\"https:\/\/activrando.org\/AR_blog\/wp-content\/uploads\/2021\/03\/210225-Abrest-05-panorama-Quinssat.jpg 1024w, https:\/\/activrando.org\/AR_blog\/wp-content\/uploads\/2021\/03\/210225-Abrest-05-panorama-Quinssat-300x169.jpg 300w, https:\/\/activrando.org\/AR_blog\/wp-content\/uploads\/2021\/03\/210225-Abrest-05-panorama-Quinssat-768x432.jpg 768w\" sizes=\"(max-width: 1024px) 100vw, 1024px\" \/><figcaption><strong>Point de vue sur Quinssat.<\/strong><br><br>\u2026<br><br>\u2026<\/figcaption><\/figure>\n\n\n\n<figure class=\"wp-block-image\"><img decoding=\"async\" loading=\"lazy\" width=\"1024\" height=\"576\" src=\"https:\/\/activrando.org\/AR_blog\/wp-content\/uploads\/2021\/03\/210225-Abrest-06-foin-1024x576.jpg\" alt=\"\" class=\"wp-image-2385\" srcset=\"https:\/\/activrando.org\/AR_blog\/wp-content\/uploads\/2021\/03\/210225-Abrest-06-foin.jpg 1024w, https:\/\/activrando.org\/AR_blog\/wp-content\/uploads\/2021\/03\/210225-Abrest-06-foin-300x169.jpg 300w, https:\/\/activrando.org\/AR_blog\/wp-content\/uploads\/2021\/03\/210225-Abrest-06-foin-768x432.jpg 768w\" sizes=\"(max-width: 1024px) 100vw, 1024px\" \/><figcaption><strong>M\u00eame de foin l&rsquo;on peut faire une montagne.<\/strong><br><br>\u2026<br><br>\u2026<\/figcaption><\/figure>\n\n\n\n<figure class=\"wp-block-image\"><img decoding=\"async\" loading=\"lazy\" width=\"1024\" height=\"576\" src=\"https:\/\/activrando.org\/AR_blog\/wp-content\/uploads\/2021\/03\/210225-Abrest-07-groupe-marche-1024x576.jpg\" alt=\"\" class=\"wp-image-2386\" srcset=\"https:\/\/activrando.org\/AR_blog\/wp-content\/uploads\/2021\/03\/210225-Abrest-07-groupe-marche.jpg 1024w, https:\/\/activrando.org\/AR_blog\/wp-content\/uploads\/2021\/03\/210225-Abrest-07-groupe-marche-300x169.jpg 300w, https:\/\/activrando.org\/AR_blog\/wp-content\/uploads\/2021\/03\/210225-Abrest-07-groupe-marche-768x432.jpg 768w\" sizes=\"(max-width: 1024px) 100vw, 1024px\" \/><figcaption>\u2026<br><br>\u2026<br><br>\u2026<\/figcaption><\/figure>\n\n\n\n<figure class=\"wp-block-image\"><img decoding=\"async\" loading=\"lazy\" width=\"800\" height=\"500\" src=\"https:\/\/activrando.org\/AR_blog\/wp-content\/uploads\/2021\/03\/210225-Abrest-08-chenes.jpg\" alt=\"\" class=\"wp-image-2387\" srcset=\"https:\/\/activrando.org\/AR_blog\/wp-content\/uploads\/2021\/03\/210225-Abrest-08-chenes.jpg 800w, https:\/\/activrando.org\/AR_blog\/wp-content\/uploads\/2021\/03\/210225-Abrest-08-chenes-300x188.jpg 300w, https:\/\/activrando.org\/AR_blog\/wp-content\/uploads\/2021\/03\/210225-Abrest-08-chenes-768x480.jpg 768w\" sizes=\"(max-width: 800px) 100vw, 800px\" \/><figcaption><strong>Dans le Bois de Bas, il y a de beaux ch\u00eanes, dont quelques-uns en groupes, comme ici cinq fr\u00e8res unis sur la m\u00eame souche.<\/strong><br><br>\u2026<br><br>\u2026<\/figcaption><\/figure>\n\n\n\n<figure class=\"wp-block-image\"><img decoding=\"async\" loading=\"lazy\" width=\"1024\" height=\"512\" src=\"https:\/\/activrando.org\/AR_blog\/wp-content\/uploads\/2021\/03\/210225-Abrest-09-groupe-marche-1024x512.jpg\" alt=\"\" class=\"wp-image-2388\" srcset=\"https:\/\/activrando.org\/AR_blog\/wp-content\/uploads\/2021\/03\/210225-Abrest-09-groupe-marche.jpg 1024w, https:\/\/activrando.org\/AR_blog\/wp-content\/uploads\/2021\/03\/210225-Abrest-09-groupe-marche-300x150.jpg 300w, https:\/\/activrando.org\/AR_blog\/wp-content\/uploads\/2021\/03\/210225-Abrest-09-groupe-marche-768x384.jpg 768w\" sizes=\"(max-width: 1024px) 100vw, 1024px\" \/><figcaption><strong>La descente vers les Grivats. Philippe, tr\u00e8s concentr\u00e9 dans son effort&#8230;<\/strong><br><br>\u2026<br><br>\u2026<\/figcaption><\/figure>\n\n\n\n<figure class=\"wp-block-image\"><img decoding=\"async\" loading=\"lazy\" width=\"1024\" height=\"576\" src=\"https:\/\/activrando.org\/AR_blog\/wp-content\/uploads\/2021\/03\/210225-Abrest-10-riviere-Sichon-1024x576.jpg\" alt=\"\" class=\"wp-image-2389\" srcset=\"https:\/\/activrando.org\/AR_blog\/wp-content\/uploads\/2021\/03\/210225-Abrest-10-riviere-Sichon.jpg 1024w, https:\/\/activrando.org\/AR_blog\/wp-content\/uploads\/2021\/03\/210225-Abrest-10-riviere-Sichon-300x169.jpg 300w, https:\/\/activrando.org\/AR_blog\/wp-content\/uploads\/2021\/03\/210225-Abrest-10-riviere-Sichon-768x432.jpg 768w\" sizes=\"(max-width: 1024px) 100vw, 1024px\" \/><figcaption><strong>Le Sichon est bien en eau \u00e0 cette \u00e9poque.<\/strong><br><br>\u2026<br><br>\u2026<\/figcaption><\/figure>\n\n\n\n<figure class=\"wp-block-image\"><img decoding=\"async\" loading=\"lazy\" width=\"1024\" height=\"640\" src=\"https:\/\/activrando.org\/AR_blog\/wp-content\/uploads\/2021\/03\/210225-Abrest-11-groupe-marche-1024x640.jpg\" alt=\"\" class=\"wp-image-2390\" srcset=\"https:\/\/activrando.org\/AR_blog\/wp-content\/uploads\/2021\/03\/210225-Abrest-11-groupe-marche.jpg 1024w, https:\/\/activrando.org\/AR_blog\/wp-content\/uploads\/2021\/03\/210225-Abrest-11-groupe-marche-300x188.jpg 300w, https:\/\/activrando.org\/AR_blog\/wp-content\/uploads\/2021\/03\/210225-Abrest-11-groupe-marche-768x480.jpg 768w\" sizes=\"(max-width: 1024px) 100vw, 1024px\" \/><figcaption><strong>La remont\u00e9e vers le Vernet.<\/strong><br><br>\u2026<br><br>\u2026<\/figcaption><\/figure>\n\n\n\n<figure class=\"wp-block-image\"><img decoding=\"async\" loading=\"lazy\" width=\"1024\" height=\"512\" src=\"https:\/\/activrando.org\/AR_blog\/wp-content\/uploads\/2021\/03\/210225-Abrest-12-groupe-pose-1024x512.jpg\" alt=\"\" class=\"wp-image-2391\" srcset=\"https:\/\/activrando.org\/AR_blog\/wp-content\/uploads\/2021\/03\/210225-Abrest-12-groupe-pose.jpg 1024w, https:\/\/activrando.org\/AR_blog\/wp-content\/uploads\/2021\/03\/210225-Abrest-12-groupe-pose-300x150.jpg 300w, https:\/\/activrando.org\/AR_blog\/wp-content\/uploads\/2021\/03\/210225-Abrest-12-groupe-pose-768x384.jpg 768w\" sizes=\"(max-width: 1024px) 100vw, 1024px\" \/><figcaption><strong>Petite pause aux Hurlevents.<\/strong><br><br>\u2026<br><br>\u2026<\/figcaption><\/figure>\n\n\n\n<figure class=\"wp-block-image\"><img decoding=\"async\" loading=\"lazy\" width=\"1024\" height=\"640\" src=\"https:\/\/activrando.org\/AR_blog\/wp-content\/uploads\/2021\/03\/210225-Abrest-13-groupe-marche-1024x640.jpg\" alt=\"\" class=\"wp-image-2392\" srcset=\"https:\/\/activrando.org\/AR_blog\/wp-content\/uploads\/2021\/03\/210225-Abrest-13-groupe-marche.jpg 1024w, https:\/\/activrando.org\/AR_blog\/wp-content\/uploads\/2021\/03\/210225-Abrest-13-groupe-marche-300x188.jpg 300w, https:\/\/activrando.org\/AR_blog\/wp-content\/uploads\/2021\/03\/210225-Abrest-13-groupe-marche-768x480.jpg 768w\" sizes=\"(max-width: 1024px) 100vw, 1024px\" \/><figcaption><strong>Et puis l&rsquo;on redescendra jusqu&rsquo;au niveau de l&rsquo;Allier, notre point de d\u00e9part&#8230;<\/strong><br><br>\u2026<br>\u2026<br><\/figcaption><\/figure>\n\n\n\n<p style=\"text-align:center\"><strong><a href=\"https:\/\/activrando.org\/AR_blog\/2021\/02\/23\/le-chalon-rando-sante-a-saint-pont-mardi-23-fev-2021\/\">&lt; &lt; &lt; ARTICLE PR\u00c9C\u00c9DENT<\/a> &#8212;&#8212;&#8212;&#8212;&#8212;&#8212;-  <a href=\"https:\/\/activrando.org\/AR_blog\/\">ACCUEIL DU BLOG<\/a> &#8212;&#8212;&#8212;&#8212;&#8212;&#8212;&#8212;-  <a href=\"https:\/\/activrando.org\/AR_blog\/2021\/02\/28\/puy-de-verne-journee-rando-a-charroux-dim-28-fev-2021\/\">ARTICLE SUIVANT &gt; &gt; &gt;<\/a><a href=\"https:\/\/activrando.org\/AR_blog\/2021\/03\/07\/montee-a-la-verrerie-journee-rando-a-st-clement-dim-7-mars-2021\/\">\ufeff<\/a><\/strong><\/p>\n","protected":false},"excerpt":{"rendered":"<p>Entre l&rsquo;Allier \u00e0 Abrest et le Sichon \u00e0 Cusset \/ Les Grivats, il n&rsquo;y a que 3 km \u00e0 vol d&rsquo;oiseau et un espace id\u00e9al avec beaucoup de chemins int\u00e9ressants pour tracer un circuit de demie-journ\u00e9e offrant une bonne dose de d\u00e9nivel\u00e9 proportionnellement \u00e0 sa longueur car l&rsquo;Allier passe l\u00e0&#8230;<\/p>\n","protected":false},"author":2,"featured_media":2393,"comment_status":"closed","ping_status":"closed","sticky":false,"template":"","format":"standard","meta":[],"categories":[5,2],"tags":[],"_links":{"self":[{"href":"https:\/\/activrando.org\/AR_blog\/wp-json\/wp\/v2\/posts\/2306"}],"collection":[{"href":"https:\/\/activrando.org\/AR_blog\/wp-json\/wp\/v2\/posts"}],"about":[{"href":"https:\/\/activrando.org\/AR_blog\/wp-json\/wp\/v2\/types\/post"}],"author":[{"embeddable":true,"href":"https:\/\/activrando.org\/AR_blog\/wp-json\/wp\/v2\/users\/2"}],"replies":[{"embeddable":true,"href":"https:\/\/activrando.org\/AR_blog\/wp-json\/wp\/v2\/comments?post=2306"}],"version-history":[{"count":6,"href":"https:\/\/activrando.org\/AR_blog\/wp-json\/wp\/v2\/posts\/2306\/revisions"}],"predecessor-version":[{"id":2417,"href":"https:\/\/activrando.org\/AR_blog\/wp-json\/wp\/v2\/posts\/2306\/revisions\/2417"}],"wp:featuredmedia":[{"embeddable":true,"href":"https:\/\/activrando.org\/AR_blog\/wp-json\/wp\/v2\/media\/2393"}],"wp:attachment":[{"href":"https:\/\/activrando.org\/AR_blog\/wp-json\/wp\/v2\/media?parent=2306"}],"wp:term":[{"taxonomy":"category","embeddable":true,"href":"https:\/\/activrando.org\/AR_blog\/wp-json\/wp\/v2\/categories?post=2306"},{"taxonomy":"post_tag","embeddable":true,"href":"https:\/\/activrando.org\/AR_blog\/wp-json\/wp\/v2\/tags?post=2306"}],"curies":[{"name":"wp","href":"https:\/\/api.w.org\/{rel}","templated":true}]}}