{"id":216,"date":"2019-09-24T21:52:50","date_gmt":"2019-09-24T19:52:50","guid":{"rendered":"http:\/\/activrando.org\/AR_blog\/?p=216"},"modified":"2019-12-14T22:07:29","modified_gmt":"2019-12-14T21:07:29","slug":"bois-de-celzat-le-24-09-a-cusset","status":"publish","type":"post","link":"https:\/\/activrando.org\/AR_blog\/2019\/09\/24\/bois-de-celzat-le-24-09-a-cusset\/","title":{"rendered":"\u00a0\u00bbBois de Celzat\u00a0\u00bb, le 24 oct. \u00e0 Cusset (8 photos)"},"content":{"rendered":"\n<p><a href=\"https:\/\/activrando.org\/AR_blog\/2019\/10\/01\/montcurie-le-1er-oct-a-jenzat\/\"><strong>> > > ARTICLE SUIVANT<\/strong><\/a><\/p>\n\n\n\n<p><a href=\"https:\/\/activrando.org\/AR_blog\/2019\/09\/22\/vichy-thiers-le-22-septembre\/\"><strong>> > > ARTICLE PR\u00c9C\u00c9DENT<\/strong><\/a><\/p>\n\n\n\n<p style=\"text-align:center\">Rando Sant\u00e9\u00ae de 7,8 km \/ 70 m \/ indice IBP = 26. Petit temps humide : il pleut&#8230; Mais un groupe de courageux attend la sortie:<\/p>\n\n\n\n<div class=\"wp-block-image\"><figure class=\"aligncenter\"><img decoding=\"async\" loading=\"lazy\" width=\"800\" height=\"600\" src=\"https:\/\/activrando.org\/AR_blog\/wp-content\/uploads\/2019\/10\/190924-Cusset-01-groupe-pose.jpg\" alt=\"\" class=\"wp-image-208\" srcset=\"https:\/\/activrando.org\/AR_blog\/wp-content\/uploads\/2019\/10\/190924-Cusset-01-groupe-pose.jpg 800w, https:\/\/activrando.org\/AR_blog\/wp-content\/uploads\/2019\/10\/190924-Cusset-01-groupe-pose-300x225.jpg 300w, https:\/\/activrando.org\/AR_blog\/wp-content\/uploads\/2019\/10\/190924-Cusset-01-groupe-pose-768x576.jpg 768w\" sizes=\"(max-width: 800px) 100vw, 800px\" \/><figcaption>.   <br> .   <\/figcaption><\/figure><\/div>\n\n\n\n<div class=\"wp-block-image\"><figure class=\"aligncenter\"><img decoding=\"async\" loading=\"lazy\" width=\"800\" height=\"600\" src=\"https:\/\/activrando.org\/AR_blog\/wp-content\/uploads\/2019\/10\/190924-Cusset-02-pintades.jpg\" alt=\"\" class=\"wp-image-210\" srcset=\"https:\/\/activrando.org\/AR_blog\/wp-content\/uploads\/2019\/10\/190924-Cusset-02-pintades.jpg 800w, https:\/\/activrando.org\/AR_blog\/wp-content\/uploads\/2019\/10\/190924-Cusset-02-pintades-300x225.jpg 300w, https:\/\/activrando.org\/AR_blog\/wp-content\/uploads\/2019\/10\/190924-Cusset-02-pintades-768x576.jpg 768w\" sizes=\"(max-width: 800px) 100vw, 800px\" \/><figcaption>.   <br> .   <\/figcaption><\/figure><\/div>\n\n\n\n<div class=\"wp-block-image\"><figure class=\"aligncenter\"><img decoding=\"async\" loading=\"lazy\" width=\"800\" height=\"600\" src=\"https:\/\/activrando.org\/AR_blog\/wp-content\/uploads\/2019\/11\/190924-Cusset-02-pintades-2.jpg\" alt=\"\" class=\"wp-image-290\" srcset=\"https:\/\/activrando.org\/AR_blog\/wp-content\/uploads\/2019\/11\/190924-Cusset-02-pintades-2.jpg 800w, https:\/\/activrando.org\/AR_blog\/wp-content\/uploads\/2019\/11\/190924-Cusset-02-pintades-2-300x225.jpg 300w, https:\/\/activrando.org\/AR_blog\/wp-content\/uploads\/2019\/11\/190924-Cusset-02-pintades-2-768x576.jpg 768w\" sizes=\"(max-width: 800px) 100vw, 800px\" \/><figcaption>.   <br> .   <\/figcaption><\/figure><\/div>\n\n\n\n<div class=\"wp-block-image\"><figure class=\"aligncenter\"><img decoding=\"async\" loading=\"lazy\" width=\"800\" height=\"600\" src=\"https:\/\/activrando.org\/AR_blog\/wp-content\/uploads\/2019\/11\/190924-Cusset-04-groupe-marche.jpg\" alt=\"\" class=\"wp-image-291\" srcset=\"https:\/\/activrando.org\/AR_blog\/wp-content\/uploads\/2019\/11\/190924-Cusset-04-groupe-marche.jpg 800w, https:\/\/activrando.org\/AR_blog\/wp-content\/uploads\/2019\/11\/190924-Cusset-04-groupe-marche-300x225.jpg 300w, https:\/\/activrando.org\/AR_blog\/wp-content\/uploads\/2019\/11\/190924-Cusset-04-groupe-marche-768x576.jpg 768w\" sizes=\"(max-width: 800px) 100vw, 800px\" \/><figcaption><strong>Dans le bois de Celzat.<\/strong><br><br>   .   <\/figcaption><\/figure><\/div>\n\n\n\n<div class=\"wp-block-image\"><figure class=\"aligncenter\"><img decoding=\"async\" loading=\"lazy\" width=\"800\" height=\"600\" src=\"https:\/\/activrando.org\/AR_blog\/wp-content\/uploads\/2019\/11\/190924-Cusset-05-groupe-flaque.jpg\" alt=\"\" class=\"wp-image-292\" srcset=\"https:\/\/activrando.org\/AR_blog\/wp-content\/uploads\/2019\/11\/190924-Cusset-05-groupe-flaque.jpg 800w, https:\/\/activrando.org\/AR_blog\/wp-content\/uploads\/2019\/11\/190924-Cusset-05-groupe-flaque-300x225.jpg 300w, https:\/\/activrando.org\/AR_blog\/wp-content\/uploads\/2019\/11\/190924-Cusset-05-groupe-flaque-768x576.jpg 768w\" sizes=\"(max-width: 800px) 100vw, 800px\" \/><figcaption><strong>On n&rsquo;en avait pas vu depuis des mois, elles sont de retour&#8230; les flaques d&rsquo;eau&#8230;<\/strong><br><br>   .   <\/figcaption><\/figure><\/div>\n\n\n\n<div class=\"wp-block-image\"><figure class=\"aligncenter\"><img decoding=\"async\" loading=\"lazy\" width=\"800\" height=\"600\" src=\"https:\/\/activrando.org\/AR_blog\/wp-content\/uploads\/2019\/11\/190924-Cusset-06-groupe-marche.jpg\" alt=\"\" class=\"wp-image-293\" srcset=\"https:\/\/activrando.org\/AR_blog\/wp-content\/uploads\/2019\/11\/190924-Cusset-06-groupe-marche.jpg 800w, https:\/\/activrando.org\/AR_blog\/wp-content\/uploads\/2019\/11\/190924-Cusset-06-groupe-marche-300x225.jpg 300w, https:\/\/activrando.org\/AR_blog\/wp-content\/uploads\/2019\/11\/190924-Cusset-06-groupe-marche-768x576.jpg 768w\" sizes=\"(max-width: 800px) 100vw, 800px\" \/><figcaption>.   <br> .   <\/figcaption><\/figure><\/div>\n\n\n\n<div class=\"wp-block-image\"><figure class=\"aligncenter\"><img decoding=\"async\" loading=\"lazy\" width=\"800\" height=\"348\" src=\"https:\/\/activrando.org\/AR_blog\/wp-content\/uploads\/2019\/11\/190924-Cusset-07-anes-dans-le-pre.jpg\" alt=\"\" class=\"wp-image-294\" srcset=\"https:\/\/activrando.org\/AR_blog\/wp-content\/uploads\/2019\/11\/190924-Cusset-07-anes-dans-le-pre.jpg 800w, https:\/\/activrando.org\/AR_blog\/wp-content\/uploads\/2019\/11\/190924-Cusset-07-anes-dans-le-pre-300x131.jpg 300w, https:\/\/activrando.org\/AR_blog\/wp-content\/uploads\/2019\/11\/190924-Cusset-07-anes-dans-le-pre-768x334.jpg 768w\" sizes=\"(max-width: 800px) 100vw, 800px\" \/><figcaption>.   <br> .   <\/figcaption><\/figure><\/div>\n\n\n\n<div class=\"wp-block-image\"><figure class=\"aligncenter\"><img decoding=\"async\" loading=\"lazy\" width=\"800\" height=\"600\" src=\"https:\/\/activrando.org\/AR_blog\/wp-content\/uploads\/2019\/11\/190924-Cusset-08-groupe-marche.jpg\" alt=\"\" class=\"wp-image-295\" srcset=\"https:\/\/activrando.org\/AR_blog\/wp-content\/uploads\/2019\/11\/190924-Cusset-08-groupe-marche.jpg 800w, https:\/\/activrando.org\/AR_blog\/wp-content\/uploads\/2019\/11\/190924-Cusset-08-groupe-marche-300x225.jpg 300w, https:\/\/activrando.org\/AR_blog\/wp-content\/uploads\/2019\/11\/190924-Cusset-08-groupe-marche-768x576.jpg 768w\" sizes=\"(max-width: 800px) 100vw, 800px\" \/><figcaption>Temps de petites <strong>averses<\/strong>&#8230; Le soleil est revenu.<br><br>   .   <\/figcaption><\/figure><\/div>\n\n\n\n<p><a href=\"https:\/\/activrando.org\/AR_blog\/2019\/10\/01\/montcurie-le-1er-oct-a-jenzat\/\"><strong>> > > ARTICLE SUIVANT<\/strong><\/a><\/p>\n\n\n\n<p><a href=\"https:\/\/activrando.org\/AR_blog\/\"><strong>> > > ACCUEIL DU BLOG<\/strong><\/a><\/p>\n\n\n\n<p><a href=\"https:\/\/activrando.org\/AR_blog\/2019\/09\/22\/vichy-thiers-le-22-septembre\/\"><strong>> > > ARTICLE PR\u00c9C\u00c9DENT<\/strong><\/a><\/p>\n\n\n\n<p>   .   <br><\/p>\n","protected":false},"excerpt":{"rendered":"<p>> > > ARTICLE SUIVANT > > > ARTICLE PR\u00c9C\u00c9DENT Rando Sant\u00e9\u00ae de 7,8 km \/ 70 m \/ indice IBP = 26. Petit temps humide : il pleut&#8230; Mais un groupe de courageux attend la sortie: > > > ARTICLE SUIVANT > > > ACCUEIL DU BLOG > >&#8230;<\/p>\n","protected":false},"author":1,"featured_media":0,"comment_status":"closed","ping_status":"closed","sticky":false,"template":"","format":"standard","meta":[],"categories":[2],"tags":[],"_links":{"self":[{"href":"https:\/\/activrando.org\/AR_blog\/wp-json\/wp\/v2\/posts\/216"}],"collection":[{"href":"https:\/\/activrando.org\/AR_blog\/wp-json\/wp\/v2\/posts"}],"about":[{"href":"https:\/\/activrando.org\/AR_blog\/wp-json\/wp\/v2\/types\/post"}],"author":[{"embeddable":true,"href":"https:\/\/activrando.org\/AR_blog\/wp-json\/wp\/v2\/users\/1"}],"replies":[{"embeddable":true,"href":"https:\/\/activrando.org\/AR_blog\/wp-json\/wp\/v2\/comments?post=216"}],"version-history":[{"count":5,"href":"https:\/\/activrando.org\/AR_blog\/wp-json\/wp\/v2\/posts\/216\/revisions"}],"predecessor-version":[{"id":933,"href":"https:\/\/activrando.org\/AR_blog\/wp-json\/wp\/v2\/posts\/216\/revisions\/933"}],"wp:attachment":[{"href":"https:\/\/activrando.org\/AR_blog\/wp-json\/wp\/v2\/media?parent=216"}],"wp:term":[{"taxonomy":"category","embeddable":true,"href":"https:\/\/activrando.org\/AR_blog\/wp-json\/wp\/v2\/categories?post=216"},{"taxonomy":"post_tag","embeddable":true,"href":"https:\/\/activrando.org\/AR_blog\/wp-json\/wp\/v2\/tags?post=216"}],"curies":[{"name":"wp","href":"https:\/\/api.w.org\/{rel}","templated":true}]}}